{"id":35341,"date":"2024-12-05T07:25:29","date_gmt":"2024-12-05T11:25:29","guid":{"rendered":"https:\/\/conexion23.com\/?p=35341"},"modified":"2024-12-05T07:25:31","modified_gmt":"2024-12-05T11:25:31","slug":"asesinan-a-chelo-el-regidor-en-un-bar-de-espana","status":"publish","type":"post","link":"https:\/\/conexion23.com\/?p=35341","title":{"rendered":"Asesinan a Chelo el Regidor en un Bar de Espa\u00f1a"},"content":{"rendered":"\n<p>Un hombre ha muerto este mi\u00e9rcoles al resultar herido con un arma de fuego en el bar Castro de Carballo (A Coru\u00f1a) y las fuerzas de seguridad buscan a dos implicados que huyeron en patinete del lugar, seg\u00fan han informado fuentes pr\u00f3ximas a la investigaci\u00f3n.<\/p>\n\n\n\n<p><br>Seg\u00fan Fuentes la v\u00edctima es oriunda del Municipio de los Alcarrizos quien respond\u00eda al nombre de Jos\u00e9 Luis Alvarado (Chelo el regidor).<\/p>\n\n\n\n<p><br>El suceso tuvo lugar a las 20.10 horas de este mi\u00e9rcoles en este establecimiento de hosteler\u00eda situado en la calle R\u00edo Anll\u00f3ns de la capital de Berganti\u00f1os.<\/p>\n\n\n\n<p><br>Fuentes presenciales han trasladado a Europa Press que dos hombres vestidos de negro llegaron al punto en patinete, entraron al bar y dispararon con un arma de fuego al hombre.<\/p>\n\n\n\n<p><br>Al lugar acudi\u00f3 la Guardia Civil, la Polic\u00eda Local y los servicios sanitarios, que certificaron la muerte del hombre. Las fuerzas del orden acordonaron la zona, en la que el suceso despert\u00f3 una gran expectaci\u00f3n.<\/p>\n\n\n\n<p><br>Fuentes pr\u00f3ximas de la investigaci\u00f3n han se\u00f1alado que las hip\u00f3tesis apuntan a que puede tratarse de un asunto relacionado con las drogas. El local era frecuentado por migrantes latinoamericanos.<\/p>\n","protected":false},"excerpt":{"rendered":"<p>Un hombre ha muerto este mi\u00e9rcoles al resultar herido con un arma de fuego en el bar Castro de Carballo (A Coru\u00f1a) y las fuerzas de seguridad buscan a dos implicados que huyeron en patinete del lugar, seg\u00fan han informado fuentes pr\u00f3ximas a la investigaci\u00f3n. Seg\u00fan Fuentes la v\u00edctima es oriunda del Municipio de los [&hellip;]<\/p>\n","protected":false},"author":15,"featured_media":35342,"comment_status":"open","ping_status":"open","sticky":false,"template":"","format":"standard","meta":{"footnotes":""},"categories":[1],"tags":[],"class_list":{"0":"post-35341","1":"post","2":"type-post","3":"status-publish","4":"format-standard","5":"has-post-thumbnail","7":"category-uncategorized"},"yoast_head":"<!-- This site is optimized with the Yoast SEO plugin v27.1.1 - https:\/\/yoast.com\/product\/yoast-seo-wordpress\/ -->\n<title>Asesinan a Chelo el Regidor en un Bar de Espa\u00f1a - Conexi\u00f3n 23<\/title>\n<meta name=\"robots\" content=\"index, follow, max-snippet:-1, max-image-preview:large, max-video-preview:-1\" \/>\n<link rel=\"canonical\" href=\"https:\/\/conexion23.com\/?p=35341\" \/>\n<meta property=\"og:locale\" content=\"es_ES\" \/>\n<meta property=\"og:type\" content=\"article\" \/>\n<meta property=\"og:title\" content=\"Asesinan a Chelo el Regidor en un Bar de Espa\u00f1a - Conexi\u00f3n 23\" \/>\n<meta property=\"og:description\" content=\"Un hombre ha muerto este mi\u00e9rcoles al resultar herido con un arma de fuego en el bar Castro de Carballo (A Coru\u00f1a) y las fuerzas de seguridad buscan a dos implicados que huyeron en patinete del lugar, seg\u00fan han informado fuentes pr\u00f3ximas a la investigaci\u00f3n. Seg\u00fan Fuentes la v\u00edctima es oriunda del Municipio de los [&hellip;]\" \/>\n<meta property=\"og:url\" content=\"https:\/\/conexion23.com\/?p=35341\" \/>\n<meta property=\"og:site_name\" content=\"Conexi\u00f3n 23\" \/>\n<meta property=\"article:publisher\" content=\"https:\/\/www.facebook.com\/conexion23com\" \/>\n<meta property=\"article:published_time\" content=\"2024-12-05T11:25:29+00:00\" \/>\n<meta property=\"article:modified_time\" content=\"2024-12-05T11:25:31+00:00\" \/>\n<meta property=\"og:image\" content=\"https:\/\/conexion23.com\/wp-content\/uploads\/2024\/12\/descarga-4.jpg\" \/>\n\t<meta property=\"og:image:width\" content=\"295\" \/>\n\t<meta property=\"og:image:height\" content=\"171\" \/>\n\t<meta property=\"og:image:type\" content=\"image\/jpeg\" \/>\n<meta name=\"author\" content=\"Raffy Ben\u00edtez\" \/>\n<meta name=\"twitter:card\" content=\"summary_large_image\" \/>\n<meta name=\"twitter:label1\" content=\"Escrito por\" \/>\n\t<meta name=\"twitter:data1\" content=\"Raffy Ben\u00edtez\" \/>\n\t<meta name=\"twitter:label2\" content=\"Tiempo de lectura\" \/>\n\t<meta name=\"twitter:data2\" content=\"2 minutos\" \/>\n<script type=\"application\/ld+json\" class=\"yoast-schema-graph\">{\"@context\":\"https:\/\/schema.org\",\"@graph\":[{\"@type\":\"Article\",\"@id\":\"https:\/\/conexion23.com\/?p=35341#article\",\"isPartOf\":{\"@id\":\"https:\/\/conexion23.com\/?p=35341\"},\"author\":{\"name\":\"Raffy Ben\u00edtez\",\"@id\":\"https:\/\/conexion23.com\/#\/schema\/person\/03e36043331117e97a373299bbcd30a6\"},\"headline\":\"Asesinan a Chelo el Regidor en un Bar de Espa\u00f1a\",\"datePublished\":\"2024-12-05T11:25:29+00:00\",\"dateModified\":\"2024-12-05T11:25:31+00:00\",\"mainEntityOfPage\":{\"@id\":\"https:\/\/conexion23.com\/?p=35341\"},\"wordCount\":217,\"commentCount\":0,\"publisher\":{\"@id\":\"https:\/\/conexion23.com\/#organization\"},\"image\":{\"@id\":\"https:\/\/conexion23.com\/?p=35341#primaryimage\"},\"thumbnailUrl\":\"https:\/\/conexion23.com\/wp-content\/uploads\/2024\/12\/descarga-4.jpg\",\"articleSection\":[\"Uncategorized\"],\"inLanguage\":\"es\",\"potentialAction\":[{\"@type\":\"CommentAction\",\"name\":\"Comment\",\"target\":[\"https:\/\/conexion23.com\/?p=35341#respond\"]}]},{\"@type\":\"WebPage\",\"@id\":\"https:\/\/conexion23.com\/?p=35341\",\"url\":\"https:\/\/conexion23.com\/?p=35341\",\"name\":\"Asesinan a Chelo el Regidor en un Bar de Espa\u00f1a - Conexi\u00f3n 23\",\"isPartOf\":{\"@id\":\"https:\/\/conexion23.com\/#website\"},\"primaryImageOfPage\":{\"@id\":\"https:\/\/conexion23.com\/?p=35341#primaryimage\"},\"image\":{\"@id\":\"https:\/\/conexion23.com\/?p=35341#primaryimage\"},\"thumbnailUrl\":\"https:\/\/conexion23.com\/wp-content\/uploads\/2024\/12\/descarga-4.jpg\",\"datePublished\":\"2024-12-05T11:25:29+00:00\",\"dateModified\":\"2024-12-05T11:25:31+00:00\",\"breadcrumb\":{\"@id\":\"https:\/\/conexion23.com\/?p=35341#breadcrumb\"},\"inLanguage\":\"es\",\"potentialAction\":[{\"@type\":\"ReadAction\",\"target\":[\"https:\/\/conexion23.com\/?p=35341\"]}]},{\"@type\":\"ImageObject\",\"inLanguage\":\"es\",\"@id\":\"https:\/\/conexion23.com\/?p=35341#primaryimage\",\"url\":\"https:\/\/conexion23.com\/wp-content\/uploads\/2024\/12\/descarga-4.jpg\",\"contentUrl\":\"https:\/\/conexion23.com\/wp-content\/uploads\/2024\/12\/descarga-4.jpg\",\"width\":295,\"height\":171},{\"@type\":\"BreadcrumbList\",\"@id\":\"https:\/\/conexion23.com\/?p=35341#breadcrumb\",\"itemListElement\":[{\"@type\":\"ListItem\",\"position\":1,\"name\":\"Portada\",\"item\":\"https:\/\/conexion23.com\/\"},{\"@type\":\"ListItem\",\"position\":2,\"name\":\"Asesinan a Chelo el Regidor en un Bar de Espa\u00f1a\"}]},{\"@type\":\"WebSite\",\"@id\":\"https:\/\/conexion23.com\/#website\",\"url\":\"https:\/\/conexion23.com\/\",\"name\":\"Conexi\u00f3n 23\",\"description\":\"Peri\u00f3dico 100% Petromacorisano\",\"publisher\":{\"@id\":\"https:\/\/conexion23.com\/#organization\"},\"potentialAction\":[{\"@type\":\"SearchAction\",\"target\":{\"@type\":\"EntryPoint\",\"urlTemplate\":\"https:\/\/conexion23.com\/?s={search_term_string}\"},\"query-input\":{\"@type\":\"PropertyValueSpecification\",\"valueRequired\":true,\"valueName\":\"search_term_string\"}}],\"inLanguage\":\"es\"},{\"@type\":\"Organization\",\"@id\":\"https:\/\/conexion23.com\/#organization\",\"name\":\"Conexion 23\",\"url\":\"https:\/\/conexion23.com\/\",\"logo\":{\"@type\":\"ImageObject\",\"inLanguage\":\"es\",\"@id\":\"https:\/\/conexion23.com\/#\/schema\/logo\/image\/\",\"url\":\"https:\/\/conexion23.com\/wp-content\/uploads\/2021\/11\/Diseno-sin-titulo-2.png\",\"contentUrl\":\"https:\/\/conexion23.com\/wp-content\/uploads\/2021\/11\/Diseno-sin-titulo-2.png\",\"width\":541,\"height\":90,\"caption\":\"Conexion 23\"},\"image\":{\"@id\":\"https:\/\/conexion23.com\/#\/schema\/logo\/image\/\"},\"sameAs\":[\"https:\/\/www.facebook.com\/conexion23com\",\"https:\/\/www.instagram.com\/conexion23com\/\",\"https:\/\/www.youtube.com\/channel\/UCYc7vxxFZMYLIHNsHHxPZ3Q\"]},{\"@type\":\"Person\",\"@id\":\"https:\/\/conexion23.com\/#\/schema\/person\/03e36043331117e97a373299bbcd30a6\",\"name\":\"Raffy Ben\u00edtez\",\"image\":{\"@type\":\"ImageObject\",\"inLanguage\":\"es\",\"@id\":\"https:\/\/conexion23.com\/#\/schema\/person\/image\/\",\"url\":\"https:\/\/secure.gravatar.com\/avatar\/3190a6a6c5e1b0327500f7d6c56b6242472ee6cb974cf09b401ee6b3b0798f23?s=96&d=mm&r=g\",\"contentUrl\":\"https:\/\/secure.gravatar.com\/avatar\/3190a6a6c5e1b0327500f7d6c56b6242472ee6cb974cf09b401ee6b3b0798f23?s=96&d=mm&r=g\",\"caption\":\"Raffy Ben\u00edtez\"},\"url\":\"https:\/\/conexion23.com\/?author=15\"}]}<\/script>\n<!-- \/ Yoast SEO plugin. -->","yoast_head_json":{"title":"Asesinan a Chelo el Regidor en un Bar de Espa\u00f1a - Conexi\u00f3n 23","robots":{"index":"index","follow":"follow","max-snippet":"max-snippet:-1","max-image-preview":"max-image-preview:large","max-video-preview":"max-video-preview:-1"},"canonical":"https:\/\/conexion23.com\/?p=35341","og_locale":"es_ES","og_type":"article","og_title":"Asesinan a Chelo el Regidor en un Bar de Espa\u00f1a - Conexi\u00f3n 23","og_description":"Un hombre ha muerto este mi\u00e9rcoles al resultar herido con un arma de fuego en el bar Castro de Carballo (A Coru\u00f1a) y las fuerzas de seguridad buscan a dos implicados que huyeron en patinete del lugar, seg\u00fan han informado fuentes pr\u00f3ximas a la investigaci\u00f3n. Seg\u00fan Fuentes la v\u00edctima es oriunda del Municipio de los [&hellip;]","og_url":"https:\/\/conexion23.com\/?p=35341","og_site_name":"Conexi\u00f3n 23","article_publisher":"https:\/\/www.facebook.com\/conexion23com","article_published_time":"2024-12-05T11:25:29+00:00","article_modified_time":"2024-12-05T11:25:31+00:00","og_image":[{"width":295,"height":171,"url":"https:\/\/conexion23.com\/wp-content\/uploads\/2024\/12\/descarga-4.jpg","type":"image\/jpeg"}],"author":"Raffy Ben\u00edtez","twitter_card":"summary_large_image","twitter_misc":{"Escrito por":"Raffy Ben\u00edtez","Tiempo de lectura":"2 minutos"},"schema":{"@context":"https:\/\/schema.org","@graph":[{"@type":"Article","@id":"https:\/\/conexion23.com\/?p=35341#article","isPartOf":{"@id":"https:\/\/conexion23.com\/?p=35341"},"author":{"name":"Raffy Ben\u00edtez","@id":"https:\/\/conexion23.com\/#\/schema\/person\/03e36043331117e97a373299bbcd30a6"},"headline":"Asesinan a Chelo el Regidor en un Bar de Espa\u00f1a","datePublished":"2024-12-05T11:25:29+00:00","dateModified":"2024-12-05T11:25:31+00:00","mainEntityOfPage":{"@id":"https:\/\/conexion23.com\/?p=35341"},"wordCount":217,"commentCount":0,"publisher":{"@id":"https:\/\/conexion23.com\/#organization"},"image":{"@id":"https:\/\/conexion23.com\/?p=35341#primaryimage"},"thumbnailUrl":"https:\/\/conexion23.com\/wp-content\/uploads\/2024\/12\/descarga-4.jpg","articleSection":["Uncategorized"],"inLanguage":"es","potentialAction":[{"@type":"CommentAction","name":"Comment","target":["https:\/\/conexion23.com\/?p=35341#respond"]}]},{"@type":"WebPage","@id":"https:\/\/conexion23.com\/?p=35341","url":"https:\/\/conexion23.com\/?p=35341","name":"Asesinan a Chelo el Regidor en un Bar de Espa\u00f1a - Conexi\u00f3n 23","isPartOf":{"@id":"https:\/\/conexion23.com\/#website"},"primaryImageOfPage":{"@id":"https:\/\/conexion23.com\/?p=35341#primaryimage"},"image":{"@id":"https:\/\/conexion23.com\/?p=35341#primaryimage"},"thumbnailUrl":"https:\/\/conexion23.com\/wp-content\/uploads\/2024\/12\/descarga-4.jpg","datePublished":"2024-12-05T11:25:29+00:00","dateModified":"2024-12-05T11:25:31+00:00","breadcrumb":{"@id":"https:\/\/conexion23.com\/?p=35341#breadcrumb"},"inLanguage":"es","potentialAction":[{"@type":"ReadAction","target":["https:\/\/conexion23.com\/?p=35341"]}]},{"@type":"ImageObject","inLanguage":"es","@id":"https:\/\/conexion23.com\/?p=35341#primaryimage","url":"https:\/\/conexion23.com\/wp-content\/uploads\/2024\/12\/descarga-4.jpg","contentUrl":"https:\/\/conexion23.com\/wp-content\/uploads\/2024\/12\/descarga-4.jpg","width":295,"height":171},{"@type":"BreadcrumbList","@id":"https:\/\/conexion23.com\/?p=35341#breadcrumb","itemListElement":[{"@type":"ListItem","position":1,"name":"Portada","item":"https:\/\/conexion23.com\/"},{"@type":"ListItem","position":2,"name":"Asesinan a Chelo el Regidor en un Bar de Espa\u00f1a"}]},{"@type":"WebSite","@id":"https:\/\/conexion23.com\/#website","url":"https:\/\/conexion23.com\/","name":"Conexi\u00f3n 23","description":"Peri\u00f3dico 100% Petromacorisano","publisher":{"@id":"https:\/\/conexion23.com\/#organization"},"potentialAction":[{"@type":"SearchAction","target":{"@type":"EntryPoint","urlTemplate":"https:\/\/conexion23.com\/?s={search_term_string}"},"query-input":{"@type":"PropertyValueSpecification","valueRequired":true,"valueName":"search_term_string"}}],"inLanguage":"es"},{"@type":"Organization","@id":"https:\/\/conexion23.com\/#organization","name":"Conexion 23","url":"https:\/\/conexion23.com\/","logo":{"@type":"ImageObject","inLanguage":"es","@id":"https:\/\/conexion23.com\/#\/schema\/logo\/image\/","url":"https:\/\/conexion23.com\/wp-content\/uploads\/2021\/11\/Diseno-sin-titulo-2.png","contentUrl":"https:\/\/conexion23.com\/wp-content\/uploads\/2021\/11\/Diseno-sin-titulo-2.png","width":541,"height":90,"caption":"Conexion 23"},"image":{"@id":"https:\/\/conexion23.com\/#\/schema\/logo\/image\/"},"sameAs":["https:\/\/www.facebook.com\/conexion23com","https:\/\/www.instagram.com\/conexion23com\/","https:\/\/www.youtube.com\/channel\/UCYc7vxxFZMYLIHNsHHxPZ3Q"]},{"@type":"Person","@id":"https:\/\/conexion23.com\/#\/schema\/person\/03e36043331117e97a373299bbcd30a6","name":"Raffy Ben\u00edtez","image":{"@type":"ImageObject","inLanguage":"es","@id":"https:\/\/conexion23.com\/#\/schema\/person\/image\/","url":"https:\/\/secure.gravatar.com\/avatar\/3190a6a6c5e1b0327500f7d6c56b6242472ee6cb974cf09b401ee6b3b0798f23?s=96&d=mm&r=g","contentUrl":"https:\/\/secure.gravatar.com\/avatar\/3190a6a6c5e1b0327500f7d6c56b6242472ee6cb974cf09b401ee6b3b0798f23?s=96&d=mm&r=g","caption":"Raffy Ben\u00edtez"},"url":"https:\/\/conexion23.com\/?author=15"}]}},"_links":{"self":[{"href":"https:\/\/conexion23.com\/index.php?rest_route=\/wp\/v2\/posts\/35341","targetHints":{"allow":["GET"]}}],"collection":[{"href":"https:\/\/conexion23.com\/index.php?rest_route=\/wp\/v2\/posts"}],"about":[{"href":"https:\/\/conexion23.com\/index.php?rest_route=\/wp\/v2\/types\/post"}],"author":[{"embeddable":true,"href":"https:\/\/conexion23.com\/index.php?rest_route=\/wp\/v2\/users\/15"}],"replies":[{"embeddable":true,"href":"https:\/\/conexion23.com\/index.php?rest_route=%2Fwp%2Fv2%2Fcomments&post=35341"}],"version-history":[{"count":1,"href":"https:\/\/conexion23.com\/index.php?rest_route=\/wp\/v2\/posts\/35341\/revisions"}],"predecessor-version":[{"id":35343,"href":"https:\/\/conexion23.com\/index.php?rest_route=\/wp\/v2\/posts\/35341\/revisions\/35343"}],"wp:featuredmedia":[{"embeddable":true,"href":"https:\/\/conexion23.com\/index.php?rest_route=\/wp\/v2\/media\/35342"}],"wp:attachment":[{"href":"https:\/\/conexion23.com\/index.php?rest_route=%2Fwp%2Fv2%2Fmedia&parent=35341"}],"wp:term":[{"taxonomy":"category","embeddable":true,"href":"https:\/\/conexion23.com\/index.php?rest_route=%2Fwp%2Fv2%2Fcategories&post=35341"},{"taxonomy":"post_tag","embeddable":true,"href":"https:\/\/conexion23.com\/index.php?rest_route=%2Fwp%2Fv2%2Ftags&post=35341"}],"curies":[{"name":"wp","href":"https:\/\/api.w.org\/{rel}","templated":true}]}}