{"id":35472,"date":"2024-12-09T07:33:36","date_gmt":"2024-12-09T11:33:36","guid":{"rendered":"https:\/\/conexion23.com\/?p=35472"},"modified":"2024-12-09T07:33:37","modified_gmt":"2024-12-09T11:33:37","slug":"aumenta-patrullaje-en-zonas-comerciales-por-periodo-navideno","status":"publish","type":"post","link":"https:\/\/conexion23.com\/?p=35472","title":{"rendered":"Aumenta patrullaje en zonas comerciales por per\u00edodo navide\u00f1o"},"content":{"rendered":"\n<p>El patrullaje se increment\u00f3 en el Gran Santo Domingo, donde los mun\u00edcipes dicen sentirse seguros en estas navidades por la vigilancia de la Polic\u00eda Nacional, especialmente cerca de comercios.<\/p>\n\n\n\n<p>Bienvenido Mateo, de 74 a\u00f1os, dijo que desde su llegada a una parada de autobuses ve a la Polic\u00eda Nacional rondando el entorno, por lo que se siente seguro de acudir a su lugar de trabajo en el sector Villa Francisca del Distrito Nacional.<\/p>\n\n\n\n<p>\u201cVeo que est\u00e1 muy bien que est\u00e9n patrullando mucho porque es tiempo donde hay muchos chelitos en la calle. Estoy desde las 6:00 de la ma\u00f1ana hasta las 8:00 de la noche y me quedo mir\u00e1ndolo como pasan a cada rato cuidando a uno\u201d, expres\u00f3 Mateo, con alegr\u00eda porque la polic\u00eda transita y no siente miedo al llegar a la parada.<\/p>\n\n\n\n<p>Asimismo, Jissel P\u00e9rez, quien labora desde hace siete a\u00f1os en una banca del sector, dijo que suele ver varios polic\u00edas en las afueras de comercios en la zona y a tempranas horas de la ma\u00f1ana observa c\u00f3mo se re\u00fanen en comitiva para marcharse a sus puntos de vigilancia.<\/p>\n","protected":false},"excerpt":{"rendered":"<p>El patrullaje se increment\u00f3 en el Gran Santo Domingo, donde los mun\u00edcipes dicen sentirse seguros en estas navidades por la vigilancia de la Polic\u00eda Nacional, especialmente cerca de comercios. Bienvenido Mateo, de 74 a\u00f1os, dijo que desde su llegada a una parada de autobuses ve a la Polic\u00eda Nacional rondando el entorno, por lo que [&hellip;]<\/p>\n","protected":false},"author":15,"featured_media":35473,"comment_status":"open","ping_status":"open","sticky":false,"template":"","format":"standard","meta":{"footnotes":""},"categories":[1],"tags":[],"class_list":{"0":"post-35472","1":"post","2":"type-post","3":"status-publish","4":"format-standard","5":"has-post-thumbnail","7":"category-uncategorized"},"yoast_head":"<!-- This site is optimized with the Yoast SEO plugin v27.1.1 - https:\/\/yoast.com\/product\/yoast-seo-wordpress\/ -->\n<title>Aumenta patrullaje en zonas comerciales por per\u00edodo navide\u00f1o - Conexi\u00f3n 23<\/title>\n<meta name=\"robots\" content=\"index, follow, max-snippet:-1, max-image-preview:large, max-video-preview:-1\" \/>\n<link rel=\"canonical\" href=\"https:\/\/conexion23.com\/?p=35472\" \/>\n<meta property=\"og:locale\" content=\"es_ES\" \/>\n<meta property=\"og:type\" content=\"article\" \/>\n<meta property=\"og:title\" content=\"Aumenta patrullaje en zonas comerciales por per\u00edodo navide\u00f1o - Conexi\u00f3n 23\" \/>\n<meta property=\"og:description\" content=\"El patrullaje se increment\u00f3 en el Gran Santo Domingo, donde los mun\u00edcipes dicen sentirse seguros en estas navidades por la vigilancia de la Polic\u00eda Nacional, especialmente cerca de comercios. Bienvenido Mateo, de 74 a\u00f1os, dijo que desde su llegada a una parada de autobuses ve a la Polic\u00eda Nacional rondando el entorno, por lo que [&hellip;]\" \/>\n<meta property=\"og:url\" content=\"https:\/\/conexion23.com\/?p=35472\" \/>\n<meta property=\"og:site_name\" content=\"Conexi\u00f3n 23\" \/>\n<meta property=\"article:publisher\" content=\"https:\/\/www.facebook.com\/conexion23com\" \/>\n<meta property=\"article:published_time\" content=\"2024-12-09T11:33:36+00:00\" \/>\n<meta property=\"article:modified_time\" content=\"2024-12-09T11:33:37+00:00\" \/>\n<meta property=\"og:image\" content=\"https:\/\/conexion23.com\/wp-content\/uploads\/2024\/12\/67562c0a0f7f5.jpeg\" \/>\n\t<meta property=\"og:image:width\" content=\"800\" \/>\n\t<meta property=\"og:image:height\" content=\"533\" \/>\n\t<meta property=\"og:image:type\" content=\"image\/jpeg\" \/>\n<meta name=\"author\" content=\"Raffy Ben\u00edtez\" \/>\n<meta name=\"twitter:card\" content=\"summary_large_image\" \/>\n<meta name=\"twitter:label1\" content=\"Escrito por\" \/>\n\t<meta name=\"twitter:data1\" content=\"Raffy Ben\u00edtez\" \/>\n\t<meta name=\"twitter:label2\" content=\"Tiempo de lectura\" \/>\n\t<meta name=\"twitter:data2\" content=\"2 minutos\" \/>\n<script type=\"application\/ld+json\" class=\"yoast-schema-graph\">{\"@context\":\"https:\/\/schema.org\",\"@graph\":[{\"@type\":\"Article\",\"@id\":\"https:\/\/conexion23.com\/?p=35472#article\",\"isPartOf\":{\"@id\":\"https:\/\/conexion23.com\/?p=35472\"},\"author\":{\"name\":\"Raffy Ben\u00edtez\",\"@id\":\"https:\/\/conexion23.com\/#\/schema\/person\/03e36043331117e97a373299bbcd30a6\"},\"headline\":\"Aumenta patrullaje en zonas comerciales por per\u00edodo navide\u00f1o\",\"datePublished\":\"2024-12-09T11:33:36+00:00\",\"dateModified\":\"2024-12-09T11:33:37+00:00\",\"mainEntityOfPage\":{\"@id\":\"https:\/\/conexion23.com\/?p=35472\"},\"wordCount\":204,\"commentCount\":0,\"publisher\":{\"@id\":\"https:\/\/conexion23.com\/#organization\"},\"image\":{\"@id\":\"https:\/\/conexion23.com\/?p=35472#primaryimage\"},\"thumbnailUrl\":\"https:\/\/conexion23.com\/wp-content\/uploads\/2024\/12\/67562c0a0f7f5.jpeg\",\"articleSection\":[\"Uncategorized\"],\"inLanguage\":\"es\",\"potentialAction\":[{\"@type\":\"CommentAction\",\"name\":\"Comment\",\"target\":[\"https:\/\/conexion23.com\/?p=35472#respond\"]}]},{\"@type\":\"WebPage\",\"@id\":\"https:\/\/conexion23.com\/?p=35472\",\"url\":\"https:\/\/conexion23.com\/?p=35472\",\"name\":\"Aumenta patrullaje en zonas comerciales por per\u00edodo navide\u00f1o - Conexi\u00f3n 23\",\"isPartOf\":{\"@id\":\"https:\/\/conexion23.com\/#website\"},\"primaryImageOfPage\":{\"@id\":\"https:\/\/conexion23.com\/?p=35472#primaryimage\"},\"image\":{\"@id\":\"https:\/\/conexion23.com\/?p=35472#primaryimage\"},\"thumbnailUrl\":\"https:\/\/conexion23.com\/wp-content\/uploads\/2024\/12\/67562c0a0f7f5.jpeg\",\"datePublished\":\"2024-12-09T11:33:36+00:00\",\"dateModified\":\"2024-12-09T11:33:37+00:00\",\"breadcrumb\":{\"@id\":\"https:\/\/conexion23.com\/?p=35472#breadcrumb\"},\"inLanguage\":\"es\",\"potentialAction\":[{\"@type\":\"ReadAction\",\"target\":[\"https:\/\/conexion23.com\/?p=35472\"]}]},{\"@type\":\"ImageObject\",\"inLanguage\":\"es\",\"@id\":\"https:\/\/conexion23.com\/?p=35472#primaryimage\",\"url\":\"https:\/\/conexion23.com\/wp-content\/uploads\/2024\/12\/67562c0a0f7f5.jpeg\",\"contentUrl\":\"https:\/\/conexion23.com\/wp-content\/uploads\/2024\/12\/67562c0a0f7f5.jpeg\",\"width\":800,\"height\":533},{\"@type\":\"BreadcrumbList\",\"@id\":\"https:\/\/conexion23.com\/?p=35472#breadcrumb\",\"itemListElement\":[{\"@type\":\"ListItem\",\"position\":1,\"name\":\"Portada\",\"item\":\"https:\/\/conexion23.com\/\"},{\"@type\":\"ListItem\",\"position\":2,\"name\":\"Aumenta patrullaje en zonas comerciales por per\u00edodo navide\u00f1o\"}]},{\"@type\":\"WebSite\",\"@id\":\"https:\/\/conexion23.com\/#website\",\"url\":\"https:\/\/conexion23.com\/\",\"name\":\"Conexi\u00f3n 23\",\"description\":\"Peri\u00f3dico 100% Petromacorisano\",\"publisher\":{\"@id\":\"https:\/\/conexion23.com\/#organization\"},\"potentialAction\":[{\"@type\":\"SearchAction\",\"target\":{\"@type\":\"EntryPoint\",\"urlTemplate\":\"https:\/\/conexion23.com\/?s={search_term_string}\"},\"query-input\":{\"@type\":\"PropertyValueSpecification\",\"valueRequired\":true,\"valueName\":\"search_term_string\"}}],\"inLanguage\":\"es\"},{\"@type\":\"Organization\",\"@id\":\"https:\/\/conexion23.com\/#organization\",\"name\":\"Conexion 23\",\"url\":\"https:\/\/conexion23.com\/\",\"logo\":{\"@type\":\"ImageObject\",\"inLanguage\":\"es\",\"@id\":\"https:\/\/conexion23.com\/#\/schema\/logo\/image\/\",\"url\":\"https:\/\/conexion23.com\/wp-content\/uploads\/2021\/11\/Diseno-sin-titulo-2.png\",\"contentUrl\":\"https:\/\/conexion23.com\/wp-content\/uploads\/2021\/11\/Diseno-sin-titulo-2.png\",\"width\":541,\"height\":90,\"caption\":\"Conexion 23\"},\"image\":{\"@id\":\"https:\/\/conexion23.com\/#\/schema\/logo\/image\/\"},\"sameAs\":[\"https:\/\/www.facebook.com\/conexion23com\",\"https:\/\/www.instagram.com\/conexion23com\/\",\"https:\/\/www.youtube.com\/channel\/UCYc7vxxFZMYLIHNsHHxPZ3Q\"]},{\"@type\":\"Person\",\"@id\":\"https:\/\/conexion23.com\/#\/schema\/person\/03e36043331117e97a373299bbcd30a6\",\"name\":\"Raffy Ben\u00edtez\",\"image\":{\"@type\":\"ImageObject\",\"inLanguage\":\"es\",\"@id\":\"https:\/\/conexion23.com\/#\/schema\/person\/image\/\",\"url\":\"https:\/\/secure.gravatar.com\/avatar\/3190a6a6c5e1b0327500f7d6c56b6242472ee6cb974cf09b401ee6b3b0798f23?s=96&d=mm&r=g\",\"contentUrl\":\"https:\/\/secure.gravatar.com\/avatar\/3190a6a6c5e1b0327500f7d6c56b6242472ee6cb974cf09b401ee6b3b0798f23?s=96&d=mm&r=g\",\"caption\":\"Raffy Ben\u00edtez\"},\"url\":\"https:\/\/conexion23.com\/?author=15\"}]}<\/script>\n<!-- \/ Yoast SEO plugin. -->","yoast_head_json":{"title":"Aumenta patrullaje en zonas comerciales por per\u00edodo navide\u00f1o - Conexi\u00f3n 23","robots":{"index":"index","follow":"follow","max-snippet":"max-snippet:-1","max-image-preview":"max-image-preview:large","max-video-preview":"max-video-preview:-1"},"canonical":"https:\/\/conexion23.com\/?p=35472","og_locale":"es_ES","og_type":"article","og_title":"Aumenta patrullaje en zonas comerciales por per\u00edodo navide\u00f1o - Conexi\u00f3n 23","og_description":"El patrullaje se increment\u00f3 en el Gran Santo Domingo, donde los mun\u00edcipes dicen sentirse seguros en estas navidades por la vigilancia de la Polic\u00eda Nacional, especialmente cerca de comercios. Bienvenido Mateo, de 74 a\u00f1os, dijo que desde su llegada a una parada de autobuses ve a la Polic\u00eda Nacional rondando el entorno, por lo que [&hellip;]","og_url":"https:\/\/conexion23.com\/?p=35472","og_site_name":"Conexi\u00f3n 23","article_publisher":"https:\/\/www.facebook.com\/conexion23com","article_published_time":"2024-12-09T11:33:36+00:00","article_modified_time":"2024-12-09T11:33:37+00:00","og_image":[{"width":800,"height":533,"url":"https:\/\/conexion23.com\/wp-content\/uploads\/2024\/12\/67562c0a0f7f5.jpeg","type":"image\/jpeg"}],"author":"Raffy Ben\u00edtez","twitter_card":"summary_large_image","twitter_misc":{"Escrito por":"Raffy Ben\u00edtez","Tiempo de lectura":"2 minutos"},"schema":{"@context":"https:\/\/schema.org","@graph":[{"@type":"Article","@id":"https:\/\/conexion23.com\/?p=35472#article","isPartOf":{"@id":"https:\/\/conexion23.com\/?p=35472"},"author":{"name":"Raffy Ben\u00edtez","@id":"https:\/\/conexion23.com\/#\/schema\/person\/03e36043331117e97a373299bbcd30a6"},"headline":"Aumenta patrullaje en zonas comerciales por per\u00edodo navide\u00f1o","datePublished":"2024-12-09T11:33:36+00:00","dateModified":"2024-12-09T11:33:37+00:00","mainEntityOfPage":{"@id":"https:\/\/conexion23.com\/?p=35472"},"wordCount":204,"commentCount":0,"publisher":{"@id":"https:\/\/conexion23.com\/#organization"},"image":{"@id":"https:\/\/conexion23.com\/?p=35472#primaryimage"},"thumbnailUrl":"https:\/\/conexion23.com\/wp-content\/uploads\/2024\/12\/67562c0a0f7f5.jpeg","articleSection":["Uncategorized"],"inLanguage":"es","potentialAction":[{"@type":"CommentAction","name":"Comment","target":["https:\/\/conexion23.com\/?p=35472#respond"]}]},{"@type":"WebPage","@id":"https:\/\/conexion23.com\/?p=35472","url":"https:\/\/conexion23.com\/?p=35472","name":"Aumenta patrullaje en zonas comerciales por per\u00edodo navide\u00f1o - Conexi\u00f3n 23","isPartOf":{"@id":"https:\/\/conexion23.com\/#website"},"primaryImageOfPage":{"@id":"https:\/\/conexion23.com\/?p=35472#primaryimage"},"image":{"@id":"https:\/\/conexion23.com\/?p=35472#primaryimage"},"thumbnailUrl":"https:\/\/conexion23.com\/wp-content\/uploads\/2024\/12\/67562c0a0f7f5.jpeg","datePublished":"2024-12-09T11:33:36+00:00","dateModified":"2024-12-09T11:33:37+00:00","breadcrumb":{"@id":"https:\/\/conexion23.com\/?p=35472#breadcrumb"},"inLanguage":"es","potentialAction":[{"@type":"ReadAction","target":["https:\/\/conexion23.com\/?p=35472"]}]},{"@type":"ImageObject","inLanguage":"es","@id":"https:\/\/conexion23.com\/?p=35472#primaryimage","url":"https:\/\/conexion23.com\/wp-content\/uploads\/2024\/12\/67562c0a0f7f5.jpeg","contentUrl":"https:\/\/conexion23.com\/wp-content\/uploads\/2024\/12\/67562c0a0f7f5.jpeg","width":800,"height":533},{"@type":"BreadcrumbList","@id":"https:\/\/conexion23.com\/?p=35472#breadcrumb","itemListElement":[{"@type":"ListItem","position":1,"name":"Portada","item":"https:\/\/conexion23.com\/"},{"@type":"ListItem","position":2,"name":"Aumenta patrullaje en zonas comerciales por per\u00edodo navide\u00f1o"}]},{"@type":"WebSite","@id":"https:\/\/conexion23.com\/#website","url":"https:\/\/conexion23.com\/","name":"Conexi\u00f3n 23","description":"Peri\u00f3dico 100% Petromacorisano","publisher":{"@id":"https:\/\/conexion23.com\/#organization"},"potentialAction":[{"@type":"SearchAction","target":{"@type":"EntryPoint","urlTemplate":"https:\/\/conexion23.com\/?s={search_term_string}"},"query-input":{"@type":"PropertyValueSpecification","valueRequired":true,"valueName":"search_term_string"}}],"inLanguage":"es"},{"@type":"Organization","@id":"https:\/\/conexion23.com\/#organization","name":"Conexion 23","url":"https:\/\/conexion23.com\/","logo":{"@type":"ImageObject","inLanguage":"es","@id":"https:\/\/conexion23.com\/#\/schema\/logo\/image\/","url":"https:\/\/conexion23.com\/wp-content\/uploads\/2021\/11\/Diseno-sin-titulo-2.png","contentUrl":"https:\/\/conexion23.com\/wp-content\/uploads\/2021\/11\/Diseno-sin-titulo-2.png","width":541,"height":90,"caption":"Conexion 23"},"image":{"@id":"https:\/\/conexion23.com\/#\/schema\/logo\/image\/"},"sameAs":["https:\/\/www.facebook.com\/conexion23com","https:\/\/www.instagram.com\/conexion23com\/","https:\/\/www.youtube.com\/channel\/UCYc7vxxFZMYLIHNsHHxPZ3Q"]},{"@type":"Person","@id":"https:\/\/conexion23.com\/#\/schema\/person\/03e36043331117e97a373299bbcd30a6","name":"Raffy Ben\u00edtez","image":{"@type":"ImageObject","inLanguage":"es","@id":"https:\/\/conexion23.com\/#\/schema\/person\/image\/","url":"https:\/\/secure.gravatar.com\/avatar\/3190a6a6c5e1b0327500f7d6c56b6242472ee6cb974cf09b401ee6b3b0798f23?s=96&d=mm&r=g","contentUrl":"https:\/\/secure.gravatar.com\/avatar\/3190a6a6c5e1b0327500f7d6c56b6242472ee6cb974cf09b401ee6b3b0798f23?s=96&d=mm&r=g","caption":"Raffy Ben\u00edtez"},"url":"https:\/\/conexion23.com\/?author=15"}]}},"_links":{"self":[{"href":"https:\/\/conexion23.com\/index.php?rest_route=\/wp\/v2\/posts\/35472","targetHints":{"allow":["GET"]}}],"collection":[{"href":"https:\/\/conexion23.com\/index.php?rest_route=\/wp\/v2\/posts"}],"about":[{"href":"https:\/\/conexion23.com\/index.php?rest_route=\/wp\/v2\/types\/post"}],"author":[{"embeddable":true,"href":"https:\/\/conexion23.com\/index.php?rest_route=\/wp\/v2\/users\/15"}],"replies":[{"embeddable":true,"href":"https:\/\/conexion23.com\/index.php?rest_route=%2Fwp%2Fv2%2Fcomments&post=35472"}],"version-history":[{"count":1,"href":"https:\/\/conexion23.com\/index.php?rest_route=\/wp\/v2\/posts\/35472\/revisions"}],"predecessor-version":[{"id":35474,"href":"https:\/\/conexion23.com\/index.php?rest_route=\/wp\/v2\/posts\/35472\/revisions\/35474"}],"wp:featuredmedia":[{"embeddable":true,"href":"https:\/\/conexion23.com\/index.php?rest_route=\/wp\/v2\/media\/35473"}],"wp:attachment":[{"href":"https:\/\/conexion23.com\/index.php?rest_route=%2Fwp%2Fv2%2Fmedia&parent=35472"}],"wp:term":[{"taxonomy":"category","embeddable":true,"href":"https:\/\/conexion23.com\/index.php?rest_route=%2Fwp%2Fv2%2Fcategories&post=35472"},{"taxonomy":"post_tag","embeddable":true,"href":"https:\/\/conexion23.com\/index.php?rest_route=%2Fwp%2Fv2%2Ftags&post=35472"}],"curies":[{"name":"wp","href":"https:\/\/api.w.org\/{rel}","templated":true}]}}