{"id":35502,"date":"2024-12-10T07:16:35","date_gmt":"2024-12-10T11:16:35","guid":{"rendered":"https:\/\/conexion23.com\/?p=35502"},"modified":"2024-12-10T07:16:37","modified_gmt":"2024-12-10T11:16:37","slug":"escuela-vocacional-de-las-fuerzas-armadas-en-spm-informa-inicio-de-inscripciones","status":"publish","type":"post","link":"https:\/\/conexion23.com\/?p=35502","title":{"rendered":"Escuela Vocacional de las Fuerzas Armadas en SPM  informa inicio de inscripciones."},"content":{"rendered":"\n<p>La Escuela Vocacional de las Fuerzas Armadas y la Polic\u00eda Nacional, Recinto San Pedro de Macor\u00eds, anunci\u00f3 el inicio de las inscripciones para sus diversos cursos y programas formativos, dirigidos a la comunidad interesada en adquirir conocimientos en diferentes \u00e1reas laborales y t\u00e9cnicas.<\/p>\n\n\n\n<p>Entre las opciones de formaci\u00f3n disponibles se encuentran cursos como cosmetolog\u00eda, u\u00f1as acr\u00edlicas, est\u00e9tica facial, masaje corporal, barber\u00eda, decoraci\u00f3n y pintura, cocina b\u00e1sica, reposter\u00eda, enfermer\u00eda, farmacia, visitador m\u00e9dico, alba\u00f1iler\u00eda, plomer\u00eda, mec\u00e1nica industrial y educaci\u00f3n vial. Adem\u00e1s, la instituci\u00f3n ofrece formaci\u00f3n en \u00e1reas de servicios como bartender, camarero, cajero bancario, contabilidad, secretariado auxiliar, locuci\u00f3n, ingl\u00e9s b\u00e1sico e inform\u00e1tica, entre otros.<\/p>\n\n\n\n<p>Las autoridades de la Escuela Vocacional invitan a toda la poblaci\u00f3n de San Pedro de Macor\u00eds y zonas aleda\u00f1as a inscribirse y aprovechar esta oportunidad para capacitarse en una amplia variedad de oficios y profesiones que pueden mejorar su desarrollo personal y laboral.<\/p>\n\n\n\n<p>Los interesados pueden obtener mayor informaci\u00f3n llamando al n\u00famero de tel\u00e9fono 809-748-0588, extensi\u00f3n 1321, o visitando las instalaciones de la escuela. La instituci\u00f3n reiter\u00f3 su compromiso de brindar formaci\u00f3n accesible y de calidad, destacando la importancia de la capacitaci\u00f3n t\u00e9cnica como herramienta para contribuir al crecimiento econ\u00f3mico y social de la comunidad.<\/p>\n\n\n\n<p>La Escuela Vocacional de las Fuerzas Armadas y la Polic\u00eda Nacional ha sido reconocida por su labor en la formaci\u00f3n de miles de dominicanos que han encontrado en sus programas una oportunidad para mejorar su calidad de vida y acceder a mejores oportunidades laborales.<\/p>\n","protected":false},"excerpt":{"rendered":"<p>La Escuela Vocacional de las Fuerzas Armadas y la Polic\u00eda Nacional, Recinto San Pedro de Macor\u00eds, anunci\u00f3 el inicio de las inscripciones para sus diversos cursos y programas formativos, dirigidos a la comunidad interesada en adquirir conocimientos en diferentes \u00e1reas laborales y t\u00e9cnicas. Entre las opciones de formaci\u00f3n disponibles se encuentran cursos como cosmetolog\u00eda, u\u00f1as [&hellip;]<\/p>\n","protected":false},"author":15,"featured_media":35503,"comment_status":"open","ping_status":"open","sticky":false,"template":"","format":"standard","meta":{"footnotes":""},"categories":[35],"tags":[],"class_list":{"0":"post-35502","1":"post","2":"type-post","3":"status-publish","4":"format-standard","5":"has-post-thumbnail","7":"category-spm"},"yoast_head":"<!-- This site is optimized with the Yoast SEO plugin v27.1.1 - https:\/\/yoast.com\/product\/yoast-seo-wordpress\/ -->\n<title>Escuela Vocacional de las Fuerzas Armadas en SPM informa inicio de inscripciones. - Conexi\u00f3n 23<\/title>\n<meta name=\"robots\" content=\"index, follow, max-snippet:-1, max-image-preview:large, max-video-preview:-1\" \/>\n<link rel=\"canonical\" href=\"https:\/\/conexion23.com\/?p=35502\" \/>\n<meta property=\"og:locale\" content=\"es_ES\" \/>\n<meta property=\"og:type\" content=\"article\" \/>\n<meta property=\"og:title\" content=\"Escuela Vocacional de las Fuerzas Armadas en SPM informa inicio de inscripciones. - Conexi\u00f3n 23\" \/>\n<meta property=\"og:description\" content=\"La Escuela Vocacional de las Fuerzas Armadas y la Polic\u00eda Nacional, Recinto San Pedro de Macor\u00eds, anunci\u00f3 el inicio de las inscripciones para sus diversos cursos y programas formativos, dirigidos a la comunidad interesada en adquirir conocimientos en diferentes \u00e1reas laborales y t\u00e9cnicas. Entre las opciones de formaci\u00f3n disponibles se encuentran cursos como cosmetolog\u00eda, u\u00f1as [&hellip;]\" \/>\n<meta property=\"og:url\" content=\"https:\/\/conexion23.com\/?p=35502\" \/>\n<meta property=\"og:site_name\" content=\"Conexi\u00f3n 23\" \/>\n<meta property=\"article:publisher\" content=\"https:\/\/www.facebook.com\/conexion23com\" \/>\n<meta property=\"article:published_time\" content=\"2024-12-10T11:16:35+00:00\" \/>\n<meta property=\"article:modified_time\" content=\"2024-12-10T11:16:37+00:00\" \/>\n<meta property=\"og:image\" content=\"https:\/\/conexion23.com\/wp-content\/uploads\/2024\/12\/download-7.jpg\" \/>\n\t<meta property=\"og:image:width\" content=\"310\" \/>\n\t<meta property=\"og:image:height\" content=\"163\" \/>\n\t<meta property=\"og:image:type\" content=\"image\/jpeg\" \/>\n<meta name=\"author\" content=\"Raffy Ben\u00edtez\" \/>\n<meta name=\"twitter:card\" content=\"summary_large_image\" \/>\n<meta name=\"twitter:label1\" content=\"Escrito por\" \/>\n\t<meta name=\"twitter:data1\" content=\"Raffy Ben\u00edtez\" \/>\n\t<meta name=\"twitter:label2\" content=\"Tiempo de lectura\" \/>\n\t<meta name=\"twitter:data2\" content=\"2 minutos\" \/>\n<script type=\"application\/ld+json\" class=\"yoast-schema-graph\">{\"@context\":\"https:\/\/schema.org\",\"@graph\":[{\"@type\":\"Article\",\"@id\":\"https:\/\/conexion23.com\/?p=35502#article\",\"isPartOf\":{\"@id\":\"https:\/\/conexion23.com\/?p=35502\"},\"author\":{\"name\":\"Raffy Ben\u00edtez\",\"@id\":\"https:\/\/conexion23.com\/#\/schema\/person\/03e36043331117e97a373299bbcd30a6\"},\"headline\":\"Escuela Vocacional de las Fuerzas Armadas en SPM informa inicio de inscripciones.\",\"datePublished\":\"2024-12-10T11:16:35+00:00\",\"dateModified\":\"2024-12-10T11:16:37+00:00\",\"mainEntityOfPage\":{\"@id\":\"https:\/\/conexion23.com\/?p=35502\"},\"wordCount\":293,\"commentCount\":0,\"publisher\":{\"@id\":\"https:\/\/conexion23.com\/#organization\"},\"image\":{\"@id\":\"https:\/\/conexion23.com\/?p=35502#primaryimage\"},\"thumbnailUrl\":\"https:\/\/conexion23.com\/wp-content\/uploads\/2024\/12\/download-7.jpg\",\"articleSection\":[\"SPM\"],\"inLanguage\":\"es\",\"potentialAction\":[{\"@type\":\"CommentAction\",\"name\":\"Comment\",\"target\":[\"https:\/\/conexion23.com\/?p=35502#respond\"]}]},{\"@type\":\"WebPage\",\"@id\":\"https:\/\/conexion23.com\/?p=35502\",\"url\":\"https:\/\/conexion23.com\/?p=35502\",\"name\":\"Escuela Vocacional de las Fuerzas Armadas en SPM informa inicio de inscripciones. - Conexi\u00f3n 23\",\"isPartOf\":{\"@id\":\"https:\/\/conexion23.com\/#website\"},\"primaryImageOfPage\":{\"@id\":\"https:\/\/conexion23.com\/?p=35502#primaryimage\"},\"image\":{\"@id\":\"https:\/\/conexion23.com\/?p=35502#primaryimage\"},\"thumbnailUrl\":\"https:\/\/conexion23.com\/wp-content\/uploads\/2024\/12\/download-7.jpg\",\"datePublished\":\"2024-12-10T11:16:35+00:00\",\"dateModified\":\"2024-12-10T11:16:37+00:00\",\"breadcrumb\":{\"@id\":\"https:\/\/conexion23.com\/?p=35502#breadcrumb\"},\"inLanguage\":\"es\",\"potentialAction\":[{\"@type\":\"ReadAction\",\"target\":[\"https:\/\/conexion23.com\/?p=35502\"]}]},{\"@type\":\"ImageObject\",\"inLanguage\":\"es\",\"@id\":\"https:\/\/conexion23.com\/?p=35502#primaryimage\",\"url\":\"https:\/\/conexion23.com\/wp-content\/uploads\/2024\/12\/download-7.jpg\",\"contentUrl\":\"https:\/\/conexion23.com\/wp-content\/uploads\/2024\/12\/download-7.jpg\",\"width\":310,\"height\":163},{\"@type\":\"BreadcrumbList\",\"@id\":\"https:\/\/conexion23.com\/?p=35502#breadcrumb\",\"itemListElement\":[{\"@type\":\"ListItem\",\"position\":1,\"name\":\"Portada\",\"item\":\"https:\/\/conexion23.com\/\"},{\"@type\":\"ListItem\",\"position\":2,\"name\":\"Escuela Vocacional de las Fuerzas Armadas en SPM informa inicio de inscripciones.\"}]},{\"@type\":\"WebSite\",\"@id\":\"https:\/\/conexion23.com\/#website\",\"url\":\"https:\/\/conexion23.com\/\",\"name\":\"Conexi\u00f3n 23\",\"description\":\"Peri\u00f3dico 100% Petromacorisano\",\"publisher\":{\"@id\":\"https:\/\/conexion23.com\/#organization\"},\"potentialAction\":[{\"@type\":\"SearchAction\",\"target\":{\"@type\":\"EntryPoint\",\"urlTemplate\":\"https:\/\/conexion23.com\/?s={search_term_string}\"},\"query-input\":{\"@type\":\"PropertyValueSpecification\",\"valueRequired\":true,\"valueName\":\"search_term_string\"}}],\"inLanguage\":\"es\"},{\"@type\":\"Organization\",\"@id\":\"https:\/\/conexion23.com\/#organization\",\"name\":\"Conexion 23\",\"url\":\"https:\/\/conexion23.com\/\",\"logo\":{\"@type\":\"ImageObject\",\"inLanguage\":\"es\",\"@id\":\"https:\/\/conexion23.com\/#\/schema\/logo\/image\/\",\"url\":\"https:\/\/conexion23.com\/wp-content\/uploads\/2021\/11\/Diseno-sin-titulo-2.png\",\"contentUrl\":\"https:\/\/conexion23.com\/wp-content\/uploads\/2021\/11\/Diseno-sin-titulo-2.png\",\"width\":541,\"height\":90,\"caption\":\"Conexion 23\"},\"image\":{\"@id\":\"https:\/\/conexion23.com\/#\/schema\/logo\/image\/\"},\"sameAs\":[\"https:\/\/www.facebook.com\/conexion23com\",\"https:\/\/www.instagram.com\/conexion23com\/\",\"https:\/\/www.youtube.com\/channel\/UCYc7vxxFZMYLIHNsHHxPZ3Q\"]},{\"@type\":\"Person\",\"@id\":\"https:\/\/conexion23.com\/#\/schema\/person\/03e36043331117e97a373299bbcd30a6\",\"name\":\"Raffy Ben\u00edtez\",\"image\":{\"@type\":\"ImageObject\",\"inLanguage\":\"es\",\"@id\":\"https:\/\/conexion23.com\/#\/schema\/person\/image\/\",\"url\":\"https:\/\/secure.gravatar.com\/avatar\/3190a6a6c5e1b0327500f7d6c56b6242472ee6cb974cf09b401ee6b3b0798f23?s=96&d=mm&r=g\",\"contentUrl\":\"https:\/\/secure.gravatar.com\/avatar\/3190a6a6c5e1b0327500f7d6c56b6242472ee6cb974cf09b401ee6b3b0798f23?s=96&d=mm&r=g\",\"caption\":\"Raffy Ben\u00edtez\"},\"url\":\"https:\/\/conexion23.com\/?author=15\"}]}<\/script>\n<!-- \/ Yoast SEO plugin. -->","yoast_head_json":{"title":"Escuela Vocacional de las Fuerzas Armadas en SPM informa inicio de inscripciones. - Conexi\u00f3n 23","robots":{"index":"index","follow":"follow","max-snippet":"max-snippet:-1","max-image-preview":"max-image-preview:large","max-video-preview":"max-video-preview:-1"},"canonical":"https:\/\/conexion23.com\/?p=35502","og_locale":"es_ES","og_type":"article","og_title":"Escuela Vocacional de las Fuerzas Armadas en SPM informa inicio de inscripciones. - Conexi\u00f3n 23","og_description":"La Escuela Vocacional de las Fuerzas Armadas y la Polic\u00eda Nacional, Recinto San Pedro de Macor\u00eds, anunci\u00f3 el inicio de las inscripciones para sus diversos cursos y programas formativos, dirigidos a la comunidad interesada en adquirir conocimientos en diferentes \u00e1reas laborales y t\u00e9cnicas. Entre las opciones de formaci\u00f3n disponibles se encuentran cursos como cosmetolog\u00eda, u\u00f1as [&hellip;]","og_url":"https:\/\/conexion23.com\/?p=35502","og_site_name":"Conexi\u00f3n 23","article_publisher":"https:\/\/www.facebook.com\/conexion23com","article_published_time":"2024-12-10T11:16:35+00:00","article_modified_time":"2024-12-10T11:16:37+00:00","og_image":[{"width":310,"height":163,"url":"https:\/\/conexion23.com\/wp-content\/uploads\/2024\/12\/download-7.jpg","type":"image\/jpeg"}],"author":"Raffy Ben\u00edtez","twitter_card":"summary_large_image","twitter_misc":{"Escrito por":"Raffy Ben\u00edtez","Tiempo de lectura":"2 minutos"},"schema":{"@context":"https:\/\/schema.org","@graph":[{"@type":"Article","@id":"https:\/\/conexion23.com\/?p=35502#article","isPartOf":{"@id":"https:\/\/conexion23.com\/?p=35502"},"author":{"name":"Raffy Ben\u00edtez","@id":"https:\/\/conexion23.com\/#\/schema\/person\/03e36043331117e97a373299bbcd30a6"},"headline":"Escuela Vocacional de las Fuerzas Armadas en SPM informa inicio de inscripciones.","datePublished":"2024-12-10T11:16:35+00:00","dateModified":"2024-12-10T11:16:37+00:00","mainEntityOfPage":{"@id":"https:\/\/conexion23.com\/?p=35502"},"wordCount":293,"commentCount":0,"publisher":{"@id":"https:\/\/conexion23.com\/#organization"},"image":{"@id":"https:\/\/conexion23.com\/?p=35502#primaryimage"},"thumbnailUrl":"https:\/\/conexion23.com\/wp-content\/uploads\/2024\/12\/download-7.jpg","articleSection":["SPM"],"inLanguage":"es","potentialAction":[{"@type":"CommentAction","name":"Comment","target":["https:\/\/conexion23.com\/?p=35502#respond"]}]},{"@type":"WebPage","@id":"https:\/\/conexion23.com\/?p=35502","url":"https:\/\/conexion23.com\/?p=35502","name":"Escuela Vocacional de las Fuerzas Armadas en SPM informa inicio de inscripciones. - Conexi\u00f3n 23","isPartOf":{"@id":"https:\/\/conexion23.com\/#website"},"primaryImageOfPage":{"@id":"https:\/\/conexion23.com\/?p=35502#primaryimage"},"image":{"@id":"https:\/\/conexion23.com\/?p=35502#primaryimage"},"thumbnailUrl":"https:\/\/conexion23.com\/wp-content\/uploads\/2024\/12\/download-7.jpg","datePublished":"2024-12-10T11:16:35+00:00","dateModified":"2024-12-10T11:16:37+00:00","breadcrumb":{"@id":"https:\/\/conexion23.com\/?p=35502#breadcrumb"},"inLanguage":"es","potentialAction":[{"@type":"ReadAction","target":["https:\/\/conexion23.com\/?p=35502"]}]},{"@type":"ImageObject","inLanguage":"es","@id":"https:\/\/conexion23.com\/?p=35502#primaryimage","url":"https:\/\/conexion23.com\/wp-content\/uploads\/2024\/12\/download-7.jpg","contentUrl":"https:\/\/conexion23.com\/wp-content\/uploads\/2024\/12\/download-7.jpg","width":310,"height":163},{"@type":"BreadcrumbList","@id":"https:\/\/conexion23.com\/?p=35502#breadcrumb","itemListElement":[{"@type":"ListItem","position":1,"name":"Portada","item":"https:\/\/conexion23.com\/"},{"@type":"ListItem","position":2,"name":"Escuela Vocacional de las Fuerzas Armadas en SPM informa inicio de inscripciones."}]},{"@type":"WebSite","@id":"https:\/\/conexion23.com\/#website","url":"https:\/\/conexion23.com\/","name":"Conexi\u00f3n 23","description":"Peri\u00f3dico 100% Petromacorisano","publisher":{"@id":"https:\/\/conexion23.com\/#organization"},"potentialAction":[{"@type":"SearchAction","target":{"@type":"EntryPoint","urlTemplate":"https:\/\/conexion23.com\/?s={search_term_string}"},"query-input":{"@type":"PropertyValueSpecification","valueRequired":true,"valueName":"search_term_string"}}],"inLanguage":"es"},{"@type":"Organization","@id":"https:\/\/conexion23.com\/#organization","name":"Conexion 23","url":"https:\/\/conexion23.com\/","logo":{"@type":"ImageObject","inLanguage":"es","@id":"https:\/\/conexion23.com\/#\/schema\/logo\/image\/","url":"https:\/\/conexion23.com\/wp-content\/uploads\/2021\/11\/Diseno-sin-titulo-2.png","contentUrl":"https:\/\/conexion23.com\/wp-content\/uploads\/2021\/11\/Diseno-sin-titulo-2.png","width":541,"height":90,"caption":"Conexion 23"},"image":{"@id":"https:\/\/conexion23.com\/#\/schema\/logo\/image\/"},"sameAs":["https:\/\/www.facebook.com\/conexion23com","https:\/\/www.instagram.com\/conexion23com\/","https:\/\/www.youtube.com\/channel\/UCYc7vxxFZMYLIHNsHHxPZ3Q"]},{"@type":"Person","@id":"https:\/\/conexion23.com\/#\/schema\/person\/03e36043331117e97a373299bbcd30a6","name":"Raffy Ben\u00edtez","image":{"@type":"ImageObject","inLanguage":"es","@id":"https:\/\/conexion23.com\/#\/schema\/person\/image\/","url":"https:\/\/secure.gravatar.com\/avatar\/3190a6a6c5e1b0327500f7d6c56b6242472ee6cb974cf09b401ee6b3b0798f23?s=96&d=mm&r=g","contentUrl":"https:\/\/secure.gravatar.com\/avatar\/3190a6a6c5e1b0327500f7d6c56b6242472ee6cb974cf09b401ee6b3b0798f23?s=96&d=mm&r=g","caption":"Raffy Ben\u00edtez"},"url":"https:\/\/conexion23.com\/?author=15"}]}},"_links":{"self":[{"href":"https:\/\/conexion23.com\/index.php?rest_route=\/wp\/v2\/posts\/35502","targetHints":{"allow":["GET"]}}],"collection":[{"href":"https:\/\/conexion23.com\/index.php?rest_route=\/wp\/v2\/posts"}],"about":[{"href":"https:\/\/conexion23.com\/index.php?rest_route=\/wp\/v2\/types\/post"}],"author":[{"embeddable":true,"href":"https:\/\/conexion23.com\/index.php?rest_route=\/wp\/v2\/users\/15"}],"replies":[{"embeddable":true,"href":"https:\/\/conexion23.com\/index.php?rest_route=%2Fwp%2Fv2%2Fcomments&post=35502"}],"version-history":[{"count":1,"href":"https:\/\/conexion23.com\/index.php?rest_route=\/wp\/v2\/posts\/35502\/revisions"}],"predecessor-version":[{"id":35504,"href":"https:\/\/conexion23.com\/index.php?rest_route=\/wp\/v2\/posts\/35502\/revisions\/35504"}],"wp:featuredmedia":[{"embeddable":true,"href":"https:\/\/conexion23.com\/index.php?rest_route=\/wp\/v2\/media\/35503"}],"wp:attachment":[{"href":"https:\/\/conexion23.com\/index.php?rest_route=%2Fwp%2Fv2%2Fmedia&parent=35502"}],"wp:term":[{"taxonomy":"category","embeddable":true,"href":"https:\/\/conexion23.com\/index.php?rest_route=%2Fwp%2Fv2%2Fcategories&post=35502"},{"taxonomy":"post_tag","embeddable":true,"href":"https:\/\/conexion23.com\/index.php?rest_route=%2Fwp%2Fv2%2Ftags&post=35502"}],"curies":[{"name":"wp","href":"https:\/\/api.w.org\/{rel}","templated":true}]}}