{"id":35508,"date":"2024-12-10T07:24:02","date_gmt":"2024-12-10T11:24:02","guid":{"rendered":"https:\/\/conexion23.com\/?p=35508"},"modified":"2024-12-10T07:24:03","modified_gmt":"2024-12-10T11:24:03","slug":"guatemala-dice-contenedor-con-cantidad-record-de-droga-decomisada-en-rd-no-presentaba-ilicitos","status":"publish","type":"post","link":"https:\/\/conexion23.com\/?p=35508","title":{"rendered":"Guatemala dice contenedor con cantidad r\u00e9cord de droga decomisada en RD \u00abno presentaba il\u00edcitos\u00bb"},"content":{"rendered":"\n<p>El<strong>&nbsp;Gobierno de Guatemala<\/strong>&nbsp;asegur\u00f3 el domingo que el contenedor encontrado el pasado viernes en&nbsp;<strong>Rep\u00fablica Dominicana,<\/strong>&nbsp;con un millonario&nbsp;<strong>cargamento presuntamente de coca\u00edna<\/strong>, no conten\u00eda sustancias il\u00edcitas al salir del pa\u00eds centroamericano, de acuerdo a un an\u00e1lisis del mismo.<\/p>\n\n\n\n<p>El Ministerio de Gobernaci\u00f3n (Interior) guatemalteco indic\u00f3 en un comunicado que el contenedor fue revisado \u00aba trav\u00e9s de tecnolog\u00eda de scanner\u00bb, por lo que \u00abno presentaban il\u00edcitos\u00bb y por tanto fue&nbsp;<strong>catalogado como \u00abno sospechoso\u00bb.<\/strong><\/p>\n\n\n\n<p><strong>De acuerdo a la misma fuente, la embarcaci\u00f3n con el contenedor en cuesti\u00f3n parti\u00f3 de&nbsp;Veracruz, M\u00e9xico,&nbsp;y posteriormente arrib\u00f3 a&nbsp;Puerto Barrios, en la costa guatemalteca al oc\u00e9ano Atl\u00e1ntico, donde la nave \u00abincorpor\u00f3 carga local\u00bb.<\/strong><\/p>\n\n\n\n<p><strong>Despu\u00e9s, la&nbsp;embarcaci\u00f3n enfil\u00f3 a Puerto Cort\u00e9s en Honduras&nbsp;y a&nbsp;Puerto Caucedo en Rep\u00fablica Dominicana, donde las autoridades decomisaron el cargamento de&nbsp;9.588 kilos de droga, presuntamente coca\u00edna.<\/strong><\/p>\n\n\n\n<p>Pese a que el contenedor sali\u00f3 supuestamente de&nbsp;<strong>Guatemala&nbsp;<\/strong>sin drogas, el Gobierno guatemalteco indic\u00f3 que \u00abtodas las hip\u00f3tesis est\u00e1n siendo investigadas\u00bb para determinar cualquier responsabilidad con respecto al cargamento ilegal, que<strong>&nbsp;ten\u00eda como destino final a B\u00e9lgica.<\/strong><\/p>\n\n\n\n<p>Seg\u00fan las autoridades dominicanas, las drogas tienen un valor estimado de 250 millones de d\u00f3lares y equivalen al&nbsp;<strong>m\u00e1ximo decomiso en la historia de Rep\u00fablica Dominicana<\/strong>&nbsp;y tambi\u00e9n en parte de la regi\u00f3n del Caribe.<\/p>\n\n\n\n<p>En relaci\u00f3n con este caso, se investiga a al menos diez personas vinculadas al puerto y tambi\u00e9n contin\u00faan las pesquisas sobre el frustrado env\u00edo de la&nbsp;<strong>droga a Europa,<\/strong>&nbsp;con base a datos de la agencia antidrogas dominicana.<\/p>\n\n\n\n<p>Los paquetes ocupados han sido enviados, bajo cadena de custodia, al Instituto Nacional de Ciencias Forense dominicano para determinar el peso y el tipo exacto del cargamento.<\/p>\n\n\n\n<p>Se trata de la<strong>&nbsp;mayor incautaci\u00f3n en Rep\u00fablica Dominicana<\/strong>, superando con mucho las 2,5 toneladas de drogas que en 2006 fueron ocupadas en Puerto Caucedo y que hasta ahora era el mayor alijo. En noviembre pasado,<strong>&nbsp;Puerto Caucedo<\/strong>&nbsp;fue tambi\u00e9n escenario del decomiso de 2,2 toneladas de coca\u00edna.&nbsp;<\/p>\n","protected":false},"excerpt":{"rendered":"<p>El&nbsp;Gobierno de Guatemala&nbsp;asegur\u00f3 el domingo que el contenedor encontrado el pasado viernes en&nbsp;Rep\u00fablica Dominicana,&nbsp;con un millonario&nbsp;cargamento presuntamente de coca\u00edna, no conten\u00eda sustancias il\u00edcitas al salir del pa\u00eds centroamericano, de acuerdo a un an\u00e1lisis del mismo. El Ministerio de Gobernaci\u00f3n (Interior) guatemalteco indic\u00f3 en un comunicado que el contenedor fue revisado \u00aba trav\u00e9s de tecnolog\u00eda de [&hellip;]<\/p>\n","protected":false},"author":15,"featured_media":35509,"comment_status":"open","ping_status":"open","sticky":false,"template":"","format":"standard","meta":{"footnotes":""},"categories":[1],"tags":[],"class_list":{"0":"post-35508","1":"post","2":"type-post","3":"status-publish","4":"format-standard","5":"has-post-thumbnail","7":"category-uncategorized"},"yoast_head":"<!-- This site is optimized with the Yoast SEO plugin v27.1.1 - https:\/\/yoast.com\/product\/yoast-seo-wordpress\/ -->\n<title>Guatemala dice contenedor con cantidad r\u00e9cord de droga decomisada en RD &quot;no presentaba il\u00edcitos&quot; - Conexi\u00f3n 23<\/title>\n<meta name=\"robots\" content=\"index, follow, max-snippet:-1, max-image-preview:large, max-video-preview:-1\" \/>\n<link rel=\"canonical\" href=\"https:\/\/conexion23.com\/?p=35508\" \/>\n<meta property=\"og:locale\" content=\"es_ES\" \/>\n<meta property=\"og:type\" content=\"article\" \/>\n<meta property=\"og:title\" content=\"Guatemala dice contenedor con cantidad r\u00e9cord de droga decomisada en RD &quot;no presentaba il\u00edcitos&quot; - Conexi\u00f3n 23\" \/>\n<meta property=\"og:description\" content=\"El&nbsp;Gobierno de Guatemala&nbsp;asegur\u00f3 el domingo que el contenedor encontrado el pasado viernes en&nbsp;Rep\u00fablica Dominicana,&nbsp;con un millonario&nbsp;cargamento presuntamente de coca\u00edna, no conten\u00eda sustancias il\u00edcitas al salir del pa\u00eds centroamericano, de acuerdo a un an\u00e1lisis del mismo. El Ministerio de Gobernaci\u00f3n (Interior) guatemalteco indic\u00f3 en un comunicado que el contenedor fue revisado \u00aba trav\u00e9s de tecnolog\u00eda de [&hellip;]\" \/>\n<meta property=\"og:url\" content=\"https:\/\/conexion23.com\/?p=35508\" \/>\n<meta property=\"og:site_name\" content=\"Conexi\u00f3n 23\" \/>\n<meta property=\"article:publisher\" content=\"https:\/\/www.facebook.com\/conexion23com\" \/>\n<meta property=\"article:published_time\" content=\"2024-12-10T11:24:02+00:00\" \/>\n<meta property=\"article:modified_time\" content=\"2024-12-10T11:24:03+00:00\" \/>\n<meta property=\"og:image\" content=\"https:\/\/conexion23.com\/wp-content\/uploads\/2024\/12\/image.jpg\" \/>\n\t<meta property=\"og:image:width\" content=\"800\" \/>\n\t<meta property=\"og:image:height\" content=\"600\" \/>\n\t<meta property=\"og:image:type\" content=\"image\/jpeg\" \/>\n<meta name=\"author\" content=\"Raffy Ben\u00edtez\" \/>\n<meta name=\"twitter:card\" content=\"summary_large_image\" \/>\n<meta name=\"twitter:label1\" content=\"Escrito por\" \/>\n\t<meta name=\"twitter:data1\" content=\"Raffy Ben\u00edtez\" \/>\n\t<meta name=\"twitter:label2\" content=\"Tiempo de lectura\" \/>\n\t<meta name=\"twitter:data2\" content=\"2 minutos\" \/>\n<script type=\"application\/ld+json\" class=\"yoast-schema-graph\">{\"@context\":\"https:\/\/schema.org\",\"@graph\":[{\"@type\":\"Article\",\"@id\":\"https:\/\/conexion23.com\/?p=35508#article\",\"isPartOf\":{\"@id\":\"https:\/\/conexion23.com\/?p=35508\"},\"author\":{\"name\":\"Raffy Ben\u00edtez\",\"@id\":\"https:\/\/conexion23.com\/#\/schema\/person\/03e36043331117e97a373299bbcd30a6\"},\"headline\":\"Guatemala dice contenedor con cantidad r\u00e9cord de droga decomisada en RD \u00abno presentaba il\u00edcitos\u00bb\",\"datePublished\":\"2024-12-10T11:24:02+00:00\",\"dateModified\":\"2024-12-10T11:24:03+00:00\",\"mainEntityOfPage\":{\"@id\":\"https:\/\/conexion23.com\/?p=35508\"},\"wordCount\":399,\"commentCount\":0,\"publisher\":{\"@id\":\"https:\/\/conexion23.com\/#organization\"},\"image\":{\"@id\":\"https:\/\/conexion23.com\/?p=35508#primaryimage\"},\"thumbnailUrl\":\"https:\/\/conexion23.com\/wp-content\/uploads\/2024\/12\/image.jpg\",\"articleSection\":[\"Uncategorized\"],\"inLanguage\":\"es\",\"potentialAction\":[{\"@type\":\"CommentAction\",\"name\":\"Comment\",\"target\":[\"https:\/\/conexion23.com\/?p=35508#respond\"]}]},{\"@type\":\"WebPage\",\"@id\":\"https:\/\/conexion23.com\/?p=35508\",\"url\":\"https:\/\/conexion23.com\/?p=35508\",\"name\":\"Guatemala dice contenedor con cantidad r\u00e9cord de droga decomisada en RD \\\"no presentaba il\u00edcitos\\\" - Conexi\u00f3n 23\",\"isPartOf\":{\"@id\":\"https:\/\/conexion23.com\/#website\"},\"primaryImageOfPage\":{\"@id\":\"https:\/\/conexion23.com\/?p=35508#primaryimage\"},\"image\":{\"@id\":\"https:\/\/conexion23.com\/?p=35508#primaryimage\"},\"thumbnailUrl\":\"https:\/\/conexion23.com\/wp-content\/uploads\/2024\/12\/image.jpg\",\"datePublished\":\"2024-12-10T11:24:02+00:00\",\"dateModified\":\"2024-12-10T11:24:03+00:00\",\"breadcrumb\":{\"@id\":\"https:\/\/conexion23.com\/?p=35508#breadcrumb\"},\"inLanguage\":\"es\",\"potentialAction\":[{\"@type\":\"ReadAction\",\"target\":[\"https:\/\/conexion23.com\/?p=35508\"]}]},{\"@type\":\"ImageObject\",\"inLanguage\":\"es\",\"@id\":\"https:\/\/conexion23.com\/?p=35508#primaryimage\",\"url\":\"https:\/\/conexion23.com\/wp-content\/uploads\/2024\/12\/image.jpg\",\"contentUrl\":\"https:\/\/conexion23.com\/wp-content\/uploads\/2024\/12\/image.jpg\",\"width\":800,\"height\":600},{\"@type\":\"BreadcrumbList\",\"@id\":\"https:\/\/conexion23.com\/?p=35508#breadcrumb\",\"itemListElement\":[{\"@type\":\"ListItem\",\"position\":1,\"name\":\"Portada\",\"item\":\"https:\/\/conexion23.com\/\"},{\"@type\":\"ListItem\",\"position\":2,\"name\":\"Guatemala dice contenedor con cantidad r\u00e9cord de droga decomisada en RD \u00abno presentaba il\u00edcitos\u00bb\"}]},{\"@type\":\"WebSite\",\"@id\":\"https:\/\/conexion23.com\/#website\",\"url\":\"https:\/\/conexion23.com\/\",\"name\":\"Conexi\u00f3n 23\",\"description\":\"Peri\u00f3dico 100% Petromacorisano\",\"publisher\":{\"@id\":\"https:\/\/conexion23.com\/#organization\"},\"potentialAction\":[{\"@type\":\"SearchAction\",\"target\":{\"@type\":\"EntryPoint\",\"urlTemplate\":\"https:\/\/conexion23.com\/?s={search_term_string}\"},\"query-input\":{\"@type\":\"PropertyValueSpecification\",\"valueRequired\":true,\"valueName\":\"search_term_string\"}}],\"inLanguage\":\"es\"},{\"@type\":\"Organization\",\"@id\":\"https:\/\/conexion23.com\/#organization\",\"name\":\"Conexion 23\",\"url\":\"https:\/\/conexion23.com\/\",\"logo\":{\"@type\":\"ImageObject\",\"inLanguage\":\"es\",\"@id\":\"https:\/\/conexion23.com\/#\/schema\/logo\/image\/\",\"url\":\"https:\/\/conexion23.com\/wp-content\/uploads\/2021\/11\/Diseno-sin-titulo-2.png\",\"contentUrl\":\"https:\/\/conexion23.com\/wp-content\/uploads\/2021\/11\/Diseno-sin-titulo-2.png\",\"width\":541,\"height\":90,\"caption\":\"Conexion 23\"},\"image\":{\"@id\":\"https:\/\/conexion23.com\/#\/schema\/logo\/image\/\"},\"sameAs\":[\"https:\/\/www.facebook.com\/conexion23com\",\"https:\/\/www.instagram.com\/conexion23com\/\",\"https:\/\/www.youtube.com\/channel\/UCYc7vxxFZMYLIHNsHHxPZ3Q\"]},{\"@type\":\"Person\",\"@id\":\"https:\/\/conexion23.com\/#\/schema\/person\/03e36043331117e97a373299bbcd30a6\",\"name\":\"Raffy Ben\u00edtez\",\"image\":{\"@type\":\"ImageObject\",\"inLanguage\":\"es\",\"@id\":\"https:\/\/conexion23.com\/#\/schema\/person\/image\/\",\"url\":\"https:\/\/secure.gravatar.com\/avatar\/3190a6a6c5e1b0327500f7d6c56b6242472ee6cb974cf09b401ee6b3b0798f23?s=96&d=mm&r=g\",\"contentUrl\":\"https:\/\/secure.gravatar.com\/avatar\/3190a6a6c5e1b0327500f7d6c56b6242472ee6cb974cf09b401ee6b3b0798f23?s=96&d=mm&r=g\",\"caption\":\"Raffy Ben\u00edtez\"},\"url\":\"https:\/\/conexion23.com\/?author=15\"}]}<\/script>\n<!-- \/ Yoast SEO plugin. -->","yoast_head_json":{"title":"Guatemala dice contenedor con cantidad r\u00e9cord de droga decomisada en RD \"no presentaba il\u00edcitos\" - Conexi\u00f3n 23","robots":{"index":"index","follow":"follow","max-snippet":"max-snippet:-1","max-image-preview":"max-image-preview:large","max-video-preview":"max-video-preview:-1"},"canonical":"https:\/\/conexion23.com\/?p=35508","og_locale":"es_ES","og_type":"article","og_title":"Guatemala dice contenedor con cantidad r\u00e9cord de droga decomisada en RD \"no presentaba il\u00edcitos\" - Conexi\u00f3n 23","og_description":"El&nbsp;Gobierno de Guatemala&nbsp;asegur\u00f3 el domingo que el contenedor encontrado el pasado viernes en&nbsp;Rep\u00fablica Dominicana,&nbsp;con un millonario&nbsp;cargamento presuntamente de coca\u00edna, no conten\u00eda sustancias il\u00edcitas al salir del pa\u00eds centroamericano, de acuerdo a un an\u00e1lisis del mismo. El Ministerio de Gobernaci\u00f3n (Interior) guatemalteco indic\u00f3 en un comunicado que el contenedor fue revisado \u00aba trav\u00e9s de tecnolog\u00eda de [&hellip;]","og_url":"https:\/\/conexion23.com\/?p=35508","og_site_name":"Conexi\u00f3n 23","article_publisher":"https:\/\/www.facebook.com\/conexion23com","article_published_time":"2024-12-10T11:24:02+00:00","article_modified_time":"2024-12-10T11:24:03+00:00","og_image":[{"width":800,"height":600,"url":"https:\/\/conexion23.com\/wp-content\/uploads\/2024\/12\/image.jpg","type":"image\/jpeg"}],"author":"Raffy Ben\u00edtez","twitter_card":"summary_large_image","twitter_misc":{"Escrito por":"Raffy Ben\u00edtez","Tiempo de lectura":"2 minutos"},"schema":{"@context":"https:\/\/schema.org","@graph":[{"@type":"Article","@id":"https:\/\/conexion23.com\/?p=35508#article","isPartOf":{"@id":"https:\/\/conexion23.com\/?p=35508"},"author":{"name":"Raffy Ben\u00edtez","@id":"https:\/\/conexion23.com\/#\/schema\/person\/03e36043331117e97a373299bbcd30a6"},"headline":"Guatemala dice contenedor con cantidad r\u00e9cord de droga decomisada en RD \u00abno presentaba il\u00edcitos\u00bb","datePublished":"2024-12-10T11:24:02+00:00","dateModified":"2024-12-10T11:24:03+00:00","mainEntityOfPage":{"@id":"https:\/\/conexion23.com\/?p=35508"},"wordCount":399,"commentCount":0,"publisher":{"@id":"https:\/\/conexion23.com\/#organization"},"image":{"@id":"https:\/\/conexion23.com\/?p=35508#primaryimage"},"thumbnailUrl":"https:\/\/conexion23.com\/wp-content\/uploads\/2024\/12\/image.jpg","articleSection":["Uncategorized"],"inLanguage":"es","potentialAction":[{"@type":"CommentAction","name":"Comment","target":["https:\/\/conexion23.com\/?p=35508#respond"]}]},{"@type":"WebPage","@id":"https:\/\/conexion23.com\/?p=35508","url":"https:\/\/conexion23.com\/?p=35508","name":"Guatemala dice contenedor con cantidad r\u00e9cord de droga decomisada en RD \"no presentaba il\u00edcitos\" - Conexi\u00f3n 23","isPartOf":{"@id":"https:\/\/conexion23.com\/#website"},"primaryImageOfPage":{"@id":"https:\/\/conexion23.com\/?p=35508#primaryimage"},"image":{"@id":"https:\/\/conexion23.com\/?p=35508#primaryimage"},"thumbnailUrl":"https:\/\/conexion23.com\/wp-content\/uploads\/2024\/12\/image.jpg","datePublished":"2024-12-10T11:24:02+00:00","dateModified":"2024-12-10T11:24:03+00:00","breadcrumb":{"@id":"https:\/\/conexion23.com\/?p=35508#breadcrumb"},"inLanguage":"es","potentialAction":[{"@type":"ReadAction","target":["https:\/\/conexion23.com\/?p=35508"]}]},{"@type":"ImageObject","inLanguage":"es","@id":"https:\/\/conexion23.com\/?p=35508#primaryimage","url":"https:\/\/conexion23.com\/wp-content\/uploads\/2024\/12\/image.jpg","contentUrl":"https:\/\/conexion23.com\/wp-content\/uploads\/2024\/12\/image.jpg","width":800,"height":600},{"@type":"BreadcrumbList","@id":"https:\/\/conexion23.com\/?p=35508#breadcrumb","itemListElement":[{"@type":"ListItem","position":1,"name":"Portada","item":"https:\/\/conexion23.com\/"},{"@type":"ListItem","position":2,"name":"Guatemala dice contenedor con cantidad r\u00e9cord de droga decomisada en RD \u00abno presentaba il\u00edcitos\u00bb"}]},{"@type":"WebSite","@id":"https:\/\/conexion23.com\/#website","url":"https:\/\/conexion23.com\/","name":"Conexi\u00f3n 23","description":"Peri\u00f3dico 100% Petromacorisano","publisher":{"@id":"https:\/\/conexion23.com\/#organization"},"potentialAction":[{"@type":"SearchAction","target":{"@type":"EntryPoint","urlTemplate":"https:\/\/conexion23.com\/?s={search_term_string}"},"query-input":{"@type":"PropertyValueSpecification","valueRequired":true,"valueName":"search_term_string"}}],"inLanguage":"es"},{"@type":"Organization","@id":"https:\/\/conexion23.com\/#organization","name":"Conexion 23","url":"https:\/\/conexion23.com\/","logo":{"@type":"ImageObject","inLanguage":"es","@id":"https:\/\/conexion23.com\/#\/schema\/logo\/image\/","url":"https:\/\/conexion23.com\/wp-content\/uploads\/2021\/11\/Diseno-sin-titulo-2.png","contentUrl":"https:\/\/conexion23.com\/wp-content\/uploads\/2021\/11\/Diseno-sin-titulo-2.png","width":541,"height":90,"caption":"Conexion 23"},"image":{"@id":"https:\/\/conexion23.com\/#\/schema\/logo\/image\/"},"sameAs":["https:\/\/www.facebook.com\/conexion23com","https:\/\/www.instagram.com\/conexion23com\/","https:\/\/www.youtube.com\/channel\/UCYc7vxxFZMYLIHNsHHxPZ3Q"]},{"@type":"Person","@id":"https:\/\/conexion23.com\/#\/schema\/person\/03e36043331117e97a373299bbcd30a6","name":"Raffy Ben\u00edtez","image":{"@type":"ImageObject","inLanguage":"es","@id":"https:\/\/conexion23.com\/#\/schema\/person\/image\/","url":"https:\/\/secure.gravatar.com\/avatar\/3190a6a6c5e1b0327500f7d6c56b6242472ee6cb974cf09b401ee6b3b0798f23?s=96&d=mm&r=g","contentUrl":"https:\/\/secure.gravatar.com\/avatar\/3190a6a6c5e1b0327500f7d6c56b6242472ee6cb974cf09b401ee6b3b0798f23?s=96&d=mm&r=g","caption":"Raffy Ben\u00edtez"},"url":"https:\/\/conexion23.com\/?author=15"}]}},"_links":{"self":[{"href":"https:\/\/conexion23.com\/index.php?rest_route=\/wp\/v2\/posts\/35508","targetHints":{"allow":["GET"]}}],"collection":[{"href":"https:\/\/conexion23.com\/index.php?rest_route=\/wp\/v2\/posts"}],"about":[{"href":"https:\/\/conexion23.com\/index.php?rest_route=\/wp\/v2\/types\/post"}],"author":[{"embeddable":true,"href":"https:\/\/conexion23.com\/index.php?rest_route=\/wp\/v2\/users\/15"}],"replies":[{"embeddable":true,"href":"https:\/\/conexion23.com\/index.php?rest_route=%2Fwp%2Fv2%2Fcomments&post=35508"}],"version-history":[{"count":1,"href":"https:\/\/conexion23.com\/index.php?rest_route=\/wp\/v2\/posts\/35508\/revisions"}],"predecessor-version":[{"id":35510,"href":"https:\/\/conexion23.com\/index.php?rest_route=\/wp\/v2\/posts\/35508\/revisions\/35510"}],"wp:featuredmedia":[{"embeddable":true,"href":"https:\/\/conexion23.com\/index.php?rest_route=\/wp\/v2\/media\/35509"}],"wp:attachment":[{"href":"https:\/\/conexion23.com\/index.php?rest_route=%2Fwp%2Fv2%2Fmedia&parent=35508"}],"wp:term":[{"taxonomy":"category","embeddable":true,"href":"https:\/\/conexion23.com\/index.php?rest_route=%2Fwp%2Fv2%2Fcategories&post=35508"},{"taxonomy":"post_tag","embeddable":true,"href":"https:\/\/conexion23.com\/index.php?rest_route=%2Fwp%2Fv2%2Ftags&post=35508"}],"curies":[{"name":"wp","href":"https:\/\/api.w.org\/{rel}","templated":true}]}}