{"id":35536,"date":"2024-12-11T07:22:53","date_gmt":"2024-12-11T11:22:53","guid":{"rendered":"https:\/\/conexion23.com\/?p=35536"},"modified":"2024-12-11T07:22:55","modified_gmt":"2024-12-11T11:22:55","slug":"mueren-dos-hermanas-de-seis-meses-y-dos-anos-los-cuerpos-presentan-signos-de-violencia","status":"publish","type":"post","link":"https:\/\/conexion23.com\/?p=35536","title":{"rendered":"Mueren dos hermanas de seis meses y dos a\u00f1os, los cuerpos presentan signos de violencia."},"content":{"rendered":"\n<p>Dos&nbsp;<strong>hermanitas de seis meses y dos a\u00f1os perdieron la vida de una extra\u00f1a manera sin que hasta el momento se conozca la causa de su muerte, las menores resid\u00edan<\/strong>&nbsp;en El Pocito de Guayub\u00edn, en Montecristi.<\/p>\n\n\n\n<p>Las v\u00edctimas son identificadas como Nicole Espinal, de seis meses,&nbsp;<strong>y Mayeli Sof\u00eda Espinal, de dos a\u00f1os, cuyos cuerpos presentan signos de violencia.<\/strong><\/p>\n\n\n\n<p>Seg\u00fan informaciones, Nicole falleci\u00f3 mientras recib\u00eda atenci\u00f3n m\u00e9dica en Santiago, mientras que Mayeli muri\u00f3 en su comunidad natal.<\/p>\n\n\n\n<p>El padre de las ni\u00f1as, Misael Espinal, expres\u00f3 que est\u00e1 esperando los resultados del informe del Instituto Nacional de Ciencias Forenses (Inacif) para determinar las causas exactas de las muertes.<\/p>\n\n\n\n<p>Las autoridades del Ministerio P\u00fablico y la Polic\u00eda Nacional iniciaron las investigaciones para esclarecer la causa de su muerte.<\/p>\n\n\n\n<p>Las ni\u00f1as fueron sepultadas el pasado domingo, mientras la familia y la comunidad exigen justicia.<\/p>\n","protected":false},"excerpt":{"rendered":"<p>Dos&nbsp;hermanitas de seis meses y dos a\u00f1os perdieron la vida de una extra\u00f1a manera sin que hasta el momento se conozca la causa de su muerte, las menores resid\u00edan&nbsp;en El Pocito de Guayub\u00edn, en Montecristi. Las v\u00edctimas son identificadas como Nicole Espinal, de seis meses,&nbsp;y Mayeli Sof\u00eda Espinal, de dos a\u00f1os, cuyos cuerpos presentan signos [&hellip;]<\/p>\n","protected":false},"author":15,"featured_media":35537,"comment_status":"open","ping_status":"open","sticky":false,"template":"","format":"standard","meta":{"footnotes":""},"categories":[1],"tags":[],"class_list":{"0":"post-35536","1":"post","2":"type-post","3":"status-publish","4":"format-standard","5":"has-post-thumbnail","7":"category-uncategorized"},"yoast_head":"<!-- This site is optimized with the Yoast SEO plugin v27.1.1 - https:\/\/yoast.com\/product\/yoast-seo-wordpress\/ -->\n<title>Mueren dos hermanas de seis meses y dos a\u00f1os, los cuerpos presentan signos de violencia. - Conexi\u00f3n 23<\/title>\n<meta name=\"robots\" content=\"index, follow, max-snippet:-1, max-image-preview:large, max-video-preview:-1\" \/>\n<link rel=\"canonical\" href=\"https:\/\/conexion23.com\/?p=35536\" \/>\n<meta property=\"og:locale\" content=\"es_ES\" \/>\n<meta property=\"og:type\" content=\"article\" \/>\n<meta property=\"og:title\" content=\"Mueren dos hermanas de seis meses y dos a\u00f1os, los cuerpos presentan signos de violencia. - Conexi\u00f3n 23\" \/>\n<meta property=\"og:description\" content=\"Dos&nbsp;hermanitas de seis meses y dos a\u00f1os perdieron la vida de una extra\u00f1a manera sin que hasta el momento se conozca la causa de su muerte, las menores resid\u00edan&nbsp;en El Pocito de Guayub\u00edn, en Montecristi. Las v\u00edctimas son identificadas como Nicole Espinal, de seis meses,&nbsp;y Mayeli Sof\u00eda Espinal, de dos a\u00f1os, cuyos cuerpos presentan signos [&hellip;]\" \/>\n<meta property=\"og:url\" content=\"https:\/\/conexion23.com\/?p=35536\" \/>\n<meta property=\"og:site_name\" content=\"Conexi\u00f3n 23\" \/>\n<meta property=\"article:publisher\" content=\"https:\/\/www.facebook.com\/conexion23com\" \/>\n<meta property=\"article:published_time\" content=\"2024-12-11T11:22:53+00:00\" \/>\n<meta property=\"article:modified_time\" content=\"2024-12-11T11:22:55+00:00\" \/>\n<meta property=\"og:image\" content=\"https:\/\/conexion23.com\/wp-content\/uploads\/2024\/12\/img_5152-1024x576-1.webp\" \/>\n\t<meta property=\"og:image:width\" content=\"1024\" \/>\n\t<meta property=\"og:image:height\" content=\"576\" \/>\n\t<meta property=\"og:image:type\" content=\"image\/webp\" \/>\n<meta name=\"author\" content=\"Raffy Ben\u00edtez\" \/>\n<meta name=\"twitter:card\" content=\"summary_large_image\" \/>\n<meta name=\"twitter:label1\" content=\"Escrito por\" \/>\n\t<meta name=\"twitter:data1\" content=\"Raffy Ben\u00edtez\" \/>\n\t<meta name=\"twitter:label2\" content=\"Tiempo de lectura\" \/>\n\t<meta name=\"twitter:data2\" content=\"1 minuto\" \/>\n<script type=\"application\/ld+json\" class=\"yoast-schema-graph\">{\"@context\":\"https:\/\/schema.org\",\"@graph\":[{\"@type\":\"Article\",\"@id\":\"https:\/\/conexion23.com\/?p=35536#article\",\"isPartOf\":{\"@id\":\"https:\/\/conexion23.com\/?p=35536\"},\"author\":{\"name\":\"Raffy Ben\u00edtez\",\"@id\":\"https:\/\/conexion23.com\/#\/schema\/person\/03e36043331117e97a373299bbcd30a6\"},\"headline\":\"Mueren dos hermanas de seis meses y dos a\u00f1os, los cuerpos presentan signos de violencia.\",\"datePublished\":\"2024-12-11T11:22:53+00:00\",\"dateModified\":\"2024-12-11T11:22:55+00:00\",\"mainEntityOfPage\":{\"@id\":\"https:\/\/conexion23.com\/?p=35536\"},\"wordCount\":176,\"commentCount\":0,\"publisher\":{\"@id\":\"https:\/\/conexion23.com\/#organization\"},\"image\":{\"@id\":\"https:\/\/conexion23.com\/?p=35536#primaryimage\"},\"thumbnailUrl\":\"https:\/\/conexion23.com\/wp-content\/uploads\/2024\/12\/img_5152-1024x576-1.webp\",\"articleSection\":[\"Uncategorized\"],\"inLanguage\":\"es\",\"potentialAction\":[{\"@type\":\"CommentAction\",\"name\":\"Comment\",\"target\":[\"https:\/\/conexion23.com\/?p=35536#respond\"]}]},{\"@type\":\"WebPage\",\"@id\":\"https:\/\/conexion23.com\/?p=35536\",\"url\":\"https:\/\/conexion23.com\/?p=35536\",\"name\":\"Mueren dos hermanas de seis meses y dos a\u00f1os, los cuerpos presentan signos de violencia. - Conexi\u00f3n 23\",\"isPartOf\":{\"@id\":\"https:\/\/conexion23.com\/#website\"},\"primaryImageOfPage\":{\"@id\":\"https:\/\/conexion23.com\/?p=35536#primaryimage\"},\"image\":{\"@id\":\"https:\/\/conexion23.com\/?p=35536#primaryimage\"},\"thumbnailUrl\":\"https:\/\/conexion23.com\/wp-content\/uploads\/2024\/12\/img_5152-1024x576-1.webp\",\"datePublished\":\"2024-12-11T11:22:53+00:00\",\"dateModified\":\"2024-12-11T11:22:55+00:00\",\"breadcrumb\":{\"@id\":\"https:\/\/conexion23.com\/?p=35536#breadcrumb\"},\"inLanguage\":\"es\",\"potentialAction\":[{\"@type\":\"ReadAction\",\"target\":[\"https:\/\/conexion23.com\/?p=35536\"]}]},{\"@type\":\"ImageObject\",\"inLanguage\":\"es\",\"@id\":\"https:\/\/conexion23.com\/?p=35536#primaryimage\",\"url\":\"https:\/\/conexion23.com\/wp-content\/uploads\/2024\/12\/img_5152-1024x576-1.webp\",\"contentUrl\":\"https:\/\/conexion23.com\/wp-content\/uploads\/2024\/12\/img_5152-1024x576-1.webp\",\"width\":1024,\"height\":576},{\"@type\":\"BreadcrumbList\",\"@id\":\"https:\/\/conexion23.com\/?p=35536#breadcrumb\",\"itemListElement\":[{\"@type\":\"ListItem\",\"position\":1,\"name\":\"Portada\",\"item\":\"https:\/\/conexion23.com\/\"},{\"@type\":\"ListItem\",\"position\":2,\"name\":\"Mueren dos hermanas de seis meses y dos a\u00f1os, los cuerpos presentan signos de violencia.\"}]},{\"@type\":\"WebSite\",\"@id\":\"https:\/\/conexion23.com\/#website\",\"url\":\"https:\/\/conexion23.com\/\",\"name\":\"Conexi\u00f3n 23\",\"description\":\"Peri\u00f3dico 100% Petromacorisano\",\"publisher\":{\"@id\":\"https:\/\/conexion23.com\/#organization\"},\"potentialAction\":[{\"@type\":\"SearchAction\",\"target\":{\"@type\":\"EntryPoint\",\"urlTemplate\":\"https:\/\/conexion23.com\/?s={search_term_string}\"},\"query-input\":{\"@type\":\"PropertyValueSpecification\",\"valueRequired\":true,\"valueName\":\"search_term_string\"}}],\"inLanguage\":\"es\"},{\"@type\":\"Organization\",\"@id\":\"https:\/\/conexion23.com\/#organization\",\"name\":\"Conexion 23\",\"url\":\"https:\/\/conexion23.com\/\",\"logo\":{\"@type\":\"ImageObject\",\"inLanguage\":\"es\",\"@id\":\"https:\/\/conexion23.com\/#\/schema\/logo\/image\/\",\"url\":\"https:\/\/conexion23.com\/wp-content\/uploads\/2021\/11\/Diseno-sin-titulo-2.png\",\"contentUrl\":\"https:\/\/conexion23.com\/wp-content\/uploads\/2021\/11\/Diseno-sin-titulo-2.png\",\"width\":541,\"height\":90,\"caption\":\"Conexion 23\"},\"image\":{\"@id\":\"https:\/\/conexion23.com\/#\/schema\/logo\/image\/\"},\"sameAs\":[\"https:\/\/www.facebook.com\/conexion23com\",\"https:\/\/www.instagram.com\/conexion23com\/\",\"https:\/\/www.youtube.com\/channel\/UCYc7vxxFZMYLIHNsHHxPZ3Q\"]},{\"@type\":\"Person\",\"@id\":\"https:\/\/conexion23.com\/#\/schema\/person\/03e36043331117e97a373299bbcd30a6\",\"name\":\"Raffy Ben\u00edtez\",\"image\":{\"@type\":\"ImageObject\",\"inLanguage\":\"es\",\"@id\":\"https:\/\/conexion23.com\/#\/schema\/person\/image\/\",\"url\":\"https:\/\/secure.gravatar.com\/avatar\/3190a6a6c5e1b0327500f7d6c56b6242472ee6cb974cf09b401ee6b3b0798f23?s=96&d=mm&r=g\",\"contentUrl\":\"https:\/\/secure.gravatar.com\/avatar\/3190a6a6c5e1b0327500f7d6c56b6242472ee6cb974cf09b401ee6b3b0798f23?s=96&d=mm&r=g\",\"caption\":\"Raffy Ben\u00edtez\"},\"url\":\"https:\/\/conexion23.com\/?author=15\"}]}<\/script>\n<!-- \/ Yoast SEO plugin. -->","yoast_head_json":{"title":"Mueren dos hermanas de seis meses y dos a\u00f1os, los cuerpos presentan signos de violencia. - Conexi\u00f3n 23","robots":{"index":"index","follow":"follow","max-snippet":"max-snippet:-1","max-image-preview":"max-image-preview:large","max-video-preview":"max-video-preview:-1"},"canonical":"https:\/\/conexion23.com\/?p=35536","og_locale":"es_ES","og_type":"article","og_title":"Mueren dos hermanas de seis meses y dos a\u00f1os, los cuerpos presentan signos de violencia. - Conexi\u00f3n 23","og_description":"Dos&nbsp;hermanitas de seis meses y dos a\u00f1os perdieron la vida de una extra\u00f1a manera sin que hasta el momento se conozca la causa de su muerte, las menores resid\u00edan&nbsp;en El Pocito de Guayub\u00edn, en Montecristi. Las v\u00edctimas son identificadas como Nicole Espinal, de seis meses,&nbsp;y Mayeli Sof\u00eda Espinal, de dos a\u00f1os, cuyos cuerpos presentan signos [&hellip;]","og_url":"https:\/\/conexion23.com\/?p=35536","og_site_name":"Conexi\u00f3n 23","article_publisher":"https:\/\/www.facebook.com\/conexion23com","article_published_time":"2024-12-11T11:22:53+00:00","article_modified_time":"2024-12-11T11:22:55+00:00","og_image":[{"width":1024,"height":576,"url":"https:\/\/conexion23.com\/wp-content\/uploads\/2024\/12\/img_5152-1024x576-1.webp","type":"image\/webp"}],"author":"Raffy Ben\u00edtez","twitter_card":"summary_large_image","twitter_misc":{"Escrito por":"Raffy Ben\u00edtez","Tiempo de lectura":"1 minuto"},"schema":{"@context":"https:\/\/schema.org","@graph":[{"@type":"Article","@id":"https:\/\/conexion23.com\/?p=35536#article","isPartOf":{"@id":"https:\/\/conexion23.com\/?p=35536"},"author":{"name":"Raffy Ben\u00edtez","@id":"https:\/\/conexion23.com\/#\/schema\/person\/03e36043331117e97a373299bbcd30a6"},"headline":"Mueren dos hermanas de seis meses y dos a\u00f1os, los cuerpos presentan signos de violencia.","datePublished":"2024-12-11T11:22:53+00:00","dateModified":"2024-12-11T11:22:55+00:00","mainEntityOfPage":{"@id":"https:\/\/conexion23.com\/?p=35536"},"wordCount":176,"commentCount":0,"publisher":{"@id":"https:\/\/conexion23.com\/#organization"},"image":{"@id":"https:\/\/conexion23.com\/?p=35536#primaryimage"},"thumbnailUrl":"https:\/\/conexion23.com\/wp-content\/uploads\/2024\/12\/img_5152-1024x576-1.webp","articleSection":["Uncategorized"],"inLanguage":"es","potentialAction":[{"@type":"CommentAction","name":"Comment","target":["https:\/\/conexion23.com\/?p=35536#respond"]}]},{"@type":"WebPage","@id":"https:\/\/conexion23.com\/?p=35536","url":"https:\/\/conexion23.com\/?p=35536","name":"Mueren dos hermanas de seis meses y dos a\u00f1os, los cuerpos presentan signos de violencia. - Conexi\u00f3n 23","isPartOf":{"@id":"https:\/\/conexion23.com\/#website"},"primaryImageOfPage":{"@id":"https:\/\/conexion23.com\/?p=35536#primaryimage"},"image":{"@id":"https:\/\/conexion23.com\/?p=35536#primaryimage"},"thumbnailUrl":"https:\/\/conexion23.com\/wp-content\/uploads\/2024\/12\/img_5152-1024x576-1.webp","datePublished":"2024-12-11T11:22:53+00:00","dateModified":"2024-12-11T11:22:55+00:00","breadcrumb":{"@id":"https:\/\/conexion23.com\/?p=35536#breadcrumb"},"inLanguage":"es","potentialAction":[{"@type":"ReadAction","target":["https:\/\/conexion23.com\/?p=35536"]}]},{"@type":"ImageObject","inLanguage":"es","@id":"https:\/\/conexion23.com\/?p=35536#primaryimage","url":"https:\/\/conexion23.com\/wp-content\/uploads\/2024\/12\/img_5152-1024x576-1.webp","contentUrl":"https:\/\/conexion23.com\/wp-content\/uploads\/2024\/12\/img_5152-1024x576-1.webp","width":1024,"height":576},{"@type":"BreadcrumbList","@id":"https:\/\/conexion23.com\/?p=35536#breadcrumb","itemListElement":[{"@type":"ListItem","position":1,"name":"Portada","item":"https:\/\/conexion23.com\/"},{"@type":"ListItem","position":2,"name":"Mueren dos hermanas de seis meses y dos a\u00f1os, los cuerpos presentan signos de violencia."}]},{"@type":"WebSite","@id":"https:\/\/conexion23.com\/#website","url":"https:\/\/conexion23.com\/","name":"Conexi\u00f3n 23","description":"Peri\u00f3dico 100% Petromacorisano","publisher":{"@id":"https:\/\/conexion23.com\/#organization"},"potentialAction":[{"@type":"SearchAction","target":{"@type":"EntryPoint","urlTemplate":"https:\/\/conexion23.com\/?s={search_term_string}"},"query-input":{"@type":"PropertyValueSpecification","valueRequired":true,"valueName":"search_term_string"}}],"inLanguage":"es"},{"@type":"Organization","@id":"https:\/\/conexion23.com\/#organization","name":"Conexion 23","url":"https:\/\/conexion23.com\/","logo":{"@type":"ImageObject","inLanguage":"es","@id":"https:\/\/conexion23.com\/#\/schema\/logo\/image\/","url":"https:\/\/conexion23.com\/wp-content\/uploads\/2021\/11\/Diseno-sin-titulo-2.png","contentUrl":"https:\/\/conexion23.com\/wp-content\/uploads\/2021\/11\/Diseno-sin-titulo-2.png","width":541,"height":90,"caption":"Conexion 23"},"image":{"@id":"https:\/\/conexion23.com\/#\/schema\/logo\/image\/"},"sameAs":["https:\/\/www.facebook.com\/conexion23com","https:\/\/www.instagram.com\/conexion23com\/","https:\/\/www.youtube.com\/channel\/UCYc7vxxFZMYLIHNsHHxPZ3Q"]},{"@type":"Person","@id":"https:\/\/conexion23.com\/#\/schema\/person\/03e36043331117e97a373299bbcd30a6","name":"Raffy Ben\u00edtez","image":{"@type":"ImageObject","inLanguage":"es","@id":"https:\/\/conexion23.com\/#\/schema\/person\/image\/","url":"https:\/\/secure.gravatar.com\/avatar\/3190a6a6c5e1b0327500f7d6c56b6242472ee6cb974cf09b401ee6b3b0798f23?s=96&d=mm&r=g","contentUrl":"https:\/\/secure.gravatar.com\/avatar\/3190a6a6c5e1b0327500f7d6c56b6242472ee6cb974cf09b401ee6b3b0798f23?s=96&d=mm&r=g","caption":"Raffy Ben\u00edtez"},"url":"https:\/\/conexion23.com\/?author=15"}]}},"_links":{"self":[{"href":"https:\/\/conexion23.com\/index.php?rest_route=\/wp\/v2\/posts\/35536","targetHints":{"allow":["GET"]}}],"collection":[{"href":"https:\/\/conexion23.com\/index.php?rest_route=\/wp\/v2\/posts"}],"about":[{"href":"https:\/\/conexion23.com\/index.php?rest_route=\/wp\/v2\/types\/post"}],"author":[{"embeddable":true,"href":"https:\/\/conexion23.com\/index.php?rest_route=\/wp\/v2\/users\/15"}],"replies":[{"embeddable":true,"href":"https:\/\/conexion23.com\/index.php?rest_route=%2Fwp%2Fv2%2Fcomments&post=35536"}],"version-history":[{"count":1,"href":"https:\/\/conexion23.com\/index.php?rest_route=\/wp\/v2\/posts\/35536\/revisions"}],"predecessor-version":[{"id":35538,"href":"https:\/\/conexion23.com\/index.php?rest_route=\/wp\/v2\/posts\/35536\/revisions\/35538"}],"wp:featuredmedia":[{"embeddable":true,"href":"https:\/\/conexion23.com\/index.php?rest_route=\/wp\/v2\/media\/35537"}],"wp:attachment":[{"href":"https:\/\/conexion23.com\/index.php?rest_route=%2Fwp%2Fv2%2Fmedia&parent=35536"}],"wp:term":[{"taxonomy":"category","embeddable":true,"href":"https:\/\/conexion23.com\/index.php?rest_route=%2Fwp%2Fv2%2Fcategories&post=35536"},{"taxonomy":"post_tag","embeddable":true,"href":"https:\/\/conexion23.com\/index.php?rest_route=%2Fwp%2Fv2%2Ftags&post=35536"}],"curies":[{"name":"wp","href":"https:\/\/api.w.org\/{rel}","templated":true}]}}