{"id":35542,"date":"2024-12-11T07:35:50","date_gmt":"2024-12-11T11:35:50","guid":{"rendered":"https:\/\/conexion23.com\/?p=35542"},"modified":"2024-12-11T07:35:52","modified_gmt":"2024-12-11T11:35:52","slug":"estados-unidos-condena-masacre-en-haiti-y-llama-a-la-accion-internacional","status":"publish","type":"post","link":"https:\/\/conexion23.com\/?p=35542","title":{"rendered":"Estados Unidos condena masacre en Hait\u00ed y llama a la acci\u00f3n internacional"},"content":{"rendered":"\n<p>Estados Unidos conden\u00f3 este martes la brutal matanza de cerca de 200 personas, en su mayor\u00eda ancianos, perpetrada el pasado fin de semana en el barrio de Cit\u00e9 Soleil, en el \u00e1rea metropolitana de Puerto Pr\u00edncipe, Hait\u00ed. El ataque fue atribuido a la banda liderada por Micanor Altes, conocido como \u00abWa Mikano\u00bb o \u00abRey Mikano\u00bb.<\/p>\n\n\n\n<p>Karine Jean-Pierre, portavoz de la Casa Blanca e hija de migrantes haitianos, calific\u00f3 los hechos como \u00abatroces y criminales\u00bb durante una rueda de prensa. \u00abEstamos horrorizados por los informes que indican que cerca de 200 personas fueron asesinadas innecesariamente por miembros de bandas criminales que solo buscan su propio beneficio\u00bb, expres\u00f3.<\/p>\n\n\n\n<p>Jean-Pierre hizo un llamado urgente a la comunidad internacional para brindar apoyo al pueblo haitiano y respaldar la misi\u00f3n multinacional de seguridad liderada por Kenia. \u00abLo que hemos visto es incre\u00edblemente triste y horrible\u00bb, agreg\u00f3.<\/p>\n\n\n\n<p>La masacre ocurri\u00f3 entre el jueves y el s\u00e1bado en Cit\u00e9 Soleil, una de las \u00e1reas m\u00e1s densamente pobladas y vulnerables de Puerto Pr\u00edncipe. Seg\u00fan la organizaci\u00f3n de derechos humanos CDP-Hait\u00ed, las v\u00edctimas, en su mayor\u00eda mayores de 60 a\u00f1os, fueron asesinadas con machetes y cuchillos.<\/p>\n\n\n\n<p>Informes indican que el l\u00edder de la banda, Wa Mikano, orden\u00f3 el ataque tras recibir la recomendaci\u00f3n de un sacerdote vud\u00fa, quien afirm\u00f3 que los ancianos hab\u00edan practicado brujer\u00eda para provocar la grave enfermedad de su hijo. El ni\u00f1o falleci\u00f3 el domingo, lo que desat\u00f3 la violencia.<\/p>\n\n\n\n<p>Estados Unidos reafirm\u00f3 que trabajara con socios internacionales para combatir el auge de la violencia en Hait\u00ed, que ha sumido al pa\u00eds en una profunda crisis humanitaria y de seguridad. La administraci\u00f3n estadounidense llamo a las naciones a intensificar esfuerzos en apoyo a la misi\u00f3n liderada por Kenia, la cual busca restaurar la estabilidad en el pa\u00eds caribe\u00f1o.<\/p>\n\n\n\n<p>La masacre ha generado una nueva ola de indignaci\u00f3n global, subrayando la urgencia de intervenir ante el creciente poder de las bandas armadas que azotan Hait\u00ed.<\/p>\n","protected":false},"excerpt":{"rendered":"<p>Estados Unidos conden\u00f3 este martes la brutal matanza de cerca de 200 personas, en su mayor\u00eda ancianos, perpetrada el pasado fin de semana en el barrio de Cit\u00e9 Soleil, en el \u00e1rea metropolitana de Puerto Pr\u00edncipe, Hait\u00ed. El ataque fue atribuido a la banda liderada por Micanor Altes, conocido como \u00abWa Mikano\u00bb o \u00abRey Mikano\u00bb. [&hellip;]<\/p>\n","protected":false},"author":15,"featured_media":35544,"comment_status":"open","ping_status":"open","sticky":false,"template":"","format":"standard","meta":{"footnotes":""},"categories":[1],"tags":[],"class_list":{"0":"post-35542","1":"post","2":"type-post","3":"status-publish","4":"format-standard","5":"has-post-thumbnail","7":"category-uncategorized"},"yoast_head":"<!-- This site is optimized with the Yoast SEO plugin v27.1.1 - https:\/\/yoast.com\/product\/yoast-seo-wordpress\/ -->\n<title>Estados Unidos condena masacre en Hait\u00ed y llama a la acci\u00f3n internacional - Conexi\u00f3n 23<\/title>\n<meta name=\"robots\" content=\"index, follow, max-snippet:-1, max-image-preview:large, max-video-preview:-1\" \/>\n<link rel=\"canonical\" href=\"https:\/\/conexion23.com\/?p=35542\" \/>\n<meta property=\"og:locale\" content=\"es_ES\" \/>\n<meta property=\"og:type\" content=\"article\" \/>\n<meta property=\"og:title\" content=\"Estados Unidos condena masacre en Hait\u00ed y llama a la acci\u00f3n internacional - Conexi\u00f3n 23\" \/>\n<meta property=\"og:description\" content=\"Estados Unidos conden\u00f3 este martes la brutal matanza de cerca de 200 personas, en su mayor\u00eda ancianos, perpetrada el pasado fin de semana en el barrio de Cit\u00e9 Soleil, en el \u00e1rea metropolitana de Puerto Pr\u00edncipe, Hait\u00ed. El ataque fue atribuido a la banda liderada por Micanor Altes, conocido como \u00abWa Mikano\u00bb o \u00abRey Mikano\u00bb. [&hellip;]\" \/>\n<meta property=\"og:url\" content=\"https:\/\/conexion23.com\/?p=35542\" \/>\n<meta property=\"og:site_name\" content=\"Conexi\u00f3n 23\" \/>\n<meta property=\"article:publisher\" content=\"https:\/\/www.facebook.com\/conexion23com\" \/>\n<meta property=\"article:published_time\" content=\"2024-12-11T11:35:50+00:00\" \/>\n<meta property=\"article:modified_time\" content=\"2024-12-11T11:35:52+00:00\" \/>\n<meta property=\"og:image\" content=\"https:\/\/conexion23.com\/wp-content\/uploads\/2024\/12\/gobierno-haitiano-en-alerta-tras-ataque-de-bandas-armadas-focus-0-0-608-342.webp\" \/>\n\t<meta property=\"og:image:width\" content=\"608\" \/>\n\t<meta property=\"og:image:height\" content=\"342\" \/>\n\t<meta property=\"og:image:type\" content=\"image\/webp\" \/>\n<meta name=\"author\" content=\"Raffy Ben\u00edtez\" \/>\n<meta name=\"twitter:card\" content=\"summary_large_image\" \/>\n<meta name=\"twitter:label1\" content=\"Escrito por\" \/>\n\t<meta name=\"twitter:data1\" content=\"Raffy Ben\u00edtez\" \/>\n\t<meta name=\"twitter:label2\" content=\"Tiempo de lectura\" \/>\n\t<meta name=\"twitter:data2\" content=\"2 minutos\" \/>\n<script type=\"application\/ld+json\" class=\"yoast-schema-graph\">{\"@context\":\"https:\/\/schema.org\",\"@graph\":[{\"@type\":\"Article\",\"@id\":\"https:\/\/conexion23.com\/?p=35542#article\",\"isPartOf\":{\"@id\":\"https:\/\/conexion23.com\/?p=35542\"},\"author\":{\"name\":\"Raffy Ben\u00edtez\",\"@id\":\"https:\/\/conexion23.com\/#\/schema\/person\/03e36043331117e97a373299bbcd30a6\"},\"headline\":\"Estados Unidos condena masacre en Hait\u00ed y llama a la acci\u00f3n internacional\",\"datePublished\":\"2024-12-11T11:35:50+00:00\",\"dateModified\":\"2024-12-11T11:35:52+00:00\",\"mainEntityOfPage\":{\"@id\":\"https:\/\/conexion23.com\/?p=35542\"},\"wordCount\":351,\"commentCount\":0,\"publisher\":{\"@id\":\"https:\/\/conexion23.com\/#organization\"},\"image\":{\"@id\":\"https:\/\/conexion23.com\/?p=35542#primaryimage\"},\"thumbnailUrl\":\"https:\/\/conexion23.com\/wp-content\/uploads\/2024\/12\/gobierno-haitiano-en-alerta-tras-ataque-de-bandas-armadas-focus-0-0-608-342.webp\",\"articleSection\":[\"Uncategorized\"],\"inLanguage\":\"es\",\"potentialAction\":[{\"@type\":\"CommentAction\",\"name\":\"Comment\",\"target\":[\"https:\/\/conexion23.com\/?p=35542#respond\"]}]},{\"@type\":\"WebPage\",\"@id\":\"https:\/\/conexion23.com\/?p=35542\",\"url\":\"https:\/\/conexion23.com\/?p=35542\",\"name\":\"Estados Unidos condena masacre en Hait\u00ed y llama a la acci\u00f3n internacional - Conexi\u00f3n 23\",\"isPartOf\":{\"@id\":\"https:\/\/conexion23.com\/#website\"},\"primaryImageOfPage\":{\"@id\":\"https:\/\/conexion23.com\/?p=35542#primaryimage\"},\"image\":{\"@id\":\"https:\/\/conexion23.com\/?p=35542#primaryimage\"},\"thumbnailUrl\":\"https:\/\/conexion23.com\/wp-content\/uploads\/2024\/12\/gobierno-haitiano-en-alerta-tras-ataque-de-bandas-armadas-focus-0-0-608-342.webp\",\"datePublished\":\"2024-12-11T11:35:50+00:00\",\"dateModified\":\"2024-12-11T11:35:52+00:00\",\"breadcrumb\":{\"@id\":\"https:\/\/conexion23.com\/?p=35542#breadcrumb\"},\"inLanguage\":\"es\",\"potentialAction\":[{\"@type\":\"ReadAction\",\"target\":[\"https:\/\/conexion23.com\/?p=35542\"]}]},{\"@type\":\"ImageObject\",\"inLanguage\":\"es\",\"@id\":\"https:\/\/conexion23.com\/?p=35542#primaryimage\",\"url\":\"https:\/\/conexion23.com\/wp-content\/uploads\/2024\/12\/gobierno-haitiano-en-alerta-tras-ataque-de-bandas-armadas-focus-0-0-608-342.webp\",\"contentUrl\":\"https:\/\/conexion23.com\/wp-content\/uploads\/2024\/12\/gobierno-haitiano-en-alerta-tras-ataque-de-bandas-armadas-focus-0-0-608-342.webp\",\"width\":608,\"height\":342},{\"@type\":\"BreadcrumbList\",\"@id\":\"https:\/\/conexion23.com\/?p=35542#breadcrumb\",\"itemListElement\":[{\"@type\":\"ListItem\",\"position\":1,\"name\":\"Portada\",\"item\":\"https:\/\/conexion23.com\/\"},{\"@type\":\"ListItem\",\"position\":2,\"name\":\"Estados Unidos condena masacre en Hait\u00ed y llama a la acci\u00f3n internacional\"}]},{\"@type\":\"WebSite\",\"@id\":\"https:\/\/conexion23.com\/#website\",\"url\":\"https:\/\/conexion23.com\/\",\"name\":\"Conexi\u00f3n 23\",\"description\":\"Peri\u00f3dico 100% Petromacorisano\",\"publisher\":{\"@id\":\"https:\/\/conexion23.com\/#organization\"},\"potentialAction\":[{\"@type\":\"SearchAction\",\"target\":{\"@type\":\"EntryPoint\",\"urlTemplate\":\"https:\/\/conexion23.com\/?s={search_term_string}\"},\"query-input\":{\"@type\":\"PropertyValueSpecification\",\"valueRequired\":true,\"valueName\":\"search_term_string\"}}],\"inLanguage\":\"es\"},{\"@type\":\"Organization\",\"@id\":\"https:\/\/conexion23.com\/#organization\",\"name\":\"Conexion 23\",\"url\":\"https:\/\/conexion23.com\/\",\"logo\":{\"@type\":\"ImageObject\",\"inLanguage\":\"es\",\"@id\":\"https:\/\/conexion23.com\/#\/schema\/logo\/image\/\",\"url\":\"https:\/\/conexion23.com\/wp-content\/uploads\/2021\/11\/Diseno-sin-titulo-2.png\",\"contentUrl\":\"https:\/\/conexion23.com\/wp-content\/uploads\/2021\/11\/Diseno-sin-titulo-2.png\",\"width\":541,\"height\":90,\"caption\":\"Conexion 23\"},\"image\":{\"@id\":\"https:\/\/conexion23.com\/#\/schema\/logo\/image\/\"},\"sameAs\":[\"https:\/\/www.facebook.com\/conexion23com\",\"https:\/\/www.instagram.com\/conexion23com\/\",\"https:\/\/www.youtube.com\/channel\/UCYc7vxxFZMYLIHNsHHxPZ3Q\"]},{\"@type\":\"Person\",\"@id\":\"https:\/\/conexion23.com\/#\/schema\/person\/03e36043331117e97a373299bbcd30a6\",\"name\":\"Raffy Ben\u00edtez\",\"image\":{\"@type\":\"ImageObject\",\"inLanguage\":\"es\",\"@id\":\"https:\/\/conexion23.com\/#\/schema\/person\/image\/\",\"url\":\"https:\/\/secure.gravatar.com\/avatar\/3190a6a6c5e1b0327500f7d6c56b6242472ee6cb974cf09b401ee6b3b0798f23?s=96&d=mm&r=g\",\"contentUrl\":\"https:\/\/secure.gravatar.com\/avatar\/3190a6a6c5e1b0327500f7d6c56b6242472ee6cb974cf09b401ee6b3b0798f23?s=96&d=mm&r=g\",\"caption\":\"Raffy Ben\u00edtez\"},\"url\":\"https:\/\/conexion23.com\/?author=15\"}]}<\/script>\n<!-- \/ Yoast SEO plugin. -->","yoast_head_json":{"title":"Estados Unidos condena masacre en Hait\u00ed y llama a la acci\u00f3n internacional - Conexi\u00f3n 23","robots":{"index":"index","follow":"follow","max-snippet":"max-snippet:-1","max-image-preview":"max-image-preview:large","max-video-preview":"max-video-preview:-1"},"canonical":"https:\/\/conexion23.com\/?p=35542","og_locale":"es_ES","og_type":"article","og_title":"Estados Unidos condena masacre en Hait\u00ed y llama a la acci\u00f3n internacional - Conexi\u00f3n 23","og_description":"Estados Unidos conden\u00f3 este martes la brutal matanza de cerca de 200 personas, en su mayor\u00eda ancianos, perpetrada el pasado fin de semana en el barrio de Cit\u00e9 Soleil, en el \u00e1rea metropolitana de Puerto Pr\u00edncipe, Hait\u00ed. El ataque fue atribuido a la banda liderada por Micanor Altes, conocido como \u00abWa Mikano\u00bb o \u00abRey Mikano\u00bb. [&hellip;]","og_url":"https:\/\/conexion23.com\/?p=35542","og_site_name":"Conexi\u00f3n 23","article_publisher":"https:\/\/www.facebook.com\/conexion23com","article_published_time":"2024-12-11T11:35:50+00:00","article_modified_time":"2024-12-11T11:35:52+00:00","og_image":[{"width":608,"height":342,"url":"https:\/\/conexion23.com\/wp-content\/uploads\/2024\/12\/gobierno-haitiano-en-alerta-tras-ataque-de-bandas-armadas-focus-0-0-608-342.webp","type":"image\/webp"}],"author":"Raffy Ben\u00edtez","twitter_card":"summary_large_image","twitter_misc":{"Escrito por":"Raffy Ben\u00edtez","Tiempo de lectura":"2 minutos"},"schema":{"@context":"https:\/\/schema.org","@graph":[{"@type":"Article","@id":"https:\/\/conexion23.com\/?p=35542#article","isPartOf":{"@id":"https:\/\/conexion23.com\/?p=35542"},"author":{"name":"Raffy Ben\u00edtez","@id":"https:\/\/conexion23.com\/#\/schema\/person\/03e36043331117e97a373299bbcd30a6"},"headline":"Estados Unidos condena masacre en Hait\u00ed y llama a la acci\u00f3n internacional","datePublished":"2024-12-11T11:35:50+00:00","dateModified":"2024-12-11T11:35:52+00:00","mainEntityOfPage":{"@id":"https:\/\/conexion23.com\/?p=35542"},"wordCount":351,"commentCount":0,"publisher":{"@id":"https:\/\/conexion23.com\/#organization"},"image":{"@id":"https:\/\/conexion23.com\/?p=35542#primaryimage"},"thumbnailUrl":"https:\/\/conexion23.com\/wp-content\/uploads\/2024\/12\/gobierno-haitiano-en-alerta-tras-ataque-de-bandas-armadas-focus-0-0-608-342.webp","articleSection":["Uncategorized"],"inLanguage":"es","potentialAction":[{"@type":"CommentAction","name":"Comment","target":["https:\/\/conexion23.com\/?p=35542#respond"]}]},{"@type":"WebPage","@id":"https:\/\/conexion23.com\/?p=35542","url":"https:\/\/conexion23.com\/?p=35542","name":"Estados Unidos condena masacre en Hait\u00ed y llama a la acci\u00f3n internacional - Conexi\u00f3n 23","isPartOf":{"@id":"https:\/\/conexion23.com\/#website"},"primaryImageOfPage":{"@id":"https:\/\/conexion23.com\/?p=35542#primaryimage"},"image":{"@id":"https:\/\/conexion23.com\/?p=35542#primaryimage"},"thumbnailUrl":"https:\/\/conexion23.com\/wp-content\/uploads\/2024\/12\/gobierno-haitiano-en-alerta-tras-ataque-de-bandas-armadas-focus-0-0-608-342.webp","datePublished":"2024-12-11T11:35:50+00:00","dateModified":"2024-12-11T11:35:52+00:00","breadcrumb":{"@id":"https:\/\/conexion23.com\/?p=35542#breadcrumb"},"inLanguage":"es","potentialAction":[{"@type":"ReadAction","target":["https:\/\/conexion23.com\/?p=35542"]}]},{"@type":"ImageObject","inLanguage":"es","@id":"https:\/\/conexion23.com\/?p=35542#primaryimage","url":"https:\/\/conexion23.com\/wp-content\/uploads\/2024\/12\/gobierno-haitiano-en-alerta-tras-ataque-de-bandas-armadas-focus-0-0-608-342.webp","contentUrl":"https:\/\/conexion23.com\/wp-content\/uploads\/2024\/12\/gobierno-haitiano-en-alerta-tras-ataque-de-bandas-armadas-focus-0-0-608-342.webp","width":608,"height":342},{"@type":"BreadcrumbList","@id":"https:\/\/conexion23.com\/?p=35542#breadcrumb","itemListElement":[{"@type":"ListItem","position":1,"name":"Portada","item":"https:\/\/conexion23.com\/"},{"@type":"ListItem","position":2,"name":"Estados Unidos condena masacre en Hait\u00ed y llama a la acci\u00f3n internacional"}]},{"@type":"WebSite","@id":"https:\/\/conexion23.com\/#website","url":"https:\/\/conexion23.com\/","name":"Conexi\u00f3n 23","description":"Peri\u00f3dico 100% Petromacorisano","publisher":{"@id":"https:\/\/conexion23.com\/#organization"},"potentialAction":[{"@type":"SearchAction","target":{"@type":"EntryPoint","urlTemplate":"https:\/\/conexion23.com\/?s={search_term_string}"},"query-input":{"@type":"PropertyValueSpecification","valueRequired":true,"valueName":"search_term_string"}}],"inLanguage":"es"},{"@type":"Organization","@id":"https:\/\/conexion23.com\/#organization","name":"Conexion 23","url":"https:\/\/conexion23.com\/","logo":{"@type":"ImageObject","inLanguage":"es","@id":"https:\/\/conexion23.com\/#\/schema\/logo\/image\/","url":"https:\/\/conexion23.com\/wp-content\/uploads\/2021\/11\/Diseno-sin-titulo-2.png","contentUrl":"https:\/\/conexion23.com\/wp-content\/uploads\/2021\/11\/Diseno-sin-titulo-2.png","width":541,"height":90,"caption":"Conexion 23"},"image":{"@id":"https:\/\/conexion23.com\/#\/schema\/logo\/image\/"},"sameAs":["https:\/\/www.facebook.com\/conexion23com","https:\/\/www.instagram.com\/conexion23com\/","https:\/\/www.youtube.com\/channel\/UCYc7vxxFZMYLIHNsHHxPZ3Q"]},{"@type":"Person","@id":"https:\/\/conexion23.com\/#\/schema\/person\/03e36043331117e97a373299bbcd30a6","name":"Raffy Ben\u00edtez","image":{"@type":"ImageObject","inLanguage":"es","@id":"https:\/\/conexion23.com\/#\/schema\/person\/image\/","url":"https:\/\/secure.gravatar.com\/avatar\/3190a6a6c5e1b0327500f7d6c56b6242472ee6cb974cf09b401ee6b3b0798f23?s=96&d=mm&r=g","contentUrl":"https:\/\/secure.gravatar.com\/avatar\/3190a6a6c5e1b0327500f7d6c56b6242472ee6cb974cf09b401ee6b3b0798f23?s=96&d=mm&r=g","caption":"Raffy Ben\u00edtez"},"url":"https:\/\/conexion23.com\/?author=15"}]}},"_links":{"self":[{"href":"https:\/\/conexion23.com\/index.php?rest_route=\/wp\/v2\/posts\/35542","targetHints":{"allow":["GET"]}}],"collection":[{"href":"https:\/\/conexion23.com\/index.php?rest_route=\/wp\/v2\/posts"}],"about":[{"href":"https:\/\/conexion23.com\/index.php?rest_route=\/wp\/v2\/types\/post"}],"author":[{"embeddable":true,"href":"https:\/\/conexion23.com\/index.php?rest_route=\/wp\/v2\/users\/15"}],"replies":[{"embeddable":true,"href":"https:\/\/conexion23.com\/index.php?rest_route=%2Fwp%2Fv2%2Fcomments&post=35542"}],"version-history":[{"count":1,"href":"https:\/\/conexion23.com\/index.php?rest_route=\/wp\/v2\/posts\/35542\/revisions"}],"predecessor-version":[{"id":35545,"href":"https:\/\/conexion23.com\/index.php?rest_route=\/wp\/v2\/posts\/35542\/revisions\/35545"}],"wp:featuredmedia":[{"embeddable":true,"href":"https:\/\/conexion23.com\/index.php?rest_route=\/wp\/v2\/media\/35544"}],"wp:attachment":[{"href":"https:\/\/conexion23.com\/index.php?rest_route=%2Fwp%2Fv2%2Fmedia&parent=35542"}],"wp:term":[{"taxonomy":"category","embeddable":true,"href":"https:\/\/conexion23.com\/index.php?rest_route=%2Fwp%2Fv2%2Fcategories&post=35542"},{"taxonomy":"post_tag","embeddable":true,"href":"https:\/\/conexion23.com\/index.php?rest_route=%2Fwp%2Fv2%2Ftags&post=35542"}],"curies":[{"name":"wp","href":"https:\/\/api.w.org\/{rel}","templated":true}]}}