{"id":35546,"date":"2024-12-11T07:37:47","date_gmt":"2024-12-11T11:37:47","guid":{"rendered":"https:\/\/conexion23.com\/?p=35546"},"modified":"2024-12-11T07:37:50","modified_gmt":"2024-12-11T11:37:50","slug":"en-san-juan-de-la-maguana-miembros-del-ejercito-arrestan-dominicano-con-indocumentados","status":"publish","type":"post","link":"https:\/\/conexion23.com\/?p=35546","title":{"rendered":"En San Juan de la Maguana miembros del Ej\u00e9rcito arrestan dominicano con indocumentados"},"content":{"rendered":"\n<p><strong>Miembros del Ej\u00e9rcito de Rep\u00fablica Dominicana, pertenecientes a la 3ra. Brigada&nbsp; de Infanter\u00eda, arrestaron&nbsp; a medianoche de este martes, a un hombre que a bordo de una jeepeta, transportaba a ocho nacionales haitianos en situaci\u00f3n migratoria irregular.<\/strong><\/p>\n\n\n\n<p>En el municipio Juan de Herrera, los militares ordenaron detenerse al conductor del veh\u00edculo,&nbsp; identificado como Pedro Luis Garc\u00eda De la Rosa, de nacionalidad dominicana, encontrando a los indocumentados en el interior de la jeepeta marca Toyota, modelo Rav4, color vino, placa PP999196, en la cual transitaba.<\/p>\n\n\n\n<p>El detenido ser\u00e1 presentado ante el Ministerio P\u00fablico para su sometimiento a la justicia, mientras que los extranjeros sin documentaci\u00f3n, ser\u00e1n entregados a la Direcci\u00f3n General de Migraci\u00f3n (DGM) para su proceso de repatriaci\u00f3n.<\/p>\n","protected":false},"excerpt":{"rendered":"<p>Miembros del Ej\u00e9rcito de Rep\u00fablica Dominicana, pertenecientes a la 3ra. Brigada&nbsp; de Infanter\u00eda, arrestaron&nbsp; a medianoche de este martes, a un hombre que a bordo de una jeepeta, transportaba a ocho nacionales haitianos en situaci\u00f3n migratoria irregular. En el municipio Juan de Herrera, los militares ordenaron detenerse al conductor del veh\u00edculo,&nbsp; identificado como Pedro Luis [&hellip;]<\/p>\n","protected":false},"author":15,"featured_media":35547,"comment_status":"open","ping_status":"open","sticky":false,"template":"","format":"standard","meta":{"footnotes":""},"categories":[1],"tags":[],"class_list":{"0":"post-35546","1":"post","2":"type-post","3":"status-publish","4":"format-standard","5":"has-post-thumbnail","7":"category-uncategorized"},"yoast_head":"<!-- This site is optimized with the Yoast SEO plugin v27.1.1 - https:\/\/yoast.com\/product\/yoast-seo-wordpress\/ -->\n<title>En San Juan de la Maguana miembros del Ej\u00e9rcito arrestan dominicano con indocumentados - Conexi\u00f3n 23<\/title>\n<meta name=\"robots\" content=\"index, follow, max-snippet:-1, max-image-preview:large, max-video-preview:-1\" \/>\n<link rel=\"canonical\" href=\"https:\/\/conexion23.com\/?p=35546\" \/>\n<meta property=\"og:locale\" content=\"es_ES\" \/>\n<meta property=\"og:type\" content=\"article\" \/>\n<meta property=\"og:title\" content=\"En San Juan de la Maguana miembros del Ej\u00e9rcito arrestan dominicano con indocumentados - Conexi\u00f3n 23\" \/>\n<meta property=\"og:description\" content=\"Miembros del Ej\u00e9rcito de Rep\u00fablica Dominicana, pertenecientes a la 3ra. Brigada&nbsp; de Infanter\u00eda, arrestaron&nbsp; a medianoche de este martes, a un hombre que a bordo de una jeepeta, transportaba a ocho nacionales haitianos en situaci\u00f3n migratoria irregular. En el municipio Juan de Herrera, los militares ordenaron detenerse al conductor del veh\u00edculo,&nbsp; identificado como Pedro Luis [&hellip;]\" \/>\n<meta property=\"og:url\" content=\"https:\/\/conexion23.com\/?p=35546\" \/>\n<meta property=\"og:site_name\" content=\"Conexi\u00f3n 23\" \/>\n<meta property=\"article:publisher\" content=\"https:\/\/www.facebook.com\/conexion23com\" \/>\n<meta property=\"article:published_time\" content=\"2024-12-11T11:37:47+00:00\" \/>\n<meta property=\"article:modified_time\" content=\"2024-12-11T11:37:50+00:00\" \/>\n<meta property=\"og:image\" content=\"https:\/\/conexion23.com\/wp-content\/uploads\/2024\/12\/IMG-20241210-WA0220.jpg.webp\" \/>\n\t<meta property=\"og:image:width\" content=\"1582\" \/>\n\t<meta property=\"og:image:height\" content=\"1052\" \/>\n\t<meta property=\"og:image:type\" content=\"image\/webp\" \/>\n<meta name=\"author\" content=\"Raffy Ben\u00edtez\" \/>\n<meta name=\"twitter:card\" content=\"summary_large_image\" \/>\n<meta name=\"twitter:label1\" content=\"Escrito por\" \/>\n\t<meta name=\"twitter:data1\" content=\"Raffy Ben\u00edtez\" \/>\n\t<meta name=\"twitter:label2\" content=\"Tiempo de lectura\" \/>\n\t<meta name=\"twitter:data2\" content=\"1 minuto\" \/>\n<script type=\"application\/ld+json\" class=\"yoast-schema-graph\">{\"@context\":\"https:\/\/schema.org\",\"@graph\":[{\"@type\":\"Article\",\"@id\":\"https:\/\/conexion23.com\/?p=35546#article\",\"isPartOf\":{\"@id\":\"https:\/\/conexion23.com\/?p=35546\"},\"author\":{\"name\":\"Raffy Ben\u00edtez\",\"@id\":\"https:\/\/conexion23.com\/#\/schema\/person\/03e36043331117e97a373299bbcd30a6\"},\"headline\":\"En San Juan de la Maguana miembros del Ej\u00e9rcito arrestan dominicano con indocumentados\",\"datePublished\":\"2024-12-11T11:37:47+00:00\",\"dateModified\":\"2024-12-11T11:37:50+00:00\",\"mainEntityOfPage\":{\"@id\":\"https:\/\/conexion23.com\/?p=35546\"},\"wordCount\":147,\"commentCount\":0,\"publisher\":{\"@id\":\"https:\/\/conexion23.com\/#organization\"},\"image\":{\"@id\":\"https:\/\/conexion23.com\/?p=35546#primaryimage\"},\"thumbnailUrl\":\"https:\/\/conexion23.com\/wp-content\/uploads\/2024\/12\/IMG-20241210-WA0220.jpg.webp\",\"articleSection\":[\"Uncategorized\"],\"inLanguage\":\"es\",\"potentialAction\":[{\"@type\":\"CommentAction\",\"name\":\"Comment\",\"target\":[\"https:\/\/conexion23.com\/?p=35546#respond\"]}]},{\"@type\":\"WebPage\",\"@id\":\"https:\/\/conexion23.com\/?p=35546\",\"url\":\"https:\/\/conexion23.com\/?p=35546\",\"name\":\"En San Juan de la Maguana miembros del Ej\u00e9rcito arrestan dominicano con indocumentados - Conexi\u00f3n 23\",\"isPartOf\":{\"@id\":\"https:\/\/conexion23.com\/#website\"},\"primaryImageOfPage\":{\"@id\":\"https:\/\/conexion23.com\/?p=35546#primaryimage\"},\"image\":{\"@id\":\"https:\/\/conexion23.com\/?p=35546#primaryimage\"},\"thumbnailUrl\":\"https:\/\/conexion23.com\/wp-content\/uploads\/2024\/12\/IMG-20241210-WA0220.jpg.webp\",\"datePublished\":\"2024-12-11T11:37:47+00:00\",\"dateModified\":\"2024-12-11T11:37:50+00:00\",\"breadcrumb\":{\"@id\":\"https:\/\/conexion23.com\/?p=35546#breadcrumb\"},\"inLanguage\":\"es\",\"potentialAction\":[{\"@type\":\"ReadAction\",\"target\":[\"https:\/\/conexion23.com\/?p=35546\"]}]},{\"@type\":\"ImageObject\",\"inLanguage\":\"es\",\"@id\":\"https:\/\/conexion23.com\/?p=35546#primaryimage\",\"url\":\"https:\/\/conexion23.com\/wp-content\/uploads\/2024\/12\/IMG-20241210-WA0220.jpg.webp\",\"contentUrl\":\"https:\/\/conexion23.com\/wp-content\/uploads\/2024\/12\/IMG-20241210-WA0220.jpg.webp\",\"width\":1582,\"height\":1052},{\"@type\":\"BreadcrumbList\",\"@id\":\"https:\/\/conexion23.com\/?p=35546#breadcrumb\",\"itemListElement\":[{\"@type\":\"ListItem\",\"position\":1,\"name\":\"Portada\",\"item\":\"https:\/\/conexion23.com\/\"},{\"@type\":\"ListItem\",\"position\":2,\"name\":\"En San Juan de la Maguana miembros del Ej\u00e9rcito arrestan dominicano con indocumentados\"}]},{\"@type\":\"WebSite\",\"@id\":\"https:\/\/conexion23.com\/#website\",\"url\":\"https:\/\/conexion23.com\/\",\"name\":\"Conexi\u00f3n 23\",\"description\":\"Peri\u00f3dico 100% Petromacorisano\",\"publisher\":{\"@id\":\"https:\/\/conexion23.com\/#organization\"},\"potentialAction\":[{\"@type\":\"SearchAction\",\"target\":{\"@type\":\"EntryPoint\",\"urlTemplate\":\"https:\/\/conexion23.com\/?s={search_term_string}\"},\"query-input\":{\"@type\":\"PropertyValueSpecification\",\"valueRequired\":true,\"valueName\":\"search_term_string\"}}],\"inLanguage\":\"es\"},{\"@type\":\"Organization\",\"@id\":\"https:\/\/conexion23.com\/#organization\",\"name\":\"Conexion 23\",\"url\":\"https:\/\/conexion23.com\/\",\"logo\":{\"@type\":\"ImageObject\",\"inLanguage\":\"es\",\"@id\":\"https:\/\/conexion23.com\/#\/schema\/logo\/image\/\",\"url\":\"https:\/\/conexion23.com\/wp-content\/uploads\/2021\/11\/Diseno-sin-titulo-2.png\",\"contentUrl\":\"https:\/\/conexion23.com\/wp-content\/uploads\/2021\/11\/Diseno-sin-titulo-2.png\",\"width\":541,\"height\":90,\"caption\":\"Conexion 23\"},\"image\":{\"@id\":\"https:\/\/conexion23.com\/#\/schema\/logo\/image\/\"},\"sameAs\":[\"https:\/\/www.facebook.com\/conexion23com\",\"https:\/\/www.instagram.com\/conexion23com\/\",\"https:\/\/www.youtube.com\/channel\/UCYc7vxxFZMYLIHNsHHxPZ3Q\"]},{\"@type\":\"Person\",\"@id\":\"https:\/\/conexion23.com\/#\/schema\/person\/03e36043331117e97a373299bbcd30a6\",\"name\":\"Raffy Ben\u00edtez\",\"image\":{\"@type\":\"ImageObject\",\"inLanguage\":\"es\",\"@id\":\"https:\/\/conexion23.com\/#\/schema\/person\/image\/\",\"url\":\"https:\/\/secure.gravatar.com\/avatar\/3190a6a6c5e1b0327500f7d6c56b6242472ee6cb974cf09b401ee6b3b0798f23?s=96&d=mm&r=g\",\"contentUrl\":\"https:\/\/secure.gravatar.com\/avatar\/3190a6a6c5e1b0327500f7d6c56b6242472ee6cb974cf09b401ee6b3b0798f23?s=96&d=mm&r=g\",\"caption\":\"Raffy Ben\u00edtez\"},\"url\":\"https:\/\/conexion23.com\/?author=15\"}]}<\/script>\n<!-- \/ Yoast SEO plugin. -->","yoast_head_json":{"title":"En San Juan de la Maguana miembros del Ej\u00e9rcito arrestan dominicano con indocumentados - Conexi\u00f3n 23","robots":{"index":"index","follow":"follow","max-snippet":"max-snippet:-1","max-image-preview":"max-image-preview:large","max-video-preview":"max-video-preview:-1"},"canonical":"https:\/\/conexion23.com\/?p=35546","og_locale":"es_ES","og_type":"article","og_title":"En San Juan de la Maguana miembros del Ej\u00e9rcito arrestan dominicano con indocumentados - Conexi\u00f3n 23","og_description":"Miembros del Ej\u00e9rcito de Rep\u00fablica Dominicana, pertenecientes a la 3ra. Brigada&nbsp; de Infanter\u00eda, arrestaron&nbsp; a medianoche de este martes, a un hombre que a bordo de una jeepeta, transportaba a ocho nacionales haitianos en situaci\u00f3n migratoria irregular. En el municipio Juan de Herrera, los militares ordenaron detenerse al conductor del veh\u00edculo,&nbsp; identificado como Pedro Luis [&hellip;]","og_url":"https:\/\/conexion23.com\/?p=35546","og_site_name":"Conexi\u00f3n 23","article_publisher":"https:\/\/www.facebook.com\/conexion23com","article_published_time":"2024-12-11T11:37:47+00:00","article_modified_time":"2024-12-11T11:37:50+00:00","og_image":[{"width":1582,"height":1052,"url":"https:\/\/conexion23.com\/wp-content\/uploads\/2024\/12\/IMG-20241210-WA0220.jpg.webp","type":"image\/webp"}],"author":"Raffy Ben\u00edtez","twitter_card":"summary_large_image","twitter_misc":{"Escrito por":"Raffy Ben\u00edtez","Tiempo de lectura":"1 minuto"},"schema":{"@context":"https:\/\/schema.org","@graph":[{"@type":"Article","@id":"https:\/\/conexion23.com\/?p=35546#article","isPartOf":{"@id":"https:\/\/conexion23.com\/?p=35546"},"author":{"name":"Raffy Ben\u00edtez","@id":"https:\/\/conexion23.com\/#\/schema\/person\/03e36043331117e97a373299bbcd30a6"},"headline":"En San Juan de la Maguana miembros del Ej\u00e9rcito arrestan dominicano con indocumentados","datePublished":"2024-12-11T11:37:47+00:00","dateModified":"2024-12-11T11:37:50+00:00","mainEntityOfPage":{"@id":"https:\/\/conexion23.com\/?p=35546"},"wordCount":147,"commentCount":0,"publisher":{"@id":"https:\/\/conexion23.com\/#organization"},"image":{"@id":"https:\/\/conexion23.com\/?p=35546#primaryimage"},"thumbnailUrl":"https:\/\/conexion23.com\/wp-content\/uploads\/2024\/12\/IMG-20241210-WA0220.jpg.webp","articleSection":["Uncategorized"],"inLanguage":"es","potentialAction":[{"@type":"CommentAction","name":"Comment","target":["https:\/\/conexion23.com\/?p=35546#respond"]}]},{"@type":"WebPage","@id":"https:\/\/conexion23.com\/?p=35546","url":"https:\/\/conexion23.com\/?p=35546","name":"En San Juan de la Maguana miembros del Ej\u00e9rcito arrestan dominicano con indocumentados - Conexi\u00f3n 23","isPartOf":{"@id":"https:\/\/conexion23.com\/#website"},"primaryImageOfPage":{"@id":"https:\/\/conexion23.com\/?p=35546#primaryimage"},"image":{"@id":"https:\/\/conexion23.com\/?p=35546#primaryimage"},"thumbnailUrl":"https:\/\/conexion23.com\/wp-content\/uploads\/2024\/12\/IMG-20241210-WA0220.jpg.webp","datePublished":"2024-12-11T11:37:47+00:00","dateModified":"2024-12-11T11:37:50+00:00","breadcrumb":{"@id":"https:\/\/conexion23.com\/?p=35546#breadcrumb"},"inLanguage":"es","potentialAction":[{"@type":"ReadAction","target":["https:\/\/conexion23.com\/?p=35546"]}]},{"@type":"ImageObject","inLanguage":"es","@id":"https:\/\/conexion23.com\/?p=35546#primaryimage","url":"https:\/\/conexion23.com\/wp-content\/uploads\/2024\/12\/IMG-20241210-WA0220.jpg.webp","contentUrl":"https:\/\/conexion23.com\/wp-content\/uploads\/2024\/12\/IMG-20241210-WA0220.jpg.webp","width":1582,"height":1052},{"@type":"BreadcrumbList","@id":"https:\/\/conexion23.com\/?p=35546#breadcrumb","itemListElement":[{"@type":"ListItem","position":1,"name":"Portada","item":"https:\/\/conexion23.com\/"},{"@type":"ListItem","position":2,"name":"En San Juan de la Maguana miembros del Ej\u00e9rcito arrestan dominicano con indocumentados"}]},{"@type":"WebSite","@id":"https:\/\/conexion23.com\/#website","url":"https:\/\/conexion23.com\/","name":"Conexi\u00f3n 23","description":"Peri\u00f3dico 100% Petromacorisano","publisher":{"@id":"https:\/\/conexion23.com\/#organization"},"potentialAction":[{"@type":"SearchAction","target":{"@type":"EntryPoint","urlTemplate":"https:\/\/conexion23.com\/?s={search_term_string}"},"query-input":{"@type":"PropertyValueSpecification","valueRequired":true,"valueName":"search_term_string"}}],"inLanguage":"es"},{"@type":"Organization","@id":"https:\/\/conexion23.com\/#organization","name":"Conexion 23","url":"https:\/\/conexion23.com\/","logo":{"@type":"ImageObject","inLanguage":"es","@id":"https:\/\/conexion23.com\/#\/schema\/logo\/image\/","url":"https:\/\/conexion23.com\/wp-content\/uploads\/2021\/11\/Diseno-sin-titulo-2.png","contentUrl":"https:\/\/conexion23.com\/wp-content\/uploads\/2021\/11\/Diseno-sin-titulo-2.png","width":541,"height":90,"caption":"Conexion 23"},"image":{"@id":"https:\/\/conexion23.com\/#\/schema\/logo\/image\/"},"sameAs":["https:\/\/www.facebook.com\/conexion23com","https:\/\/www.instagram.com\/conexion23com\/","https:\/\/www.youtube.com\/channel\/UCYc7vxxFZMYLIHNsHHxPZ3Q"]},{"@type":"Person","@id":"https:\/\/conexion23.com\/#\/schema\/person\/03e36043331117e97a373299bbcd30a6","name":"Raffy Ben\u00edtez","image":{"@type":"ImageObject","inLanguage":"es","@id":"https:\/\/conexion23.com\/#\/schema\/person\/image\/","url":"https:\/\/secure.gravatar.com\/avatar\/3190a6a6c5e1b0327500f7d6c56b6242472ee6cb974cf09b401ee6b3b0798f23?s=96&d=mm&r=g","contentUrl":"https:\/\/secure.gravatar.com\/avatar\/3190a6a6c5e1b0327500f7d6c56b6242472ee6cb974cf09b401ee6b3b0798f23?s=96&d=mm&r=g","caption":"Raffy Ben\u00edtez"},"url":"https:\/\/conexion23.com\/?author=15"}]}},"_links":{"self":[{"href":"https:\/\/conexion23.com\/index.php?rest_route=\/wp\/v2\/posts\/35546","targetHints":{"allow":["GET"]}}],"collection":[{"href":"https:\/\/conexion23.com\/index.php?rest_route=\/wp\/v2\/posts"}],"about":[{"href":"https:\/\/conexion23.com\/index.php?rest_route=\/wp\/v2\/types\/post"}],"author":[{"embeddable":true,"href":"https:\/\/conexion23.com\/index.php?rest_route=\/wp\/v2\/users\/15"}],"replies":[{"embeddable":true,"href":"https:\/\/conexion23.com\/index.php?rest_route=%2Fwp%2Fv2%2Fcomments&post=35546"}],"version-history":[{"count":1,"href":"https:\/\/conexion23.com\/index.php?rest_route=\/wp\/v2\/posts\/35546\/revisions"}],"predecessor-version":[{"id":35548,"href":"https:\/\/conexion23.com\/index.php?rest_route=\/wp\/v2\/posts\/35546\/revisions\/35548"}],"wp:featuredmedia":[{"embeddable":true,"href":"https:\/\/conexion23.com\/index.php?rest_route=\/wp\/v2\/media\/35547"}],"wp:attachment":[{"href":"https:\/\/conexion23.com\/index.php?rest_route=%2Fwp%2Fv2%2Fmedia&parent=35546"}],"wp:term":[{"taxonomy":"category","embeddable":true,"href":"https:\/\/conexion23.com\/index.php?rest_route=%2Fwp%2Fv2%2Fcategories&post=35546"},{"taxonomy":"post_tag","embeddable":true,"href":"https:\/\/conexion23.com\/index.php?rest_route=%2Fwp%2Fv2%2Ftags&post=35546"}],"curies":[{"name":"wp","href":"https:\/\/api.w.org\/{rel}","templated":true}]}}