{"id":35552,"date":"2024-12-11T07:49:26","date_gmt":"2024-12-11T11:49:26","guid":{"rendered":"https:\/\/conexion23.com\/?p=35552"},"modified":"2024-12-11T07:49:28","modified_gmt":"2024-12-11T11:49:28","slug":"hombre-mata-a-vecino-durante-disputa-por-un-pedazo-de-carne-en-san-francisco-de-macoris","status":"publish","type":"post","link":"https:\/\/conexion23.com\/?p=35552","title":{"rendered":"Hombre mata a vecino durante disputa por un pedazo de carne en San Francisco de Macor\u00eds."},"content":{"rendered":"\n<p>Un hombre el cual fue identificado como Luis Jos\u00e9 Contreras fue se\u00f1alado como el responsable de la muerte de su vecino, Mart\u00edn Paulino Hern\u00e1ndez, tras una disputa por un pedazo de carne en la comunidad La Joya de este municipio.<\/p>\n\n\n\n<p>El altercado ocurri\u00f3 cuando Hern\u00e1ndez ingres\u00f3 a la vivienda de Contreras, donde se comercializa carne, para adquirir un producto. Seg\u00fan testigos, el conflicto inici\u00f3 despu\u00e9s de que la v\u00edctima tomara un pedazo de carne, desatando una discusi\u00f3n que culmin\u00f3 con una estocada mortal.<\/p>\n\n\n\n<p>Contreras afirm\u00f3 que no ten\u00eda intenci\u00f3n de quitarle la vida a su vecino y que solo buscaba intimidarlo con un arma blanca. \u201cQuer\u00eda asustarlo porque estaba dentro de mi casa sin mi consentimiento\u201d, declar\u00f3.<\/p>\n\n\n\n<p>La Oficina Judicial de Servicios de Atenci\u00f3n Permanente de la provincia Duarte impuso a Contreras una medida de coerci\u00f3n que incluye el pago de una garant\u00eda econ\u00f3mica de un mill\u00f3n de pesos, impedimento de salida del pa\u00eds y presentaci\u00f3n peri\u00f3dica.<\/p>\n\n\n\n<p>Esta decisi\u00f3n ha generado indignaci\u00f3n entre los familiares de la v\u00edctima, quienes exigen justicia. \u201cNo es justo que despu\u00e9s de quitarle la vida lo dejen salir con una simple garant\u00eda econ\u00f3mica. Pedimos que se haga justicia de verdad\u201d, expresaron en declaraciones a los medios locales.<\/p>\n\n\n\n<p>El tr\u00e1gico suceso ha conmocionado a los residentes de La Joya, quienes piden una revisi\u00f3n del caso por parte de las autoridades judiciales. Mientras tanto, la comunidad permanece consternada por el desenlace fatal de una discusi\u00f3n aparentemente trivial.<\/p>\n","protected":false},"excerpt":{"rendered":"<p>Un hombre el cual fue identificado como Luis Jos\u00e9 Contreras fue se\u00f1alado como el responsable de la muerte de su vecino, Mart\u00edn Paulino Hern\u00e1ndez, tras una disputa por un pedazo de carne en la comunidad La Joya de este municipio. El altercado ocurri\u00f3 cuando Hern\u00e1ndez ingres\u00f3 a la vivienda de Contreras, donde se comercializa carne, [&hellip;]<\/p>\n","protected":false},"author":15,"featured_media":35553,"comment_status":"open","ping_status":"open","sticky":false,"template":"","format":"standard","meta":{"footnotes":""},"categories":[1],"tags":[],"class_list":{"0":"post-35552","1":"post","2":"type-post","3":"status-publish","4":"format-standard","5":"has-post-thumbnail","7":"category-uncategorized"},"yoast_head":"<!-- This site is optimized with the Yoast SEO plugin v27.1.1 - https:\/\/yoast.com\/product\/yoast-seo-wordpress\/ -->\n<title>Hombre mata a vecino durante disputa por un pedazo de carne en San Francisco de Macor\u00eds. - Conexi\u00f3n 23<\/title>\n<meta name=\"robots\" content=\"index, follow, max-snippet:-1, max-image-preview:large, max-video-preview:-1\" \/>\n<link rel=\"canonical\" href=\"https:\/\/conexion23.com\/?p=35552\" \/>\n<meta property=\"og:locale\" content=\"es_ES\" \/>\n<meta property=\"og:type\" content=\"article\" \/>\n<meta property=\"og:title\" content=\"Hombre mata a vecino durante disputa por un pedazo de carne en San Francisco de Macor\u00eds. - Conexi\u00f3n 23\" \/>\n<meta property=\"og:description\" content=\"Un hombre el cual fue identificado como Luis Jos\u00e9 Contreras fue se\u00f1alado como el responsable de la muerte de su vecino, Mart\u00edn Paulino Hern\u00e1ndez, tras una disputa por un pedazo de carne en la comunidad La Joya de este municipio. El altercado ocurri\u00f3 cuando Hern\u00e1ndez ingres\u00f3 a la vivienda de Contreras, donde se comercializa carne, [&hellip;]\" \/>\n<meta property=\"og:url\" content=\"https:\/\/conexion23.com\/?p=35552\" \/>\n<meta property=\"og:site_name\" content=\"Conexi\u00f3n 23\" \/>\n<meta property=\"article:publisher\" content=\"https:\/\/www.facebook.com\/conexion23com\" \/>\n<meta property=\"article:published_time\" content=\"2024-12-11T11:49:26+00:00\" \/>\n<meta property=\"article:modified_time\" content=\"2024-12-11T11:49:28+00:00\" \/>\n<meta property=\"og:image\" content=\"https:\/\/conexion23.com\/wp-content\/uploads\/2024\/12\/download-10.jpg\" \/>\n\t<meta property=\"og:image:width\" content=\"245\" \/>\n\t<meta property=\"og:image:height\" content=\"206\" \/>\n\t<meta property=\"og:image:type\" content=\"image\/jpeg\" \/>\n<meta name=\"author\" content=\"Raffy Ben\u00edtez\" \/>\n<meta name=\"twitter:card\" content=\"summary_large_image\" \/>\n<meta name=\"twitter:label1\" content=\"Escrito por\" \/>\n\t<meta name=\"twitter:data1\" content=\"Raffy Ben\u00edtez\" \/>\n\t<meta name=\"twitter:label2\" content=\"Tiempo de lectura\" \/>\n\t<meta name=\"twitter:data2\" content=\"2 minutos\" \/>\n<script type=\"application\/ld+json\" class=\"yoast-schema-graph\">{\"@context\":\"https:\/\/schema.org\",\"@graph\":[{\"@type\":\"Article\",\"@id\":\"https:\/\/conexion23.com\/?p=35552#article\",\"isPartOf\":{\"@id\":\"https:\/\/conexion23.com\/?p=35552\"},\"author\":{\"name\":\"Raffy Ben\u00edtez\",\"@id\":\"https:\/\/conexion23.com\/#\/schema\/person\/03e36043331117e97a373299bbcd30a6\"},\"headline\":\"Hombre mata a vecino durante disputa por un pedazo de carne en San Francisco de Macor\u00eds.\",\"datePublished\":\"2024-12-11T11:49:26+00:00\",\"dateModified\":\"2024-12-11T11:49:28+00:00\",\"mainEntityOfPage\":{\"@id\":\"https:\/\/conexion23.com\/?p=35552\"},\"wordCount\":285,\"commentCount\":0,\"publisher\":{\"@id\":\"https:\/\/conexion23.com\/#organization\"},\"image\":{\"@id\":\"https:\/\/conexion23.com\/?p=35552#primaryimage\"},\"thumbnailUrl\":\"https:\/\/conexion23.com\/wp-content\/uploads\/2024\/12\/download-10.jpg\",\"articleSection\":[\"Uncategorized\"],\"inLanguage\":\"es\",\"potentialAction\":[{\"@type\":\"CommentAction\",\"name\":\"Comment\",\"target\":[\"https:\/\/conexion23.com\/?p=35552#respond\"]}]},{\"@type\":\"WebPage\",\"@id\":\"https:\/\/conexion23.com\/?p=35552\",\"url\":\"https:\/\/conexion23.com\/?p=35552\",\"name\":\"Hombre mata a vecino durante disputa por un pedazo de carne en San Francisco de Macor\u00eds. - Conexi\u00f3n 23\",\"isPartOf\":{\"@id\":\"https:\/\/conexion23.com\/#website\"},\"primaryImageOfPage\":{\"@id\":\"https:\/\/conexion23.com\/?p=35552#primaryimage\"},\"image\":{\"@id\":\"https:\/\/conexion23.com\/?p=35552#primaryimage\"},\"thumbnailUrl\":\"https:\/\/conexion23.com\/wp-content\/uploads\/2024\/12\/download-10.jpg\",\"datePublished\":\"2024-12-11T11:49:26+00:00\",\"dateModified\":\"2024-12-11T11:49:28+00:00\",\"breadcrumb\":{\"@id\":\"https:\/\/conexion23.com\/?p=35552#breadcrumb\"},\"inLanguage\":\"es\",\"potentialAction\":[{\"@type\":\"ReadAction\",\"target\":[\"https:\/\/conexion23.com\/?p=35552\"]}]},{\"@type\":\"ImageObject\",\"inLanguage\":\"es\",\"@id\":\"https:\/\/conexion23.com\/?p=35552#primaryimage\",\"url\":\"https:\/\/conexion23.com\/wp-content\/uploads\/2024\/12\/download-10.jpg\",\"contentUrl\":\"https:\/\/conexion23.com\/wp-content\/uploads\/2024\/12\/download-10.jpg\",\"width\":245,\"height\":206},{\"@type\":\"BreadcrumbList\",\"@id\":\"https:\/\/conexion23.com\/?p=35552#breadcrumb\",\"itemListElement\":[{\"@type\":\"ListItem\",\"position\":1,\"name\":\"Portada\",\"item\":\"https:\/\/conexion23.com\/\"},{\"@type\":\"ListItem\",\"position\":2,\"name\":\"Hombre mata a vecino durante disputa por un pedazo de carne en San Francisco de Macor\u00eds.\"}]},{\"@type\":\"WebSite\",\"@id\":\"https:\/\/conexion23.com\/#website\",\"url\":\"https:\/\/conexion23.com\/\",\"name\":\"Conexi\u00f3n 23\",\"description\":\"Peri\u00f3dico 100% Petromacorisano\",\"publisher\":{\"@id\":\"https:\/\/conexion23.com\/#organization\"},\"potentialAction\":[{\"@type\":\"SearchAction\",\"target\":{\"@type\":\"EntryPoint\",\"urlTemplate\":\"https:\/\/conexion23.com\/?s={search_term_string}\"},\"query-input\":{\"@type\":\"PropertyValueSpecification\",\"valueRequired\":true,\"valueName\":\"search_term_string\"}}],\"inLanguage\":\"es\"},{\"@type\":\"Organization\",\"@id\":\"https:\/\/conexion23.com\/#organization\",\"name\":\"Conexion 23\",\"url\":\"https:\/\/conexion23.com\/\",\"logo\":{\"@type\":\"ImageObject\",\"inLanguage\":\"es\",\"@id\":\"https:\/\/conexion23.com\/#\/schema\/logo\/image\/\",\"url\":\"https:\/\/conexion23.com\/wp-content\/uploads\/2021\/11\/Diseno-sin-titulo-2.png\",\"contentUrl\":\"https:\/\/conexion23.com\/wp-content\/uploads\/2021\/11\/Diseno-sin-titulo-2.png\",\"width\":541,\"height\":90,\"caption\":\"Conexion 23\"},\"image\":{\"@id\":\"https:\/\/conexion23.com\/#\/schema\/logo\/image\/\"},\"sameAs\":[\"https:\/\/www.facebook.com\/conexion23com\",\"https:\/\/www.instagram.com\/conexion23com\/\",\"https:\/\/www.youtube.com\/channel\/UCYc7vxxFZMYLIHNsHHxPZ3Q\"]},{\"@type\":\"Person\",\"@id\":\"https:\/\/conexion23.com\/#\/schema\/person\/03e36043331117e97a373299bbcd30a6\",\"name\":\"Raffy Ben\u00edtez\",\"image\":{\"@type\":\"ImageObject\",\"inLanguage\":\"es\",\"@id\":\"https:\/\/conexion23.com\/#\/schema\/person\/image\/\",\"url\":\"https:\/\/secure.gravatar.com\/avatar\/3190a6a6c5e1b0327500f7d6c56b6242472ee6cb974cf09b401ee6b3b0798f23?s=96&d=mm&r=g\",\"contentUrl\":\"https:\/\/secure.gravatar.com\/avatar\/3190a6a6c5e1b0327500f7d6c56b6242472ee6cb974cf09b401ee6b3b0798f23?s=96&d=mm&r=g\",\"caption\":\"Raffy Ben\u00edtez\"},\"url\":\"https:\/\/conexion23.com\/?author=15\"}]}<\/script>\n<!-- \/ Yoast SEO plugin. -->","yoast_head_json":{"title":"Hombre mata a vecino durante disputa por un pedazo de carne en San Francisco de Macor\u00eds. - Conexi\u00f3n 23","robots":{"index":"index","follow":"follow","max-snippet":"max-snippet:-1","max-image-preview":"max-image-preview:large","max-video-preview":"max-video-preview:-1"},"canonical":"https:\/\/conexion23.com\/?p=35552","og_locale":"es_ES","og_type":"article","og_title":"Hombre mata a vecino durante disputa por un pedazo de carne en San Francisco de Macor\u00eds. - Conexi\u00f3n 23","og_description":"Un hombre el cual fue identificado como Luis Jos\u00e9 Contreras fue se\u00f1alado como el responsable de la muerte de su vecino, Mart\u00edn Paulino Hern\u00e1ndez, tras una disputa por un pedazo de carne en la comunidad La Joya de este municipio. El altercado ocurri\u00f3 cuando Hern\u00e1ndez ingres\u00f3 a la vivienda de Contreras, donde se comercializa carne, [&hellip;]","og_url":"https:\/\/conexion23.com\/?p=35552","og_site_name":"Conexi\u00f3n 23","article_publisher":"https:\/\/www.facebook.com\/conexion23com","article_published_time":"2024-12-11T11:49:26+00:00","article_modified_time":"2024-12-11T11:49:28+00:00","og_image":[{"width":245,"height":206,"url":"https:\/\/conexion23.com\/wp-content\/uploads\/2024\/12\/download-10.jpg","type":"image\/jpeg"}],"author":"Raffy Ben\u00edtez","twitter_card":"summary_large_image","twitter_misc":{"Escrito por":"Raffy Ben\u00edtez","Tiempo de lectura":"2 minutos"},"schema":{"@context":"https:\/\/schema.org","@graph":[{"@type":"Article","@id":"https:\/\/conexion23.com\/?p=35552#article","isPartOf":{"@id":"https:\/\/conexion23.com\/?p=35552"},"author":{"name":"Raffy Ben\u00edtez","@id":"https:\/\/conexion23.com\/#\/schema\/person\/03e36043331117e97a373299bbcd30a6"},"headline":"Hombre mata a vecino durante disputa por un pedazo de carne en San Francisco de Macor\u00eds.","datePublished":"2024-12-11T11:49:26+00:00","dateModified":"2024-12-11T11:49:28+00:00","mainEntityOfPage":{"@id":"https:\/\/conexion23.com\/?p=35552"},"wordCount":285,"commentCount":0,"publisher":{"@id":"https:\/\/conexion23.com\/#organization"},"image":{"@id":"https:\/\/conexion23.com\/?p=35552#primaryimage"},"thumbnailUrl":"https:\/\/conexion23.com\/wp-content\/uploads\/2024\/12\/download-10.jpg","articleSection":["Uncategorized"],"inLanguage":"es","potentialAction":[{"@type":"CommentAction","name":"Comment","target":["https:\/\/conexion23.com\/?p=35552#respond"]}]},{"@type":"WebPage","@id":"https:\/\/conexion23.com\/?p=35552","url":"https:\/\/conexion23.com\/?p=35552","name":"Hombre mata a vecino durante disputa por un pedazo de carne en San Francisco de Macor\u00eds. - Conexi\u00f3n 23","isPartOf":{"@id":"https:\/\/conexion23.com\/#website"},"primaryImageOfPage":{"@id":"https:\/\/conexion23.com\/?p=35552#primaryimage"},"image":{"@id":"https:\/\/conexion23.com\/?p=35552#primaryimage"},"thumbnailUrl":"https:\/\/conexion23.com\/wp-content\/uploads\/2024\/12\/download-10.jpg","datePublished":"2024-12-11T11:49:26+00:00","dateModified":"2024-12-11T11:49:28+00:00","breadcrumb":{"@id":"https:\/\/conexion23.com\/?p=35552#breadcrumb"},"inLanguage":"es","potentialAction":[{"@type":"ReadAction","target":["https:\/\/conexion23.com\/?p=35552"]}]},{"@type":"ImageObject","inLanguage":"es","@id":"https:\/\/conexion23.com\/?p=35552#primaryimage","url":"https:\/\/conexion23.com\/wp-content\/uploads\/2024\/12\/download-10.jpg","contentUrl":"https:\/\/conexion23.com\/wp-content\/uploads\/2024\/12\/download-10.jpg","width":245,"height":206},{"@type":"BreadcrumbList","@id":"https:\/\/conexion23.com\/?p=35552#breadcrumb","itemListElement":[{"@type":"ListItem","position":1,"name":"Portada","item":"https:\/\/conexion23.com\/"},{"@type":"ListItem","position":2,"name":"Hombre mata a vecino durante disputa por un pedazo de carne en San Francisco de Macor\u00eds."}]},{"@type":"WebSite","@id":"https:\/\/conexion23.com\/#website","url":"https:\/\/conexion23.com\/","name":"Conexi\u00f3n 23","description":"Peri\u00f3dico 100% Petromacorisano","publisher":{"@id":"https:\/\/conexion23.com\/#organization"},"potentialAction":[{"@type":"SearchAction","target":{"@type":"EntryPoint","urlTemplate":"https:\/\/conexion23.com\/?s={search_term_string}"},"query-input":{"@type":"PropertyValueSpecification","valueRequired":true,"valueName":"search_term_string"}}],"inLanguage":"es"},{"@type":"Organization","@id":"https:\/\/conexion23.com\/#organization","name":"Conexion 23","url":"https:\/\/conexion23.com\/","logo":{"@type":"ImageObject","inLanguage":"es","@id":"https:\/\/conexion23.com\/#\/schema\/logo\/image\/","url":"https:\/\/conexion23.com\/wp-content\/uploads\/2021\/11\/Diseno-sin-titulo-2.png","contentUrl":"https:\/\/conexion23.com\/wp-content\/uploads\/2021\/11\/Diseno-sin-titulo-2.png","width":541,"height":90,"caption":"Conexion 23"},"image":{"@id":"https:\/\/conexion23.com\/#\/schema\/logo\/image\/"},"sameAs":["https:\/\/www.facebook.com\/conexion23com","https:\/\/www.instagram.com\/conexion23com\/","https:\/\/www.youtube.com\/channel\/UCYc7vxxFZMYLIHNsHHxPZ3Q"]},{"@type":"Person","@id":"https:\/\/conexion23.com\/#\/schema\/person\/03e36043331117e97a373299bbcd30a6","name":"Raffy Ben\u00edtez","image":{"@type":"ImageObject","inLanguage":"es","@id":"https:\/\/conexion23.com\/#\/schema\/person\/image\/","url":"https:\/\/secure.gravatar.com\/avatar\/3190a6a6c5e1b0327500f7d6c56b6242472ee6cb974cf09b401ee6b3b0798f23?s=96&d=mm&r=g","contentUrl":"https:\/\/secure.gravatar.com\/avatar\/3190a6a6c5e1b0327500f7d6c56b6242472ee6cb974cf09b401ee6b3b0798f23?s=96&d=mm&r=g","caption":"Raffy Ben\u00edtez"},"url":"https:\/\/conexion23.com\/?author=15"}]}},"_links":{"self":[{"href":"https:\/\/conexion23.com\/index.php?rest_route=\/wp\/v2\/posts\/35552","targetHints":{"allow":["GET"]}}],"collection":[{"href":"https:\/\/conexion23.com\/index.php?rest_route=\/wp\/v2\/posts"}],"about":[{"href":"https:\/\/conexion23.com\/index.php?rest_route=\/wp\/v2\/types\/post"}],"author":[{"embeddable":true,"href":"https:\/\/conexion23.com\/index.php?rest_route=\/wp\/v2\/users\/15"}],"replies":[{"embeddable":true,"href":"https:\/\/conexion23.com\/index.php?rest_route=%2Fwp%2Fv2%2Fcomments&post=35552"}],"version-history":[{"count":1,"href":"https:\/\/conexion23.com\/index.php?rest_route=\/wp\/v2\/posts\/35552\/revisions"}],"predecessor-version":[{"id":35554,"href":"https:\/\/conexion23.com\/index.php?rest_route=\/wp\/v2\/posts\/35552\/revisions\/35554"}],"wp:featuredmedia":[{"embeddable":true,"href":"https:\/\/conexion23.com\/index.php?rest_route=\/wp\/v2\/media\/35553"}],"wp:attachment":[{"href":"https:\/\/conexion23.com\/index.php?rest_route=%2Fwp%2Fv2%2Fmedia&parent=35552"}],"wp:term":[{"taxonomy":"category","embeddable":true,"href":"https:\/\/conexion23.com\/index.php?rest_route=%2Fwp%2Fv2%2Fcategories&post=35552"},{"taxonomy":"post_tag","embeddable":true,"href":"https:\/\/conexion23.com\/index.php?rest_route=%2Fwp%2Fv2%2Ftags&post=35552"}],"curies":[{"name":"wp","href":"https:\/\/api.w.org\/{rel}","templated":true}]}}