{"id":35555,"date":"2024-12-11T07:59:29","date_gmt":"2024-12-11T11:59:29","guid":{"rendered":"https:\/\/conexion23.com\/?p=35555"},"modified":"2024-12-11T07:59:31","modified_gmt":"2024-12-11T11:59:31","slug":"traeran-este-miercoles-a-spm-cadaver-de-rico-carty","status":"publish","type":"post","link":"https:\/\/conexion23.com\/?p=35555","title":{"rendered":"Traer\u00e1n este mi\u00e9rcoles a SPM cad\u00e1ver de Rico Carty."},"content":{"rendered":"\n<p>El cad\u00e1ver del legendario ex pelotero Ricardo Carty, fallecido en d\u00edas pasados en Atlanta, ser\u00e1 tra\u00eddo este mi\u00e9rcoles a esta ciudad.<\/p>\n\n\n\n<p>Se inform\u00f3 que luego de su llegada a las 2:30 de la tarde, ser\u00e1 expuesto desde las 5:00 de la tarde hasta las 8:00 de la noche, en el Estadio T\u00e9telo Vargas.<\/p>\n\n\n\n<p>En ese lugar se le rendir\u00e1n los honores correspondientes por su labor realizada en el b\u00e9isbol de Rep\u00fablica Dominicana.<\/p>\n\n\n\n<p>Luego sus restos ser\u00e1n llevados a un cuarto fr\u00edo.<\/p>\n\n\n\n<p>El jueves, a las 9 de la ma\u00f1ana, ser\u00e1 llevado al&nbsp; Museo del Pelotero de la calle Sanchez, donde se le oficiar\u00e1 una misa de cuerpo presente, a cargo del obispo Santiago Rodriguez Rodriguez.<\/p>\n\n\n\n<p>A las 11 de la ma\u00f1ana del jueves, el cortejo f\u00fanebre partir\u00e1 hacia el nuevo cementerio Jardines de San Pedro y ser\u00e1 el primer cad\u00e1ver sepultado en ese camposanto privado, el primero que opera en esta ciudad, convirti\u00e9ndose de esa manera en el Varon del Cementerio.<\/p>\n\n\n\n<p>Carty, reconocido como una de las figuras m\u00e1s emblem\u00e1ticas del b\u00e9isbol dominicano, falleci\u00f3 en noviembre pasado en la ciudad de Atlanta, Estados Unidos.<\/p>\n\n\n\n<p>Su partida ha dejado un profundo pesar en el deporte tanto local como nacional.<\/p>\n","protected":false},"excerpt":{"rendered":"<p>El cad\u00e1ver del legendario ex pelotero Ricardo Carty, fallecido en d\u00edas pasados en Atlanta, ser\u00e1 tra\u00eddo este mi\u00e9rcoles a esta ciudad. Se inform\u00f3 que luego de su llegada a las 2:30 de la tarde, ser\u00e1 expuesto desde las 5:00 de la tarde hasta las 8:00 de la noche, en el Estadio T\u00e9telo Vargas. En ese [&hellip;]<\/p>\n","protected":false},"author":15,"featured_media":35556,"comment_status":"open","ping_status":"open","sticky":false,"template":"","format":"standard","meta":{"footnotes":""},"categories":[35],"tags":[],"class_list":{"0":"post-35555","1":"post","2":"type-post","3":"status-publish","4":"format-standard","5":"has-post-thumbnail","7":"category-spm"},"yoast_head":"<!-- This site is optimized with the Yoast SEO plugin v27.1.1 - https:\/\/yoast.com\/product\/yoast-seo-wordpress\/ -->\n<title>Traer\u00e1n este mi\u00e9rcoles a SPM cad\u00e1ver de Rico Carty. - Conexi\u00f3n 23<\/title>\n<meta name=\"robots\" content=\"index, follow, max-snippet:-1, max-image-preview:large, max-video-preview:-1\" \/>\n<link rel=\"canonical\" href=\"https:\/\/conexion23.com\/?p=35555\" \/>\n<meta property=\"og:locale\" content=\"es_ES\" \/>\n<meta property=\"og:type\" content=\"article\" \/>\n<meta property=\"og:title\" content=\"Traer\u00e1n este mi\u00e9rcoles a SPM cad\u00e1ver de Rico Carty. - Conexi\u00f3n 23\" \/>\n<meta property=\"og:description\" content=\"El cad\u00e1ver del legendario ex pelotero Ricardo Carty, fallecido en d\u00edas pasados en Atlanta, ser\u00e1 tra\u00eddo este mi\u00e9rcoles a esta ciudad. Se inform\u00f3 que luego de su llegada a las 2:30 de la tarde, ser\u00e1 expuesto desde las 5:00 de la tarde hasta las 8:00 de la noche, en el Estadio T\u00e9telo Vargas. En ese [&hellip;]\" \/>\n<meta property=\"og:url\" content=\"https:\/\/conexion23.com\/?p=35555\" \/>\n<meta property=\"og:site_name\" content=\"Conexi\u00f3n 23\" \/>\n<meta property=\"article:publisher\" content=\"https:\/\/www.facebook.com\/conexion23com\" \/>\n<meta property=\"article:published_time\" content=\"2024-12-11T11:59:29+00:00\" \/>\n<meta property=\"article:modified_time\" content=\"2024-12-11T11:59:31+00:00\" \/>\n<meta property=\"og:image\" content=\"https:\/\/conexion23.com\/wp-content\/uploads\/2024\/12\/download-11.jpg\" \/>\n\t<meta property=\"og:image:width\" content=\"253\" \/>\n\t<meta property=\"og:image:height\" content=\"199\" \/>\n\t<meta property=\"og:image:type\" content=\"image\/jpeg\" \/>\n<meta name=\"author\" content=\"Raffy Ben\u00edtez\" \/>\n<meta name=\"twitter:card\" content=\"summary_large_image\" \/>\n<meta name=\"twitter:label1\" content=\"Escrito por\" \/>\n\t<meta name=\"twitter:data1\" content=\"Raffy Ben\u00edtez\" \/>\n\t<meta name=\"twitter:label2\" content=\"Tiempo de lectura\" \/>\n\t<meta name=\"twitter:data2\" content=\"2 minutos\" \/>\n<script type=\"application\/ld+json\" class=\"yoast-schema-graph\">{\"@context\":\"https:\/\/schema.org\",\"@graph\":[{\"@type\":\"Article\",\"@id\":\"https:\/\/conexion23.com\/?p=35555#article\",\"isPartOf\":{\"@id\":\"https:\/\/conexion23.com\/?p=35555\"},\"author\":{\"name\":\"Raffy Ben\u00edtez\",\"@id\":\"https:\/\/conexion23.com\/#\/schema\/person\/03e36043331117e97a373299bbcd30a6\"},\"headline\":\"Traer\u00e1n este mi\u00e9rcoles a SPM cad\u00e1ver de Rico Carty.\",\"datePublished\":\"2024-12-11T11:59:29+00:00\",\"dateModified\":\"2024-12-11T11:59:31+00:00\",\"mainEntityOfPage\":{\"@id\":\"https:\/\/conexion23.com\/?p=35555\"},\"wordCount\":224,\"commentCount\":0,\"publisher\":{\"@id\":\"https:\/\/conexion23.com\/#organization\"},\"image\":{\"@id\":\"https:\/\/conexion23.com\/?p=35555#primaryimage\"},\"thumbnailUrl\":\"https:\/\/conexion23.com\/wp-content\/uploads\/2024\/12\/download-11.jpg\",\"articleSection\":[\"SPM\"],\"inLanguage\":\"es\",\"potentialAction\":[{\"@type\":\"CommentAction\",\"name\":\"Comment\",\"target\":[\"https:\/\/conexion23.com\/?p=35555#respond\"]}]},{\"@type\":\"WebPage\",\"@id\":\"https:\/\/conexion23.com\/?p=35555\",\"url\":\"https:\/\/conexion23.com\/?p=35555\",\"name\":\"Traer\u00e1n este mi\u00e9rcoles a SPM cad\u00e1ver de Rico Carty. - Conexi\u00f3n 23\",\"isPartOf\":{\"@id\":\"https:\/\/conexion23.com\/#website\"},\"primaryImageOfPage\":{\"@id\":\"https:\/\/conexion23.com\/?p=35555#primaryimage\"},\"image\":{\"@id\":\"https:\/\/conexion23.com\/?p=35555#primaryimage\"},\"thumbnailUrl\":\"https:\/\/conexion23.com\/wp-content\/uploads\/2024\/12\/download-11.jpg\",\"datePublished\":\"2024-12-11T11:59:29+00:00\",\"dateModified\":\"2024-12-11T11:59:31+00:00\",\"breadcrumb\":{\"@id\":\"https:\/\/conexion23.com\/?p=35555#breadcrumb\"},\"inLanguage\":\"es\",\"potentialAction\":[{\"@type\":\"ReadAction\",\"target\":[\"https:\/\/conexion23.com\/?p=35555\"]}]},{\"@type\":\"ImageObject\",\"inLanguage\":\"es\",\"@id\":\"https:\/\/conexion23.com\/?p=35555#primaryimage\",\"url\":\"https:\/\/conexion23.com\/wp-content\/uploads\/2024\/12\/download-11.jpg\",\"contentUrl\":\"https:\/\/conexion23.com\/wp-content\/uploads\/2024\/12\/download-11.jpg\",\"width\":253,\"height\":199},{\"@type\":\"BreadcrumbList\",\"@id\":\"https:\/\/conexion23.com\/?p=35555#breadcrumb\",\"itemListElement\":[{\"@type\":\"ListItem\",\"position\":1,\"name\":\"Portada\",\"item\":\"https:\/\/conexion23.com\/\"},{\"@type\":\"ListItem\",\"position\":2,\"name\":\"Traer\u00e1n este mi\u00e9rcoles a SPM cad\u00e1ver de Rico Carty.\"}]},{\"@type\":\"WebSite\",\"@id\":\"https:\/\/conexion23.com\/#website\",\"url\":\"https:\/\/conexion23.com\/\",\"name\":\"Conexi\u00f3n 23\",\"description\":\"Peri\u00f3dico 100% Petromacorisano\",\"publisher\":{\"@id\":\"https:\/\/conexion23.com\/#organization\"},\"potentialAction\":[{\"@type\":\"SearchAction\",\"target\":{\"@type\":\"EntryPoint\",\"urlTemplate\":\"https:\/\/conexion23.com\/?s={search_term_string}\"},\"query-input\":{\"@type\":\"PropertyValueSpecification\",\"valueRequired\":true,\"valueName\":\"search_term_string\"}}],\"inLanguage\":\"es\"},{\"@type\":\"Organization\",\"@id\":\"https:\/\/conexion23.com\/#organization\",\"name\":\"Conexion 23\",\"url\":\"https:\/\/conexion23.com\/\",\"logo\":{\"@type\":\"ImageObject\",\"inLanguage\":\"es\",\"@id\":\"https:\/\/conexion23.com\/#\/schema\/logo\/image\/\",\"url\":\"https:\/\/conexion23.com\/wp-content\/uploads\/2021\/11\/Diseno-sin-titulo-2.png\",\"contentUrl\":\"https:\/\/conexion23.com\/wp-content\/uploads\/2021\/11\/Diseno-sin-titulo-2.png\",\"width\":541,\"height\":90,\"caption\":\"Conexion 23\"},\"image\":{\"@id\":\"https:\/\/conexion23.com\/#\/schema\/logo\/image\/\"},\"sameAs\":[\"https:\/\/www.facebook.com\/conexion23com\",\"https:\/\/www.instagram.com\/conexion23com\/\",\"https:\/\/www.youtube.com\/channel\/UCYc7vxxFZMYLIHNsHHxPZ3Q\"]},{\"@type\":\"Person\",\"@id\":\"https:\/\/conexion23.com\/#\/schema\/person\/03e36043331117e97a373299bbcd30a6\",\"name\":\"Raffy Ben\u00edtez\",\"image\":{\"@type\":\"ImageObject\",\"inLanguage\":\"es\",\"@id\":\"https:\/\/conexion23.com\/#\/schema\/person\/image\/\",\"url\":\"https:\/\/secure.gravatar.com\/avatar\/3190a6a6c5e1b0327500f7d6c56b6242472ee6cb974cf09b401ee6b3b0798f23?s=96&d=mm&r=g\",\"contentUrl\":\"https:\/\/secure.gravatar.com\/avatar\/3190a6a6c5e1b0327500f7d6c56b6242472ee6cb974cf09b401ee6b3b0798f23?s=96&d=mm&r=g\",\"caption\":\"Raffy Ben\u00edtez\"},\"url\":\"https:\/\/conexion23.com\/?author=15\"}]}<\/script>\n<!-- \/ Yoast SEO plugin. -->","yoast_head_json":{"title":"Traer\u00e1n este mi\u00e9rcoles a SPM cad\u00e1ver de Rico Carty. - Conexi\u00f3n 23","robots":{"index":"index","follow":"follow","max-snippet":"max-snippet:-1","max-image-preview":"max-image-preview:large","max-video-preview":"max-video-preview:-1"},"canonical":"https:\/\/conexion23.com\/?p=35555","og_locale":"es_ES","og_type":"article","og_title":"Traer\u00e1n este mi\u00e9rcoles a SPM cad\u00e1ver de Rico Carty. - Conexi\u00f3n 23","og_description":"El cad\u00e1ver del legendario ex pelotero Ricardo Carty, fallecido en d\u00edas pasados en Atlanta, ser\u00e1 tra\u00eddo este mi\u00e9rcoles a esta ciudad. Se inform\u00f3 que luego de su llegada a las 2:30 de la tarde, ser\u00e1 expuesto desde las 5:00 de la tarde hasta las 8:00 de la noche, en el Estadio T\u00e9telo Vargas. En ese [&hellip;]","og_url":"https:\/\/conexion23.com\/?p=35555","og_site_name":"Conexi\u00f3n 23","article_publisher":"https:\/\/www.facebook.com\/conexion23com","article_published_time":"2024-12-11T11:59:29+00:00","article_modified_time":"2024-12-11T11:59:31+00:00","og_image":[{"width":253,"height":199,"url":"https:\/\/conexion23.com\/wp-content\/uploads\/2024\/12\/download-11.jpg","type":"image\/jpeg"}],"author":"Raffy Ben\u00edtez","twitter_card":"summary_large_image","twitter_misc":{"Escrito por":"Raffy Ben\u00edtez","Tiempo de lectura":"2 minutos"},"schema":{"@context":"https:\/\/schema.org","@graph":[{"@type":"Article","@id":"https:\/\/conexion23.com\/?p=35555#article","isPartOf":{"@id":"https:\/\/conexion23.com\/?p=35555"},"author":{"name":"Raffy Ben\u00edtez","@id":"https:\/\/conexion23.com\/#\/schema\/person\/03e36043331117e97a373299bbcd30a6"},"headline":"Traer\u00e1n este mi\u00e9rcoles a SPM cad\u00e1ver de Rico Carty.","datePublished":"2024-12-11T11:59:29+00:00","dateModified":"2024-12-11T11:59:31+00:00","mainEntityOfPage":{"@id":"https:\/\/conexion23.com\/?p=35555"},"wordCount":224,"commentCount":0,"publisher":{"@id":"https:\/\/conexion23.com\/#organization"},"image":{"@id":"https:\/\/conexion23.com\/?p=35555#primaryimage"},"thumbnailUrl":"https:\/\/conexion23.com\/wp-content\/uploads\/2024\/12\/download-11.jpg","articleSection":["SPM"],"inLanguage":"es","potentialAction":[{"@type":"CommentAction","name":"Comment","target":["https:\/\/conexion23.com\/?p=35555#respond"]}]},{"@type":"WebPage","@id":"https:\/\/conexion23.com\/?p=35555","url":"https:\/\/conexion23.com\/?p=35555","name":"Traer\u00e1n este mi\u00e9rcoles a SPM cad\u00e1ver de Rico Carty. - Conexi\u00f3n 23","isPartOf":{"@id":"https:\/\/conexion23.com\/#website"},"primaryImageOfPage":{"@id":"https:\/\/conexion23.com\/?p=35555#primaryimage"},"image":{"@id":"https:\/\/conexion23.com\/?p=35555#primaryimage"},"thumbnailUrl":"https:\/\/conexion23.com\/wp-content\/uploads\/2024\/12\/download-11.jpg","datePublished":"2024-12-11T11:59:29+00:00","dateModified":"2024-12-11T11:59:31+00:00","breadcrumb":{"@id":"https:\/\/conexion23.com\/?p=35555#breadcrumb"},"inLanguage":"es","potentialAction":[{"@type":"ReadAction","target":["https:\/\/conexion23.com\/?p=35555"]}]},{"@type":"ImageObject","inLanguage":"es","@id":"https:\/\/conexion23.com\/?p=35555#primaryimage","url":"https:\/\/conexion23.com\/wp-content\/uploads\/2024\/12\/download-11.jpg","contentUrl":"https:\/\/conexion23.com\/wp-content\/uploads\/2024\/12\/download-11.jpg","width":253,"height":199},{"@type":"BreadcrumbList","@id":"https:\/\/conexion23.com\/?p=35555#breadcrumb","itemListElement":[{"@type":"ListItem","position":1,"name":"Portada","item":"https:\/\/conexion23.com\/"},{"@type":"ListItem","position":2,"name":"Traer\u00e1n este mi\u00e9rcoles a SPM cad\u00e1ver de Rico Carty."}]},{"@type":"WebSite","@id":"https:\/\/conexion23.com\/#website","url":"https:\/\/conexion23.com\/","name":"Conexi\u00f3n 23","description":"Peri\u00f3dico 100% Petromacorisano","publisher":{"@id":"https:\/\/conexion23.com\/#organization"},"potentialAction":[{"@type":"SearchAction","target":{"@type":"EntryPoint","urlTemplate":"https:\/\/conexion23.com\/?s={search_term_string}"},"query-input":{"@type":"PropertyValueSpecification","valueRequired":true,"valueName":"search_term_string"}}],"inLanguage":"es"},{"@type":"Organization","@id":"https:\/\/conexion23.com\/#organization","name":"Conexion 23","url":"https:\/\/conexion23.com\/","logo":{"@type":"ImageObject","inLanguage":"es","@id":"https:\/\/conexion23.com\/#\/schema\/logo\/image\/","url":"https:\/\/conexion23.com\/wp-content\/uploads\/2021\/11\/Diseno-sin-titulo-2.png","contentUrl":"https:\/\/conexion23.com\/wp-content\/uploads\/2021\/11\/Diseno-sin-titulo-2.png","width":541,"height":90,"caption":"Conexion 23"},"image":{"@id":"https:\/\/conexion23.com\/#\/schema\/logo\/image\/"},"sameAs":["https:\/\/www.facebook.com\/conexion23com","https:\/\/www.instagram.com\/conexion23com\/","https:\/\/www.youtube.com\/channel\/UCYc7vxxFZMYLIHNsHHxPZ3Q"]},{"@type":"Person","@id":"https:\/\/conexion23.com\/#\/schema\/person\/03e36043331117e97a373299bbcd30a6","name":"Raffy Ben\u00edtez","image":{"@type":"ImageObject","inLanguage":"es","@id":"https:\/\/conexion23.com\/#\/schema\/person\/image\/","url":"https:\/\/secure.gravatar.com\/avatar\/3190a6a6c5e1b0327500f7d6c56b6242472ee6cb974cf09b401ee6b3b0798f23?s=96&d=mm&r=g","contentUrl":"https:\/\/secure.gravatar.com\/avatar\/3190a6a6c5e1b0327500f7d6c56b6242472ee6cb974cf09b401ee6b3b0798f23?s=96&d=mm&r=g","caption":"Raffy Ben\u00edtez"},"url":"https:\/\/conexion23.com\/?author=15"}]}},"_links":{"self":[{"href":"https:\/\/conexion23.com\/index.php?rest_route=\/wp\/v2\/posts\/35555","targetHints":{"allow":["GET"]}}],"collection":[{"href":"https:\/\/conexion23.com\/index.php?rest_route=\/wp\/v2\/posts"}],"about":[{"href":"https:\/\/conexion23.com\/index.php?rest_route=\/wp\/v2\/types\/post"}],"author":[{"embeddable":true,"href":"https:\/\/conexion23.com\/index.php?rest_route=\/wp\/v2\/users\/15"}],"replies":[{"embeddable":true,"href":"https:\/\/conexion23.com\/index.php?rest_route=%2Fwp%2Fv2%2Fcomments&post=35555"}],"version-history":[{"count":1,"href":"https:\/\/conexion23.com\/index.php?rest_route=\/wp\/v2\/posts\/35555\/revisions"}],"predecessor-version":[{"id":35557,"href":"https:\/\/conexion23.com\/index.php?rest_route=\/wp\/v2\/posts\/35555\/revisions\/35557"}],"wp:featuredmedia":[{"embeddable":true,"href":"https:\/\/conexion23.com\/index.php?rest_route=\/wp\/v2\/media\/35556"}],"wp:attachment":[{"href":"https:\/\/conexion23.com\/index.php?rest_route=%2Fwp%2Fv2%2Fmedia&parent=35555"}],"wp:term":[{"taxonomy":"category","embeddable":true,"href":"https:\/\/conexion23.com\/index.php?rest_route=%2Fwp%2Fv2%2Fcategories&post=35555"},{"taxonomy":"post_tag","embeddable":true,"href":"https:\/\/conexion23.com\/index.php?rest_route=%2Fwp%2Fv2%2Ftags&post=35555"}],"curies":[{"name":"wp","href":"https:\/\/api.w.org\/{rel}","templated":true}]}}