{"id":35573,"date":"2024-12-12T07:05:24","date_gmt":"2024-12-12T11:05:24","guid":{"rendered":"https:\/\/conexion23.com\/?p=35573"},"modified":"2024-12-12T07:05:26","modified_gmt":"2024-12-12T11:05:26","slug":"un-fallecido-y-mas-de-30-heridos-en-accidente-en-autopista-las-americas","status":"publish","type":"post","link":"https:\/\/conexion23.com\/?p=35573","title":{"rendered":"Un fallecido y m\u00e1s de 30 heridos en accidente en autopista Las Am\u00e9ricas."},"content":{"rendered":"\n<p>Al menos un fallecido y m\u00e1s de 30 heridos, en un accidente de tr\u00e1nsito ocurrido este martes en la autopista Las Am\u00e9ricas.<\/p>\n\n\n\n<p>En el accidente se vieron involucrados varios veh\u00edculos de pasajeros y de carga. Seg\u00fan reportan, el hecho sucedi\u00f3 este mi\u00e9rcoles cuando un autob\u00fas de Caribe Tours impact\u00f3 un carro, que luego fue impactado por un cami\u00f3n de carga, provocando la muerte de la conductora.<\/p>\n\n\n\n<p><\/p>\n","protected":false},"excerpt":{"rendered":"<p>Al menos un fallecido y m\u00e1s de 30 heridos, en un accidente de tr\u00e1nsito ocurrido este martes en la autopista Las Am\u00e9ricas. En el accidente se vieron involucrados varios veh\u00edculos de pasajeros y de carga. Seg\u00fan reportan, el hecho sucedi\u00f3 este mi\u00e9rcoles cuando un autob\u00fas de Caribe Tours impact\u00f3 un carro, que luego fue impactado [&hellip;]<\/p>\n","protected":false},"author":15,"featured_media":35574,"comment_status":"open","ping_status":"open","sticky":false,"template":"","format":"standard","meta":{"footnotes":""},"categories":[1],"tags":[],"class_list":{"0":"post-35573","1":"post","2":"type-post","3":"status-publish","4":"format-standard","5":"has-post-thumbnail","7":"category-uncategorized"},"yoast_head":"<!-- This site is optimized with the Yoast SEO plugin v27.1.1 - https:\/\/yoast.com\/product\/yoast-seo-wordpress\/ -->\n<title>Un fallecido y m\u00e1s de 30 heridos en accidente en autopista Las Am\u00e9ricas. - Conexi\u00f3n 23<\/title>\n<meta name=\"robots\" content=\"index, follow, max-snippet:-1, max-image-preview:large, max-video-preview:-1\" \/>\n<link rel=\"canonical\" href=\"https:\/\/conexion23.com\/?p=35573\" \/>\n<meta property=\"og:locale\" content=\"es_ES\" \/>\n<meta property=\"og:type\" content=\"article\" \/>\n<meta property=\"og:title\" content=\"Un fallecido y m\u00e1s de 30 heridos en accidente en autopista Las Am\u00e9ricas. - Conexi\u00f3n 23\" \/>\n<meta property=\"og:description\" content=\"Al menos un fallecido y m\u00e1s de 30 heridos, en un accidente de tr\u00e1nsito ocurrido este martes en la autopista Las Am\u00e9ricas. En el accidente se vieron involucrados varios veh\u00edculos de pasajeros y de carga. Seg\u00fan reportan, el hecho sucedi\u00f3 este mi\u00e9rcoles cuando un autob\u00fas de Caribe Tours impact\u00f3 un carro, que luego fue impactado [&hellip;]\" \/>\n<meta property=\"og:url\" content=\"https:\/\/conexion23.com\/?p=35573\" \/>\n<meta property=\"og:site_name\" content=\"Conexi\u00f3n 23\" \/>\n<meta property=\"article:publisher\" content=\"https:\/\/www.facebook.com\/conexion23com\" \/>\n<meta property=\"article:published_time\" content=\"2024-12-12T11:05:24+00:00\" \/>\n<meta property=\"article:modified_time\" content=\"2024-12-12T11:05:26+00:00\" \/>\n<meta property=\"og:image\" content=\"https:\/\/conexion23.com\/wp-content\/uploads\/2024\/12\/download-13.jpg\" \/>\n\t<meta property=\"og:image:width\" content=\"300\" \/>\n\t<meta property=\"og:image:height\" content=\"168\" \/>\n\t<meta property=\"og:image:type\" content=\"image\/jpeg\" \/>\n<meta name=\"author\" content=\"Raffy Ben\u00edtez\" \/>\n<meta name=\"twitter:card\" content=\"summary_large_image\" \/>\n<meta name=\"twitter:label1\" content=\"Escrito por\" \/>\n\t<meta name=\"twitter:data1\" content=\"Raffy Ben\u00edtez\" \/>\n\t<meta name=\"twitter:label2\" content=\"Tiempo de lectura\" \/>\n\t<meta name=\"twitter:data2\" content=\"1 minuto\" \/>\n<script type=\"application\/ld+json\" class=\"yoast-schema-graph\">{\"@context\":\"https:\/\/schema.org\",\"@graph\":[{\"@type\":\"Article\",\"@id\":\"https:\/\/conexion23.com\/?p=35573#article\",\"isPartOf\":{\"@id\":\"https:\/\/conexion23.com\/?p=35573\"},\"author\":{\"name\":\"Raffy Ben\u00edtez\",\"@id\":\"https:\/\/conexion23.com\/#\/schema\/person\/03e36043331117e97a373299bbcd30a6\"},\"headline\":\"Un fallecido y m\u00e1s de 30 heridos en accidente en autopista Las Am\u00e9ricas.\",\"datePublished\":\"2024-12-12T11:05:24+00:00\",\"dateModified\":\"2024-12-12T11:05:26+00:00\",\"mainEntityOfPage\":{\"@id\":\"https:\/\/conexion23.com\/?p=35573\"},\"wordCount\":87,\"commentCount\":0,\"publisher\":{\"@id\":\"https:\/\/conexion23.com\/#organization\"},\"image\":{\"@id\":\"https:\/\/conexion23.com\/?p=35573#primaryimage\"},\"thumbnailUrl\":\"https:\/\/conexion23.com\/wp-content\/uploads\/2024\/12\/download-13.jpg\",\"articleSection\":[\"Uncategorized\"],\"inLanguage\":\"es\",\"potentialAction\":[{\"@type\":\"CommentAction\",\"name\":\"Comment\",\"target\":[\"https:\/\/conexion23.com\/?p=35573#respond\"]}]},{\"@type\":\"WebPage\",\"@id\":\"https:\/\/conexion23.com\/?p=35573\",\"url\":\"https:\/\/conexion23.com\/?p=35573\",\"name\":\"Un fallecido y m\u00e1s de 30 heridos en accidente en autopista Las Am\u00e9ricas. - Conexi\u00f3n 23\",\"isPartOf\":{\"@id\":\"https:\/\/conexion23.com\/#website\"},\"primaryImageOfPage\":{\"@id\":\"https:\/\/conexion23.com\/?p=35573#primaryimage\"},\"image\":{\"@id\":\"https:\/\/conexion23.com\/?p=35573#primaryimage\"},\"thumbnailUrl\":\"https:\/\/conexion23.com\/wp-content\/uploads\/2024\/12\/download-13.jpg\",\"datePublished\":\"2024-12-12T11:05:24+00:00\",\"dateModified\":\"2024-12-12T11:05:26+00:00\",\"breadcrumb\":{\"@id\":\"https:\/\/conexion23.com\/?p=35573#breadcrumb\"},\"inLanguage\":\"es\",\"potentialAction\":[{\"@type\":\"ReadAction\",\"target\":[\"https:\/\/conexion23.com\/?p=35573\"]}]},{\"@type\":\"ImageObject\",\"inLanguage\":\"es\",\"@id\":\"https:\/\/conexion23.com\/?p=35573#primaryimage\",\"url\":\"https:\/\/conexion23.com\/wp-content\/uploads\/2024\/12\/download-13.jpg\",\"contentUrl\":\"https:\/\/conexion23.com\/wp-content\/uploads\/2024\/12\/download-13.jpg\",\"width\":300,\"height\":168},{\"@type\":\"BreadcrumbList\",\"@id\":\"https:\/\/conexion23.com\/?p=35573#breadcrumb\",\"itemListElement\":[{\"@type\":\"ListItem\",\"position\":1,\"name\":\"Portada\",\"item\":\"https:\/\/conexion23.com\/\"},{\"@type\":\"ListItem\",\"position\":2,\"name\":\"Un fallecido y m\u00e1s de 30 heridos en accidente en autopista Las Am\u00e9ricas.\"}]},{\"@type\":\"WebSite\",\"@id\":\"https:\/\/conexion23.com\/#website\",\"url\":\"https:\/\/conexion23.com\/\",\"name\":\"Conexi\u00f3n 23\",\"description\":\"Peri\u00f3dico 100% Petromacorisano\",\"publisher\":{\"@id\":\"https:\/\/conexion23.com\/#organization\"},\"potentialAction\":[{\"@type\":\"SearchAction\",\"target\":{\"@type\":\"EntryPoint\",\"urlTemplate\":\"https:\/\/conexion23.com\/?s={search_term_string}\"},\"query-input\":{\"@type\":\"PropertyValueSpecification\",\"valueRequired\":true,\"valueName\":\"search_term_string\"}}],\"inLanguage\":\"es\"},{\"@type\":\"Organization\",\"@id\":\"https:\/\/conexion23.com\/#organization\",\"name\":\"Conexion 23\",\"url\":\"https:\/\/conexion23.com\/\",\"logo\":{\"@type\":\"ImageObject\",\"inLanguage\":\"es\",\"@id\":\"https:\/\/conexion23.com\/#\/schema\/logo\/image\/\",\"url\":\"https:\/\/conexion23.com\/wp-content\/uploads\/2021\/11\/Diseno-sin-titulo-2.png\",\"contentUrl\":\"https:\/\/conexion23.com\/wp-content\/uploads\/2021\/11\/Diseno-sin-titulo-2.png\",\"width\":541,\"height\":90,\"caption\":\"Conexion 23\"},\"image\":{\"@id\":\"https:\/\/conexion23.com\/#\/schema\/logo\/image\/\"},\"sameAs\":[\"https:\/\/www.facebook.com\/conexion23com\",\"https:\/\/www.instagram.com\/conexion23com\/\",\"https:\/\/www.youtube.com\/channel\/UCYc7vxxFZMYLIHNsHHxPZ3Q\"]},{\"@type\":\"Person\",\"@id\":\"https:\/\/conexion23.com\/#\/schema\/person\/03e36043331117e97a373299bbcd30a6\",\"name\":\"Raffy Ben\u00edtez\",\"image\":{\"@type\":\"ImageObject\",\"inLanguage\":\"es\",\"@id\":\"https:\/\/conexion23.com\/#\/schema\/person\/image\/\",\"url\":\"https:\/\/secure.gravatar.com\/avatar\/3190a6a6c5e1b0327500f7d6c56b6242472ee6cb974cf09b401ee6b3b0798f23?s=96&d=mm&r=g\",\"contentUrl\":\"https:\/\/secure.gravatar.com\/avatar\/3190a6a6c5e1b0327500f7d6c56b6242472ee6cb974cf09b401ee6b3b0798f23?s=96&d=mm&r=g\",\"caption\":\"Raffy Ben\u00edtez\"},\"url\":\"https:\/\/conexion23.com\/?author=15\"}]}<\/script>\n<!-- \/ Yoast SEO plugin. -->","yoast_head_json":{"title":"Un fallecido y m\u00e1s de 30 heridos en accidente en autopista Las Am\u00e9ricas. - Conexi\u00f3n 23","robots":{"index":"index","follow":"follow","max-snippet":"max-snippet:-1","max-image-preview":"max-image-preview:large","max-video-preview":"max-video-preview:-1"},"canonical":"https:\/\/conexion23.com\/?p=35573","og_locale":"es_ES","og_type":"article","og_title":"Un fallecido y m\u00e1s de 30 heridos en accidente en autopista Las Am\u00e9ricas. - Conexi\u00f3n 23","og_description":"Al menos un fallecido y m\u00e1s de 30 heridos, en un accidente de tr\u00e1nsito ocurrido este martes en la autopista Las Am\u00e9ricas. En el accidente se vieron involucrados varios veh\u00edculos de pasajeros y de carga. Seg\u00fan reportan, el hecho sucedi\u00f3 este mi\u00e9rcoles cuando un autob\u00fas de Caribe Tours impact\u00f3 un carro, que luego fue impactado [&hellip;]","og_url":"https:\/\/conexion23.com\/?p=35573","og_site_name":"Conexi\u00f3n 23","article_publisher":"https:\/\/www.facebook.com\/conexion23com","article_published_time":"2024-12-12T11:05:24+00:00","article_modified_time":"2024-12-12T11:05:26+00:00","og_image":[{"width":300,"height":168,"url":"https:\/\/conexion23.com\/wp-content\/uploads\/2024\/12\/download-13.jpg","type":"image\/jpeg"}],"author":"Raffy Ben\u00edtez","twitter_card":"summary_large_image","twitter_misc":{"Escrito por":"Raffy Ben\u00edtez","Tiempo de lectura":"1 minuto"},"schema":{"@context":"https:\/\/schema.org","@graph":[{"@type":"Article","@id":"https:\/\/conexion23.com\/?p=35573#article","isPartOf":{"@id":"https:\/\/conexion23.com\/?p=35573"},"author":{"name":"Raffy Ben\u00edtez","@id":"https:\/\/conexion23.com\/#\/schema\/person\/03e36043331117e97a373299bbcd30a6"},"headline":"Un fallecido y m\u00e1s de 30 heridos en accidente en autopista Las Am\u00e9ricas.","datePublished":"2024-12-12T11:05:24+00:00","dateModified":"2024-12-12T11:05:26+00:00","mainEntityOfPage":{"@id":"https:\/\/conexion23.com\/?p=35573"},"wordCount":87,"commentCount":0,"publisher":{"@id":"https:\/\/conexion23.com\/#organization"},"image":{"@id":"https:\/\/conexion23.com\/?p=35573#primaryimage"},"thumbnailUrl":"https:\/\/conexion23.com\/wp-content\/uploads\/2024\/12\/download-13.jpg","articleSection":["Uncategorized"],"inLanguage":"es","potentialAction":[{"@type":"CommentAction","name":"Comment","target":["https:\/\/conexion23.com\/?p=35573#respond"]}]},{"@type":"WebPage","@id":"https:\/\/conexion23.com\/?p=35573","url":"https:\/\/conexion23.com\/?p=35573","name":"Un fallecido y m\u00e1s de 30 heridos en accidente en autopista Las Am\u00e9ricas. - Conexi\u00f3n 23","isPartOf":{"@id":"https:\/\/conexion23.com\/#website"},"primaryImageOfPage":{"@id":"https:\/\/conexion23.com\/?p=35573#primaryimage"},"image":{"@id":"https:\/\/conexion23.com\/?p=35573#primaryimage"},"thumbnailUrl":"https:\/\/conexion23.com\/wp-content\/uploads\/2024\/12\/download-13.jpg","datePublished":"2024-12-12T11:05:24+00:00","dateModified":"2024-12-12T11:05:26+00:00","breadcrumb":{"@id":"https:\/\/conexion23.com\/?p=35573#breadcrumb"},"inLanguage":"es","potentialAction":[{"@type":"ReadAction","target":["https:\/\/conexion23.com\/?p=35573"]}]},{"@type":"ImageObject","inLanguage":"es","@id":"https:\/\/conexion23.com\/?p=35573#primaryimage","url":"https:\/\/conexion23.com\/wp-content\/uploads\/2024\/12\/download-13.jpg","contentUrl":"https:\/\/conexion23.com\/wp-content\/uploads\/2024\/12\/download-13.jpg","width":300,"height":168},{"@type":"BreadcrumbList","@id":"https:\/\/conexion23.com\/?p=35573#breadcrumb","itemListElement":[{"@type":"ListItem","position":1,"name":"Portada","item":"https:\/\/conexion23.com\/"},{"@type":"ListItem","position":2,"name":"Un fallecido y m\u00e1s de 30 heridos en accidente en autopista Las Am\u00e9ricas."}]},{"@type":"WebSite","@id":"https:\/\/conexion23.com\/#website","url":"https:\/\/conexion23.com\/","name":"Conexi\u00f3n 23","description":"Peri\u00f3dico 100% Petromacorisano","publisher":{"@id":"https:\/\/conexion23.com\/#organization"},"potentialAction":[{"@type":"SearchAction","target":{"@type":"EntryPoint","urlTemplate":"https:\/\/conexion23.com\/?s={search_term_string}"},"query-input":{"@type":"PropertyValueSpecification","valueRequired":true,"valueName":"search_term_string"}}],"inLanguage":"es"},{"@type":"Organization","@id":"https:\/\/conexion23.com\/#organization","name":"Conexion 23","url":"https:\/\/conexion23.com\/","logo":{"@type":"ImageObject","inLanguage":"es","@id":"https:\/\/conexion23.com\/#\/schema\/logo\/image\/","url":"https:\/\/conexion23.com\/wp-content\/uploads\/2021\/11\/Diseno-sin-titulo-2.png","contentUrl":"https:\/\/conexion23.com\/wp-content\/uploads\/2021\/11\/Diseno-sin-titulo-2.png","width":541,"height":90,"caption":"Conexion 23"},"image":{"@id":"https:\/\/conexion23.com\/#\/schema\/logo\/image\/"},"sameAs":["https:\/\/www.facebook.com\/conexion23com","https:\/\/www.instagram.com\/conexion23com\/","https:\/\/www.youtube.com\/channel\/UCYc7vxxFZMYLIHNsHHxPZ3Q"]},{"@type":"Person","@id":"https:\/\/conexion23.com\/#\/schema\/person\/03e36043331117e97a373299bbcd30a6","name":"Raffy Ben\u00edtez","image":{"@type":"ImageObject","inLanguage":"es","@id":"https:\/\/conexion23.com\/#\/schema\/person\/image\/","url":"https:\/\/secure.gravatar.com\/avatar\/3190a6a6c5e1b0327500f7d6c56b6242472ee6cb974cf09b401ee6b3b0798f23?s=96&d=mm&r=g","contentUrl":"https:\/\/secure.gravatar.com\/avatar\/3190a6a6c5e1b0327500f7d6c56b6242472ee6cb974cf09b401ee6b3b0798f23?s=96&d=mm&r=g","caption":"Raffy Ben\u00edtez"},"url":"https:\/\/conexion23.com\/?author=15"}]}},"_links":{"self":[{"href":"https:\/\/conexion23.com\/index.php?rest_route=\/wp\/v2\/posts\/35573","targetHints":{"allow":["GET"]}}],"collection":[{"href":"https:\/\/conexion23.com\/index.php?rest_route=\/wp\/v2\/posts"}],"about":[{"href":"https:\/\/conexion23.com\/index.php?rest_route=\/wp\/v2\/types\/post"}],"author":[{"embeddable":true,"href":"https:\/\/conexion23.com\/index.php?rest_route=\/wp\/v2\/users\/15"}],"replies":[{"embeddable":true,"href":"https:\/\/conexion23.com\/index.php?rest_route=%2Fwp%2Fv2%2Fcomments&post=35573"}],"version-history":[{"count":1,"href":"https:\/\/conexion23.com\/index.php?rest_route=\/wp\/v2\/posts\/35573\/revisions"}],"predecessor-version":[{"id":35575,"href":"https:\/\/conexion23.com\/index.php?rest_route=\/wp\/v2\/posts\/35573\/revisions\/35575"}],"wp:featuredmedia":[{"embeddable":true,"href":"https:\/\/conexion23.com\/index.php?rest_route=\/wp\/v2\/media\/35574"}],"wp:attachment":[{"href":"https:\/\/conexion23.com\/index.php?rest_route=%2Fwp%2Fv2%2Fmedia&parent=35573"}],"wp:term":[{"taxonomy":"category","embeddable":true,"href":"https:\/\/conexion23.com\/index.php?rest_route=%2Fwp%2Fv2%2Fcategories&post=35573"},{"taxonomy":"post_tag","embeddable":true,"href":"https:\/\/conexion23.com\/index.php?rest_route=%2Fwp%2Fv2%2Ftags&post=35573"}],"curies":[{"name":"wp","href":"https:\/\/api.w.org\/{rel}","templated":true}]}}