{"id":35585,"date":"2024-12-12T07:20:50","date_gmt":"2024-12-12T11:20:50","guid":{"rendered":"https:\/\/conexion23.com\/?p=35585"},"modified":"2024-12-12T07:20:52","modified_gmt":"2024-12-12T11:20:52","slug":"migracion-niega-sus-violaciones-a-los-derechos-humanos-de-haitianos-pese-a-las-evidencias","status":"publish","type":"post","link":"https:\/\/conexion23.com\/?p=35585","title":{"rendered":"Migraci\u00f3n niega sus violaciones a los derechos humanos de haitianos pese a las evidencias"},"content":{"rendered":"\n<p>Pese \u00a0a las m\u00faltiples denuncias sobre violaciones de los derechos humanos de los haitianos, dominicohaitianos y dominicanos de piel negra, las autoridades se refirieron en una declaraci\u00f3n escrita al supuesto respeto de la dignidad de los apresados.<\/p>\n\n\n\n<p>Los efectivos al servicio de Migraci\u00f3n irrespetan el derecho constitucional de penetrar a viviendas y otras propiedades privadas s\u00f3lo en el horario de 6:00 de la ma\u00f1ana a esa misma hora en las tardes.<\/p>\n\n\n\n<p>La Iglesia Cat\u00f3lica en El Seibo denunci\u00f3 que las violaciones de los derechos de haitianos incluyen el robo de bienes como celulares y dinero en efectivo.<\/p>\n\n\n\n<p>En otros pueblos, incluso, han sido denunciadas violaciones de menores, como el caso de Ver\u00f3n Punta Cana, lo mismo que golpeos y hasta asesinatos.<\/p>\n\n\n\n<blockquote class=\"wp-block-quote is-layout-flow wp-block-quote-is-layout-flow\">\n<h6 class=\"wp-block-heading\"><strong>\u201cACABA DE OCURRIR. UNA NUEVA VIOLACI\u00d3N A LA DIGNIDAD DE LAS PERSONAS EN EL SEIBO, ESTA MADRUGADA. La \u2018camiona de Migraci\u00f3n\u2019 se lleva a ni\u00f1os, mujeres embarazadas y entra en las casas de las familias, con violentos maltratos a las personas. Un atropello que no se debe consentir y desde aqu\u00ed denunciamos\u201d, public\u00f3 el 15 de marzo de 2024 el p\u00e1rroco de El Seibo, Miguel \u00c1ngel Grull\u00f3n P\u00e9rez<\/strong><\/h6>\n<\/blockquote>\n\n\n\n<p>Claudette Jean-Baptiste fue encerrada en la c\u00e1rcel de Haina y luego deportada el d\u00eda 10 de septiembre de 2023 pese a tener su pasaporte debidamente visado.<\/p>\n\n\n\n<p>Asimismo tras su detenci\u00f3n el mi\u00e9rcoles 3 de julio de 2024, Saint Mira Millien, una migrante haitiana de 23 a\u00f1os originaria de Saut-d\u2019Eau (departamento de la Meseta Central), falleci\u00f3 el jueves 4 de julio de 2024 en un cami\u00f3n de la Direcci\u00f3n General de Migraci\u00f3n de la Rep\u00fablica Dominicana (DGM), justo cuando las autoridades de la Rep\u00fablica Dominicana intentaban deportarla desde Haina hasta la frontera de El Carrizal de Comendador, provincia El\u00edas Pi\u00f1a, con la comuna Bellad\u00e8re del lado haitiano de la frontera.<\/p>\n\n\n\n<p><\/p>\n","protected":false},"excerpt":{"rendered":"<p>Pese \u00a0a las m\u00faltiples denuncias sobre violaciones de los derechos humanos de los haitianos, dominicohaitianos y dominicanos de piel negra, las autoridades se refirieron en una declaraci\u00f3n escrita al supuesto respeto de la dignidad de los apresados. Los efectivos al servicio de Migraci\u00f3n irrespetan el derecho constitucional de penetrar a viviendas y otras propiedades privadas [&hellip;]<\/p>\n","protected":false},"author":15,"featured_media":35586,"comment_status":"open","ping_status":"open","sticky":false,"template":"","format":"standard","meta":{"footnotes":""},"categories":[1],"tags":[],"class_list":{"0":"post-35585","1":"post","2":"type-post","3":"status-publish","4":"format-standard","5":"has-post-thumbnail","7":"category-uncategorized"},"yoast_head":"<!-- This site is optimized with the Yoast SEO plugin v27.1.1 - https:\/\/yoast.com\/product\/yoast-seo-wordpress\/ -->\n<title>Migraci\u00f3n niega sus violaciones a los derechos humanos de haitianos pese a las evidencias - Conexi\u00f3n 23<\/title>\n<meta name=\"robots\" content=\"index, follow, max-snippet:-1, max-image-preview:large, max-video-preview:-1\" \/>\n<link rel=\"canonical\" href=\"https:\/\/conexion23.com\/?p=35585\" \/>\n<meta property=\"og:locale\" content=\"es_ES\" \/>\n<meta property=\"og:type\" content=\"article\" \/>\n<meta property=\"og:title\" content=\"Migraci\u00f3n niega sus violaciones a los derechos humanos de haitianos pese a las evidencias - Conexi\u00f3n 23\" \/>\n<meta property=\"og:description\" content=\"Pese \u00a0a las m\u00faltiples denuncias sobre violaciones de los derechos humanos de los haitianos, dominicohaitianos y dominicanos de piel negra, las autoridades se refirieron en una declaraci\u00f3n escrita al supuesto respeto de la dignidad de los apresados. Los efectivos al servicio de Migraci\u00f3n irrespetan el derecho constitucional de penetrar a viviendas y otras propiedades privadas [&hellip;]\" \/>\n<meta property=\"og:url\" content=\"https:\/\/conexion23.com\/?p=35585\" \/>\n<meta property=\"og:site_name\" content=\"Conexi\u00f3n 23\" \/>\n<meta property=\"article:publisher\" content=\"https:\/\/www.facebook.com\/conexion23com\" \/>\n<meta property=\"article:published_time\" content=\"2024-12-12T11:20:50+00:00\" \/>\n<meta property=\"article:modified_time\" content=\"2024-12-12T11:20:52+00:00\" \/>\n<meta property=\"og:image\" content=\"https:\/\/conexion23.com\/wp-content\/uploads\/2024\/12\/images-3.jpg\" \/>\n\t<meta property=\"og:image:width\" content=\"273\" \/>\n\t<meta property=\"og:image:height\" content=\"185\" \/>\n\t<meta property=\"og:image:type\" content=\"image\/jpeg\" \/>\n<meta name=\"author\" content=\"Raffy Ben\u00edtez\" \/>\n<meta name=\"twitter:card\" content=\"summary_large_image\" \/>\n<meta name=\"twitter:label1\" content=\"Escrito por\" \/>\n\t<meta name=\"twitter:data1\" content=\"Raffy Ben\u00edtez\" \/>\n\t<meta name=\"twitter:label2\" content=\"Tiempo de lectura\" \/>\n\t<meta name=\"twitter:data2\" content=\"2 minutos\" \/>\n<script type=\"application\/ld+json\" class=\"yoast-schema-graph\">{\"@context\":\"https:\/\/schema.org\",\"@graph\":[{\"@type\":\"Article\",\"@id\":\"https:\/\/conexion23.com\/?p=35585#article\",\"isPartOf\":{\"@id\":\"https:\/\/conexion23.com\/?p=35585\"},\"author\":{\"name\":\"Raffy Ben\u00edtez\",\"@id\":\"https:\/\/conexion23.com\/#\/schema\/person\/03e36043331117e97a373299bbcd30a6\"},\"headline\":\"Migraci\u00f3n niega sus violaciones a los derechos humanos de haitianos pese a las evidencias\",\"datePublished\":\"2024-12-12T11:20:50+00:00\",\"dateModified\":\"2024-12-12T11:20:52+00:00\",\"mainEntityOfPage\":{\"@id\":\"https:\/\/conexion23.com\/?p=35585\"},\"wordCount\":330,\"commentCount\":0,\"publisher\":{\"@id\":\"https:\/\/conexion23.com\/#organization\"},\"image\":{\"@id\":\"https:\/\/conexion23.com\/?p=35585#primaryimage\"},\"thumbnailUrl\":\"https:\/\/conexion23.com\/wp-content\/uploads\/2024\/12\/images-3.jpg\",\"articleSection\":[\"Uncategorized\"],\"inLanguage\":\"es\",\"potentialAction\":[{\"@type\":\"CommentAction\",\"name\":\"Comment\",\"target\":[\"https:\/\/conexion23.com\/?p=35585#respond\"]}]},{\"@type\":\"WebPage\",\"@id\":\"https:\/\/conexion23.com\/?p=35585\",\"url\":\"https:\/\/conexion23.com\/?p=35585\",\"name\":\"Migraci\u00f3n niega sus violaciones a los derechos humanos de haitianos pese a las evidencias - Conexi\u00f3n 23\",\"isPartOf\":{\"@id\":\"https:\/\/conexion23.com\/#website\"},\"primaryImageOfPage\":{\"@id\":\"https:\/\/conexion23.com\/?p=35585#primaryimage\"},\"image\":{\"@id\":\"https:\/\/conexion23.com\/?p=35585#primaryimage\"},\"thumbnailUrl\":\"https:\/\/conexion23.com\/wp-content\/uploads\/2024\/12\/images-3.jpg\",\"datePublished\":\"2024-12-12T11:20:50+00:00\",\"dateModified\":\"2024-12-12T11:20:52+00:00\",\"breadcrumb\":{\"@id\":\"https:\/\/conexion23.com\/?p=35585#breadcrumb\"},\"inLanguage\":\"es\",\"potentialAction\":[{\"@type\":\"ReadAction\",\"target\":[\"https:\/\/conexion23.com\/?p=35585\"]}]},{\"@type\":\"ImageObject\",\"inLanguage\":\"es\",\"@id\":\"https:\/\/conexion23.com\/?p=35585#primaryimage\",\"url\":\"https:\/\/conexion23.com\/wp-content\/uploads\/2024\/12\/images-3.jpg\",\"contentUrl\":\"https:\/\/conexion23.com\/wp-content\/uploads\/2024\/12\/images-3.jpg\",\"width\":273,\"height\":185},{\"@type\":\"BreadcrumbList\",\"@id\":\"https:\/\/conexion23.com\/?p=35585#breadcrumb\",\"itemListElement\":[{\"@type\":\"ListItem\",\"position\":1,\"name\":\"Portada\",\"item\":\"https:\/\/conexion23.com\/\"},{\"@type\":\"ListItem\",\"position\":2,\"name\":\"Migraci\u00f3n niega sus violaciones a los derechos humanos de haitianos pese a las evidencias\"}]},{\"@type\":\"WebSite\",\"@id\":\"https:\/\/conexion23.com\/#website\",\"url\":\"https:\/\/conexion23.com\/\",\"name\":\"Conexi\u00f3n 23\",\"description\":\"Peri\u00f3dico 100% Petromacorisano\",\"publisher\":{\"@id\":\"https:\/\/conexion23.com\/#organization\"},\"potentialAction\":[{\"@type\":\"SearchAction\",\"target\":{\"@type\":\"EntryPoint\",\"urlTemplate\":\"https:\/\/conexion23.com\/?s={search_term_string}\"},\"query-input\":{\"@type\":\"PropertyValueSpecification\",\"valueRequired\":true,\"valueName\":\"search_term_string\"}}],\"inLanguage\":\"es\"},{\"@type\":\"Organization\",\"@id\":\"https:\/\/conexion23.com\/#organization\",\"name\":\"Conexion 23\",\"url\":\"https:\/\/conexion23.com\/\",\"logo\":{\"@type\":\"ImageObject\",\"inLanguage\":\"es\",\"@id\":\"https:\/\/conexion23.com\/#\/schema\/logo\/image\/\",\"url\":\"https:\/\/conexion23.com\/wp-content\/uploads\/2021\/11\/Diseno-sin-titulo-2.png\",\"contentUrl\":\"https:\/\/conexion23.com\/wp-content\/uploads\/2021\/11\/Diseno-sin-titulo-2.png\",\"width\":541,\"height\":90,\"caption\":\"Conexion 23\"},\"image\":{\"@id\":\"https:\/\/conexion23.com\/#\/schema\/logo\/image\/\"},\"sameAs\":[\"https:\/\/www.facebook.com\/conexion23com\",\"https:\/\/www.instagram.com\/conexion23com\/\",\"https:\/\/www.youtube.com\/channel\/UCYc7vxxFZMYLIHNsHHxPZ3Q\"]},{\"@type\":\"Person\",\"@id\":\"https:\/\/conexion23.com\/#\/schema\/person\/03e36043331117e97a373299bbcd30a6\",\"name\":\"Raffy Ben\u00edtez\",\"image\":{\"@type\":\"ImageObject\",\"inLanguage\":\"es\",\"@id\":\"https:\/\/conexion23.com\/#\/schema\/person\/image\/\",\"url\":\"https:\/\/secure.gravatar.com\/avatar\/3190a6a6c5e1b0327500f7d6c56b6242472ee6cb974cf09b401ee6b3b0798f23?s=96&d=mm&r=g\",\"contentUrl\":\"https:\/\/secure.gravatar.com\/avatar\/3190a6a6c5e1b0327500f7d6c56b6242472ee6cb974cf09b401ee6b3b0798f23?s=96&d=mm&r=g\",\"caption\":\"Raffy Ben\u00edtez\"},\"url\":\"https:\/\/conexion23.com\/?author=15\"}]}<\/script>\n<!-- \/ Yoast SEO plugin. -->","yoast_head_json":{"title":"Migraci\u00f3n niega sus violaciones a los derechos humanos de haitianos pese a las evidencias - Conexi\u00f3n 23","robots":{"index":"index","follow":"follow","max-snippet":"max-snippet:-1","max-image-preview":"max-image-preview:large","max-video-preview":"max-video-preview:-1"},"canonical":"https:\/\/conexion23.com\/?p=35585","og_locale":"es_ES","og_type":"article","og_title":"Migraci\u00f3n niega sus violaciones a los derechos humanos de haitianos pese a las evidencias - Conexi\u00f3n 23","og_description":"Pese \u00a0a las m\u00faltiples denuncias sobre violaciones de los derechos humanos de los haitianos, dominicohaitianos y dominicanos de piel negra, las autoridades se refirieron en una declaraci\u00f3n escrita al supuesto respeto de la dignidad de los apresados. Los efectivos al servicio de Migraci\u00f3n irrespetan el derecho constitucional de penetrar a viviendas y otras propiedades privadas [&hellip;]","og_url":"https:\/\/conexion23.com\/?p=35585","og_site_name":"Conexi\u00f3n 23","article_publisher":"https:\/\/www.facebook.com\/conexion23com","article_published_time":"2024-12-12T11:20:50+00:00","article_modified_time":"2024-12-12T11:20:52+00:00","og_image":[{"width":273,"height":185,"url":"https:\/\/conexion23.com\/wp-content\/uploads\/2024\/12\/images-3.jpg","type":"image\/jpeg"}],"author":"Raffy Ben\u00edtez","twitter_card":"summary_large_image","twitter_misc":{"Escrito por":"Raffy Ben\u00edtez","Tiempo de lectura":"2 minutos"},"schema":{"@context":"https:\/\/schema.org","@graph":[{"@type":"Article","@id":"https:\/\/conexion23.com\/?p=35585#article","isPartOf":{"@id":"https:\/\/conexion23.com\/?p=35585"},"author":{"name":"Raffy Ben\u00edtez","@id":"https:\/\/conexion23.com\/#\/schema\/person\/03e36043331117e97a373299bbcd30a6"},"headline":"Migraci\u00f3n niega sus violaciones a los derechos humanos de haitianos pese a las evidencias","datePublished":"2024-12-12T11:20:50+00:00","dateModified":"2024-12-12T11:20:52+00:00","mainEntityOfPage":{"@id":"https:\/\/conexion23.com\/?p=35585"},"wordCount":330,"commentCount":0,"publisher":{"@id":"https:\/\/conexion23.com\/#organization"},"image":{"@id":"https:\/\/conexion23.com\/?p=35585#primaryimage"},"thumbnailUrl":"https:\/\/conexion23.com\/wp-content\/uploads\/2024\/12\/images-3.jpg","articleSection":["Uncategorized"],"inLanguage":"es","potentialAction":[{"@type":"CommentAction","name":"Comment","target":["https:\/\/conexion23.com\/?p=35585#respond"]}]},{"@type":"WebPage","@id":"https:\/\/conexion23.com\/?p=35585","url":"https:\/\/conexion23.com\/?p=35585","name":"Migraci\u00f3n niega sus violaciones a los derechos humanos de haitianos pese a las evidencias - Conexi\u00f3n 23","isPartOf":{"@id":"https:\/\/conexion23.com\/#website"},"primaryImageOfPage":{"@id":"https:\/\/conexion23.com\/?p=35585#primaryimage"},"image":{"@id":"https:\/\/conexion23.com\/?p=35585#primaryimage"},"thumbnailUrl":"https:\/\/conexion23.com\/wp-content\/uploads\/2024\/12\/images-3.jpg","datePublished":"2024-12-12T11:20:50+00:00","dateModified":"2024-12-12T11:20:52+00:00","breadcrumb":{"@id":"https:\/\/conexion23.com\/?p=35585#breadcrumb"},"inLanguage":"es","potentialAction":[{"@type":"ReadAction","target":["https:\/\/conexion23.com\/?p=35585"]}]},{"@type":"ImageObject","inLanguage":"es","@id":"https:\/\/conexion23.com\/?p=35585#primaryimage","url":"https:\/\/conexion23.com\/wp-content\/uploads\/2024\/12\/images-3.jpg","contentUrl":"https:\/\/conexion23.com\/wp-content\/uploads\/2024\/12\/images-3.jpg","width":273,"height":185},{"@type":"BreadcrumbList","@id":"https:\/\/conexion23.com\/?p=35585#breadcrumb","itemListElement":[{"@type":"ListItem","position":1,"name":"Portada","item":"https:\/\/conexion23.com\/"},{"@type":"ListItem","position":2,"name":"Migraci\u00f3n niega sus violaciones a los derechos humanos de haitianos pese a las evidencias"}]},{"@type":"WebSite","@id":"https:\/\/conexion23.com\/#website","url":"https:\/\/conexion23.com\/","name":"Conexi\u00f3n 23","description":"Peri\u00f3dico 100% Petromacorisano","publisher":{"@id":"https:\/\/conexion23.com\/#organization"},"potentialAction":[{"@type":"SearchAction","target":{"@type":"EntryPoint","urlTemplate":"https:\/\/conexion23.com\/?s={search_term_string}"},"query-input":{"@type":"PropertyValueSpecification","valueRequired":true,"valueName":"search_term_string"}}],"inLanguage":"es"},{"@type":"Organization","@id":"https:\/\/conexion23.com\/#organization","name":"Conexion 23","url":"https:\/\/conexion23.com\/","logo":{"@type":"ImageObject","inLanguage":"es","@id":"https:\/\/conexion23.com\/#\/schema\/logo\/image\/","url":"https:\/\/conexion23.com\/wp-content\/uploads\/2021\/11\/Diseno-sin-titulo-2.png","contentUrl":"https:\/\/conexion23.com\/wp-content\/uploads\/2021\/11\/Diseno-sin-titulo-2.png","width":541,"height":90,"caption":"Conexion 23"},"image":{"@id":"https:\/\/conexion23.com\/#\/schema\/logo\/image\/"},"sameAs":["https:\/\/www.facebook.com\/conexion23com","https:\/\/www.instagram.com\/conexion23com\/","https:\/\/www.youtube.com\/channel\/UCYc7vxxFZMYLIHNsHHxPZ3Q"]},{"@type":"Person","@id":"https:\/\/conexion23.com\/#\/schema\/person\/03e36043331117e97a373299bbcd30a6","name":"Raffy Ben\u00edtez","image":{"@type":"ImageObject","inLanguage":"es","@id":"https:\/\/conexion23.com\/#\/schema\/person\/image\/","url":"https:\/\/secure.gravatar.com\/avatar\/3190a6a6c5e1b0327500f7d6c56b6242472ee6cb974cf09b401ee6b3b0798f23?s=96&d=mm&r=g","contentUrl":"https:\/\/secure.gravatar.com\/avatar\/3190a6a6c5e1b0327500f7d6c56b6242472ee6cb974cf09b401ee6b3b0798f23?s=96&d=mm&r=g","caption":"Raffy Ben\u00edtez"},"url":"https:\/\/conexion23.com\/?author=15"}]}},"_links":{"self":[{"href":"https:\/\/conexion23.com\/index.php?rest_route=\/wp\/v2\/posts\/35585","targetHints":{"allow":["GET"]}}],"collection":[{"href":"https:\/\/conexion23.com\/index.php?rest_route=\/wp\/v2\/posts"}],"about":[{"href":"https:\/\/conexion23.com\/index.php?rest_route=\/wp\/v2\/types\/post"}],"author":[{"embeddable":true,"href":"https:\/\/conexion23.com\/index.php?rest_route=\/wp\/v2\/users\/15"}],"replies":[{"embeddable":true,"href":"https:\/\/conexion23.com\/index.php?rest_route=%2Fwp%2Fv2%2Fcomments&post=35585"}],"version-history":[{"count":1,"href":"https:\/\/conexion23.com\/index.php?rest_route=\/wp\/v2\/posts\/35585\/revisions"}],"predecessor-version":[{"id":35587,"href":"https:\/\/conexion23.com\/index.php?rest_route=\/wp\/v2\/posts\/35585\/revisions\/35587"}],"wp:featuredmedia":[{"embeddable":true,"href":"https:\/\/conexion23.com\/index.php?rest_route=\/wp\/v2\/media\/35586"}],"wp:attachment":[{"href":"https:\/\/conexion23.com\/index.php?rest_route=%2Fwp%2Fv2%2Fmedia&parent=35585"}],"wp:term":[{"taxonomy":"category","embeddable":true,"href":"https:\/\/conexion23.com\/index.php?rest_route=%2Fwp%2Fv2%2Fcategories&post=35585"},{"taxonomy":"post_tag","embeddable":true,"href":"https:\/\/conexion23.com\/index.php?rest_route=%2Fwp%2Fv2%2Ftags&post=35585"}],"curies":[{"name":"wp","href":"https:\/\/api.w.org\/{rel}","templated":true}]}}