{"id":35600,"date":"2024-12-12T08:15:29","date_gmt":"2024-12-12T12:15:29","guid":{"rendered":"https:\/\/conexion23.com\/?p=35600"},"modified":"2024-12-12T08:15:31","modified_gmt":"2024-12-12T12:15:31","slug":"protesta-en-el-mercado-de-san-pedro-de-macoris-comerciantes-exigen-solucion-inmediata-a-la-basura","status":"publish","type":"post","link":"https:\/\/conexion23.com\/?p=35600","title":{"rendered":"Protesta en el Mercado de San Pedro de Macor\u00eds, Comerciantes Exigen Soluci\u00f3n Inmediata a la Basura"},"content":{"rendered":"\n<p>Los comerciantes del mercado de San Pedro de Macor\u00eds han lanzado una fuerte protesta, exigiendo al alcalde una soluci\u00f3n inmediata a la acumulaci\u00f3n de basura en la parte trasera del mercado. Han dado un ultim\u00e1tum de 24 horas para que se recoja la basura, alegando que la situaci\u00f3n podr\u00eda ser una estrategia de las grandes tiendas cercanas para desprestigiar el mercado y afectar sus ventas.<\/p>\n\n\n\n<p>La acumulaci\u00f3n de basura ha generado un foco de contaminaci\u00f3n y malos olores, afectando tanto a comerciantes como a consumidores. Los vendedores est\u00e1n decididos a cerrar el mercado si no se toma acci\u00f3n inmediata.<\/p>\n","protected":false},"excerpt":{"rendered":"<p>Los comerciantes del mercado de San Pedro de Macor\u00eds han lanzado una fuerte protesta, exigiendo al alcalde una soluci\u00f3n inmediata a la acumulaci\u00f3n de basura en la parte trasera del mercado. Han dado un ultim\u00e1tum de 24 horas para que se recoja la basura, alegando que la situaci\u00f3n podr\u00eda ser una estrategia de las grandes [&hellip;]<\/p>\n","protected":false},"author":15,"featured_media":35601,"comment_status":"open","ping_status":"open","sticky":false,"template":"","format":"standard","meta":{"footnotes":""},"categories":[35],"tags":[],"class_list":{"0":"post-35600","1":"post","2":"type-post","3":"status-publish","4":"format-standard","5":"has-post-thumbnail","7":"category-spm"},"yoast_head":"<!-- This site is optimized with the Yoast SEO plugin v27.1.1 - https:\/\/yoast.com\/product\/yoast-seo-wordpress\/ -->\n<title>Protesta en el Mercado de San Pedro de Macor\u00eds, Comerciantes Exigen Soluci\u00f3n Inmediata a la Basura - Conexi\u00f3n 23<\/title>\n<meta name=\"robots\" content=\"index, follow, max-snippet:-1, max-image-preview:large, max-video-preview:-1\" \/>\n<link rel=\"canonical\" href=\"https:\/\/conexion23.com\/?p=35600\" \/>\n<meta property=\"og:locale\" content=\"es_ES\" \/>\n<meta property=\"og:type\" content=\"article\" \/>\n<meta property=\"og:title\" content=\"Protesta en el Mercado de San Pedro de Macor\u00eds, Comerciantes Exigen Soluci\u00f3n Inmediata a la Basura - Conexi\u00f3n 23\" \/>\n<meta property=\"og:description\" content=\"Los comerciantes del mercado de San Pedro de Macor\u00eds han lanzado una fuerte protesta, exigiendo al alcalde una soluci\u00f3n inmediata a la acumulaci\u00f3n de basura en la parte trasera del mercado. Han dado un ultim\u00e1tum de 24 horas para que se recoja la basura, alegando que la situaci\u00f3n podr\u00eda ser una estrategia de las grandes [&hellip;]\" \/>\n<meta property=\"og:url\" content=\"https:\/\/conexion23.com\/?p=35600\" \/>\n<meta property=\"og:site_name\" content=\"Conexi\u00f3n 23\" \/>\n<meta property=\"article:publisher\" content=\"https:\/\/www.facebook.com\/conexion23com\" \/>\n<meta property=\"article:published_time\" content=\"2024-12-12T12:15:29+00:00\" \/>\n<meta property=\"article:modified_time\" content=\"2024-12-12T12:15:31+00:00\" \/>\n<meta property=\"og:image\" content=\"https:\/\/conexion23.com\/wp-content\/uploads\/2024\/12\/download-1-6.jpg\" \/>\n\t<meta property=\"og:image:width\" content=\"259\" \/>\n\t<meta property=\"og:image:height\" content=\"194\" \/>\n\t<meta property=\"og:image:type\" content=\"image\/jpeg\" \/>\n<meta name=\"author\" content=\"Raffy Ben\u00edtez\" \/>\n<meta name=\"twitter:card\" content=\"summary_large_image\" \/>\n<meta name=\"twitter:label1\" content=\"Escrito por\" \/>\n\t<meta name=\"twitter:data1\" content=\"Raffy Ben\u00edtez\" \/>\n\t<meta name=\"twitter:label2\" content=\"Tiempo de lectura\" \/>\n\t<meta name=\"twitter:data2\" content=\"1 minuto\" \/>\n<script type=\"application\/ld+json\" class=\"yoast-schema-graph\">{\"@context\":\"https:\/\/schema.org\",\"@graph\":[{\"@type\":\"Article\",\"@id\":\"https:\/\/conexion23.com\/?p=35600#article\",\"isPartOf\":{\"@id\":\"https:\/\/conexion23.com\/?p=35600\"},\"author\":{\"name\":\"Raffy Ben\u00edtez\",\"@id\":\"https:\/\/conexion23.com\/#\/schema\/person\/03e36043331117e97a373299bbcd30a6\"},\"headline\":\"Protesta en el Mercado de San Pedro de Macor\u00eds, Comerciantes Exigen Soluci\u00f3n Inmediata a la Basura\",\"datePublished\":\"2024-12-12T12:15:29+00:00\",\"dateModified\":\"2024-12-12T12:15:31+00:00\",\"mainEntityOfPage\":{\"@id\":\"https:\/\/conexion23.com\/?p=35600\"},\"wordCount\":126,\"commentCount\":0,\"publisher\":{\"@id\":\"https:\/\/conexion23.com\/#organization\"},\"image\":{\"@id\":\"https:\/\/conexion23.com\/?p=35600#primaryimage\"},\"thumbnailUrl\":\"https:\/\/conexion23.com\/wp-content\/uploads\/2024\/12\/download-1-6.jpg\",\"articleSection\":[\"SPM\"],\"inLanguage\":\"es\",\"potentialAction\":[{\"@type\":\"CommentAction\",\"name\":\"Comment\",\"target\":[\"https:\/\/conexion23.com\/?p=35600#respond\"]}]},{\"@type\":\"WebPage\",\"@id\":\"https:\/\/conexion23.com\/?p=35600\",\"url\":\"https:\/\/conexion23.com\/?p=35600\",\"name\":\"Protesta en el Mercado de San Pedro de Macor\u00eds, Comerciantes Exigen Soluci\u00f3n Inmediata a la Basura - Conexi\u00f3n 23\",\"isPartOf\":{\"@id\":\"https:\/\/conexion23.com\/#website\"},\"primaryImageOfPage\":{\"@id\":\"https:\/\/conexion23.com\/?p=35600#primaryimage\"},\"image\":{\"@id\":\"https:\/\/conexion23.com\/?p=35600#primaryimage\"},\"thumbnailUrl\":\"https:\/\/conexion23.com\/wp-content\/uploads\/2024\/12\/download-1-6.jpg\",\"datePublished\":\"2024-12-12T12:15:29+00:00\",\"dateModified\":\"2024-12-12T12:15:31+00:00\",\"breadcrumb\":{\"@id\":\"https:\/\/conexion23.com\/?p=35600#breadcrumb\"},\"inLanguage\":\"es\",\"potentialAction\":[{\"@type\":\"ReadAction\",\"target\":[\"https:\/\/conexion23.com\/?p=35600\"]}]},{\"@type\":\"ImageObject\",\"inLanguage\":\"es\",\"@id\":\"https:\/\/conexion23.com\/?p=35600#primaryimage\",\"url\":\"https:\/\/conexion23.com\/wp-content\/uploads\/2024\/12\/download-1-6.jpg\",\"contentUrl\":\"https:\/\/conexion23.com\/wp-content\/uploads\/2024\/12\/download-1-6.jpg\",\"width\":259,\"height\":194},{\"@type\":\"BreadcrumbList\",\"@id\":\"https:\/\/conexion23.com\/?p=35600#breadcrumb\",\"itemListElement\":[{\"@type\":\"ListItem\",\"position\":1,\"name\":\"Portada\",\"item\":\"https:\/\/conexion23.com\/\"},{\"@type\":\"ListItem\",\"position\":2,\"name\":\"Protesta en el Mercado de San Pedro de Macor\u00eds, Comerciantes Exigen Soluci\u00f3n Inmediata a la Basura\"}]},{\"@type\":\"WebSite\",\"@id\":\"https:\/\/conexion23.com\/#website\",\"url\":\"https:\/\/conexion23.com\/\",\"name\":\"Conexi\u00f3n 23\",\"description\":\"Peri\u00f3dico 100% Petromacorisano\",\"publisher\":{\"@id\":\"https:\/\/conexion23.com\/#organization\"},\"potentialAction\":[{\"@type\":\"SearchAction\",\"target\":{\"@type\":\"EntryPoint\",\"urlTemplate\":\"https:\/\/conexion23.com\/?s={search_term_string}\"},\"query-input\":{\"@type\":\"PropertyValueSpecification\",\"valueRequired\":true,\"valueName\":\"search_term_string\"}}],\"inLanguage\":\"es\"},{\"@type\":\"Organization\",\"@id\":\"https:\/\/conexion23.com\/#organization\",\"name\":\"Conexion 23\",\"url\":\"https:\/\/conexion23.com\/\",\"logo\":{\"@type\":\"ImageObject\",\"inLanguage\":\"es\",\"@id\":\"https:\/\/conexion23.com\/#\/schema\/logo\/image\/\",\"url\":\"https:\/\/conexion23.com\/wp-content\/uploads\/2021\/11\/Diseno-sin-titulo-2.png\",\"contentUrl\":\"https:\/\/conexion23.com\/wp-content\/uploads\/2021\/11\/Diseno-sin-titulo-2.png\",\"width\":541,\"height\":90,\"caption\":\"Conexion 23\"},\"image\":{\"@id\":\"https:\/\/conexion23.com\/#\/schema\/logo\/image\/\"},\"sameAs\":[\"https:\/\/www.facebook.com\/conexion23com\",\"https:\/\/www.instagram.com\/conexion23com\/\",\"https:\/\/www.youtube.com\/channel\/UCYc7vxxFZMYLIHNsHHxPZ3Q\"]},{\"@type\":\"Person\",\"@id\":\"https:\/\/conexion23.com\/#\/schema\/person\/03e36043331117e97a373299bbcd30a6\",\"name\":\"Raffy Ben\u00edtez\",\"image\":{\"@type\":\"ImageObject\",\"inLanguage\":\"es\",\"@id\":\"https:\/\/conexion23.com\/#\/schema\/person\/image\/\",\"url\":\"https:\/\/secure.gravatar.com\/avatar\/3190a6a6c5e1b0327500f7d6c56b6242472ee6cb974cf09b401ee6b3b0798f23?s=96&d=mm&r=g\",\"contentUrl\":\"https:\/\/secure.gravatar.com\/avatar\/3190a6a6c5e1b0327500f7d6c56b6242472ee6cb974cf09b401ee6b3b0798f23?s=96&d=mm&r=g\",\"caption\":\"Raffy Ben\u00edtez\"},\"url\":\"https:\/\/conexion23.com\/?author=15\"}]}<\/script>\n<!-- \/ Yoast SEO plugin. -->","yoast_head_json":{"title":"Protesta en el Mercado de San Pedro de Macor\u00eds, Comerciantes Exigen Soluci\u00f3n Inmediata a la Basura - Conexi\u00f3n 23","robots":{"index":"index","follow":"follow","max-snippet":"max-snippet:-1","max-image-preview":"max-image-preview:large","max-video-preview":"max-video-preview:-1"},"canonical":"https:\/\/conexion23.com\/?p=35600","og_locale":"es_ES","og_type":"article","og_title":"Protesta en el Mercado de San Pedro de Macor\u00eds, Comerciantes Exigen Soluci\u00f3n Inmediata a la Basura - Conexi\u00f3n 23","og_description":"Los comerciantes del mercado de San Pedro de Macor\u00eds han lanzado una fuerte protesta, exigiendo al alcalde una soluci\u00f3n inmediata a la acumulaci\u00f3n de basura en la parte trasera del mercado. Han dado un ultim\u00e1tum de 24 horas para que se recoja la basura, alegando que la situaci\u00f3n podr\u00eda ser una estrategia de las grandes [&hellip;]","og_url":"https:\/\/conexion23.com\/?p=35600","og_site_name":"Conexi\u00f3n 23","article_publisher":"https:\/\/www.facebook.com\/conexion23com","article_published_time":"2024-12-12T12:15:29+00:00","article_modified_time":"2024-12-12T12:15:31+00:00","og_image":[{"width":259,"height":194,"url":"https:\/\/conexion23.com\/wp-content\/uploads\/2024\/12\/download-1-6.jpg","type":"image\/jpeg"}],"author":"Raffy Ben\u00edtez","twitter_card":"summary_large_image","twitter_misc":{"Escrito por":"Raffy Ben\u00edtez","Tiempo de lectura":"1 minuto"},"schema":{"@context":"https:\/\/schema.org","@graph":[{"@type":"Article","@id":"https:\/\/conexion23.com\/?p=35600#article","isPartOf":{"@id":"https:\/\/conexion23.com\/?p=35600"},"author":{"name":"Raffy Ben\u00edtez","@id":"https:\/\/conexion23.com\/#\/schema\/person\/03e36043331117e97a373299bbcd30a6"},"headline":"Protesta en el Mercado de San Pedro de Macor\u00eds, Comerciantes Exigen Soluci\u00f3n Inmediata a la Basura","datePublished":"2024-12-12T12:15:29+00:00","dateModified":"2024-12-12T12:15:31+00:00","mainEntityOfPage":{"@id":"https:\/\/conexion23.com\/?p=35600"},"wordCount":126,"commentCount":0,"publisher":{"@id":"https:\/\/conexion23.com\/#organization"},"image":{"@id":"https:\/\/conexion23.com\/?p=35600#primaryimage"},"thumbnailUrl":"https:\/\/conexion23.com\/wp-content\/uploads\/2024\/12\/download-1-6.jpg","articleSection":["SPM"],"inLanguage":"es","potentialAction":[{"@type":"CommentAction","name":"Comment","target":["https:\/\/conexion23.com\/?p=35600#respond"]}]},{"@type":"WebPage","@id":"https:\/\/conexion23.com\/?p=35600","url":"https:\/\/conexion23.com\/?p=35600","name":"Protesta en el Mercado de San Pedro de Macor\u00eds, Comerciantes Exigen Soluci\u00f3n Inmediata a la Basura - Conexi\u00f3n 23","isPartOf":{"@id":"https:\/\/conexion23.com\/#website"},"primaryImageOfPage":{"@id":"https:\/\/conexion23.com\/?p=35600#primaryimage"},"image":{"@id":"https:\/\/conexion23.com\/?p=35600#primaryimage"},"thumbnailUrl":"https:\/\/conexion23.com\/wp-content\/uploads\/2024\/12\/download-1-6.jpg","datePublished":"2024-12-12T12:15:29+00:00","dateModified":"2024-12-12T12:15:31+00:00","breadcrumb":{"@id":"https:\/\/conexion23.com\/?p=35600#breadcrumb"},"inLanguage":"es","potentialAction":[{"@type":"ReadAction","target":["https:\/\/conexion23.com\/?p=35600"]}]},{"@type":"ImageObject","inLanguage":"es","@id":"https:\/\/conexion23.com\/?p=35600#primaryimage","url":"https:\/\/conexion23.com\/wp-content\/uploads\/2024\/12\/download-1-6.jpg","contentUrl":"https:\/\/conexion23.com\/wp-content\/uploads\/2024\/12\/download-1-6.jpg","width":259,"height":194},{"@type":"BreadcrumbList","@id":"https:\/\/conexion23.com\/?p=35600#breadcrumb","itemListElement":[{"@type":"ListItem","position":1,"name":"Portada","item":"https:\/\/conexion23.com\/"},{"@type":"ListItem","position":2,"name":"Protesta en el Mercado de San Pedro de Macor\u00eds, Comerciantes Exigen Soluci\u00f3n Inmediata a la Basura"}]},{"@type":"WebSite","@id":"https:\/\/conexion23.com\/#website","url":"https:\/\/conexion23.com\/","name":"Conexi\u00f3n 23","description":"Peri\u00f3dico 100% Petromacorisano","publisher":{"@id":"https:\/\/conexion23.com\/#organization"},"potentialAction":[{"@type":"SearchAction","target":{"@type":"EntryPoint","urlTemplate":"https:\/\/conexion23.com\/?s={search_term_string}"},"query-input":{"@type":"PropertyValueSpecification","valueRequired":true,"valueName":"search_term_string"}}],"inLanguage":"es"},{"@type":"Organization","@id":"https:\/\/conexion23.com\/#organization","name":"Conexion 23","url":"https:\/\/conexion23.com\/","logo":{"@type":"ImageObject","inLanguage":"es","@id":"https:\/\/conexion23.com\/#\/schema\/logo\/image\/","url":"https:\/\/conexion23.com\/wp-content\/uploads\/2021\/11\/Diseno-sin-titulo-2.png","contentUrl":"https:\/\/conexion23.com\/wp-content\/uploads\/2021\/11\/Diseno-sin-titulo-2.png","width":541,"height":90,"caption":"Conexion 23"},"image":{"@id":"https:\/\/conexion23.com\/#\/schema\/logo\/image\/"},"sameAs":["https:\/\/www.facebook.com\/conexion23com","https:\/\/www.instagram.com\/conexion23com\/","https:\/\/www.youtube.com\/channel\/UCYc7vxxFZMYLIHNsHHxPZ3Q"]},{"@type":"Person","@id":"https:\/\/conexion23.com\/#\/schema\/person\/03e36043331117e97a373299bbcd30a6","name":"Raffy Ben\u00edtez","image":{"@type":"ImageObject","inLanguage":"es","@id":"https:\/\/conexion23.com\/#\/schema\/person\/image\/","url":"https:\/\/secure.gravatar.com\/avatar\/3190a6a6c5e1b0327500f7d6c56b6242472ee6cb974cf09b401ee6b3b0798f23?s=96&d=mm&r=g","contentUrl":"https:\/\/secure.gravatar.com\/avatar\/3190a6a6c5e1b0327500f7d6c56b6242472ee6cb974cf09b401ee6b3b0798f23?s=96&d=mm&r=g","caption":"Raffy Ben\u00edtez"},"url":"https:\/\/conexion23.com\/?author=15"}]}},"_links":{"self":[{"href":"https:\/\/conexion23.com\/index.php?rest_route=\/wp\/v2\/posts\/35600","targetHints":{"allow":["GET"]}}],"collection":[{"href":"https:\/\/conexion23.com\/index.php?rest_route=\/wp\/v2\/posts"}],"about":[{"href":"https:\/\/conexion23.com\/index.php?rest_route=\/wp\/v2\/types\/post"}],"author":[{"embeddable":true,"href":"https:\/\/conexion23.com\/index.php?rest_route=\/wp\/v2\/users\/15"}],"replies":[{"embeddable":true,"href":"https:\/\/conexion23.com\/index.php?rest_route=%2Fwp%2Fv2%2Fcomments&post=35600"}],"version-history":[{"count":1,"href":"https:\/\/conexion23.com\/index.php?rest_route=\/wp\/v2\/posts\/35600\/revisions"}],"predecessor-version":[{"id":35602,"href":"https:\/\/conexion23.com\/index.php?rest_route=\/wp\/v2\/posts\/35600\/revisions\/35602"}],"wp:featuredmedia":[{"embeddable":true,"href":"https:\/\/conexion23.com\/index.php?rest_route=\/wp\/v2\/media\/35601"}],"wp:attachment":[{"href":"https:\/\/conexion23.com\/index.php?rest_route=%2Fwp%2Fv2%2Fmedia&parent=35600"}],"wp:term":[{"taxonomy":"category","embeddable":true,"href":"https:\/\/conexion23.com\/index.php?rest_route=%2Fwp%2Fv2%2Fcategories&post=35600"},{"taxonomy":"post_tag","embeddable":true,"href":"https:\/\/conexion23.com\/index.php?rest_route=%2Fwp%2Fv2%2Ftags&post=35600"}],"curies":[{"name":"wp","href":"https:\/\/api.w.org\/{rel}","templated":true}]}}