{"id":35647,"date":"2024-12-13T08:14:04","date_gmt":"2024-12-13T12:14:04","guid":{"rendered":"https:\/\/conexion23.com\/?p=35647"},"modified":"2024-12-13T08:14:05","modified_gmt":"2024-12-13T12:14:05","slug":"pn-apresa-una-persona-con-arma-de-fuego-ilegal","status":"publish","type":"post","link":"https:\/\/conexion23.com\/?p=35647","title":{"rendered":"PN apresa una persona con arma de fuego ilegal."},"content":{"rendered":"\n<p>Agentes policiales adscritos a la Polic\u00eda Preventiva, mediante la realizaci\u00f3n de operativos preventivos apresaron en flagrante delito a una persona portando una arma de fuego de manera ilegal.<\/p>\n\n\n\n<p>El detenido es el nombrado Fabian Concepci\u00f3n Santana, de 21 a\u00f1os, residente en esta ciudad.<\/p>\n\n\n\n<p>El mismo fue detenido en horas de la madrugada de este martes en la calle principal del sector El 80 de esta ciudad, mientras conduc\u00eda la motocicleta marca Nipponia, modelo CG, color Negro, la cual le fue retenida.<\/p>\n\n\n\n<p>Asimismo, durante la detenci\u00f3n, a este le fue ocupada la pistola marca ilegible, serie 147133, color negro y aniquilado, con su cargador y cinco c\u00e1psulas para la misma, la cual portaba sin ning\u00fan tipo de documentaci\u00f3n alguna.<\/p>\n\n\n\n<p>El detenido y lo ocupado fueron enviados a las autoridades competentes para los fines de lugar correspondientes.<\/p>\n","protected":false},"excerpt":{"rendered":"<p>Agentes policiales adscritos a la Polic\u00eda Preventiva, mediante la realizaci\u00f3n de operativos preventivos apresaron en flagrante delito a una persona portando una arma de fuego de manera ilegal. El detenido es el nombrado Fabian Concepci\u00f3n Santana, de 21 a\u00f1os, residente en esta ciudad. El mismo fue detenido en horas de la madrugada de este martes [&hellip;]<\/p>\n","protected":false},"author":15,"featured_media":35648,"comment_status":"open","ping_status":"open","sticky":false,"template":"","format":"standard","meta":{"footnotes":""},"categories":[35],"tags":[],"class_list":{"0":"post-35647","1":"post","2":"type-post","3":"status-publish","4":"format-standard","5":"has-post-thumbnail","7":"category-spm"},"yoast_head":"<!-- This site is optimized with the Yoast SEO plugin v27.1.1 - https:\/\/yoast.com\/product\/yoast-seo-wordpress\/ -->\n<title>PN apresa una persona con arma de fuego ilegal. - Conexi\u00f3n 23<\/title>\n<meta name=\"robots\" content=\"index, follow, max-snippet:-1, max-image-preview:large, max-video-preview:-1\" \/>\n<link rel=\"canonical\" href=\"https:\/\/conexion23.com\/?p=35647\" \/>\n<meta property=\"og:locale\" content=\"es_ES\" \/>\n<meta property=\"og:type\" content=\"article\" \/>\n<meta property=\"og:title\" content=\"PN apresa una persona con arma de fuego ilegal. - Conexi\u00f3n 23\" \/>\n<meta property=\"og:description\" content=\"Agentes policiales adscritos a la Polic\u00eda Preventiva, mediante la realizaci\u00f3n de operativos preventivos apresaron en flagrante delito a una persona portando una arma de fuego de manera ilegal. El detenido es el nombrado Fabian Concepci\u00f3n Santana, de 21 a\u00f1os, residente en esta ciudad. El mismo fue detenido en horas de la madrugada de este martes [&hellip;]\" \/>\n<meta property=\"og:url\" content=\"https:\/\/conexion23.com\/?p=35647\" \/>\n<meta property=\"og:site_name\" content=\"Conexi\u00f3n 23\" \/>\n<meta property=\"article:publisher\" content=\"https:\/\/www.facebook.com\/conexion23com\" \/>\n<meta property=\"article:published_time\" content=\"2024-12-13T12:14:04+00:00\" \/>\n<meta property=\"article:modified_time\" content=\"2024-12-13T12:14:05+00:00\" \/>\n<meta property=\"og:image\" content=\"https:\/\/conexion23.com\/wp-content\/uploads\/2024\/12\/46dcad37-213d-479b-a67b-b791d4b9c0d7.jpg\" \/>\n\t<meta property=\"og:image:width\" content=\"780\" \/>\n\t<meta property=\"og:image:height\" content=\"785\" \/>\n\t<meta property=\"og:image:type\" content=\"image\/jpeg\" \/>\n<meta name=\"author\" content=\"Raffy Ben\u00edtez\" \/>\n<meta name=\"twitter:card\" content=\"summary_large_image\" \/>\n<meta name=\"twitter:label1\" content=\"Escrito por\" \/>\n\t<meta name=\"twitter:data1\" content=\"Raffy Ben\u00edtez\" \/>\n\t<meta name=\"twitter:label2\" content=\"Tiempo de lectura\" \/>\n\t<meta name=\"twitter:data2\" content=\"1 minuto\" \/>\n<script type=\"application\/ld+json\" class=\"yoast-schema-graph\">{\"@context\":\"https:\/\/schema.org\",\"@graph\":[{\"@type\":\"Article\",\"@id\":\"https:\/\/conexion23.com\/?p=35647#article\",\"isPartOf\":{\"@id\":\"https:\/\/conexion23.com\/?p=35647\"},\"author\":{\"name\":\"Raffy Ben\u00edtez\",\"@id\":\"https:\/\/conexion23.com\/#\/schema\/person\/03e36043331117e97a373299bbcd30a6\"},\"headline\":\"PN apresa una persona con arma de fuego ilegal.\",\"datePublished\":\"2024-12-13T12:14:04+00:00\",\"dateModified\":\"2024-12-13T12:14:05+00:00\",\"mainEntityOfPage\":{\"@id\":\"https:\/\/conexion23.com\/?p=35647\"},\"wordCount\":150,\"commentCount\":0,\"publisher\":{\"@id\":\"https:\/\/conexion23.com\/#organization\"},\"image\":{\"@id\":\"https:\/\/conexion23.com\/?p=35647#primaryimage\"},\"thumbnailUrl\":\"https:\/\/conexion23.com\/wp-content\/uploads\/2024\/12\/46dcad37-213d-479b-a67b-b791d4b9c0d7.jpg\",\"articleSection\":[\"SPM\"],\"inLanguage\":\"es\",\"potentialAction\":[{\"@type\":\"CommentAction\",\"name\":\"Comment\",\"target\":[\"https:\/\/conexion23.com\/?p=35647#respond\"]}]},{\"@type\":\"WebPage\",\"@id\":\"https:\/\/conexion23.com\/?p=35647\",\"url\":\"https:\/\/conexion23.com\/?p=35647\",\"name\":\"PN apresa una persona con arma de fuego ilegal. - Conexi\u00f3n 23\",\"isPartOf\":{\"@id\":\"https:\/\/conexion23.com\/#website\"},\"primaryImageOfPage\":{\"@id\":\"https:\/\/conexion23.com\/?p=35647#primaryimage\"},\"image\":{\"@id\":\"https:\/\/conexion23.com\/?p=35647#primaryimage\"},\"thumbnailUrl\":\"https:\/\/conexion23.com\/wp-content\/uploads\/2024\/12\/46dcad37-213d-479b-a67b-b791d4b9c0d7.jpg\",\"datePublished\":\"2024-12-13T12:14:04+00:00\",\"dateModified\":\"2024-12-13T12:14:05+00:00\",\"breadcrumb\":{\"@id\":\"https:\/\/conexion23.com\/?p=35647#breadcrumb\"},\"inLanguage\":\"es\",\"potentialAction\":[{\"@type\":\"ReadAction\",\"target\":[\"https:\/\/conexion23.com\/?p=35647\"]}]},{\"@type\":\"ImageObject\",\"inLanguage\":\"es\",\"@id\":\"https:\/\/conexion23.com\/?p=35647#primaryimage\",\"url\":\"https:\/\/conexion23.com\/wp-content\/uploads\/2024\/12\/46dcad37-213d-479b-a67b-b791d4b9c0d7.jpg\",\"contentUrl\":\"https:\/\/conexion23.com\/wp-content\/uploads\/2024\/12\/46dcad37-213d-479b-a67b-b791d4b9c0d7.jpg\",\"width\":780,\"height\":785},{\"@type\":\"BreadcrumbList\",\"@id\":\"https:\/\/conexion23.com\/?p=35647#breadcrumb\",\"itemListElement\":[{\"@type\":\"ListItem\",\"position\":1,\"name\":\"Portada\",\"item\":\"https:\/\/conexion23.com\/\"},{\"@type\":\"ListItem\",\"position\":2,\"name\":\"PN apresa una persona con arma de fuego ilegal.\"}]},{\"@type\":\"WebSite\",\"@id\":\"https:\/\/conexion23.com\/#website\",\"url\":\"https:\/\/conexion23.com\/\",\"name\":\"Conexi\u00f3n 23\",\"description\":\"Peri\u00f3dico 100% Petromacorisano\",\"publisher\":{\"@id\":\"https:\/\/conexion23.com\/#organization\"},\"potentialAction\":[{\"@type\":\"SearchAction\",\"target\":{\"@type\":\"EntryPoint\",\"urlTemplate\":\"https:\/\/conexion23.com\/?s={search_term_string}\"},\"query-input\":{\"@type\":\"PropertyValueSpecification\",\"valueRequired\":true,\"valueName\":\"search_term_string\"}}],\"inLanguage\":\"es\"},{\"@type\":\"Organization\",\"@id\":\"https:\/\/conexion23.com\/#organization\",\"name\":\"Conexion 23\",\"url\":\"https:\/\/conexion23.com\/\",\"logo\":{\"@type\":\"ImageObject\",\"inLanguage\":\"es\",\"@id\":\"https:\/\/conexion23.com\/#\/schema\/logo\/image\/\",\"url\":\"https:\/\/conexion23.com\/wp-content\/uploads\/2021\/11\/Diseno-sin-titulo-2.png\",\"contentUrl\":\"https:\/\/conexion23.com\/wp-content\/uploads\/2021\/11\/Diseno-sin-titulo-2.png\",\"width\":541,\"height\":90,\"caption\":\"Conexion 23\"},\"image\":{\"@id\":\"https:\/\/conexion23.com\/#\/schema\/logo\/image\/\"},\"sameAs\":[\"https:\/\/www.facebook.com\/conexion23com\",\"https:\/\/www.instagram.com\/conexion23com\/\",\"https:\/\/www.youtube.com\/channel\/UCYc7vxxFZMYLIHNsHHxPZ3Q\"]},{\"@type\":\"Person\",\"@id\":\"https:\/\/conexion23.com\/#\/schema\/person\/03e36043331117e97a373299bbcd30a6\",\"name\":\"Raffy Ben\u00edtez\",\"image\":{\"@type\":\"ImageObject\",\"inLanguage\":\"es\",\"@id\":\"https:\/\/conexion23.com\/#\/schema\/person\/image\/\",\"url\":\"https:\/\/secure.gravatar.com\/avatar\/3190a6a6c5e1b0327500f7d6c56b6242472ee6cb974cf09b401ee6b3b0798f23?s=96&d=mm&r=g\",\"contentUrl\":\"https:\/\/secure.gravatar.com\/avatar\/3190a6a6c5e1b0327500f7d6c56b6242472ee6cb974cf09b401ee6b3b0798f23?s=96&d=mm&r=g\",\"caption\":\"Raffy Ben\u00edtez\"},\"url\":\"https:\/\/conexion23.com\/?author=15\"}]}<\/script>\n<!-- \/ Yoast SEO plugin. -->","yoast_head_json":{"title":"PN apresa una persona con arma de fuego ilegal. - Conexi\u00f3n 23","robots":{"index":"index","follow":"follow","max-snippet":"max-snippet:-1","max-image-preview":"max-image-preview:large","max-video-preview":"max-video-preview:-1"},"canonical":"https:\/\/conexion23.com\/?p=35647","og_locale":"es_ES","og_type":"article","og_title":"PN apresa una persona con arma de fuego ilegal. - Conexi\u00f3n 23","og_description":"Agentes policiales adscritos a la Polic\u00eda Preventiva, mediante la realizaci\u00f3n de operativos preventivos apresaron en flagrante delito a una persona portando una arma de fuego de manera ilegal. El detenido es el nombrado Fabian Concepci\u00f3n Santana, de 21 a\u00f1os, residente en esta ciudad. El mismo fue detenido en horas de la madrugada de este martes [&hellip;]","og_url":"https:\/\/conexion23.com\/?p=35647","og_site_name":"Conexi\u00f3n 23","article_publisher":"https:\/\/www.facebook.com\/conexion23com","article_published_time":"2024-12-13T12:14:04+00:00","article_modified_time":"2024-12-13T12:14:05+00:00","og_image":[{"width":780,"height":785,"url":"https:\/\/conexion23.com\/wp-content\/uploads\/2024\/12\/46dcad37-213d-479b-a67b-b791d4b9c0d7.jpg","type":"image\/jpeg"}],"author":"Raffy Ben\u00edtez","twitter_card":"summary_large_image","twitter_misc":{"Escrito por":"Raffy Ben\u00edtez","Tiempo de lectura":"1 minuto"},"schema":{"@context":"https:\/\/schema.org","@graph":[{"@type":"Article","@id":"https:\/\/conexion23.com\/?p=35647#article","isPartOf":{"@id":"https:\/\/conexion23.com\/?p=35647"},"author":{"name":"Raffy Ben\u00edtez","@id":"https:\/\/conexion23.com\/#\/schema\/person\/03e36043331117e97a373299bbcd30a6"},"headline":"PN apresa una persona con arma de fuego ilegal.","datePublished":"2024-12-13T12:14:04+00:00","dateModified":"2024-12-13T12:14:05+00:00","mainEntityOfPage":{"@id":"https:\/\/conexion23.com\/?p=35647"},"wordCount":150,"commentCount":0,"publisher":{"@id":"https:\/\/conexion23.com\/#organization"},"image":{"@id":"https:\/\/conexion23.com\/?p=35647#primaryimage"},"thumbnailUrl":"https:\/\/conexion23.com\/wp-content\/uploads\/2024\/12\/46dcad37-213d-479b-a67b-b791d4b9c0d7.jpg","articleSection":["SPM"],"inLanguage":"es","potentialAction":[{"@type":"CommentAction","name":"Comment","target":["https:\/\/conexion23.com\/?p=35647#respond"]}]},{"@type":"WebPage","@id":"https:\/\/conexion23.com\/?p=35647","url":"https:\/\/conexion23.com\/?p=35647","name":"PN apresa una persona con arma de fuego ilegal. - Conexi\u00f3n 23","isPartOf":{"@id":"https:\/\/conexion23.com\/#website"},"primaryImageOfPage":{"@id":"https:\/\/conexion23.com\/?p=35647#primaryimage"},"image":{"@id":"https:\/\/conexion23.com\/?p=35647#primaryimage"},"thumbnailUrl":"https:\/\/conexion23.com\/wp-content\/uploads\/2024\/12\/46dcad37-213d-479b-a67b-b791d4b9c0d7.jpg","datePublished":"2024-12-13T12:14:04+00:00","dateModified":"2024-12-13T12:14:05+00:00","breadcrumb":{"@id":"https:\/\/conexion23.com\/?p=35647#breadcrumb"},"inLanguage":"es","potentialAction":[{"@type":"ReadAction","target":["https:\/\/conexion23.com\/?p=35647"]}]},{"@type":"ImageObject","inLanguage":"es","@id":"https:\/\/conexion23.com\/?p=35647#primaryimage","url":"https:\/\/conexion23.com\/wp-content\/uploads\/2024\/12\/46dcad37-213d-479b-a67b-b791d4b9c0d7.jpg","contentUrl":"https:\/\/conexion23.com\/wp-content\/uploads\/2024\/12\/46dcad37-213d-479b-a67b-b791d4b9c0d7.jpg","width":780,"height":785},{"@type":"BreadcrumbList","@id":"https:\/\/conexion23.com\/?p=35647#breadcrumb","itemListElement":[{"@type":"ListItem","position":1,"name":"Portada","item":"https:\/\/conexion23.com\/"},{"@type":"ListItem","position":2,"name":"PN apresa una persona con arma de fuego ilegal."}]},{"@type":"WebSite","@id":"https:\/\/conexion23.com\/#website","url":"https:\/\/conexion23.com\/","name":"Conexi\u00f3n 23","description":"Peri\u00f3dico 100% Petromacorisano","publisher":{"@id":"https:\/\/conexion23.com\/#organization"},"potentialAction":[{"@type":"SearchAction","target":{"@type":"EntryPoint","urlTemplate":"https:\/\/conexion23.com\/?s={search_term_string}"},"query-input":{"@type":"PropertyValueSpecification","valueRequired":true,"valueName":"search_term_string"}}],"inLanguage":"es"},{"@type":"Organization","@id":"https:\/\/conexion23.com\/#organization","name":"Conexion 23","url":"https:\/\/conexion23.com\/","logo":{"@type":"ImageObject","inLanguage":"es","@id":"https:\/\/conexion23.com\/#\/schema\/logo\/image\/","url":"https:\/\/conexion23.com\/wp-content\/uploads\/2021\/11\/Diseno-sin-titulo-2.png","contentUrl":"https:\/\/conexion23.com\/wp-content\/uploads\/2021\/11\/Diseno-sin-titulo-2.png","width":541,"height":90,"caption":"Conexion 23"},"image":{"@id":"https:\/\/conexion23.com\/#\/schema\/logo\/image\/"},"sameAs":["https:\/\/www.facebook.com\/conexion23com","https:\/\/www.instagram.com\/conexion23com\/","https:\/\/www.youtube.com\/channel\/UCYc7vxxFZMYLIHNsHHxPZ3Q"]},{"@type":"Person","@id":"https:\/\/conexion23.com\/#\/schema\/person\/03e36043331117e97a373299bbcd30a6","name":"Raffy Ben\u00edtez","image":{"@type":"ImageObject","inLanguage":"es","@id":"https:\/\/conexion23.com\/#\/schema\/person\/image\/","url":"https:\/\/secure.gravatar.com\/avatar\/3190a6a6c5e1b0327500f7d6c56b6242472ee6cb974cf09b401ee6b3b0798f23?s=96&d=mm&r=g","contentUrl":"https:\/\/secure.gravatar.com\/avatar\/3190a6a6c5e1b0327500f7d6c56b6242472ee6cb974cf09b401ee6b3b0798f23?s=96&d=mm&r=g","caption":"Raffy Ben\u00edtez"},"url":"https:\/\/conexion23.com\/?author=15"}]}},"_links":{"self":[{"href":"https:\/\/conexion23.com\/index.php?rest_route=\/wp\/v2\/posts\/35647","targetHints":{"allow":["GET"]}}],"collection":[{"href":"https:\/\/conexion23.com\/index.php?rest_route=\/wp\/v2\/posts"}],"about":[{"href":"https:\/\/conexion23.com\/index.php?rest_route=\/wp\/v2\/types\/post"}],"author":[{"embeddable":true,"href":"https:\/\/conexion23.com\/index.php?rest_route=\/wp\/v2\/users\/15"}],"replies":[{"embeddable":true,"href":"https:\/\/conexion23.com\/index.php?rest_route=%2Fwp%2Fv2%2Fcomments&post=35647"}],"version-history":[{"count":1,"href":"https:\/\/conexion23.com\/index.php?rest_route=\/wp\/v2\/posts\/35647\/revisions"}],"predecessor-version":[{"id":35649,"href":"https:\/\/conexion23.com\/index.php?rest_route=\/wp\/v2\/posts\/35647\/revisions\/35649"}],"wp:featuredmedia":[{"embeddable":true,"href":"https:\/\/conexion23.com\/index.php?rest_route=\/wp\/v2\/media\/35648"}],"wp:attachment":[{"href":"https:\/\/conexion23.com\/index.php?rest_route=%2Fwp%2Fv2%2Fmedia&parent=35647"}],"wp:term":[{"taxonomy":"category","embeddable":true,"href":"https:\/\/conexion23.com\/index.php?rest_route=%2Fwp%2Fv2%2Fcategories&post=35647"},{"taxonomy":"post_tag","embeddable":true,"href":"https:\/\/conexion23.com\/index.php?rest_route=%2Fwp%2Fv2%2Ftags&post=35647"}],"curies":[{"name":"wp","href":"https:\/\/api.w.org\/{rel}","templated":true}]}}