{"id":35650,"date":"2024-12-13T08:16:58","date_gmt":"2024-12-13T12:16:58","guid":{"rendered":"https:\/\/conexion23.com\/?p=35650"},"modified":"2024-12-13T08:17:00","modified_gmt":"2024-12-13T12:17:00","slug":"ministerio-de-turismo-finaliza-proyecto-de-renovacion-del-malecon-de-san-pedro-de-macoris","status":"publish","type":"post","link":"https:\/\/conexion23.com\/?p=35650","title":{"rendered":"Ministerio de Turismo finaliza proyecto de renovaci\u00f3n del Malec\u00f3n de San Pedro de Macor\u00eds"},"content":{"rendered":"\n<p>El&nbsp;<strong>malec\u00f3n<\/strong>&nbsp;de&nbsp;<strong>San Pedro de Macor\u00eds<\/strong>&nbsp;est\u00e1 listo para ser inaugurado y solo se espera el retorno del ministro de Turismo,&nbsp;<strong>David Collado<\/strong>, que est\u00e1 en Estados Unidos y la coordinaci\u00f3n con la Presidencia para entregar la obra a los petromacorisanos.<\/p>\n\n\n\n<p>Se trata de un proyecto que tiene un costo superior a los 200 millones de pesos y comprende la construcci\u00f3n de nueve m\u00f3dulos, cada uno con dos casetas para los&nbsp;<strong>vendedores<\/strong>&nbsp;que durante a\u00f1os ofrec\u00edan sus mercanc\u00edas en condiciones deplorables.<\/p>\n\n\n\n<p>El proyecto tiene una extensi\u00f3n de 1.84 kil\u00f3metros e incluye la&nbsp;creaci\u00f3n de un parque lineal&nbsp;con un \u00e1rea total de intervenci\u00f3n de 60,000 metros cuadrados, dentro de los cuales se realizar\u00e1n los trabajos de unos 12,000 metros cuadrados de aceras.<\/p>\n\n\n\n<p>El ministro&nbsp;<strong>David Collado<\/strong>&nbsp;inform\u00f3 a&nbsp;<em>Diario Libre<\/em>&nbsp;que todo est\u00e1 listo y que tan pronto regrese al pa\u00eds coordinar\u00e1 con el presidente Luis Abinader el d\u00eda de la&nbsp;<strong>inauguraci\u00f3n<\/strong>.<\/p>\n\n\n\n<p>Manifest\u00f3 que a los&nbsp;<strong>vendedores<\/strong>&nbsp;los convirtieron en emprendedores y que cada uno de los locales comerciales fueron equipados con freezer y todos los electrodom\u00e9sticos que se necesitan para vender productos como pescado, uno de los principales atractivos en la zona.<\/p>\n\n\n\n<p>\u00abSe crear\u00e1 un patronato, porque los alcaldes no tienen c\u00f3mo mantener ese tipo de obra y entonces nosotros tenemos que volver a rehabilitarlo. Turismo no puede encargarse de eso, estamos tocando puertas con Cesar Iglesias que es de San Pedro y varios grupos econ\u00f3micos\u00bb, dijo Collado.<\/p>\n","protected":false},"excerpt":{"rendered":"<p>El&nbsp;malec\u00f3n&nbsp;de&nbsp;San Pedro de Macor\u00eds&nbsp;est\u00e1 listo para ser inaugurado y solo se espera el retorno del ministro de Turismo,&nbsp;David Collado, que est\u00e1 en Estados Unidos y la coordinaci\u00f3n con la Presidencia para entregar la obra a los petromacorisanos. Se trata de un proyecto que tiene un costo superior a los 200 millones de pesos y comprende [&hellip;]<\/p>\n","protected":false},"author":15,"featured_media":35651,"comment_status":"open","ping_status":"open","sticky":false,"template":"","format":"standard","meta":{"footnotes":""},"categories":[35],"tags":[],"class_list":{"0":"post-35650","1":"post","2":"type-post","3":"status-publish","4":"format-standard","5":"has-post-thumbnail","7":"category-spm"},"yoast_head":"<!-- This site is optimized with the Yoast SEO plugin v27.1.1 - https:\/\/yoast.com\/product\/yoast-seo-wordpress\/ -->\n<title>Ministerio de Turismo finaliza proyecto de renovaci\u00f3n del Malec\u00f3n de San Pedro de Macor\u00eds - Conexi\u00f3n 23<\/title>\n<meta name=\"robots\" content=\"index, follow, max-snippet:-1, max-image-preview:large, max-video-preview:-1\" \/>\n<link rel=\"canonical\" href=\"https:\/\/conexion23.com\/?p=35650\" \/>\n<meta property=\"og:locale\" content=\"es_ES\" \/>\n<meta property=\"og:type\" content=\"article\" \/>\n<meta property=\"og:title\" content=\"Ministerio de Turismo finaliza proyecto de renovaci\u00f3n del Malec\u00f3n de San Pedro de Macor\u00eds - Conexi\u00f3n 23\" \/>\n<meta property=\"og:description\" content=\"El&nbsp;malec\u00f3n&nbsp;de&nbsp;San Pedro de Macor\u00eds&nbsp;est\u00e1 listo para ser inaugurado y solo se espera el retorno del ministro de Turismo,&nbsp;David Collado, que est\u00e1 en Estados Unidos y la coordinaci\u00f3n con la Presidencia para entregar la obra a los petromacorisanos. Se trata de un proyecto que tiene un costo superior a los 200 millones de pesos y comprende [&hellip;]\" \/>\n<meta property=\"og:url\" content=\"https:\/\/conexion23.com\/?p=35650\" \/>\n<meta property=\"og:site_name\" content=\"Conexi\u00f3n 23\" \/>\n<meta property=\"article:publisher\" content=\"https:\/\/www.facebook.com\/conexion23com\" \/>\n<meta property=\"article:published_time\" content=\"2024-12-13T12:16:58+00:00\" \/>\n<meta property=\"article:modified_time\" content=\"2024-12-13T12:17:00+00:00\" \/>\n<meta property=\"og:image\" content=\"https:\/\/conexion23.com\/wp-content\/uploads\/2024\/12\/el-malecon-de-san-pedro-ya-esta-listo-para-su-inauguracion-focus-0-0-896-504.jpg\" \/>\n\t<meta property=\"og:image:width\" content=\"896\" \/>\n\t<meta property=\"og:image:height\" content=\"504\" \/>\n\t<meta property=\"og:image:type\" content=\"image\/jpeg\" \/>\n<meta name=\"author\" content=\"Raffy Ben\u00edtez\" \/>\n<meta name=\"twitter:card\" content=\"summary_large_image\" \/>\n<meta name=\"twitter:label1\" content=\"Escrito por\" \/>\n\t<meta name=\"twitter:data1\" content=\"Raffy Ben\u00edtez\" \/>\n\t<meta name=\"twitter:label2\" content=\"Tiempo de lectura\" \/>\n\t<meta name=\"twitter:data2\" content=\"2 minutos\" \/>\n<script type=\"application\/ld+json\" class=\"yoast-schema-graph\">{\"@context\":\"https:\/\/schema.org\",\"@graph\":[{\"@type\":\"Article\",\"@id\":\"https:\/\/conexion23.com\/?p=35650#article\",\"isPartOf\":{\"@id\":\"https:\/\/conexion23.com\/?p=35650\"},\"author\":{\"name\":\"Raffy Ben\u00edtez\",\"@id\":\"https:\/\/conexion23.com\/#\/schema\/person\/03e36043331117e97a373299bbcd30a6\"},\"headline\":\"Ministerio de Turismo finaliza proyecto de renovaci\u00f3n del Malec\u00f3n de San Pedro de Macor\u00eds\",\"datePublished\":\"2024-12-13T12:16:58+00:00\",\"dateModified\":\"2024-12-13T12:17:00+00:00\",\"mainEntityOfPage\":{\"@id\":\"https:\/\/conexion23.com\/?p=35650\"},\"wordCount\":288,\"commentCount\":0,\"publisher\":{\"@id\":\"https:\/\/conexion23.com\/#organization\"},\"image\":{\"@id\":\"https:\/\/conexion23.com\/?p=35650#primaryimage\"},\"thumbnailUrl\":\"https:\/\/conexion23.com\/wp-content\/uploads\/2024\/12\/el-malecon-de-san-pedro-ya-esta-listo-para-su-inauguracion-focus-0-0-896-504.jpg\",\"articleSection\":[\"SPM\"],\"inLanguage\":\"es\",\"potentialAction\":[{\"@type\":\"CommentAction\",\"name\":\"Comment\",\"target\":[\"https:\/\/conexion23.com\/?p=35650#respond\"]}]},{\"@type\":\"WebPage\",\"@id\":\"https:\/\/conexion23.com\/?p=35650\",\"url\":\"https:\/\/conexion23.com\/?p=35650\",\"name\":\"Ministerio de Turismo finaliza proyecto de renovaci\u00f3n del Malec\u00f3n de San Pedro de Macor\u00eds - Conexi\u00f3n 23\",\"isPartOf\":{\"@id\":\"https:\/\/conexion23.com\/#website\"},\"primaryImageOfPage\":{\"@id\":\"https:\/\/conexion23.com\/?p=35650#primaryimage\"},\"image\":{\"@id\":\"https:\/\/conexion23.com\/?p=35650#primaryimage\"},\"thumbnailUrl\":\"https:\/\/conexion23.com\/wp-content\/uploads\/2024\/12\/el-malecon-de-san-pedro-ya-esta-listo-para-su-inauguracion-focus-0-0-896-504.jpg\",\"datePublished\":\"2024-12-13T12:16:58+00:00\",\"dateModified\":\"2024-12-13T12:17:00+00:00\",\"breadcrumb\":{\"@id\":\"https:\/\/conexion23.com\/?p=35650#breadcrumb\"},\"inLanguage\":\"es\",\"potentialAction\":[{\"@type\":\"ReadAction\",\"target\":[\"https:\/\/conexion23.com\/?p=35650\"]}]},{\"@type\":\"ImageObject\",\"inLanguage\":\"es\",\"@id\":\"https:\/\/conexion23.com\/?p=35650#primaryimage\",\"url\":\"https:\/\/conexion23.com\/wp-content\/uploads\/2024\/12\/el-malecon-de-san-pedro-ya-esta-listo-para-su-inauguracion-focus-0-0-896-504.jpg\",\"contentUrl\":\"https:\/\/conexion23.com\/wp-content\/uploads\/2024\/12\/el-malecon-de-san-pedro-ya-esta-listo-para-su-inauguracion-focus-0-0-896-504.jpg\",\"width\":896,\"height\":504},{\"@type\":\"BreadcrumbList\",\"@id\":\"https:\/\/conexion23.com\/?p=35650#breadcrumb\",\"itemListElement\":[{\"@type\":\"ListItem\",\"position\":1,\"name\":\"Portada\",\"item\":\"https:\/\/conexion23.com\/\"},{\"@type\":\"ListItem\",\"position\":2,\"name\":\"Ministerio de Turismo finaliza proyecto de renovaci\u00f3n del Malec\u00f3n de San Pedro de Macor\u00eds\"}]},{\"@type\":\"WebSite\",\"@id\":\"https:\/\/conexion23.com\/#website\",\"url\":\"https:\/\/conexion23.com\/\",\"name\":\"Conexi\u00f3n 23\",\"description\":\"Peri\u00f3dico 100% Petromacorisano\",\"publisher\":{\"@id\":\"https:\/\/conexion23.com\/#organization\"},\"potentialAction\":[{\"@type\":\"SearchAction\",\"target\":{\"@type\":\"EntryPoint\",\"urlTemplate\":\"https:\/\/conexion23.com\/?s={search_term_string}\"},\"query-input\":{\"@type\":\"PropertyValueSpecification\",\"valueRequired\":true,\"valueName\":\"search_term_string\"}}],\"inLanguage\":\"es\"},{\"@type\":\"Organization\",\"@id\":\"https:\/\/conexion23.com\/#organization\",\"name\":\"Conexion 23\",\"url\":\"https:\/\/conexion23.com\/\",\"logo\":{\"@type\":\"ImageObject\",\"inLanguage\":\"es\",\"@id\":\"https:\/\/conexion23.com\/#\/schema\/logo\/image\/\",\"url\":\"https:\/\/conexion23.com\/wp-content\/uploads\/2021\/11\/Diseno-sin-titulo-2.png\",\"contentUrl\":\"https:\/\/conexion23.com\/wp-content\/uploads\/2021\/11\/Diseno-sin-titulo-2.png\",\"width\":541,\"height\":90,\"caption\":\"Conexion 23\"},\"image\":{\"@id\":\"https:\/\/conexion23.com\/#\/schema\/logo\/image\/\"},\"sameAs\":[\"https:\/\/www.facebook.com\/conexion23com\",\"https:\/\/www.instagram.com\/conexion23com\/\",\"https:\/\/www.youtube.com\/channel\/UCYc7vxxFZMYLIHNsHHxPZ3Q\"]},{\"@type\":\"Person\",\"@id\":\"https:\/\/conexion23.com\/#\/schema\/person\/03e36043331117e97a373299bbcd30a6\",\"name\":\"Raffy Ben\u00edtez\",\"image\":{\"@type\":\"ImageObject\",\"inLanguage\":\"es\",\"@id\":\"https:\/\/conexion23.com\/#\/schema\/person\/image\/\",\"url\":\"https:\/\/secure.gravatar.com\/avatar\/3190a6a6c5e1b0327500f7d6c56b6242472ee6cb974cf09b401ee6b3b0798f23?s=96&d=mm&r=g\",\"contentUrl\":\"https:\/\/secure.gravatar.com\/avatar\/3190a6a6c5e1b0327500f7d6c56b6242472ee6cb974cf09b401ee6b3b0798f23?s=96&d=mm&r=g\",\"caption\":\"Raffy Ben\u00edtez\"},\"url\":\"https:\/\/conexion23.com\/?author=15\"}]}<\/script>\n<!-- \/ Yoast SEO plugin. -->","yoast_head_json":{"title":"Ministerio de Turismo finaliza proyecto de renovaci\u00f3n del Malec\u00f3n de San Pedro de Macor\u00eds - Conexi\u00f3n 23","robots":{"index":"index","follow":"follow","max-snippet":"max-snippet:-1","max-image-preview":"max-image-preview:large","max-video-preview":"max-video-preview:-1"},"canonical":"https:\/\/conexion23.com\/?p=35650","og_locale":"es_ES","og_type":"article","og_title":"Ministerio de Turismo finaliza proyecto de renovaci\u00f3n del Malec\u00f3n de San Pedro de Macor\u00eds - Conexi\u00f3n 23","og_description":"El&nbsp;malec\u00f3n&nbsp;de&nbsp;San Pedro de Macor\u00eds&nbsp;est\u00e1 listo para ser inaugurado y solo se espera el retorno del ministro de Turismo,&nbsp;David Collado, que est\u00e1 en Estados Unidos y la coordinaci\u00f3n con la Presidencia para entregar la obra a los petromacorisanos. Se trata de un proyecto que tiene un costo superior a los 200 millones de pesos y comprende [&hellip;]","og_url":"https:\/\/conexion23.com\/?p=35650","og_site_name":"Conexi\u00f3n 23","article_publisher":"https:\/\/www.facebook.com\/conexion23com","article_published_time":"2024-12-13T12:16:58+00:00","article_modified_time":"2024-12-13T12:17:00+00:00","og_image":[{"width":896,"height":504,"url":"https:\/\/conexion23.com\/wp-content\/uploads\/2024\/12\/el-malecon-de-san-pedro-ya-esta-listo-para-su-inauguracion-focus-0-0-896-504.jpg","type":"image\/jpeg"}],"author":"Raffy Ben\u00edtez","twitter_card":"summary_large_image","twitter_misc":{"Escrito por":"Raffy Ben\u00edtez","Tiempo de lectura":"2 minutos"},"schema":{"@context":"https:\/\/schema.org","@graph":[{"@type":"Article","@id":"https:\/\/conexion23.com\/?p=35650#article","isPartOf":{"@id":"https:\/\/conexion23.com\/?p=35650"},"author":{"name":"Raffy Ben\u00edtez","@id":"https:\/\/conexion23.com\/#\/schema\/person\/03e36043331117e97a373299bbcd30a6"},"headline":"Ministerio de Turismo finaliza proyecto de renovaci\u00f3n del Malec\u00f3n de San Pedro de Macor\u00eds","datePublished":"2024-12-13T12:16:58+00:00","dateModified":"2024-12-13T12:17:00+00:00","mainEntityOfPage":{"@id":"https:\/\/conexion23.com\/?p=35650"},"wordCount":288,"commentCount":0,"publisher":{"@id":"https:\/\/conexion23.com\/#organization"},"image":{"@id":"https:\/\/conexion23.com\/?p=35650#primaryimage"},"thumbnailUrl":"https:\/\/conexion23.com\/wp-content\/uploads\/2024\/12\/el-malecon-de-san-pedro-ya-esta-listo-para-su-inauguracion-focus-0-0-896-504.jpg","articleSection":["SPM"],"inLanguage":"es","potentialAction":[{"@type":"CommentAction","name":"Comment","target":["https:\/\/conexion23.com\/?p=35650#respond"]}]},{"@type":"WebPage","@id":"https:\/\/conexion23.com\/?p=35650","url":"https:\/\/conexion23.com\/?p=35650","name":"Ministerio de Turismo finaliza proyecto de renovaci\u00f3n del Malec\u00f3n de San Pedro de Macor\u00eds - Conexi\u00f3n 23","isPartOf":{"@id":"https:\/\/conexion23.com\/#website"},"primaryImageOfPage":{"@id":"https:\/\/conexion23.com\/?p=35650#primaryimage"},"image":{"@id":"https:\/\/conexion23.com\/?p=35650#primaryimage"},"thumbnailUrl":"https:\/\/conexion23.com\/wp-content\/uploads\/2024\/12\/el-malecon-de-san-pedro-ya-esta-listo-para-su-inauguracion-focus-0-0-896-504.jpg","datePublished":"2024-12-13T12:16:58+00:00","dateModified":"2024-12-13T12:17:00+00:00","breadcrumb":{"@id":"https:\/\/conexion23.com\/?p=35650#breadcrumb"},"inLanguage":"es","potentialAction":[{"@type":"ReadAction","target":["https:\/\/conexion23.com\/?p=35650"]}]},{"@type":"ImageObject","inLanguage":"es","@id":"https:\/\/conexion23.com\/?p=35650#primaryimage","url":"https:\/\/conexion23.com\/wp-content\/uploads\/2024\/12\/el-malecon-de-san-pedro-ya-esta-listo-para-su-inauguracion-focus-0-0-896-504.jpg","contentUrl":"https:\/\/conexion23.com\/wp-content\/uploads\/2024\/12\/el-malecon-de-san-pedro-ya-esta-listo-para-su-inauguracion-focus-0-0-896-504.jpg","width":896,"height":504},{"@type":"BreadcrumbList","@id":"https:\/\/conexion23.com\/?p=35650#breadcrumb","itemListElement":[{"@type":"ListItem","position":1,"name":"Portada","item":"https:\/\/conexion23.com\/"},{"@type":"ListItem","position":2,"name":"Ministerio de Turismo finaliza proyecto de renovaci\u00f3n del Malec\u00f3n de San Pedro de Macor\u00eds"}]},{"@type":"WebSite","@id":"https:\/\/conexion23.com\/#website","url":"https:\/\/conexion23.com\/","name":"Conexi\u00f3n 23","description":"Peri\u00f3dico 100% Petromacorisano","publisher":{"@id":"https:\/\/conexion23.com\/#organization"},"potentialAction":[{"@type":"SearchAction","target":{"@type":"EntryPoint","urlTemplate":"https:\/\/conexion23.com\/?s={search_term_string}"},"query-input":{"@type":"PropertyValueSpecification","valueRequired":true,"valueName":"search_term_string"}}],"inLanguage":"es"},{"@type":"Organization","@id":"https:\/\/conexion23.com\/#organization","name":"Conexion 23","url":"https:\/\/conexion23.com\/","logo":{"@type":"ImageObject","inLanguage":"es","@id":"https:\/\/conexion23.com\/#\/schema\/logo\/image\/","url":"https:\/\/conexion23.com\/wp-content\/uploads\/2021\/11\/Diseno-sin-titulo-2.png","contentUrl":"https:\/\/conexion23.com\/wp-content\/uploads\/2021\/11\/Diseno-sin-titulo-2.png","width":541,"height":90,"caption":"Conexion 23"},"image":{"@id":"https:\/\/conexion23.com\/#\/schema\/logo\/image\/"},"sameAs":["https:\/\/www.facebook.com\/conexion23com","https:\/\/www.instagram.com\/conexion23com\/","https:\/\/www.youtube.com\/channel\/UCYc7vxxFZMYLIHNsHHxPZ3Q"]},{"@type":"Person","@id":"https:\/\/conexion23.com\/#\/schema\/person\/03e36043331117e97a373299bbcd30a6","name":"Raffy Ben\u00edtez","image":{"@type":"ImageObject","inLanguage":"es","@id":"https:\/\/conexion23.com\/#\/schema\/person\/image\/","url":"https:\/\/secure.gravatar.com\/avatar\/3190a6a6c5e1b0327500f7d6c56b6242472ee6cb974cf09b401ee6b3b0798f23?s=96&d=mm&r=g","contentUrl":"https:\/\/secure.gravatar.com\/avatar\/3190a6a6c5e1b0327500f7d6c56b6242472ee6cb974cf09b401ee6b3b0798f23?s=96&d=mm&r=g","caption":"Raffy Ben\u00edtez"},"url":"https:\/\/conexion23.com\/?author=15"}]}},"_links":{"self":[{"href":"https:\/\/conexion23.com\/index.php?rest_route=\/wp\/v2\/posts\/35650","targetHints":{"allow":["GET"]}}],"collection":[{"href":"https:\/\/conexion23.com\/index.php?rest_route=\/wp\/v2\/posts"}],"about":[{"href":"https:\/\/conexion23.com\/index.php?rest_route=\/wp\/v2\/types\/post"}],"author":[{"embeddable":true,"href":"https:\/\/conexion23.com\/index.php?rest_route=\/wp\/v2\/users\/15"}],"replies":[{"embeddable":true,"href":"https:\/\/conexion23.com\/index.php?rest_route=%2Fwp%2Fv2%2Fcomments&post=35650"}],"version-history":[{"count":1,"href":"https:\/\/conexion23.com\/index.php?rest_route=\/wp\/v2\/posts\/35650\/revisions"}],"predecessor-version":[{"id":35652,"href":"https:\/\/conexion23.com\/index.php?rest_route=\/wp\/v2\/posts\/35650\/revisions\/35652"}],"wp:featuredmedia":[{"embeddable":true,"href":"https:\/\/conexion23.com\/index.php?rest_route=\/wp\/v2\/media\/35651"}],"wp:attachment":[{"href":"https:\/\/conexion23.com\/index.php?rest_route=%2Fwp%2Fv2%2Fmedia&parent=35650"}],"wp:term":[{"taxonomy":"category","embeddable":true,"href":"https:\/\/conexion23.com\/index.php?rest_route=%2Fwp%2Fv2%2Fcategories&post=35650"},{"taxonomy":"post_tag","embeddable":true,"href":"https:\/\/conexion23.com\/index.php?rest_route=%2Fwp%2Fv2%2Ftags&post=35650"}],"curies":[{"name":"wp","href":"https:\/\/api.w.org\/{rel}","templated":true}]}}