{"id":35660,"date":"2024-12-14T07:17:48","date_gmt":"2024-12-14T11:17:48","guid":{"rendered":"https:\/\/conexion23.com\/?p=35660"},"modified":"2024-12-14T07:17:49","modified_gmt":"2024-12-14T11:17:49","slug":"la-policia-nacional-arresta-a-cinco-haitianos-por-violacion-sexual-a-menor-en-arenoso","status":"publish","type":"post","link":"https:\/\/conexion23.com\/?p=35660","title":{"rendered":"La Polic\u00eda Nacional Arresta a Cinco Haitianos por Violaci\u00f3n Sexual a Menor en Arenoso"},"content":{"rendered":"\n<p>La Polic\u00eda Nacional ha detenido a cinco ciudadanos haitianos, quienes est\u00e1n siendo acusados de violar sexualmente a una menor de 12 a\u00f1os, en un hecho ocurrido en el municipio de Arenoso, provincia Duarte. Los nombres de los detenidos no han sido divulgados por las autoridades.<\/p>\n\n\n\n<p>Las detenciones se produjeron tras las investigaciones realizadas por la uniformada, quienes confirmaron la participaci\u00f3n de los arrestados en el delito. Seg\u00fan el informe policial, dos de los detenidos han admitido su implicaci\u00f3n en el crimen.<\/p>\n\n\n\n<p>El suceso ocurri\u00f3 el mi\u00e9rcoles 11 de diciembre en una comunidad rural de Arenoso. La v\u00edctima, cuyo nombre se omite por razones legales, est\u00e1 siendo protegida y cuidada por las autoridades competentes en la provincia Duarte.<\/p>\n\n\n\n<p>Los detenidos ser\u00e1n presentados en las pr\u00f3ximas horas ante el Ministerio P\u00fablico para las acciones legales correspondientes.<\/p>\n","protected":false},"excerpt":{"rendered":"<p>La Polic\u00eda Nacional ha detenido a cinco ciudadanos haitianos, quienes est\u00e1n siendo acusados de violar sexualmente a una menor de 12 a\u00f1os, en un hecho ocurrido en el municipio de Arenoso, provincia Duarte. Los nombres de los detenidos no han sido divulgados por las autoridades. Las detenciones se produjeron tras las investigaciones realizadas por la [&hellip;]<\/p>\n","protected":false},"author":15,"featured_media":35661,"comment_status":"open","ping_status":"open","sticky":false,"template":"","format":"standard","meta":{"footnotes":""},"categories":[1],"tags":[],"class_list":{"0":"post-35660","1":"post","2":"type-post","3":"status-publish","4":"format-standard","5":"has-post-thumbnail","7":"category-uncategorized"},"yoast_head":"<!-- This site is optimized with the Yoast SEO plugin v27.1.1 - https:\/\/yoast.com\/product\/yoast-seo-wordpress\/ -->\n<title>La Polic\u00eda Nacional Arresta a Cinco Haitianos por Violaci\u00f3n Sexual a Menor en Arenoso - Conexi\u00f3n 23<\/title>\n<meta name=\"robots\" content=\"index, follow, max-snippet:-1, max-image-preview:large, max-video-preview:-1\" \/>\n<link rel=\"canonical\" href=\"https:\/\/conexion23.com\/?p=35660\" \/>\n<meta property=\"og:locale\" content=\"es_ES\" \/>\n<meta property=\"og:type\" content=\"article\" \/>\n<meta property=\"og:title\" content=\"La Polic\u00eda Nacional Arresta a Cinco Haitianos por Violaci\u00f3n Sexual a Menor en Arenoso - Conexi\u00f3n 23\" \/>\n<meta property=\"og:description\" content=\"La Polic\u00eda Nacional ha detenido a cinco ciudadanos haitianos, quienes est\u00e1n siendo acusados de violar sexualmente a una menor de 12 a\u00f1os, en un hecho ocurrido en el municipio de Arenoso, provincia Duarte. Los nombres de los detenidos no han sido divulgados por las autoridades. Las detenciones se produjeron tras las investigaciones realizadas por la [&hellip;]\" \/>\n<meta property=\"og:url\" content=\"https:\/\/conexion23.com\/?p=35660\" \/>\n<meta property=\"og:site_name\" content=\"Conexi\u00f3n 23\" \/>\n<meta property=\"article:publisher\" content=\"https:\/\/www.facebook.com\/conexion23com\" \/>\n<meta property=\"article:published_time\" content=\"2024-12-14T11:17:48+00:00\" \/>\n<meta property=\"article:modified_time\" content=\"2024-12-14T11:17:49+00:00\" \/>\n<meta property=\"og:image\" content=\"https:\/\/conexion23.com\/wp-content\/uploads\/2024\/12\/download-1-8.jpg\" \/>\n\t<meta property=\"og:image:width\" content=\"300\" \/>\n\t<meta property=\"og:image:height\" content=\"168\" \/>\n\t<meta property=\"og:image:type\" content=\"image\/jpeg\" \/>\n<meta name=\"author\" content=\"Raffy Ben\u00edtez\" \/>\n<meta name=\"twitter:card\" content=\"summary_large_image\" \/>\n<meta name=\"twitter:label1\" content=\"Escrito por\" \/>\n\t<meta name=\"twitter:data1\" content=\"Raffy Ben\u00edtez\" \/>\n\t<meta name=\"twitter:label2\" content=\"Tiempo de lectura\" \/>\n\t<meta name=\"twitter:data2\" content=\"1 minuto\" \/>\n<script type=\"application\/ld+json\" class=\"yoast-schema-graph\">{\"@context\":\"https:\/\/schema.org\",\"@graph\":[{\"@type\":\"Article\",\"@id\":\"https:\/\/conexion23.com\/?p=35660#article\",\"isPartOf\":{\"@id\":\"https:\/\/conexion23.com\/?p=35660\"},\"author\":{\"name\":\"Raffy Ben\u00edtez\",\"@id\":\"https:\/\/conexion23.com\/#\/schema\/person\/03e36043331117e97a373299bbcd30a6\"},\"headline\":\"La Polic\u00eda Nacional Arresta a Cinco Haitianos por Violaci\u00f3n Sexual a Menor en Arenoso\",\"datePublished\":\"2024-12-14T11:17:48+00:00\",\"dateModified\":\"2024-12-14T11:17:49+00:00\",\"mainEntityOfPage\":{\"@id\":\"https:\/\/conexion23.com\/?p=35660\"},\"wordCount\":159,\"commentCount\":0,\"publisher\":{\"@id\":\"https:\/\/conexion23.com\/#organization\"},\"image\":{\"@id\":\"https:\/\/conexion23.com\/?p=35660#primaryimage\"},\"thumbnailUrl\":\"https:\/\/conexion23.com\/wp-content\/uploads\/2024\/12\/download-1-8.jpg\",\"articleSection\":[\"Uncategorized\"],\"inLanguage\":\"es\",\"potentialAction\":[{\"@type\":\"CommentAction\",\"name\":\"Comment\",\"target\":[\"https:\/\/conexion23.com\/?p=35660#respond\"]}]},{\"@type\":\"WebPage\",\"@id\":\"https:\/\/conexion23.com\/?p=35660\",\"url\":\"https:\/\/conexion23.com\/?p=35660\",\"name\":\"La Polic\u00eda Nacional Arresta a Cinco Haitianos por Violaci\u00f3n Sexual a Menor en Arenoso - Conexi\u00f3n 23\",\"isPartOf\":{\"@id\":\"https:\/\/conexion23.com\/#website\"},\"primaryImageOfPage\":{\"@id\":\"https:\/\/conexion23.com\/?p=35660#primaryimage\"},\"image\":{\"@id\":\"https:\/\/conexion23.com\/?p=35660#primaryimage\"},\"thumbnailUrl\":\"https:\/\/conexion23.com\/wp-content\/uploads\/2024\/12\/download-1-8.jpg\",\"datePublished\":\"2024-12-14T11:17:48+00:00\",\"dateModified\":\"2024-12-14T11:17:49+00:00\",\"breadcrumb\":{\"@id\":\"https:\/\/conexion23.com\/?p=35660#breadcrumb\"},\"inLanguage\":\"es\",\"potentialAction\":[{\"@type\":\"ReadAction\",\"target\":[\"https:\/\/conexion23.com\/?p=35660\"]}]},{\"@type\":\"ImageObject\",\"inLanguage\":\"es\",\"@id\":\"https:\/\/conexion23.com\/?p=35660#primaryimage\",\"url\":\"https:\/\/conexion23.com\/wp-content\/uploads\/2024\/12\/download-1-8.jpg\",\"contentUrl\":\"https:\/\/conexion23.com\/wp-content\/uploads\/2024\/12\/download-1-8.jpg\",\"width\":300,\"height\":168},{\"@type\":\"BreadcrumbList\",\"@id\":\"https:\/\/conexion23.com\/?p=35660#breadcrumb\",\"itemListElement\":[{\"@type\":\"ListItem\",\"position\":1,\"name\":\"Portada\",\"item\":\"https:\/\/conexion23.com\/\"},{\"@type\":\"ListItem\",\"position\":2,\"name\":\"La Polic\u00eda Nacional Arresta a Cinco Haitianos por Violaci\u00f3n Sexual a Menor en Arenoso\"}]},{\"@type\":\"WebSite\",\"@id\":\"https:\/\/conexion23.com\/#website\",\"url\":\"https:\/\/conexion23.com\/\",\"name\":\"Conexi\u00f3n 23\",\"description\":\"Peri\u00f3dico 100% Petromacorisano\",\"publisher\":{\"@id\":\"https:\/\/conexion23.com\/#organization\"},\"potentialAction\":[{\"@type\":\"SearchAction\",\"target\":{\"@type\":\"EntryPoint\",\"urlTemplate\":\"https:\/\/conexion23.com\/?s={search_term_string}\"},\"query-input\":{\"@type\":\"PropertyValueSpecification\",\"valueRequired\":true,\"valueName\":\"search_term_string\"}}],\"inLanguage\":\"es\"},{\"@type\":\"Organization\",\"@id\":\"https:\/\/conexion23.com\/#organization\",\"name\":\"Conexion 23\",\"url\":\"https:\/\/conexion23.com\/\",\"logo\":{\"@type\":\"ImageObject\",\"inLanguage\":\"es\",\"@id\":\"https:\/\/conexion23.com\/#\/schema\/logo\/image\/\",\"url\":\"https:\/\/conexion23.com\/wp-content\/uploads\/2021\/11\/Diseno-sin-titulo-2.png\",\"contentUrl\":\"https:\/\/conexion23.com\/wp-content\/uploads\/2021\/11\/Diseno-sin-titulo-2.png\",\"width\":541,\"height\":90,\"caption\":\"Conexion 23\"},\"image\":{\"@id\":\"https:\/\/conexion23.com\/#\/schema\/logo\/image\/\"},\"sameAs\":[\"https:\/\/www.facebook.com\/conexion23com\",\"https:\/\/www.instagram.com\/conexion23com\/\",\"https:\/\/www.youtube.com\/channel\/UCYc7vxxFZMYLIHNsHHxPZ3Q\"]},{\"@type\":\"Person\",\"@id\":\"https:\/\/conexion23.com\/#\/schema\/person\/03e36043331117e97a373299bbcd30a6\",\"name\":\"Raffy Ben\u00edtez\",\"image\":{\"@type\":\"ImageObject\",\"inLanguage\":\"es\",\"@id\":\"https:\/\/conexion23.com\/#\/schema\/person\/image\/\",\"url\":\"https:\/\/secure.gravatar.com\/avatar\/3190a6a6c5e1b0327500f7d6c56b6242472ee6cb974cf09b401ee6b3b0798f23?s=96&d=mm&r=g\",\"contentUrl\":\"https:\/\/secure.gravatar.com\/avatar\/3190a6a6c5e1b0327500f7d6c56b6242472ee6cb974cf09b401ee6b3b0798f23?s=96&d=mm&r=g\",\"caption\":\"Raffy Ben\u00edtez\"},\"url\":\"https:\/\/conexion23.com\/?author=15\"}]}<\/script>\n<!-- \/ Yoast SEO plugin. -->","yoast_head_json":{"title":"La Polic\u00eda Nacional Arresta a Cinco Haitianos por Violaci\u00f3n Sexual a Menor en Arenoso - Conexi\u00f3n 23","robots":{"index":"index","follow":"follow","max-snippet":"max-snippet:-1","max-image-preview":"max-image-preview:large","max-video-preview":"max-video-preview:-1"},"canonical":"https:\/\/conexion23.com\/?p=35660","og_locale":"es_ES","og_type":"article","og_title":"La Polic\u00eda Nacional Arresta a Cinco Haitianos por Violaci\u00f3n Sexual a Menor en Arenoso - Conexi\u00f3n 23","og_description":"La Polic\u00eda Nacional ha detenido a cinco ciudadanos haitianos, quienes est\u00e1n siendo acusados de violar sexualmente a una menor de 12 a\u00f1os, en un hecho ocurrido en el municipio de Arenoso, provincia Duarte. Los nombres de los detenidos no han sido divulgados por las autoridades. Las detenciones se produjeron tras las investigaciones realizadas por la [&hellip;]","og_url":"https:\/\/conexion23.com\/?p=35660","og_site_name":"Conexi\u00f3n 23","article_publisher":"https:\/\/www.facebook.com\/conexion23com","article_published_time":"2024-12-14T11:17:48+00:00","article_modified_time":"2024-12-14T11:17:49+00:00","og_image":[{"width":300,"height":168,"url":"https:\/\/conexion23.com\/wp-content\/uploads\/2024\/12\/download-1-8.jpg","type":"image\/jpeg"}],"author":"Raffy Ben\u00edtez","twitter_card":"summary_large_image","twitter_misc":{"Escrito por":"Raffy Ben\u00edtez","Tiempo de lectura":"1 minuto"},"schema":{"@context":"https:\/\/schema.org","@graph":[{"@type":"Article","@id":"https:\/\/conexion23.com\/?p=35660#article","isPartOf":{"@id":"https:\/\/conexion23.com\/?p=35660"},"author":{"name":"Raffy Ben\u00edtez","@id":"https:\/\/conexion23.com\/#\/schema\/person\/03e36043331117e97a373299bbcd30a6"},"headline":"La Polic\u00eda Nacional Arresta a Cinco Haitianos por Violaci\u00f3n Sexual a Menor en Arenoso","datePublished":"2024-12-14T11:17:48+00:00","dateModified":"2024-12-14T11:17:49+00:00","mainEntityOfPage":{"@id":"https:\/\/conexion23.com\/?p=35660"},"wordCount":159,"commentCount":0,"publisher":{"@id":"https:\/\/conexion23.com\/#organization"},"image":{"@id":"https:\/\/conexion23.com\/?p=35660#primaryimage"},"thumbnailUrl":"https:\/\/conexion23.com\/wp-content\/uploads\/2024\/12\/download-1-8.jpg","articleSection":["Uncategorized"],"inLanguage":"es","potentialAction":[{"@type":"CommentAction","name":"Comment","target":["https:\/\/conexion23.com\/?p=35660#respond"]}]},{"@type":"WebPage","@id":"https:\/\/conexion23.com\/?p=35660","url":"https:\/\/conexion23.com\/?p=35660","name":"La Polic\u00eda Nacional Arresta a Cinco Haitianos por Violaci\u00f3n Sexual a Menor en Arenoso - Conexi\u00f3n 23","isPartOf":{"@id":"https:\/\/conexion23.com\/#website"},"primaryImageOfPage":{"@id":"https:\/\/conexion23.com\/?p=35660#primaryimage"},"image":{"@id":"https:\/\/conexion23.com\/?p=35660#primaryimage"},"thumbnailUrl":"https:\/\/conexion23.com\/wp-content\/uploads\/2024\/12\/download-1-8.jpg","datePublished":"2024-12-14T11:17:48+00:00","dateModified":"2024-12-14T11:17:49+00:00","breadcrumb":{"@id":"https:\/\/conexion23.com\/?p=35660#breadcrumb"},"inLanguage":"es","potentialAction":[{"@type":"ReadAction","target":["https:\/\/conexion23.com\/?p=35660"]}]},{"@type":"ImageObject","inLanguage":"es","@id":"https:\/\/conexion23.com\/?p=35660#primaryimage","url":"https:\/\/conexion23.com\/wp-content\/uploads\/2024\/12\/download-1-8.jpg","contentUrl":"https:\/\/conexion23.com\/wp-content\/uploads\/2024\/12\/download-1-8.jpg","width":300,"height":168},{"@type":"BreadcrumbList","@id":"https:\/\/conexion23.com\/?p=35660#breadcrumb","itemListElement":[{"@type":"ListItem","position":1,"name":"Portada","item":"https:\/\/conexion23.com\/"},{"@type":"ListItem","position":2,"name":"La Polic\u00eda Nacional Arresta a Cinco Haitianos por Violaci\u00f3n Sexual a Menor en Arenoso"}]},{"@type":"WebSite","@id":"https:\/\/conexion23.com\/#website","url":"https:\/\/conexion23.com\/","name":"Conexi\u00f3n 23","description":"Peri\u00f3dico 100% Petromacorisano","publisher":{"@id":"https:\/\/conexion23.com\/#organization"},"potentialAction":[{"@type":"SearchAction","target":{"@type":"EntryPoint","urlTemplate":"https:\/\/conexion23.com\/?s={search_term_string}"},"query-input":{"@type":"PropertyValueSpecification","valueRequired":true,"valueName":"search_term_string"}}],"inLanguage":"es"},{"@type":"Organization","@id":"https:\/\/conexion23.com\/#organization","name":"Conexion 23","url":"https:\/\/conexion23.com\/","logo":{"@type":"ImageObject","inLanguage":"es","@id":"https:\/\/conexion23.com\/#\/schema\/logo\/image\/","url":"https:\/\/conexion23.com\/wp-content\/uploads\/2021\/11\/Diseno-sin-titulo-2.png","contentUrl":"https:\/\/conexion23.com\/wp-content\/uploads\/2021\/11\/Diseno-sin-titulo-2.png","width":541,"height":90,"caption":"Conexion 23"},"image":{"@id":"https:\/\/conexion23.com\/#\/schema\/logo\/image\/"},"sameAs":["https:\/\/www.facebook.com\/conexion23com","https:\/\/www.instagram.com\/conexion23com\/","https:\/\/www.youtube.com\/channel\/UCYc7vxxFZMYLIHNsHHxPZ3Q"]},{"@type":"Person","@id":"https:\/\/conexion23.com\/#\/schema\/person\/03e36043331117e97a373299bbcd30a6","name":"Raffy Ben\u00edtez","image":{"@type":"ImageObject","inLanguage":"es","@id":"https:\/\/conexion23.com\/#\/schema\/person\/image\/","url":"https:\/\/secure.gravatar.com\/avatar\/3190a6a6c5e1b0327500f7d6c56b6242472ee6cb974cf09b401ee6b3b0798f23?s=96&d=mm&r=g","contentUrl":"https:\/\/secure.gravatar.com\/avatar\/3190a6a6c5e1b0327500f7d6c56b6242472ee6cb974cf09b401ee6b3b0798f23?s=96&d=mm&r=g","caption":"Raffy Ben\u00edtez"},"url":"https:\/\/conexion23.com\/?author=15"}]}},"_links":{"self":[{"href":"https:\/\/conexion23.com\/index.php?rest_route=\/wp\/v2\/posts\/35660","targetHints":{"allow":["GET"]}}],"collection":[{"href":"https:\/\/conexion23.com\/index.php?rest_route=\/wp\/v2\/posts"}],"about":[{"href":"https:\/\/conexion23.com\/index.php?rest_route=\/wp\/v2\/types\/post"}],"author":[{"embeddable":true,"href":"https:\/\/conexion23.com\/index.php?rest_route=\/wp\/v2\/users\/15"}],"replies":[{"embeddable":true,"href":"https:\/\/conexion23.com\/index.php?rest_route=%2Fwp%2Fv2%2Fcomments&post=35660"}],"version-history":[{"count":1,"href":"https:\/\/conexion23.com\/index.php?rest_route=\/wp\/v2\/posts\/35660\/revisions"}],"predecessor-version":[{"id":35662,"href":"https:\/\/conexion23.com\/index.php?rest_route=\/wp\/v2\/posts\/35660\/revisions\/35662"}],"wp:featuredmedia":[{"embeddable":true,"href":"https:\/\/conexion23.com\/index.php?rest_route=\/wp\/v2\/media\/35661"}],"wp:attachment":[{"href":"https:\/\/conexion23.com\/index.php?rest_route=%2Fwp%2Fv2%2Fmedia&parent=35660"}],"wp:term":[{"taxonomy":"category","embeddable":true,"href":"https:\/\/conexion23.com\/index.php?rest_route=%2Fwp%2Fv2%2Fcategories&post=35660"},{"taxonomy":"post_tag","embeddable":true,"href":"https:\/\/conexion23.com\/index.php?rest_route=%2Fwp%2Fv2%2Ftags&post=35660"}],"curies":[{"name":"wp","href":"https:\/\/api.w.org\/{rel}","templated":true}]}}