{"id":35663,"date":"2024-12-14T07:25:23","date_gmt":"2024-12-14T11:25:23","guid":{"rendered":"https:\/\/conexion23.com\/?p=35663"},"modified":"2024-12-14T07:25:24","modified_gmt":"2024-12-14T11:25:24","slug":"abel-martinez-no-es-el-padre-biologico-de-un-menor-residente-en-ee-uu-segun-prueba-de-paternidad","status":"publish","type":"post","link":"https:\/\/conexion23.com\/?p=35663","title":{"rendered":"Abel Mart\u00ednez no es el padre biol\u00f3gico de un menor residente en EE. UU, seg\u00fan prueba de paternidad"},"content":{"rendered":"\n<p>El equipo legal del destacado pol\u00edtico Abel Mart\u00ednez ha informado que una prueba de verificaci\u00f3n de paternidad realizada en un laboratorio de los Estados Unidos, seleccionado por la parte demandante, ha concluido que Mart\u00ednez no es el padre biol\u00f3gico de un menor residente en dicho pa\u00eds.<\/p>\n\n\n\n<p>Desde el inicio del proceso, Abel Mart\u00ednez ha mantenido una postura de absoluta transparencia, responsabilidad y respeto hacia todas las partes involucradas, poniendo \u00e9nfasis en el bienestar del menor. A pesar de la ausencia de una prueba concluyente en los a\u00f1os previos, Mart\u00ednez se mantuvo firme en su compromiso \u00e9tico, guiado por los principios y valores que han caracterizado su vida p\u00fablica y personal.<\/p>\n\n\n\n<p>Este resultado marca el cierre de una etapa compleja que fue enfrentada por Mart\u00ednez con madurez, serenidad y estricto apego a los procedimientos legales correspondientes. Ahora, su principal deseo es que todas las partes implicadas puedan seguir adelante en un entorno de tranquilidad, respeto y armon\u00eda.<\/p>\n\n\n\n<p>Mart\u00ednez agradece a quienes han brindado apoyo durante este proceso y reafirma su compromiso con la verdad y la justicia.<\/p>\n","protected":false},"excerpt":{"rendered":"<p>El equipo legal del destacado pol\u00edtico Abel Mart\u00ednez ha informado que una prueba de verificaci\u00f3n de paternidad realizada en un laboratorio de los Estados Unidos, seleccionado por la parte demandante, ha concluido que Mart\u00ednez no es el padre biol\u00f3gico de un menor residente en dicho pa\u00eds. Desde el inicio del proceso, Abel Mart\u00ednez ha mantenido [&hellip;]<\/p>\n","protected":false},"author":15,"featured_media":35664,"comment_status":"open","ping_status":"open","sticky":false,"template":"","format":"standard","meta":{"footnotes":""},"categories":[1],"tags":[],"class_list":{"0":"post-35663","1":"post","2":"type-post","3":"status-publish","4":"format-standard","5":"has-post-thumbnail","7":"category-uncategorized"},"yoast_head":"<!-- This site is optimized with the Yoast SEO plugin v27.1.1 - https:\/\/yoast.com\/product\/yoast-seo-wordpress\/ -->\n<title>Abel Mart\u00ednez no es el padre biol\u00f3gico de un menor residente en EE. UU, seg\u00fan prueba de paternidad - Conexi\u00f3n 23<\/title>\n<meta name=\"robots\" content=\"index, follow, max-snippet:-1, max-image-preview:large, max-video-preview:-1\" \/>\n<link rel=\"canonical\" href=\"https:\/\/conexion23.com\/?p=35663\" \/>\n<meta property=\"og:locale\" content=\"es_ES\" \/>\n<meta property=\"og:type\" content=\"article\" \/>\n<meta property=\"og:title\" content=\"Abel Mart\u00ednez no es el padre biol\u00f3gico de un menor residente en EE. UU, seg\u00fan prueba de paternidad - Conexi\u00f3n 23\" \/>\n<meta property=\"og:description\" content=\"El equipo legal del destacado pol\u00edtico Abel Mart\u00ednez ha informado que una prueba de verificaci\u00f3n de paternidad realizada en un laboratorio de los Estados Unidos, seleccionado por la parte demandante, ha concluido que Mart\u00ednez no es el padre biol\u00f3gico de un menor residente en dicho pa\u00eds. Desde el inicio del proceso, Abel Mart\u00ednez ha mantenido [&hellip;]\" \/>\n<meta property=\"og:url\" content=\"https:\/\/conexion23.com\/?p=35663\" \/>\n<meta property=\"og:site_name\" content=\"Conexi\u00f3n 23\" \/>\n<meta property=\"article:publisher\" content=\"https:\/\/www.facebook.com\/conexion23com\" \/>\n<meta property=\"article:published_time\" content=\"2024-12-14T11:25:23+00:00\" \/>\n<meta property=\"article:modified_time\" content=\"2024-12-14T11:25:24+00:00\" \/>\n<meta property=\"og:image\" content=\"https:\/\/conexion23.com\/wp-content\/uploads\/2024\/12\/download-2-2.jpg\" \/>\n\t<meta property=\"og:image:width\" content=\"268\" \/>\n\t<meta property=\"og:image:height\" content=\"188\" \/>\n\t<meta property=\"og:image:type\" content=\"image\/jpeg\" \/>\n<meta name=\"author\" content=\"Raffy Ben\u00edtez\" \/>\n<meta name=\"twitter:card\" content=\"summary_large_image\" \/>\n<meta name=\"twitter:label1\" content=\"Escrito por\" \/>\n\t<meta name=\"twitter:data1\" content=\"Raffy Ben\u00edtez\" \/>\n\t<meta name=\"twitter:label2\" content=\"Tiempo de lectura\" \/>\n\t<meta name=\"twitter:data2\" content=\"2 minutos\" \/>\n<script type=\"application\/ld+json\" class=\"yoast-schema-graph\">{\"@context\":\"https:\/\/schema.org\",\"@graph\":[{\"@type\":\"Article\",\"@id\":\"https:\/\/conexion23.com\/?p=35663#article\",\"isPartOf\":{\"@id\":\"https:\/\/conexion23.com\/?p=35663\"},\"author\":{\"name\":\"Raffy Ben\u00edtez\",\"@id\":\"https:\/\/conexion23.com\/#\/schema\/person\/03e36043331117e97a373299bbcd30a6\"},\"headline\":\"Abel Mart\u00ednez no es el padre biol\u00f3gico de un menor residente en EE. UU, seg\u00fan prueba de paternidad\",\"datePublished\":\"2024-12-14T11:25:23+00:00\",\"dateModified\":\"2024-12-14T11:25:24+00:00\",\"mainEntityOfPage\":{\"@id\":\"https:\/\/conexion23.com\/?p=35663\"},\"wordCount\":210,\"commentCount\":0,\"publisher\":{\"@id\":\"https:\/\/conexion23.com\/#organization\"},\"image\":{\"@id\":\"https:\/\/conexion23.com\/?p=35663#primaryimage\"},\"thumbnailUrl\":\"https:\/\/conexion23.com\/wp-content\/uploads\/2024\/12\/download-2-2.jpg\",\"articleSection\":[\"Uncategorized\"],\"inLanguage\":\"es\",\"potentialAction\":[{\"@type\":\"CommentAction\",\"name\":\"Comment\",\"target\":[\"https:\/\/conexion23.com\/?p=35663#respond\"]}]},{\"@type\":\"WebPage\",\"@id\":\"https:\/\/conexion23.com\/?p=35663\",\"url\":\"https:\/\/conexion23.com\/?p=35663\",\"name\":\"Abel Mart\u00ednez no es el padre biol\u00f3gico de un menor residente en EE. UU, seg\u00fan prueba de paternidad - Conexi\u00f3n 23\",\"isPartOf\":{\"@id\":\"https:\/\/conexion23.com\/#website\"},\"primaryImageOfPage\":{\"@id\":\"https:\/\/conexion23.com\/?p=35663#primaryimage\"},\"image\":{\"@id\":\"https:\/\/conexion23.com\/?p=35663#primaryimage\"},\"thumbnailUrl\":\"https:\/\/conexion23.com\/wp-content\/uploads\/2024\/12\/download-2-2.jpg\",\"datePublished\":\"2024-12-14T11:25:23+00:00\",\"dateModified\":\"2024-12-14T11:25:24+00:00\",\"breadcrumb\":{\"@id\":\"https:\/\/conexion23.com\/?p=35663#breadcrumb\"},\"inLanguage\":\"es\",\"potentialAction\":[{\"@type\":\"ReadAction\",\"target\":[\"https:\/\/conexion23.com\/?p=35663\"]}]},{\"@type\":\"ImageObject\",\"inLanguage\":\"es\",\"@id\":\"https:\/\/conexion23.com\/?p=35663#primaryimage\",\"url\":\"https:\/\/conexion23.com\/wp-content\/uploads\/2024\/12\/download-2-2.jpg\",\"contentUrl\":\"https:\/\/conexion23.com\/wp-content\/uploads\/2024\/12\/download-2-2.jpg\",\"width\":268,\"height\":188},{\"@type\":\"BreadcrumbList\",\"@id\":\"https:\/\/conexion23.com\/?p=35663#breadcrumb\",\"itemListElement\":[{\"@type\":\"ListItem\",\"position\":1,\"name\":\"Portada\",\"item\":\"https:\/\/conexion23.com\/\"},{\"@type\":\"ListItem\",\"position\":2,\"name\":\"Abel Mart\u00ednez no es el padre biol\u00f3gico de un menor residente en EE. UU, seg\u00fan prueba de paternidad\"}]},{\"@type\":\"WebSite\",\"@id\":\"https:\/\/conexion23.com\/#website\",\"url\":\"https:\/\/conexion23.com\/\",\"name\":\"Conexi\u00f3n 23\",\"description\":\"Peri\u00f3dico 100% Petromacorisano\",\"publisher\":{\"@id\":\"https:\/\/conexion23.com\/#organization\"},\"potentialAction\":[{\"@type\":\"SearchAction\",\"target\":{\"@type\":\"EntryPoint\",\"urlTemplate\":\"https:\/\/conexion23.com\/?s={search_term_string}\"},\"query-input\":{\"@type\":\"PropertyValueSpecification\",\"valueRequired\":true,\"valueName\":\"search_term_string\"}}],\"inLanguage\":\"es\"},{\"@type\":\"Organization\",\"@id\":\"https:\/\/conexion23.com\/#organization\",\"name\":\"Conexion 23\",\"url\":\"https:\/\/conexion23.com\/\",\"logo\":{\"@type\":\"ImageObject\",\"inLanguage\":\"es\",\"@id\":\"https:\/\/conexion23.com\/#\/schema\/logo\/image\/\",\"url\":\"https:\/\/conexion23.com\/wp-content\/uploads\/2021\/11\/Diseno-sin-titulo-2.png\",\"contentUrl\":\"https:\/\/conexion23.com\/wp-content\/uploads\/2021\/11\/Diseno-sin-titulo-2.png\",\"width\":541,\"height\":90,\"caption\":\"Conexion 23\"},\"image\":{\"@id\":\"https:\/\/conexion23.com\/#\/schema\/logo\/image\/\"},\"sameAs\":[\"https:\/\/www.facebook.com\/conexion23com\",\"https:\/\/www.instagram.com\/conexion23com\/\",\"https:\/\/www.youtube.com\/channel\/UCYc7vxxFZMYLIHNsHHxPZ3Q\"]},{\"@type\":\"Person\",\"@id\":\"https:\/\/conexion23.com\/#\/schema\/person\/03e36043331117e97a373299bbcd30a6\",\"name\":\"Raffy Ben\u00edtez\",\"image\":{\"@type\":\"ImageObject\",\"inLanguage\":\"es\",\"@id\":\"https:\/\/conexion23.com\/#\/schema\/person\/image\/\",\"url\":\"https:\/\/secure.gravatar.com\/avatar\/3190a6a6c5e1b0327500f7d6c56b6242472ee6cb974cf09b401ee6b3b0798f23?s=96&d=mm&r=g\",\"contentUrl\":\"https:\/\/secure.gravatar.com\/avatar\/3190a6a6c5e1b0327500f7d6c56b6242472ee6cb974cf09b401ee6b3b0798f23?s=96&d=mm&r=g\",\"caption\":\"Raffy Ben\u00edtez\"},\"url\":\"https:\/\/conexion23.com\/?author=15\"}]}<\/script>\n<!-- \/ Yoast SEO plugin. -->","yoast_head_json":{"title":"Abel Mart\u00ednez no es el padre biol\u00f3gico de un menor residente en EE. UU, seg\u00fan prueba de paternidad - Conexi\u00f3n 23","robots":{"index":"index","follow":"follow","max-snippet":"max-snippet:-1","max-image-preview":"max-image-preview:large","max-video-preview":"max-video-preview:-1"},"canonical":"https:\/\/conexion23.com\/?p=35663","og_locale":"es_ES","og_type":"article","og_title":"Abel Mart\u00ednez no es el padre biol\u00f3gico de un menor residente en EE. UU, seg\u00fan prueba de paternidad - Conexi\u00f3n 23","og_description":"El equipo legal del destacado pol\u00edtico Abel Mart\u00ednez ha informado que una prueba de verificaci\u00f3n de paternidad realizada en un laboratorio de los Estados Unidos, seleccionado por la parte demandante, ha concluido que Mart\u00ednez no es el padre biol\u00f3gico de un menor residente en dicho pa\u00eds. Desde el inicio del proceso, Abel Mart\u00ednez ha mantenido [&hellip;]","og_url":"https:\/\/conexion23.com\/?p=35663","og_site_name":"Conexi\u00f3n 23","article_publisher":"https:\/\/www.facebook.com\/conexion23com","article_published_time":"2024-12-14T11:25:23+00:00","article_modified_time":"2024-12-14T11:25:24+00:00","og_image":[{"width":268,"height":188,"url":"https:\/\/conexion23.com\/wp-content\/uploads\/2024\/12\/download-2-2.jpg","type":"image\/jpeg"}],"author":"Raffy Ben\u00edtez","twitter_card":"summary_large_image","twitter_misc":{"Escrito por":"Raffy Ben\u00edtez","Tiempo de lectura":"2 minutos"},"schema":{"@context":"https:\/\/schema.org","@graph":[{"@type":"Article","@id":"https:\/\/conexion23.com\/?p=35663#article","isPartOf":{"@id":"https:\/\/conexion23.com\/?p=35663"},"author":{"name":"Raffy Ben\u00edtez","@id":"https:\/\/conexion23.com\/#\/schema\/person\/03e36043331117e97a373299bbcd30a6"},"headline":"Abel Mart\u00ednez no es el padre biol\u00f3gico de un menor residente en EE. UU, seg\u00fan prueba de paternidad","datePublished":"2024-12-14T11:25:23+00:00","dateModified":"2024-12-14T11:25:24+00:00","mainEntityOfPage":{"@id":"https:\/\/conexion23.com\/?p=35663"},"wordCount":210,"commentCount":0,"publisher":{"@id":"https:\/\/conexion23.com\/#organization"},"image":{"@id":"https:\/\/conexion23.com\/?p=35663#primaryimage"},"thumbnailUrl":"https:\/\/conexion23.com\/wp-content\/uploads\/2024\/12\/download-2-2.jpg","articleSection":["Uncategorized"],"inLanguage":"es","potentialAction":[{"@type":"CommentAction","name":"Comment","target":["https:\/\/conexion23.com\/?p=35663#respond"]}]},{"@type":"WebPage","@id":"https:\/\/conexion23.com\/?p=35663","url":"https:\/\/conexion23.com\/?p=35663","name":"Abel Mart\u00ednez no es el padre biol\u00f3gico de un menor residente en EE. UU, seg\u00fan prueba de paternidad - Conexi\u00f3n 23","isPartOf":{"@id":"https:\/\/conexion23.com\/#website"},"primaryImageOfPage":{"@id":"https:\/\/conexion23.com\/?p=35663#primaryimage"},"image":{"@id":"https:\/\/conexion23.com\/?p=35663#primaryimage"},"thumbnailUrl":"https:\/\/conexion23.com\/wp-content\/uploads\/2024\/12\/download-2-2.jpg","datePublished":"2024-12-14T11:25:23+00:00","dateModified":"2024-12-14T11:25:24+00:00","breadcrumb":{"@id":"https:\/\/conexion23.com\/?p=35663#breadcrumb"},"inLanguage":"es","potentialAction":[{"@type":"ReadAction","target":["https:\/\/conexion23.com\/?p=35663"]}]},{"@type":"ImageObject","inLanguage":"es","@id":"https:\/\/conexion23.com\/?p=35663#primaryimage","url":"https:\/\/conexion23.com\/wp-content\/uploads\/2024\/12\/download-2-2.jpg","contentUrl":"https:\/\/conexion23.com\/wp-content\/uploads\/2024\/12\/download-2-2.jpg","width":268,"height":188},{"@type":"BreadcrumbList","@id":"https:\/\/conexion23.com\/?p=35663#breadcrumb","itemListElement":[{"@type":"ListItem","position":1,"name":"Portada","item":"https:\/\/conexion23.com\/"},{"@type":"ListItem","position":2,"name":"Abel Mart\u00ednez no es el padre biol\u00f3gico de un menor residente en EE. UU, seg\u00fan prueba de paternidad"}]},{"@type":"WebSite","@id":"https:\/\/conexion23.com\/#website","url":"https:\/\/conexion23.com\/","name":"Conexi\u00f3n 23","description":"Peri\u00f3dico 100% Petromacorisano","publisher":{"@id":"https:\/\/conexion23.com\/#organization"},"potentialAction":[{"@type":"SearchAction","target":{"@type":"EntryPoint","urlTemplate":"https:\/\/conexion23.com\/?s={search_term_string}"},"query-input":{"@type":"PropertyValueSpecification","valueRequired":true,"valueName":"search_term_string"}}],"inLanguage":"es"},{"@type":"Organization","@id":"https:\/\/conexion23.com\/#organization","name":"Conexion 23","url":"https:\/\/conexion23.com\/","logo":{"@type":"ImageObject","inLanguage":"es","@id":"https:\/\/conexion23.com\/#\/schema\/logo\/image\/","url":"https:\/\/conexion23.com\/wp-content\/uploads\/2021\/11\/Diseno-sin-titulo-2.png","contentUrl":"https:\/\/conexion23.com\/wp-content\/uploads\/2021\/11\/Diseno-sin-titulo-2.png","width":541,"height":90,"caption":"Conexion 23"},"image":{"@id":"https:\/\/conexion23.com\/#\/schema\/logo\/image\/"},"sameAs":["https:\/\/www.facebook.com\/conexion23com","https:\/\/www.instagram.com\/conexion23com\/","https:\/\/www.youtube.com\/channel\/UCYc7vxxFZMYLIHNsHHxPZ3Q"]},{"@type":"Person","@id":"https:\/\/conexion23.com\/#\/schema\/person\/03e36043331117e97a373299bbcd30a6","name":"Raffy Ben\u00edtez","image":{"@type":"ImageObject","inLanguage":"es","@id":"https:\/\/conexion23.com\/#\/schema\/person\/image\/","url":"https:\/\/secure.gravatar.com\/avatar\/3190a6a6c5e1b0327500f7d6c56b6242472ee6cb974cf09b401ee6b3b0798f23?s=96&d=mm&r=g","contentUrl":"https:\/\/secure.gravatar.com\/avatar\/3190a6a6c5e1b0327500f7d6c56b6242472ee6cb974cf09b401ee6b3b0798f23?s=96&d=mm&r=g","caption":"Raffy Ben\u00edtez"},"url":"https:\/\/conexion23.com\/?author=15"}]}},"_links":{"self":[{"href":"https:\/\/conexion23.com\/index.php?rest_route=\/wp\/v2\/posts\/35663","targetHints":{"allow":["GET"]}}],"collection":[{"href":"https:\/\/conexion23.com\/index.php?rest_route=\/wp\/v2\/posts"}],"about":[{"href":"https:\/\/conexion23.com\/index.php?rest_route=\/wp\/v2\/types\/post"}],"author":[{"embeddable":true,"href":"https:\/\/conexion23.com\/index.php?rest_route=\/wp\/v2\/users\/15"}],"replies":[{"embeddable":true,"href":"https:\/\/conexion23.com\/index.php?rest_route=%2Fwp%2Fv2%2Fcomments&post=35663"}],"version-history":[{"count":1,"href":"https:\/\/conexion23.com\/index.php?rest_route=\/wp\/v2\/posts\/35663\/revisions"}],"predecessor-version":[{"id":35665,"href":"https:\/\/conexion23.com\/index.php?rest_route=\/wp\/v2\/posts\/35663\/revisions\/35665"}],"wp:featuredmedia":[{"embeddable":true,"href":"https:\/\/conexion23.com\/index.php?rest_route=\/wp\/v2\/media\/35664"}],"wp:attachment":[{"href":"https:\/\/conexion23.com\/index.php?rest_route=%2Fwp%2Fv2%2Fmedia&parent=35663"}],"wp:term":[{"taxonomy":"category","embeddable":true,"href":"https:\/\/conexion23.com\/index.php?rest_route=%2Fwp%2Fv2%2Fcategories&post=35663"},{"taxonomy":"post_tag","embeddable":true,"href":"https:\/\/conexion23.com\/index.php?rest_route=%2Fwp%2Fv2%2Ftags&post=35663"}],"curies":[{"name":"wp","href":"https:\/\/api.w.org\/{rel}","templated":true}]}}