{"id":35666,"date":"2024-12-14T07:27:02","date_gmt":"2024-12-14T11:27:02","guid":{"rendered":"https:\/\/conexion23.com\/?p=35666"},"modified":"2024-12-14T07:27:04","modified_gmt":"2024-12-14T11:27:04","slug":"bono-vacacional-para-los-maestros-en-que-consiste-este-proyecto-que-esta-en-el-congreso","status":"publish","type":"post","link":"https:\/\/conexion23.com\/?p=35666","title":{"rendered":"Bono vacacional para los maestros, \u00bfEn qu\u00e9 consiste este proyecto que est\u00e1 en el Congreso?"},"content":{"rendered":"\n<p>El pasado martes fue aprobado en primera lectura el proyecto de ley mediante el cual se establece la entrega del&nbsp;<strong>bono vacacional&nbsp;<\/strong>anual para los maestros y t\u00e9cnicos del&nbsp;<strong>sector educativo p\u00fablico<\/strong>.<\/p>\n\n\n\n<p>Esta iniciativa fue sometida a modificaciones por la&nbsp;<strong>Comisi\u00f3n Permanente de Educaci\u00f3n<\/strong>&nbsp;antes de su aprobaci\u00f3n.<\/p>\n\n\n\n<p>La comisi\u00f3n rindi\u00f3 al pleno de la c\u00e1mara baja un informe favorable con las modificaciones el ocho de octubre.<\/p>\n\n\n\n<p><strong>\u00bfQu\u00e9 propone el proyecto?<\/strong><\/p>\n\n\n\n<p>El texto del proyecto de ley con las modificaciones sugeridas por la comisi\u00f3n establece en su art\u00edculo primero que<strong>&nbsp;\u201ctiene por objeto establecer la entrega, por parte del Ministerio de Educaci\u00f3n, de un bono vacacional anual al personal docente y t\u00e9cnico,<\/strong>&nbsp;del sector de educaci\u00f3n publico preuniversitario, por un monto del cien por ciento del \u00faltimo salario que perciban a partir del primer a\u00f1o de ejercicio\u201d.<\/p>\n\n\n\n<p>De ser aprobada, la ley se aplicar\u00e1 en todo el territorio nacional al personal docente y t\u00e9cnico del sector p\u00fablico, se\u00f1ala el proyecto en su art\u00edculo segundo.<\/p>\n\n\n\n<p>Por su parte, los art\u00edculos tres y cuatro estipulan que los fondos para la ejecuci\u00f3n de esta ley provendr\u00edan de los asignados al Ministerio de Educaci\u00f3n (Minerd) en la Ley de Presupuesto General del Estado y que el monto entregado ser\u00e1 el&nbsp;<strong>\u201ccien por ciento del \u00faltimo salario que perciban a partir del primer a\u00f1o de ejercicio\u201d<\/strong>.<\/p>\n\n\n\n<p>El proyecto tambi\u00e9n detalla las responsabilidades del Ministerio de Educaci\u00f3n para garantizar su implementaci\u00f3n:<strong>&nbsp;\u201cEl Ministerio de Educaci\u00f3n queda encargado de aplicar las medidas administrativas<\/strong>&nbsp;<strong>correspondientes para&nbsp;<\/strong>la ejecuci\u00f3n de esta ley, a partir de su entrada en vigencia\u201d (art\u00edculo quinto).<\/p>\n\n\n\n<p>Adem\u00e1s, la pieza establece que \u201centrar\u00e1 en vigencia despu\u00e9s de su promulgaci\u00f3n y publicaci\u00f3n seg\u00fan el procedimiento establecido en la Constituci\u00f3n de la Rep\u00fablica y una vez transcurridos los plazos se\u00f1alados en el C\u00f3digo Civil de la Rep\u00fablica Dominicana\u201d.<\/p>\n\n\n\n<p><strong>Consideraciones destacadas&nbsp;<\/strong><\/p>\n\n\n\n<p>El proyecto argumenta en su considerando segundo que el Estado reconoce el ejercicio de la carrera docente como fundamental para el pleno desarrollo de la educaci\u00f3n y de la naci\u00f3n dominicana y, por consiguiente,&nbsp;<strong>\u201ces su obligaci\u00f3n propender a la profesionalizaci\u00f3n, a la estabilidad y dignificaci\u00f3n de los docentes\u201d<\/strong>.<\/p>\n\n\n\n<p>El primer considerando no fue tocado, sin embargo, en su tercero, la iniciativa la iniciativa menciona la Ley General de Educaci\u00f3n n\u00famero 66-97, que contempla un r\u00e9gimen especial para garantizar la estabilidad del docente, que contempla, entre otros, los aspectos de ingresos, normas de trabajo, remuneraci\u00f3n, profesionalizaci\u00f3n, perfeccionamiento, bienestar de los docentes, protecci\u00f3n, seguridad, derecho de organizaci\u00f3n, promoci\u00f3n, ascenso, traslado, licencia, vacaciones, regal\u00eda pascual, sanciones, pensiones o jubilaciones.<\/p>\n\n\n\n<p>La iniciativa enfatiza que \u201ces deber del Estado establecer las condiciones necesarias para que este profesional educativo alcance un nivel de vida digno\u201d.<\/p>\n\n\n\n<p>Por otro lado, el considerando cuarto se basa en el Reglamento de Relaciones Laborales en la Administraci\u00f3n Publica, que dispone que cada \u00f3rgano establecer\u00e1 la programaci\u00f3n anual de las vacaciones de los funcionarios o servidores.<\/p>\n\n\n\n<p>La propuesta enuncia que este reglamento dispone que la programaci\u00f3n anual de las vacaciones de los funcionarios o servidores docentes, por ende, se establecer\u00e1 de acuerdo con las apropiaciones y previsiones presupuestarias, los montos para el pago de&nbsp;<strong>\u201cbono vacacional\u201d<\/strong>, a fin de que sean entregados a los funcionarios o servidores p\u00fablicos conjuntamente con la notificaci\u00f3n de vacaciones.<\/p>\n\n\n\n<p>Otra de las consideraciones indica que los docentes y t\u00e9cnicos deben ser reconocidos por su<strong>&nbsp;\u201cverdadera vocaci\u00f3n de servicio\u201d<\/strong>, ya que, en su gran mayor\u00eda, \u201cno poseen otros ingresos adicionales que les posibilite disfrutar de unas vacaciones reales junto a sus familiares\u201d.<\/p>\n\n\n\n<p>De igual manera, el s\u00e9ptimo establece que este bono vacacional constituye un recurso de aporte social y de salud en su favor como servidor del pa\u00eds, por lo que este bono dado a los maestros y maestras dominicanos \u201ces una contribuci\u00f3n por concepto de vacaciones adicional al salario, siendo un valor optativo dado por el Estado en beneficio del docente\u201d.<\/p>\n\n\n\n<p>El \u00faltimo de los considerandos se\u00f1ala que diversos pa\u00edses de Latinoam\u00e9rica reconocen el derecho del maestro de recibir de parte del Estado el bono vacacional de conformidad a su antig\u00fcedad laboral tomando en consideraci\u00f3n los a\u00f1os de prestaci\u00f3n de servicios, desde el primer a\u00f1o hasta su \u00faltimo a\u00f1o.<\/p>\n","protected":false},"excerpt":{"rendered":"<p>El pasado martes fue aprobado en primera lectura el proyecto de ley mediante el cual se establece la entrega del&nbsp;bono vacacional&nbsp;anual para los maestros y t\u00e9cnicos del&nbsp;sector educativo p\u00fablico. Esta iniciativa fue sometida a modificaciones por la&nbsp;Comisi\u00f3n Permanente de Educaci\u00f3n&nbsp;antes de su aprobaci\u00f3n. La comisi\u00f3n rindi\u00f3 al pleno de la c\u00e1mara baja un informe favorable [&hellip;]<\/p>\n","protected":false},"author":15,"featured_media":35667,"comment_status":"open","ping_status":"open","sticky":false,"template":"","format":"standard","meta":{"footnotes":""},"categories":[1],"tags":[],"class_list":{"0":"post-35666","1":"post","2":"type-post","3":"status-publish","4":"format-standard","5":"has-post-thumbnail","7":"category-uncategorized"},"yoast_head":"<!-- This site is optimized with the Yoast SEO plugin v27.1.1 - https:\/\/yoast.com\/product\/yoast-seo-wordpress\/ -->\n<title>Bono vacacional para los maestros, \u00bfEn qu\u00e9 consiste este proyecto que est\u00e1 en el Congreso? - Conexi\u00f3n 23<\/title>\n<meta name=\"robots\" content=\"index, follow, max-snippet:-1, max-image-preview:large, max-video-preview:-1\" \/>\n<link rel=\"canonical\" href=\"https:\/\/conexion23.com\/?p=35666\" \/>\n<meta property=\"og:locale\" content=\"es_ES\" \/>\n<meta property=\"og:type\" content=\"article\" \/>\n<meta property=\"og:title\" content=\"Bono vacacional para los maestros, \u00bfEn qu\u00e9 consiste este proyecto que est\u00e1 en el Congreso? - Conexi\u00f3n 23\" \/>\n<meta property=\"og:description\" content=\"El pasado martes fue aprobado en primera lectura el proyecto de ley mediante el cual se establece la entrega del&nbsp;bono vacacional&nbsp;anual para los maestros y t\u00e9cnicos del&nbsp;sector educativo p\u00fablico. Esta iniciativa fue sometida a modificaciones por la&nbsp;Comisi\u00f3n Permanente de Educaci\u00f3n&nbsp;antes de su aprobaci\u00f3n. La comisi\u00f3n rindi\u00f3 al pleno de la c\u00e1mara baja un informe favorable [&hellip;]\" \/>\n<meta property=\"og:url\" content=\"https:\/\/conexion23.com\/?p=35666\" \/>\n<meta property=\"og:site_name\" content=\"Conexi\u00f3n 23\" \/>\n<meta property=\"article:publisher\" content=\"https:\/\/www.facebook.com\/conexion23com\" \/>\n<meta property=\"article:published_time\" content=\"2024-12-14T11:27:02+00:00\" \/>\n<meta property=\"article:modified_time\" content=\"2024-12-14T11:27:04+00:00\" \/>\n<meta property=\"og:image\" content=\"https:\/\/conexion23.com\/wp-content\/uploads\/2024\/12\/mujer09234353f4aiti0932485039485.webp\" \/>\n\t<meta property=\"og:image:width\" content=\"800\" \/>\n\t<meta property=\"og:image:height\" content=\"450\" \/>\n\t<meta property=\"og:image:type\" content=\"image\/webp\" \/>\n<meta name=\"author\" content=\"Raffy Ben\u00edtez\" \/>\n<meta name=\"twitter:card\" content=\"summary_large_image\" \/>\n<meta name=\"twitter:label1\" content=\"Escrito por\" \/>\n\t<meta name=\"twitter:data1\" content=\"Raffy Ben\u00edtez\" \/>\n\t<meta name=\"twitter:label2\" content=\"Tiempo de lectura\" \/>\n\t<meta name=\"twitter:data2\" content=\"4 minutos\" \/>\n<script type=\"application\/ld+json\" class=\"yoast-schema-graph\">{\"@context\":\"https:\/\/schema.org\",\"@graph\":[{\"@type\":\"Article\",\"@id\":\"https:\/\/conexion23.com\/?p=35666#article\",\"isPartOf\":{\"@id\":\"https:\/\/conexion23.com\/?p=35666\"},\"author\":{\"name\":\"Raffy Ben\u00edtez\",\"@id\":\"https:\/\/conexion23.com\/#\/schema\/person\/03e36043331117e97a373299bbcd30a6\"},\"headline\":\"Bono vacacional para los maestros, \u00bfEn qu\u00e9 consiste este proyecto que est\u00e1 en el Congreso?\",\"datePublished\":\"2024-12-14T11:27:02+00:00\",\"dateModified\":\"2024-12-14T11:27:04+00:00\",\"mainEntityOfPage\":{\"@id\":\"https:\/\/conexion23.com\/?p=35666\"},\"wordCount\":788,\"commentCount\":0,\"publisher\":{\"@id\":\"https:\/\/conexion23.com\/#organization\"},\"image\":{\"@id\":\"https:\/\/conexion23.com\/?p=35666#primaryimage\"},\"thumbnailUrl\":\"https:\/\/conexion23.com\/wp-content\/uploads\/2024\/12\/mujer09234353f4aiti0932485039485.webp\",\"articleSection\":[\"Uncategorized\"],\"inLanguage\":\"es\",\"potentialAction\":[{\"@type\":\"CommentAction\",\"name\":\"Comment\",\"target\":[\"https:\/\/conexion23.com\/?p=35666#respond\"]}]},{\"@type\":\"WebPage\",\"@id\":\"https:\/\/conexion23.com\/?p=35666\",\"url\":\"https:\/\/conexion23.com\/?p=35666\",\"name\":\"Bono vacacional para los maestros, \u00bfEn qu\u00e9 consiste este proyecto que est\u00e1 en el Congreso? - Conexi\u00f3n 23\",\"isPartOf\":{\"@id\":\"https:\/\/conexion23.com\/#website\"},\"primaryImageOfPage\":{\"@id\":\"https:\/\/conexion23.com\/?p=35666#primaryimage\"},\"image\":{\"@id\":\"https:\/\/conexion23.com\/?p=35666#primaryimage\"},\"thumbnailUrl\":\"https:\/\/conexion23.com\/wp-content\/uploads\/2024\/12\/mujer09234353f4aiti0932485039485.webp\",\"datePublished\":\"2024-12-14T11:27:02+00:00\",\"dateModified\":\"2024-12-14T11:27:04+00:00\",\"breadcrumb\":{\"@id\":\"https:\/\/conexion23.com\/?p=35666#breadcrumb\"},\"inLanguage\":\"es\",\"potentialAction\":[{\"@type\":\"ReadAction\",\"target\":[\"https:\/\/conexion23.com\/?p=35666\"]}]},{\"@type\":\"ImageObject\",\"inLanguage\":\"es\",\"@id\":\"https:\/\/conexion23.com\/?p=35666#primaryimage\",\"url\":\"https:\/\/conexion23.com\/wp-content\/uploads\/2024\/12\/mujer09234353f4aiti0932485039485.webp\",\"contentUrl\":\"https:\/\/conexion23.com\/wp-content\/uploads\/2024\/12\/mujer09234353f4aiti0932485039485.webp\",\"width\":800,\"height\":450},{\"@type\":\"BreadcrumbList\",\"@id\":\"https:\/\/conexion23.com\/?p=35666#breadcrumb\",\"itemListElement\":[{\"@type\":\"ListItem\",\"position\":1,\"name\":\"Portada\",\"item\":\"https:\/\/conexion23.com\/\"},{\"@type\":\"ListItem\",\"position\":2,\"name\":\"Bono vacacional para los maestros, \u00bfEn qu\u00e9 consiste este proyecto que est\u00e1 en el Congreso?\"}]},{\"@type\":\"WebSite\",\"@id\":\"https:\/\/conexion23.com\/#website\",\"url\":\"https:\/\/conexion23.com\/\",\"name\":\"Conexi\u00f3n 23\",\"description\":\"Peri\u00f3dico 100% Petromacorisano\",\"publisher\":{\"@id\":\"https:\/\/conexion23.com\/#organization\"},\"potentialAction\":[{\"@type\":\"SearchAction\",\"target\":{\"@type\":\"EntryPoint\",\"urlTemplate\":\"https:\/\/conexion23.com\/?s={search_term_string}\"},\"query-input\":{\"@type\":\"PropertyValueSpecification\",\"valueRequired\":true,\"valueName\":\"search_term_string\"}}],\"inLanguage\":\"es\"},{\"@type\":\"Organization\",\"@id\":\"https:\/\/conexion23.com\/#organization\",\"name\":\"Conexion 23\",\"url\":\"https:\/\/conexion23.com\/\",\"logo\":{\"@type\":\"ImageObject\",\"inLanguage\":\"es\",\"@id\":\"https:\/\/conexion23.com\/#\/schema\/logo\/image\/\",\"url\":\"https:\/\/conexion23.com\/wp-content\/uploads\/2021\/11\/Diseno-sin-titulo-2.png\",\"contentUrl\":\"https:\/\/conexion23.com\/wp-content\/uploads\/2021\/11\/Diseno-sin-titulo-2.png\",\"width\":541,\"height\":90,\"caption\":\"Conexion 23\"},\"image\":{\"@id\":\"https:\/\/conexion23.com\/#\/schema\/logo\/image\/\"},\"sameAs\":[\"https:\/\/www.facebook.com\/conexion23com\",\"https:\/\/www.instagram.com\/conexion23com\/\",\"https:\/\/www.youtube.com\/channel\/UCYc7vxxFZMYLIHNsHHxPZ3Q\"]},{\"@type\":\"Person\",\"@id\":\"https:\/\/conexion23.com\/#\/schema\/person\/03e36043331117e97a373299bbcd30a6\",\"name\":\"Raffy Ben\u00edtez\",\"image\":{\"@type\":\"ImageObject\",\"inLanguage\":\"es\",\"@id\":\"https:\/\/conexion23.com\/#\/schema\/person\/image\/\",\"url\":\"https:\/\/secure.gravatar.com\/avatar\/3190a6a6c5e1b0327500f7d6c56b6242472ee6cb974cf09b401ee6b3b0798f23?s=96&d=mm&r=g\",\"contentUrl\":\"https:\/\/secure.gravatar.com\/avatar\/3190a6a6c5e1b0327500f7d6c56b6242472ee6cb974cf09b401ee6b3b0798f23?s=96&d=mm&r=g\",\"caption\":\"Raffy Ben\u00edtez\"},\"url\":\"https:\/\/conexion23.com\/?author=15\"}]}<\/script>\n<!-- \/ Yoast SEO plugin. -->","yoast_head_json":{"title":"Bono vacacional para los maestros, \u00bfEn qu\u00e9 consiste este proyecto que est\u00e1 en el Congreso? - Conexi\u00f3n 23","robots":{"index":"index","follow":"follow","max-snippet":"max-snippet:-1","max-image-preview":"max-image-preview:large","max-video-preview":"max-video-preview:-1"},"canonical":"https:\/\/conexion23.com\/?p=35666","og_locale":"es_ES","og_type":"article","og_title":"Bono vacacional para los maestros, \u00bfEn qu\u00e9 consiste este proyecto que est\u00e1 en el Congreso? - Conexi\u00f3n 23","og_description":"El pasado martes fue aprobado en primera lectura el proyecto de ley mediante el cual se establece la entrega del&nbsp;bono vacacional&nbsp;anual para los maestros y t\u00e9cnicos del&nbsp;sector educativo p\u00fablico. Esta iniciativa fue sometida a modificaciones por la&nbsp;Comisi\u00f3n Permanente de Educaci\u00f3n&nbsp;antes de su aprobaci\u00f3n. La comisi\u00f3n rindi\u00f3 al pleno de la c\u00e1mara baja un informe favorable [&hellip;]","og_url":"https:\/\/conexion23.com\/?p=35666","og_site_name":"Conexi\u00f3n 23","article_publisher":"https:\/\/www.facebook.com\/conexion23com","article_published_time":"2024-12-14T11:27:02+00:00","article_modified_time":"2024-12-14T11:27:04+00:00","og_image":[{"width":800,"height":450,"url":"https:\/\/conexion23.com\/wp-content\/uploads\/2024\/12\/mujer09234353f4aiti0932485039485.webp","type":"image\/webp"}],"author":"Raffy Ben\u00edtez","twitter_card":"summary_large_image","twitter_misc":{"Escrito por":"Raffy Ben\u00edtez","Tiempo de lectura":"4 minutos"},"schema":{"@context":"https:\/\/schema.org","@graph":[{"@type":"Article","@id":"https:\/\/conexion23.com\/?p=35666#article","isPartOf":{"@id":"https:\/\/conexion23.com\/?p=35666"},"author":{"name":"Raffy Ben\u00edtez","@id":"https:\/\/conexion23.com\/#\/schema\/person\/03e36043331117e97a373299bbcd30a6"},"headline":"Bono vacacional para los maestros, \u00bfEn qu\u00e9 consiste este proyecto que est\u00e1 en el Congreso?","datePublished":"2024-12-14T11:27:02+00:00","dateModified":"2024-12-14T11:27:04+00:00","mainEntityOfPage":{"@id":"https:\/\/conexion23.com\/?p=35666"},"wordCount":788,"commentCount":0,"publisher":{"@id":"https:\/\/conexion23.com\/#organization"},"image":{"@id":"https:\/\/conexion23.com\/?p=35666#primaryimage"},"thumbnailUrl":"https:\/\/conexion23.com\/wp-content\/uploads\/2024\/12\/mujer09234353f4aiti0932485039485.webp","articleSection":["Uncategorized"],"inLanguage":"es","potentialAction":[{"@type":"CommentAction","name":"Comment","target":["https:\/\/conexion23.com\/?p=35666#respond"]}]},{"@type":"WebPage","@id":"https:\/\/conexion23.com\/?p=35666","url":"https:\/\/conexion23.com\/?p=35666","name":"Bono vacacional para los maestros, \u00bfEn qu\u00e9 consiste este proyecto que est\u00e1 en el Congreso? - Conexi\u00f3n 23","isPartOf":{"@id":"https:\/\/conexion23.com\/#website"},"primaryImageOfPage":{"@id":"https:\/\/conexion23.com\/?p=35666#primaryimage"},"image":{"@id":"https:\/\/conexion23.com\/?p=35666#primaryimage"},"thumbnailUrl":"https:\/\/conexion23.com\/wp-content\/uploads\/2024\/12\/mujer09234353f4aiti0932485039485.webp","datePublished":"2024-12-14T11:27:02+00:00","dateModified":"2024-12-14T11:27:04+00:00","breadcrumb":{"@id":"https:\/\/conexion23.com\/?p=35666#breadcrumb"},"inLanguage":"es","potentialAction":[{"@type":"ReadAction","target":["https:\/\/conexion23.com\/?p=35666"]}]},{"@type":"ImageObject","inLanguage":"es","@id":"https:\/\/conexion23.com\/?p=35666#primaryimage","url":"https:\/\/conexion23.com\/wp-content\/uploads\/2024\/12\/mujer09234353f4aiti0932485039485.webp","contentUrl":"https:\/\/conexion23.com\/wp-content\/uploads\/2024\/12\/mujer09234353f4aiti0932485039485.webp","width":800,"height":450},{"@type":"BreadcrumbList","@id":"https:\/\/conexion23.com\/?p=35666#breadcrumb","itemListElement":[{"@type":"ListItem","position":1,"name":"Portada","item":"https:\/\/conexion23.com\/"},{"@type":"ListItem","position":2,"name":"Bono vacacional para los maestros, \u00bfEn qu\u00e9 consiste este proyecto que est\u00e1 en el Congreso?"}]},{"@type":"WebSite","@id":"https:\/\/conexion23.com\/#website","url":"https:\/\/conexion23.com\/","name":"Conexi\u00f3n 23","description":"Peri\u00f3dico 100% Petromacorisano","publisher":{"@id":"https:\/\/conexion23.com\/#organization"},"potentialAction":[{"@type":"SearchAction","target":{"@type":"EntryPoint","urlTemplate":"https:\/\/conexion23.com\/?s={search_term_string}"},"query-input":{"@type":"PropertyValueSpecification","valueRequired":true,"valueName":"search_term_string"}}],"inLanguage":"es"},{"@type":"Organization","@id":"https:\/\/conexion23.com\/#organization","name":"Conexion 23","url":"https:\/\/conexion23.com\/","logo":{"@type":"ImageObject","inLanguage":"es","@id":"https:\/\/conexion23.com\/#\/schema\/logo\/image\/","url":"https:\/\/conexion23.com\/wp-content\/uploads\/2021\/11\/Diseno-sin-titulo-2.png","contentUrl":"https:\/\/conexion23.com\/wp-content\/uploads\/2021\/11\/Diseno-sin-titulo-2.png","width":541,"height":90,"caption":"Conexion 23"},"image":{"@id":"https:\/\/conexion23.com\/#\/schema\/logo\/image\/"},"sameAs":["https:\/\/www.facebook.com\/conexion23com","https:\/\/www.instagram.com\/conexion23com\/","https:\/\/www.youtube.com\/channel\/UCYc7vxxFZMYLIHNsHHxPZ3Q"]},{"@type":"Person","@id":"https:\/\/conexion23.com\/#\/schema\/person\/03e36043331117e97a373299bbcd30a6","name":"Raffy Ben\u00edtez","image":{"@type":"ImageObject","inLanguage":"es","@id":"https:\/\/conexion23.com\/#\/schema\/person\/image\/","url":"https:\/\/secure.gravatar.com\/avatar\/3190a6a6c5e1b0327500f7d6c56b6242472ee6cb974cf09b401ee6b3b0798f23?s=96&d=mm&r=g","contentUrl":"https:\/\/secure.gravatar.com\/avatar\/3190a6a6c5e1b0327500f7d6c56b6242472ee6cb974cf09b401ee6b3b0798f23?s=96&d=mm&r=g","caption":"Raffy Ben\u00edtez"},"url":"https:\/\/conexion23.com\/?author=15"}]}},"_links":{"self":[{"href":"https:\/\/conexion23.com\/index.php?rest_route=\/wp\/v2\/posts\/35666","targetHints":{"allow":["GET"]}}],"collection":[{"href":"https:\/\/conexion23.com\/index.php?rest_route=\/wp\/v2\/posts"}],"about":[{"href":"https:\/\/conexion23.com\/index.php?rest_route=\/wp\/v2\/types\/post"}],"author":[{"embeddable":true,"href":"https:\/\/conexion23.com\/index.php?rest_route=\/wp\/v2\/users\/15"}],"replies":[{"embeddable":true,"href":"https:\/\/conexion23.com\/index.php?rest_route=%2Fwp%2Fv2%2Fcomments&post=35666"}],"version-history":[{"count":1,"href":"https:\/\/conexion23.com\/index.php?rest_route=\/wp\/v2\/posts\/35666\/revisions"}],"predecessor-version":[{"id":35668,"href":"https:\/\/conexion23.com\/index.php?rest_route=\/wp\/v2\/posts\/35666\/revisions\/35668"}],"wp:featuredmedia":[{"embeddable":true,"href":"https:\/\/conexion23.com\/index.php?rest_route=\/wp\/v2\/media\/35667"}],"wp:attachment":[{"href":"https:\/\/conexion23.com\/index.php?rest_route=%2Fwp%2Fv2%2Fmedia&parent=35666"}],"wp:term":[{"taxonomy":"category","embeddable":true,"href":"https:\/\/conexion23.com\/index.php?rest_route=%2Fwp%2Fv2%2Fcategories&post=35666"},{"taxonomy":"post_tag","embeddable":true,"href":"https:\/\/conexion23.com\/index.php?rest_route=%2Fwp%2Fv2%2Ftags&post=35666"}],"curies":[{"name":"wp","href":"https:\/\/api.w.org\/{rel}","templated":true}]}}