{"id":35699,"date":"2024-12-16T07:17:15","date_gmt":"2024-12-16T11:17:15","guid":{"rendered":"https:\/\/conexion23.com\/?p=35699"},"modified":"2024-12-16T07:17:17","modified_gmt":"2024-12-16T11:17:17","slug":"pn-intensifica-busqueda-de-el-boti-y-mantequilla-en-bani-por-muerte-de-sargento","status":"publish","type":"post","link":"https:\/\/conexion23.com\/?p=35699","title":{"rendered":"PN intensifica b\u00fasqueda de \u201cEl Boti\u201d y \u201cMantequilla\u201d en Ban\u00ed por muerte de sargento"},"content":{"rendered":"\n<p>La&nbsp;<strong>Polic\u00eda Nacional<\/strong>&nbsp;realiza intensos operativos de b\u00fasqueda detr\u00e1s de los<strong>&nbsp;dos implicados<\/strong>&nbsp;en el asesinato del sargento de la polic\u00eda&nbsp;<strong>Eddy Calca\u00f1o Castillo<\/strong>&nbsp;en Ban\u00ed, municipio de Peravia.<\/p>\n\n\n\n<p>Los operativos se llevan a cabo tanto en barrios de la ciudad banileja como en comunidades rurales.<\/p>\n\n\n\n<p>En localidades como&nbsp;<strong>Paya<\/strong>,&nbsp;<strong>Escondido<\/strong>&nbsp;y&nbsp;<strong>otras<\/strong>, reporteros de este diario observaron intensos movimientos de unidades de patrullas policiales, penetrando las calles y callejones tras los asesinos.<\/p>\n\n\n\n<p>La intensa b\u00fasqueda se concentra en los dos supuestos responsables del asesinato del sargento Calca\u00f1o Castillo:<strong>&nbsp;Elvin Luego P\u00e9rez&nbsp;<\/strong>(El Boti), quien conduc\u00eda la motocicleta donde se desplazaban los delincuentes y&nbsp;<strong>Henry Feliz&nbsp;<\/strong>( Mantequilla), quien habr\u00eda accionado el arma que arranc\u00f3 la vida al sargento mayor Calca\u00f1o Castillo.<\/p>\n\n\n\n<p>Calca\u00f1o Castillo habr\u00eda herido con su arma a uno de los atracadores antes de ser abatido a tiros por sus agresores.<\/p>\n\n\n\n<p>En la formaci\u00f3n policial que se realiz\u00f3 la ma\u00f1ana de este domingo, en el patio de la fortaleza de la&nbsp;<strong>Direcci\u00f3n Sur Central de la Polic\u00eda Nacional<\/strong>&nbsp;(DSCPN), la comandante de las tropas, coronela Juana Judith Almonte, asegur\u00f3 que sus agentes no descansar\u00e1n hasta localizar y apresar tanto a El Boti como a Mantequilla.<\/p>\n\n\n\n<p>Desde las 8:00 de la ma\u00f1ana de este domingo, los restos del sargento mayor Calca\u00f1o Castillo son velados en la funeraria La Esperanza, en San Crist\u00f3bal, ubicada en las proximidades del Polit\u00e9cnico Loyola.<\/p>\n","protected":false},"excerpt":{"rendered":"<p>La&nbsp;Polic\u00eda Nacional&nbsp;realiza intensos operativos de b\u00fasqueda detr\u00e1s de los&nbsp;dos implicados&nbsp;en el asesinato del sargento de la polic\u00eda&nbsp;Eddy Calca\u00f1o Castillo&nbsp;en Ban\u00ed, municipio de Peravia. Los operativos se llevan a cabo tanto en barrios de la ciudad banileja como en comunidades rurales. En localidades como&nbsp;Paya,&nbsp;Escondido&nbsp;y&nbsp;otras, reporteros de este diario observaron intensos movimientos de unidades de patrullas policiales, [&hellip;]<\/p>\n","protected":false},"author":15,"featured_media":35700,"comment_status":"open","ping_status":"open","sticky":false,"template":"","format":"standard","meta":{"footnotes":""},"categories":[1],"tags":[],"class_list":{"0":"post-35699","1":"post","2":"type-post","3":"status-publish","4":"format-standard","5":"has-post-thumbnail","7":"category-uncategorized"},"yoast_head":"<!-- This site is optimized with the Yoast SEO plugin v27.1.1 - https:\/\/yoast.com\/product\/yoast-seo-wordpress\/ -->\n<title>PN intensifica b\u00fasqueda de \u201cEl Boti\u201d y \u201cMantequilla\u201d en Ban\u00ed por muerte de sargento - Conexi\u00f3n 23<\/title>\n<meta name=\"robots\" content=\"index, follow, max-snippet:-1, max-image-preview:large, max-video-preview:-1\" \/>\n<link rel=\"canonical\" href=\"https:\/\/conexion23.com\/?p=35699\" \/>\n<meta property=\"og:locale\" content=\"es_ES\" \/>\n<meta property=\"og:type\" content=\"article\" \/>\n<meta property=\"og:title\" content=\"PN intensifica b\u00fasqueda de \u201cEl Boti\u201d y \u201cMantequilla\u201d en Ban\u00ed por muerte de sargento - Conexi\u00f3n 23\" \/>\n<meta property=\"og:description\" content=\"La&nbsp;Polic\u00eda Nacional&nbsp;realiza intensos operativos de b\u00fasqueda detr\u00e1s de los&nbsp;dos implicados&nbsp;en el asesinato del sargento de la polic\u00eda&nbsp;Eddy Calca\u00f1o Castillo&nbsp;en Ban\u00ed, municipio de Peravia. Los operativos se llevan a cabo tanto en barrios de la ciudad banileja como en comunidades rurales. En localidades como&nbsp;Paya,&nbsp;Escondido&nbsp;y&nbsp;otras, reporteros de este diario observaron intensos movimientos de unidades de patrullas policiales, [&hellip;]\" \/>\n<meta property=\"og:url\" content=\"https:\/\/conexion23.com\/?p=35699\" \/>\n<meta property=\"og:site_name\" content=\"Conexi\u00f3n 23\" \/>\n<meta property=\"article:publisher\" content=\"https:\/\/www.facebook.com\/conexion23com\" \/>\n<meta property=\"article:published_time\" content=\"2024-12-16T11:17:15+00:00\" \/>\n<meta property=\"article:modified_time\" content=\"2024-12-16T11:17:17+00:00\" \/>\n<meta property=\"og:image\" content=\"https:\/\/conexion23.com\/wp-content\/uploads\/2024\/12\/675e22786e953.r_d.129-85.jpg\" \/>\n\t<meta property=\"og:image:width\" content=\"800\" \/>\n\t<meta property=\"og:image:height\" content=\"860\" \/>\n\t<meta property=\"og:image:type\" content=\"image\/jpeg\" \/>\n<meta name=\"author\" content=\"Raffy Ben\u00edtez\" \/>\n<meta name=\"twitter:card\" content=\"summary_large_image\" \/>\n<meta name=\"twitter:label1\" content=\"Escrito por\" \/>\n\t<meta name=\"twitter:data1\" content=\"Raffy Ben\u00edtez\" \/>\n\t<meta name=\"twitter:label2\" content=\"Tiempo de lectura\" \/>\n\t<meta name=\"twitter:data2\" content=\"2 minutos\" \/>\n<script type=\"application\/ld+json\" class=\"yoast-schema-graph\">{\"@context\":\"https:\/\/schema.org\",\"@graph\":[{\"@type\":\"Article\",\"@id\":\"https:\/\/conexion23.com\/?p=35699#article\",\"isPartOf\":{\"@id\":\"https:\/\/conexion23.com\/?p=35699\"},\"author\":{\"name\":\"Raffy Ben\u00edtez\",\"@id\":\"https:\/\/conexion23.com\/#\/schema\/person\/03e36043331117e97a373299bbcd30a6\"},\"headline\":\"PN intensifica b\u00fasqueda de \u201cEl Boti\u201d y \u201cMantequilla\u201d en Ban\u00ed por muerte de sargento\",\"datePublished\":\"2024-12-16T11:17:15+00:00\",\"dateModified\":\"2024-12-16T11:17:17+00:00\",\"mainEntityOfPage\":{\"@id\":\"https:\/\/conexion23.com\/?p=35699\"},\"wordCount\":281,\"commentCount\":0,\"publisher\":{\"@id\":\"https:\/\/conexion23.com\/#organization\"},\"image\":{\"@id\":\"https:\/\/conexion23.com\/?p=35699#primaryimage\"},\"thumbnailUrl\":\"https:\/\/conexion23.com\/wp-content\/uploads\/2024\/12\/675e22786e953.r_d.129-85.jpg\",\"articleSection\":[\"Uncategorized\"],\"inLanguage\":\"es\",\"potentialAction\":[{\"@type\":\"CommentAction\",\"name\":\"Comment\",\"target\":[\"https:\/\/conexion23.com\/?p=35699#respond\"]}]},{\"@type\":\"WebPage\",\"@id\":\"https:\/\/conexion23.com\/?p=35699\",\"url\":\"https:\/\/conexion23.com\/?p=35699\",\"name\":\"PN intensifica b\u00fasqueda de \u201cEl Boti\u201d y \u201cMantequilla\u201d en Ban\u00ed por muerte de sargento - Conexi\u00f3n 23\",\"isPartOf\":{\"@id\":\"https:\/\/conexion23.com\/#website\"},\"primaryImageOfPage\":{\"@id\":\"https:\/\/conexion23.com\/?p=35699#primaryimage\"},\"image\":{\"@id\":\"https:\/\/conexion23.com\/?p=35699#primaryimage\"},\"thumbnailUrl\":\"https:\/\/conexion23.com\/wp-content\/uploads\/2024\/12\/675e22786e953.r_d.129-85.jpg\",\"datePublished\":\"2024-12-16T11:17:15+00:00\",\"dateModified\":\"2024-12-16T11:17:17+00:00\",\"breadcrumb\":{\"@id\":\"https:\/\/conexion23.com\/?p=35699#breadcrumb\"},\"inLanguage\":\"es\",\"potentialAction\":[{\"@type\":\"ReadAction\",\"target\":[\"https:\/\/conexion23.com\/?p=35699\"]}]},{\"@type\":\"ImageObject\",\"inLanguage\":\"es\",\"@id\":\"https:\/\/conexion23.com\/?p=35699#primaryimage\",\"url\":\"https:\/\/conexion23.com\/wp-content\/uploads\/2024\/12\/675e22786e953.r_d.129-85.jpg\",\"contentUrl\":\"https:\/\/conexion23.com\/wp-content\/uploads\/2024\/12\/675e22786e953.r_d.129-85.jpg\",\"width\":800,\"height\":860},{\"@type\":\"BreadcrumbList\",\"@id\":\"https:\/\/conexion23.com\/?p=35699#breadcrumb\",\"itemListElement\":[{\"@type\":\"ListItem\",\"position\":1,\"name\":\"Portada\",\"item\":\"https:\/\/conexion23.com\/\"},{\"@type\":\"ListItem\",\"position\":2,\"name\":\"PN intensifica b\u00fasqueda de \u201cEl Boti\u201d y \u201cMantequilla\u201d en Ban\u00ed por muerte de sargento\"}]},{\"@type\":\"WebSite\",\"@id\":\"https:\/\/conexion23.com\/#website\",\"url\":\"https:\/\/conexion23.com\/\",\"name\":\"Conexi\u00f3n 23\",\"description\":\"Peri\u00f3dico 100% Petromacorisano\",\"publisher\":{\"@id\":\"https:\/\/conexion23.com\/#organization\"},\"potentialAction\":[{\"@type\":\"SearchAction\",\"target\":{\"@type\":\"EntryPoint\",\"urlTemplate\":\"https:\/\/conexion23.com\/?s={search_term_string}\"},\"query-input\":{\"@type\":\"PropertyValueSpecification\",\"valueRequired\":true,\"valueName\":\"search_term_string\"}}],\"inLanguage\":\"es\"},{\"@type\":\"Organization\",\"@id\":\"https:\/\/conexion23.com\/#organization\",\"name\":\"Conexion 23\",\"url\":\"https:\/\/conexion23.com\/\",\"logo\":{\"@type\":\"ImageObject\",\"inLanguage\":\"es\",\"@id\":\"https:\/\/conexion23.com\/#\/schema\/logo\/image\/\",\"url\":\"https:\/\/conexion23.com\/wp-content\/uploads\/2021\/11\/Diseno-sin-titulo-2.png\",\"contentUrl\":\"https:\/\/conexion23.com\/wp-content\/uploads\/2021\/11\/Diseno-sin-titulo-2.png\",\"width\":541,\"height\":90,\"caption\":\"Conexion 23\"},\"image\":{\"@id\":\"https:\/\/conexion23.com\/#\/schema\/logo\/image\/\"},\"sameAs\":[\"https:\/\/www.facebook.com\/conexion23com\",\"https:\/\/www.instagram.com\/conexion23com\/\",\"https:\/\/www.youtube.com\/channel\/UCYc7vxxFZMYLIHNsHHxPZ3Q\"]},{\"@type\":\"Person\",\"@id\":\"https:\/\/conexion23.com\/#\/schema\/person\/03e36043331117e97a373299bbcd30a6\",\"name\":\"Raffy Ben\u00edtez\",\"image\":{\"@type\":\"ImageObject\",\"inLanguage\":\"es\",\"@id\":\"https:\/\/conexion23.com\/#\/schema\/person\/image\/\",\"url\":\"https:\/\/secure.gravatar.com\/avatar\/3190a6a6c5e1b0327500f7d6c56b6242472ee6cb974cf09b401ee6b3b0798f23?s=96&d=mm&r=g\",\"contentUrl\":\"https:\/\/secure.gravatar.com\/avatar\/3190a6a6c5e1b0327500f7d6c56b6242472ee6cb974cf09b401ee6b3b0798f23?s=96&d=mm&r=g\",\"caption\":\"Raffy Ben\u00edtez\"},\"url\":\"https:\/\/conexion23.com\/?author=15\"}]}<\/script>\n<!-- \/ Yoast SEO plugin. -->","yoast_head_json":{"title":"PN intensifica b\u00fasqueda de \u201cEl Boti\u201d y \u201cMantequilla\u201d en Ban\u00ed por muerte de sargento - Conexi\u00f3n 23","robots":{"index":"index","follow":"follow","max-snippet":"max-snippet:-1","max-image-preview":"max-image-preview:large","max-video-preview":"max-video-preview:-1"},"canonical":"https:\/\/conexion23.com\/?p=35699","og_locale":"es_ES","og_type":"article","og_title":"PN intensifica b\u00fasqueda de \u201cEl Boti\u201d y \u201cMantequilla\u201d en Ban\u00ed por muerte de sargento - Conexi\u00f3n 23","og_description":"La&nbsp;Polic\u00eda Nacional&nbsp;realiza intensos operativos de b\u00fasqueda detr\u00e1s de los&nbsp;dos implicados&nbsp;en el asesinato del sargento de la polic\u00eda&nbsp;Eddy Calca\u00f1o Castillo&nbsp;en Ban\u00ed, municipio de Peravia. Los operativos se llevan a cabo tanto en barrios de la ciudad banileja como en comunidades rurales. En localidades como&nbsp;Paya,&nbsp;Escondido&nbsp;y&nbsp;otras, reporteros de este diario observaron intensos movimientos de unidades de patrullas policiales, [&hellip;]","og_url":"https:\/\/conexion23.com\/?p=35699","og_site_name":"Conexi\u00f3n 23","article_publisher":"https:\/\/www.facebook.com\/conexion23com","article_published_time":"2024-12-16T11:17:15+00:00","article_modified_time":"2024-12-16T11:17:17+00:00","og_image":[{"width":800,"height":860,"url":"https:\/\/conexion23.com\/wp-content\/uploads\/2024\/12\/675e22786e953.r_d.129-85.jpg","type":"image\/jpeg"}],"author":"Raffy Ben\u00edtez","twitter_card":"summary_large_image","twitter_misc":{"Escrito por":"Raffy Ben\u00edtez","Tiempo de lectura":"2 minutos"},"schema":{"@context":"https:\/\/schema.org","@graph":[{"@type":"Article","@id":"https:\/\/conexion23.com\/?p=35699#article","isPartOf":{"@id":"https:\/\/conexion23.com\/?p=35699"},"author":{"name":"Raffy Ben\u00edtez","@id":"https:\/\/conexion23.com\/#\/schema\/person\/03e36043331117e97a373299bbcd30a6"},"headline":"PN intensifica b\u00fasqueda de \u201cEl Boti\u201d y \u201cMantequilla\u201d en Ban\u00ed por muerte de sargento","datePublished":"2024-12-16T11:17:15+00:00","dateModified":"2024-12-16T11:17:17+00:00","mainEntityOfPage":{"@id":"https:\/\/conexion23.com\/?p=35699"},"wordCount":281,"commentCount":0,"publisher":{"@id":"https:\/\/conexion23.com\/#organization"},"image":{"@id":"https:\/\/conexion23.com\/?p=35699#primaryimage"},"thumbnailUrl":"https:\/\/conexion23.com\/wp-content\/uploads\/2024\/12\/675e22786e953.r_d.129-85.jpg","articleSection":["Uncategorized"],"inLanguage":"es","potentialAction":[{"@type":"CommentAction","name":"Comment","target":["https:\/\/conexion23.com\/?p=35699#respond"]}]},{"@type":"WebPage","@id":"https:\/\/conexion23.com\/?p=35699","url":"https:\/\/conexion23.com\/?p=35699","name":"PN intensifica b\u00fasqueda de \u201cEl Boti\u201d y \u201cMantequilla\u201d en Ban\u00ed por muerte de sargento - Conexi\u00f3n 23","isPartOf":{"@id":"https:\/\/conexion23.com\/#website"},"primaryImageOfPage":{"@id":"https:\/\/conexion23.com\/?p=35699#primaryimage"},"image":{"@id":"https:\/\/conexion23.com\/?p=35699#primaryimage"},"thumbnailUrl":"https:\/\/conexion23.com\/wp-content\/uploads\/2024\/12\/675e22786e953.r_d.129-85.jpg","datePublished":"2024-12-16T11:17:15+00:00","dateModified":"2024-12-16T11:17:17+00:00","breadcrumb":{"@id":"https:\/\/conexion23.com\/?p=35699#breadcrumb"},"inLanguage":"es","potentialAction":[{"@type":"ReadAction","target":["https:\/\/conexion23.com\/?p=35699"]}]},{"@type":"ImageObject","inLanguage":"es","@id":"https:\/\/conexion23.com\/?p=35699#primaryimage","url":"https:\/\/conexion23.com\/wp-content\/uploads\/2024\/12\/675e22786e953.r_d.129-85.jpg","contentUrl":"https:\/\/conexion23.com\/wp-content\/uploads\/2024\/12\/675e22786e953.r_d.129-85.jpg","width":800,"height":860},{"@type":"BreadcrumbList","@id":"https:\/\/conexion23.com\/?p=35699#breadcrumb","itemListElement":[{"@type":"ListItem","position":1,"name":"Portada","item":"https:\/\/conexion23.com\/"},{"@type":"ListItem","position":2,"name":"PN intensifica b\u00fasqueda de \u201cEl Boti\u201d y \u201cMantequilla\u201d en Ban\u00ed por muerte de sargento"}]},{"@type":"WebSite","@id":"https:\/\/conexion23.com\/#website","url":"https:\/\/conexion23.com\/","name":"Conexi\u00f3n 23","description":"Peri\u00f3dico 100% Petromacorisano","publisher":{"@id":"https:\/\/conexion23.com\/#organization"},"potentialAction":[{"@type":"SearchAction","target":{"@type":"EntryPoint","urlTemplate":"https:\/\/conexion23.com\/?s={search_term_string}"},"query-input":{"@type":"PropertyValueSpecification","valueRequired":true,"valueName":"search_term_string"}}],"inLanguage":"es"},{"@type":"Organization","@id":"https:\/\/conexion23.com\/#organization","name":"Conexion 23","url":"https:\/\/conexion23.com\/","logo":{"@type":"ImageObject","inLanguage":"es","@id":"https:\/\/conexion23.com\/#\/schema\/logo\/image\/","url":"https:\/\/conexion23.com\/wp-content\/uploads\/2021\/11\/Diseno-sin-titulo-2.png","contentUrl":"https:\/\/conexion23.com\/wp-content\/uploads\/2021\/11\/Diseno-sin-titulo-2.png","width":541,"height":90,"caption":"Conexion 23"},"image":{"@id":"https:\/\/conexion23.com\/#\/schema\/logo\/image\/"},"sameAs":["https:\/\/www.facebook.com\/conexion23com","https:\/\/www.instagram.com\/conexion23com\/","https:\/\/www.youtube.com\/channel\/UCYc7vxxFZMYLIHNsHHxPZ3Q"]},{"@type":"Person","@id":"https:\/\/conexion23.com\/#\/schema\/person\/03e36043331117e97a373299bbcd30a6","name":"Raffy Ben\u00edtez","image":{"@type":"ImageObject","inLanguage":"es","@id":"https:\/\/conexion23.com\/#\/schema\/person\/image\/","url":"https:\/\/secure.gravatar.com\/avatar\/3190a6a6c5e1b0327500f7d6c56b6242472ee6cb974cf09b401ee6b3b0798f23?s=96&d=mm&r=g","contentUrl":"https:\/\/secure.gravatar.com\/avatar\/3190a6a6c5e1b0327500f7d6c56b6242472ee6cb974cf09b401ee6b3b0798f23?s=96&d=mm&r=g","caption":"Raffy Ben\u00edtez"},"url":"https:\/\/conexion23.com\/?author=15"}]}},"_links":{"self":[{"href":"https:\/\/conexion23.com\/index.php?rest_route=\/wp\/v2\/posts\/35699","targetHints":{"allow":["GET"]}}],"collection":[{"href":"https:\/\/conexion23.com\/index.php?rest_route=\/wp\/v2\/posts"}],"about":[{"href":"https:\/\/conexion23.com\/index.php?rest_route=\/wp\/v2\/types\/post"}],"author":[{"embeddable":true,"href":"https:\/\/conexion23.com\/index.php?rest_route=\/wp\/v2\/users\/15"}],"replies":[{"embeddable":true,"href":"https:\/\/conexion23.com\/index.php?rest_route=%2Fwp%2Fv2%2Fcomments&post=35699"}],"version-history":[{"count":1,"href":"https:\/\/conexion23.com\/index.php?rest_route=\/wp\/v2\/posts\/35699\/revisions"}],"predecessor-version":[{"id":35701,"href":"https:\/\/conexion23.com\/index.php?rest_route=\/wp\/v2\/posts\/35699\/revisions\/35701"}],"wp:featuredmedia":[{"embeddable":true,"href":"https:\/\/conexion23.com\/index.php?rest_route=\/wp\/v2\/media\/35700"}],"wp:attachment":[{"href":"https:\/\/conexion23.com\/index.php?rest_route=%2Fwp%2Fv2%2Fmedia&parent=35699"}],"wp:term":[{"taxonomy":"category","embeddable":true,"href":"https:\/\/conexion23.com\/index.php?rest_route=%2Fwp%2Fv2%2Fcategories&post=35699"},{"taxonomy":"post_tag","embeddable":true,"href":"https:\/\/conexion23.com\/index.php?rest_route=%2Fwp%2Fv2%2Ftags&post=35699"}],"curies":[{"name":"wp","href":"https:\/\/api.w.org\/{rel}","templated":true}]}}