{"id":35705,"date":"2024-12-16T07:27:11","date_gmt":"2024-12-16T11:27:11","guid":{"rendered":"https:\/\/conexion23.com\/?p=35705"},"modified":"2024-12-16T07:27:13","modified_gmt":"2024-12-16T11:27:13","slug":"detienen-minibus-con-24-haitianos-en-situacion-irregular-en-valverde","status":"publish","type":"post","link":"https:\/\/conexion23.com\/?p=35705","title":{"rendered":"Detienen minib\u00fas con 24 haitianos en situaci\u00f3n irregular en Valverde"},"content":{"rendered":"\n<p>Durante un operativo de interdicci\u00f3n migratoria, el Ej\u00e9rcito de la Rep\u00fablica Dominicana (ERD) detuvo un minib\u00fas con 24 nacionales haitianos en situaci\u00f3n migratoria irregular.<\/p>\n\n\n\n<p>El veh\u00edculo, un Toyota Coaster blanco con placa I114624, fue interceptado mientras transportaba a los extranjeros sin documentaci\u00f3n. El conductor de este, fue identificado como Juan Carlos Polanco Mart\u00ednez, quien fue detenido y ser\u00e1 presentado ante el Ministerio P\u00fablico para enfrentar cargos relacionados con el traslado de personas en situaci\u00f3n irregular.<\/p>\n\n\n\n<p>Tambien se informo que, en el grupo se encontraba un ciudadano haitiano, Duce Yonel, quien portaba un carnet de la Direcci\u00f3n General de Migraci\u00f3n (No. 83DY7753590) que lo acredita con un Permiso Temporal de Trabajo (TT-1) vigente hasta el 25 de octubre de 2025. Yonel fue liberado tras confirmar su estatus migratorio legal.<\/p>\n\n\n\n<p>Adem\u00e1s, tres ciudadanos dominicanos que viajaban como pasajeros en el minib\u00fas declararon que se dirig\u00edan al municipio de Esperanza.<\/p>\n\n\n\n<p>Los 24 extranjeros en situaci\u00f3n irregular han sido entregados a la Direcci\u00f3n General de Migraci\u00f3n (DGM) para los procesos administrativos correspondientes.<\/p>\n","protected":false},"excerpt":{"rendered":"<p>Durante un operativo de interdicci\u00f3n migratoria, el Ej\u00e9rcito de la Rep\u00fablica Dominicana (ERD) detuvo un minib\u00fas con 24 nacionales haitianos en situaci\u00f3n migratoria irregular. El veh\u00edculo, un Toyota Coaster blanco con placa I114624, fue interceptado mientras transportaba a los extranjeros sin documentaci\u00f3n. El conductor de este, fue identificado como Juan Carlos Polanco Mart\u00ednez, quien fue [&hellip;]<\/p>\n","protected":false},"author":15,"featured_media":35706,"comment_status":"open","ping_status":"open","sticky":false,"template":"","format":"standard","meta":{"footnotes":""},"categories":[1],"tags":[],"class_list":{"0":"post-35705","1":"post","2":"type-post","3":"status-publish","4":"format-standard","5":"has-post-thumbnail","7":"category-uncategorized"},"yoast_head":"<!-- This site is optimized with the Yoast SEO plugin v27.1.1 - https:\/\/yoast.com\/product\/yoast-seo-wordpress\/ -->\n<title>Detienen minib\u00fas con 24 haitianos en situaci\u00f3n irregular en Valverde - Conexi\u00f3n 23<\/title>\n<meta name=\"robots\" content=\"index, follow, max-snippet:-1, max-image-preview:large, max-video-preview:-1\" \/>\n<link rel=\"canonical\" href=\"https:\/\/conexion23.com\/?p=35705\" \/>\n<meta property=\"og:locale\" content=\"es_ES\" \/>\n<meta property=\"og:type\" content=\"article\" \/>\n<meta property=\"og:title\" content=\"Detienen minib\u00fas con 24 haitianos en situaci\u00f3n irregular en Valverde - Conexi\u00f3n 23\" \/>\n<meta property=\"og:description\" content=\"Durante un operativo de interdicci\u00f3n migratoria, el Ej\u00e9rcito de la Rep\u00fablica Dominicana (ERD) detuvo un minib\u00fas con 24 nacionales haitianos en situaci\u00f3n migratoria irregular. El veh\u00edculo, un Toyota Coaster blanco con placa I114624, fue interceptado mientras transportaba a los extranjeros sin documentaci\u00f3n. El conductor de este, fue identificado como Juan Carlos Polanco Mart\u00ednez, quien fue [&hellip;]\" \/>\n<meta property=\"og:url\" content=\"https:\/\/conexion23.com\/?p=35705\" \/>\n<meta property=\"og:site_name\" content=\"Conexi\u00f3n 23\" \/>\n<meta property=\"article:publisher\" content=\"https:\/\/www.facebook.com\/conexion23com\" \/>\n<meta property=\"article:published_time\" content=\"2024-12-16T11:27:11+00:00\" \/>\n<meta property=\"article:modified_time\" content=\"2024-12-16T11:27:13+00:00\" \/>\n<meta property=\"og:image\" content=\"https:\/\/conexion23.com\/wp-content\/uploads\/2024\/12\/1734304333101.webp\" \/>\n\t<meta property=\"og:image:width\" content=\"446\" \/>\n\t<meta property=\"og:image:height\" content=\"231\" \/>\n\t<meta property=\"og:image:type\" content=\"image\/webp\" \/>\n<meta name=\"author\" content=\"Raffy Ben\u00edtez\" \/>\n<meta name=\"twitter:card\" content=\"summary_large_image\" \/>\n<meta name=\"twitter:label1\" content=\"Escrito por\" \/>\n\t<meta name=\"twitter:data1\" content=\"Raffy Ben\u00edtez\" \/>\n\t<meta name=\"twitter:label2\" content=\"Tiempo de lectura\" \/>\n\t<meta name=\"twitter:data2\" content=\"1 minuto\" \/>\n<script type=\"application\/ld+json\" class=\"yoast-schema-graph\">{\"@context\":\"https:\/\/schema.org\",\"@graph\":[{\"@type\":\"Article\",\"@id\":\"https:\/\/conexion23.com\/?p=35705#article\",\"isPartOf\":{\"@id\":\"https:\/\/conexion23.com\/?p=35705\"},\"author\":{\"name\":\"Raffy Ben\u00edtez\",\"@id\":\"https:\/\/conexion23.com\/#\/schema\/person\/03e36043331117e97a373299bbcd30a6\"},\"headline\":\"Detienen minib\u00fas con 24 haitianos en situaci\u00f3n irregular en Valverde\",\"datePublished\":\"2024-12-16T11:27:11+00:00\",\"dateModified\":\"2024-12-16T11:27:13+00:00\",\"mainEntityOfPage\":{\"@id\":\"https:\/\/conexion23.com\/?p=35705\"},\"wordCount\":193,\"commentCount\":0,\"publisher\":{\"@id\":\"https:\/\/conexion23.com\/#organization\"},\"image\":{\"@id\":\"https:\/\/conexion23.com\/?p=35705#primaryimage\"},\"thumbnailUrl\":\"https:\/\/conexion23.com\/wp-content\/uploads\/2024\/12\/1734304333101.webp\",\"articleSection\":[\"Uncategorized\"],\"inLanguage\":\"es\",\"potentialAction\":[{\"@type\":\"CommentAction\",\"name\":\"Comment\",\"target\":[\"https:\/\/conexion23.com\/?p=35705#respond\"]}]},{\"@type\":\"WebPage\",\"@id\":\"https:\/\/conexion23.com\/?p=35705\",\"url\":\"https:\/\/conexion23.com\/?p=35705\",\"name\":\"Detienen minib\u00fas con 24 haitianos en situaci\u00f3n irregular en Valverde - Conexi\u00f3n 23\",\"isPartOf\":{\"@id\":\"https:\/\/conexion23.com\/#website\"},\"primaryImageOfPage\":{\"@id\":\"https:\/\/conexion23.com\/?p=35705#primaryimage\"},\"image\":{\"@id\":\"https:\/\/conexion23.com\/?p=35705#primaryimage\"},\"thumbnailUrl\":\"https:\/\/conexion23.com\/wp-content\/uploads\/2024\/12\/1734304333101.webp\",\"datePublished\":\"2024-12-16T11:27:11+00:00\",\"dateModified\":\"2024-12-16T11:27:13+00:00\",\"breadcrumb\":{\"@id\":\"https:\/\/conexion23.com\/?p=35705#breadcrumb\"},\"inLanguage\":\"es\",\"potentialAction\":[{\"@type\":\"ReadAction\",\"target\":[\"https:\/\/conexion23.com\/?p=35705\"]}]},{\"@type\":\"ImageObject\",\"inLanguage\":\"es\",\"@id\":\"https:\/\/conexion23.com\/?p=35705#primaryimage\",\"url\":\"https:\/\/conexion23.com\/wp-content\/uploads\/2024\/12\/1734304333101.webp\",\"contentUrl\":\"https:\/\/conexion23.com\/wp-content\/uploads\/2024\/12\/1734304333101.webp\",\"width\":446,\"height\":231},{\"@type\":\"BreadcrumbList\",\"@id\":\"https:\/\/conexion23.com\/?p=35705#breadcrumb\",\"itemListElement\":[{\"@type\":\"ListItem\",\"position\":1,\"name\":\"Portada\",\"item\":\"https:\/\/conexion23.com\/\"},{\"@type\":\"ListItem\",\"position\":2,\"name\":\"Detienen minib\u00fas con 24 haitianos en situaci\u00f3n irregular en Valverde\"}]},{\"@type\":\"WebSite\",\"@id\":\"https:\/\/conexion23.com\/#website\",\"url\":\"https:\/\/conexion23.com\/\",\"name\":\"Conexi\u00f3n 23\",\"description\":\"Peri\u00f3dico 100% Petromacorisano\",\"publisher\":{\"@id\":\"https:\/\/conexion23.com\/#organization\"},\"potentialAction\":[{\"@type\":\"SearchAction\",\"target\":{\"@type\":\"EntryPoint\",\"urlTemplate\":\"https:\/\/conexion23.com\/?s={search_term_string}\"},\"query-input\":{\"@type\":\"PropertyValueSpecification\",\"valueRequired\":true,\"valueName\":\"search_term_string\"}}],\"inLanguage\":\"es\"},{\"@type\":\"Organization\",\"@id\":\"https:\/\/conexion23.com\/#organization\",\"name\":\"Conexion 23\",\"url\":\"https:\/\/conexion23.com\/\",\"logo\":{\"@type\":\"ImageObject\",\"inLanguage\":\"es\",\"@id\":\"https:\/\/conexion23.com\/#\/schema\/logo\/image\/\",\"url\":\"https:\/\/conexion23.com\/wp-content\/uploads\/2021\/11\/Diseno-sin-titulo-2.png\",\"contentUrl\":\"https:\/\/conexion23.com\/wp-content\/uploads\/2021\/11\/Diseno-sin-titulo-2.png\",\"width\":541,\"height\":90,\"caption\":\"Conexion 23\"},\"image\":{\"@id\":\"https:\/\/conexion23.com\/#\/schema\/logo\/image\/\"},\"sameAs\":[\"https:\/\/www.facebook.com\/conexion23com\",\"https:\/\/www.instagram.com\/conexion23com\/\",\"https:\/\/www.youtube.com\/channel\/UCYc7vxxFZMYLIHNsHHxPZ3Q\"]},{\"@type\":\"Person\",\"@id\":\"https:\/\/conexion23.com\/#\/schema\/person\/03e36043331117e97a373299bbcd30a6\",\"name\":\"Raffy Ben\u00edtez\",\"image\":{\"@type\":\"ImageObject\",\"inLanguage\":\"es\",\"@id\":\"https:\/\/conexion23.com\/#\/schema\/person\/image\/\",\"url\":\"https:\/\/secure.gravatar.com\/avatar\/3190a6a6c5e1b0327500f7d6c56b6242472ee6cb974cf09b401ee6b3b0798f23?s=96&d=mm&r=g\",\"contentUrl\":\"https:\/\/secure.gravatar.com\/avatar\/3190a6a6c5e1b0327500f7d6c56b6242472ee6cb974cf09b401ee6b3b0798f23?s=96&d=mm&r=g\",\"caption\":\"Raffy Ben\u00edtez\"},\"url\":\"https:\/\/conexion23.com\/?author=15\"}]}<\/script>\n<!-- \/ Yoast SEO plugin. -->","yoast_head_json":{"title":"Detienen minib\u00fas con 24 haitianos en situaci\u00f3n irregular en Valverde - Conexi\u00f3n 23","robots":{"index":"index","follow":"follow","max-snippet":"max-snippet:-1","max-image-preview":"max-image-preview:large","max-video-preview":"max-video-preview:-1"},"canonical":"https:\/\/conexion23.com\/?p=35705","og_locale":"es_ES","og_type":"article","og_title":"Detienen minib\u00fas con 24 haitianos en situaci\u00f3n irregular en Valverde - Conexi\u00f3n 23","og_description":"Durante un operativo de interdicci\u00f3n migratoria, el Ej\u00e9rcito de la Rep\u00fablica Dominicana (ERD) detuvo un minib\u00fas con 24 nacionales haitianos en situaci\u00f3n migratoria irregular. El veh\u00edculo, un Toyota Coaster blanco con placa I114624, fue interceptado mientras transportaba a los extranjeros sin documentaci\u00f3n. El conductor de este, fue identificado como Juan Carlos Polanco Mart\u00ednez, quien fue [&hellip;]","og_url":"https:\/\/conexion23.com\/?p=35705","og_site_name":"Conexi\u00f3n 23","article_publisher":"https:\/\/www.facebook.com\/conexion23com","article_published_time":"2024-12-16T11:27:11+00:00","article_modified_time":"2024-12-16T11:27:13+00:00","og_image":[{"width":446,"height":231,"url":"https:\/\/conexion23.com\/wp-content\/uploads\/2024\/12\/1734304333101.webp","type":"image\/webp"}],"author":"Raffy Ben\u00edtez","twitter_card":"summary_large_image","twitter_misc":{"Escrito por":"Raffy Ben\u00edtez","Tiempo de lectura":"1 minuto"},"schema":{"@context":"https:\/\/schema.org","@graph":[{"@type":"Article","@id":"https:\/\/conexion23.com\/?p=35705#article","isPartOf":{"@id":"https:\/\/conexion23.com\/?p=35705"},"author":{"name":"Raffy Ben\u00edtez","@id":"https:\/\/conexion23.com\/#\/schema\/person\/03e36043331117e97a373299bbcd30a6"},"headline":"Detienen minib\u00fas con 24 haitianos en situaci\u00f3n irregular en Valverde","datePublished":"2024-12-16T11:27:11+00:00","dateModified":"2024-12-16T11:27:13+00:00","mainEntityOfPage":{"@id":"https:\/\/conexion23.com\/?p=35705"},"wordCount":193,"commentCount":0,"publisher":{"@id":"https:\/\/conexion23.com\/#organization"},"image":{"@id":"https:\/\/conexion23.com\/?p=35705#primaryimage"},"thumbnailUrl":"https:\/\/conexion23.com\/wp-content\/uploads\/2024\/12\/1734304333101.webp","articleSection":["Uncategorized"],"inLanguage":"es","potentialAction":[{"@type":"CommentAction","name":"Comment","target":["https:\/\/conexion23.com\/?p=35705#respond"]}]},{"@type":"WebPage","@id":"https:\/\/conexion23.com\/?p=35705","url":"https:\/\/conexion23.com\/?p=35705","name":"Detienen minib\u00fas con 24 haitianos en situaci\u00f3n irregular en Valverde - Conexi\u00f3n 23","isPartOf":{"@id":"https:\/\/conexion23.com\/#website"},"primaryImageOfPage":{"@id":"https:\/\/conexion23.com\/?p=35705#primaryimage"},"image":{"@id":"https:\/\/conexion23.com\/?p=35705#primaryimage"},"thumbnailUrl":"https:\/\/conexion23.com\/wp-content\/uploads\/2024\/12\/1734304333101.webp","datePublished":"2024-12-16T11:27:11+00:00","dateModified":"2024-12-16T11:27:13+00:00","breadcrumb":{"@id":"https:\/\/conexion23.com\/?p=35705#breadcrumb"},"inLanguage":"es","potentialAction":[{"@type":"ReadAction","target":["https:\/\/conexion23.com\/?p=35705"]}]},{"@type":"ImageObject","inLanguage":"es","@id":"https:\/\/conexion23.com\/?p=35705#primaryimage","url":"https:\/\/conexion23.com\/wp-content\/uploads\/2024\/12\/1734304333101.webp","contentUrl":"https:\/\/conexion23.com\/wp-content\/uploads\/2024\/12\/1734304333101.webp","width":446,"height":231},{"@type":"BreadcrumbList","@id":"https:\/\/conexion23.com\/?p=35705#breadcrumb","itemListElement":[{"@type":"ListItem","position":1,"name":"Portada","item":"https:\/\/conexion23.com\/"},{"@type":"ListItem","position":2,"name":"Detienen minib\u00fas con 24 haitianos en situaci\u00f3n irregular en Valverde"}]},{"@type":"WebSite","@id":"https:\/\/conexion23.com\/#website","url":"https:\/\/conexion23.com\/","name":"Conexi\u00f3n 23","description":"Peri\u00f3dico 100% Petromacorisano","publisher":{"@id":"https:\/\/conexion23.com\/#organization"},"potentialAction":[{"@type":"SearchAction","target":{"@type":"EntryPoint","urlTemplate":"https:\/\/conexion23.com\/?s={search_term_string}"},"query-input":{"@type":"PropertyValueSpecification","valueRequired":true,"valueName":"search_term_string"}}],"inLanguage":"es"},{"@type":"Organization","@id":"https:\/\/conexion23.com\/#organization","name":"Conexion 23","url":"https:\/\/conexion23.com\/","logo":{"@type":"ImageObject","inLanguage":"es","@id":"https:\/\/conexion23.com\/#\/schema\/logo\/image\/","url":"https:\/\/conexion23.com\/wp-content\/uploads\/2021\/11\/Diseno-sin-titulo-2.png","contentUrl":"https:\/\/conexion23.com\/wp-content\/uploads\/2021\/11\/Diseno-sin-titulo-2.png","width":541,"height":90,"caption":"Conexion 23"},"image":{"@id":"https:\/\/conexion23.com\/#\/schema\/logo\/image\/"},"sameAs":["https:\/\/www.facebook.com\/conexion23com","https:\/\/www.instagram.com\/conexion23com\/","https:\/\/www.youtube.com\/channel\/UCYc7vxxFZMYLIHNsHHxPZ3Q"]},{"@type":"Person","@id":"https:\/\/conexion23.com\/#\/schema\/person\/03e36043331117e97a373299bbcd30a6","name":"Raffy Ben\u00edtez","image":{"@type":"ImageObject","inLanguage":"es","@id":"https:\/\/conexion23.com\/#\/schema\/person\/image\/","url":"https:\/\/secure.gravatar.com\/avatar\/3190a6a6c5e1b0327500f7d6c56b6242472ee6cb974cf09b401ee6b3b0798f23?s=96&d=mm&r=g","contentUrl":"https:\/\/secure.gravatar.com\/avatar\/3190a6a6c5e1b0327500f7d6c56b6242472ee6cb974cf09b401ee6b3b0798f23?s=96&d=mm&r=g","caption":"Raffy Ben\u00edtez"},"url":"https:\/\/conexion23.com\/?author=15"}]}},"_links":{"self":[{"href":"https:\/\/conexion23.com\/index.php?rest_route=\/wp\/v2\/posts\/35705","targetHints":{"allow":["GET"]}}],"collection":[{"href":"https:\/\/conexion23.com\/index.php?rest_route=\/wp\/v2\/posts"}],"about":[{"href":"https:\/\/conexion23.com\/index.php?rest_route=\/wp\/v2\/types\/post"}],"author":[{"embeddable":true,"href":"https:\/\/conexion23.com\/index.php?rest_route=\/wp\/v2\/users\/15"}],"replies":[{"embeddable":true,"href":"https:\/\/conexion23.com\/index.php?rest_route=%2Fwp%2Fv2%2Fcomments&post=35705"}],"version-history":[{"count":1,"href":"https:\/\/conexion23.com\/index.php?rest_route=\/wp\/v2\/posts\/35705\/revisions"}],"predecessor-version":[{"id":35707,"href":"https:\/\/conexion23.com\/index.php?rest_route=\/wp\/v2\/posts\/35705\/revisions\/35707"}],"wp:featuredmedia":[{"embeddable":true,"href":"https:\/\/conexion23.com\/index.php?rest_route=\/wp\/v2\/media\/35706"}],"wp:attachment":[{"href":"https:\/\/conexion23.com\/index.php?rest_route=%2Fwp%2Fv2%2Fmedia&parent=35705"}],"wp:term":[{"taxonomy":"category","embeddable":true,"href":"https:\/\/conexion23.com\/index.php?rest_route=%2Fwp%2Fv2%2Fcategories&post=35705"},{"taxonomy":"post_tag","embeddable":true,"href":"https:\/\/conexion23.com\/index.php?rest_route=%2Fwp%2Fv2%2Ftags&post=35705"}],"curies":[{"name":"wp","href":"https:\/\/api.w.org\/{rel}","templated":true}]}}