{"id":35708,"date":"2024-12-16T07:33:24","date_gmt":"2024-12-16T11:33:24","guid":{"rendered":"https:\/\/conexion23.com\/?p=35708"},"modified":"2024-12-16T07:33:26","modified_gmt":"2024-12-16T11:33:26","slug":"apresan-la-madre-y-el-padrastro-de-una-nina-de-dos-anos-que-murio-en-monte-cristi","status":"publish","type":"post","link":"https:\/\/conexion23.com\/?p=35708","title":{"rendered":"Apresan la madre y el padrastro de una ni\u00f1a de dos a\u00f1os que muri\u00f3 en Monte Cristi"},"content":{"rendered":"\n<p>La madre y el padrastro de la ni\u00f1a de dos a\u00f1os, que muri\u00f3 en Monte Cristi, fueron apresados esta tarde por agentes de la Polic\u00eda Nacional, mientras que el Ministerio P\u00fablico se mantiene investigando el hecho.<\/p>\n\n\n\n<p>Una fuente policial dijo que, seg\u00fan un informe preliminar del Instituto Nacional de Ciencias Forenses (Inacif), la menor sepultada en la comunidad El Pocito, Guayubin presentaba trauma tor\u00e1cico abdominal severo.<\/p>\n\n\n\n<p>Seg\u00fan medios de la provincia de Monte Cristi, el fiscal titular, Grimaldi Oviedo, dio a conocer que someter\u00e1n a la justicia a la madre de la menor, Lucianny Rodr\u00edguez, y al padrastro, Henry Sosa, a quienes les estar\u00e1n conociendo medida de coerci\u00f3n pr\u00f3ximamente.<\/p>\n\n\n\n<p>Rodr\u00edguez y su pareja se encuentran detenidos en el Cuartel Policial del municipio de San Fernando de Monte Cristi.<\/p>\n\n\n\n<p>Valent\u00edn Sosa, quien es pariente de Henry Sosa dijo que nadie le hizo da\u00f1o a la ni\u00f1a y que la misma se hab\u00eda ca\u00eddo de una escalera el pasado ocho de noviembre.<\/p>\n\n\n\n<p>\u201cLa madre de esa ni\u00f1a nunca le puso la mano, ni ella ni nadie, porque la ni\u00f1a se cay\u00f3 como se cae cualquier muchacho, que tropieza y se cae\u201d, afirm\u00f3.<\/p>\n\n\n\n<p>El d\u00eda anterior de la muerte de la menor de dos a\u00f1os, falleci\u00f3 su hermana de apenas 6 meses en un centro m\u00e9dico de Santiago de los Caballeros por neumon\u00eda, por lo que ambas fueron sepultadas el pasado domingo por sus familiares y amigos. El hecho ha causado consternaci\u00f3n en vecinos y pobladores de la zona.<\/p>\n\n\n\n<p><strong>Testimonio de la madre<\/strong><\/p>\n\n\n\n<p>Lucianny Rodr\u00edguez, madre de las ni\u00f1as fallecidas hab\u00eda dicho que su hija mayor \u201cestaba p\u00e1lida\u201d por lo que la llev\u00f3 al hospital de Guayubin; pero que luego de inyectarla y ponerle un suero a la infante present\u00f3 un decaimiento.<\/p>\n\n\n\n<p>\u201cMe le mandaron a dar Pedialyte (soluci\u00f3n oral para hidratar la menor) y la ni\u00f1a lo que hizo fue que me vomito una cantidad de l\u00edquido que ya es para una persona grande, yo creo que para un m\u00e9dico medicar un ni\u00f1o tiene que mandarle hacer an\u00e1lisis para ver qu\u00e9 tiene la ni\u00f1a y no ponerle algo que ellos no saben lo que le est\u00e1 pasando a la ni\u00f1a en realidad\u201d indic\u00f3 la madre v\u00eda telef\u00f3nica.<\/p>\n\n\n\n<p>Actualmente se est\u00e1 a la espera de un informe del Instituto Nacional de Ciencias Forenses (Inacif), para que determine la causa de la muerte de la menor de dos a\u00f1os.<\/p>\n\n\n\n<p>En cuanto a la fallecida de seis meses, la madre dijo que ven\u00eda presentando problemas de salud hace tres meses y que la llev\u00f3 a varios centros de salud, entre ellos el Hospital Metropolitano de Santiago (Homs) y luego de varias complicaciones, mejor\u00f3 y fue despachada a su hogar.<\/p>\n\n\n\n<p>\u201cLa ni\u00f1a recay\u00f3 con dificultad respiratoria, la llevo al hospital de ni\u00f1os donde dur\u00f3 15 d\u00edas ingresada, me diagnosticaron a la ni\u00f1a con laringomalacia, que eso es la v\u00eda respiratoria muy peque\u00f1a, la vio un otorrino y le puso medicamento; me dijo que si la ni\u00f1a segu\u00eda as\u00ed ten\u00eda que operarla me la mandaron para la casa\u201d dijo la madre qui\u00e9n sigui\u00f3 narrando que le dieron de alta un lunes y el jueves nueva vez se enferm\u00f3, por lo que la refirieron al Materno Infantil de Santiago donde falleci\u00f3 por neumon\u00eda.<\/p>\n","protected":false},"excerpt":{"rendered":"<p>La madre y el padrastro de la ni\u00f1a de dos a\u00f1os, que muri\u00f3 en Monte Cristi, fueron apresados esta tarde por agentes de la Polic\u00eda Nacional, mientras que el Ministerio P\u00fablico se mantiene investigando el hecho. Una fuente policial dijo que, seg\u00fan un informe preliminar del Instituto Nacional de Ciencias Forenses (Inacif), la menor sepultada [&hellip;]<\/p>\n","protected":false},"author":15,"featured_media":35709,"comment_status":"open","ping_status":"open","sticky":false,"template":"","format":"standard","meta":{"footnotes":""},"categories":[1],"tags":[],"class_list":{"0":"post-35708","1":"post","2":"type-post","3":"status-publish","4":"format-standard","5":"has-post-thumbnail","7":"category-uncategorized"},"yoast_head":"<!-- This site is optimized with the Yoast SEO plugin v27.1.1 - https:\/\/yoast.com\/product\/yoast-seo-wordpress\/ -->\n<title>Apresan la madre y el padrastro de una ni\u00f1a de dos a\u00f1os que muri\u00f3 en Monte Cristi - Conexi\u00f3n 23<\/title>\n<meta name=\"robots\" content=\"index, follow, max-snippet:-1, max-image-preview:large, max-video-preview:-1\" \/>\n<link rel=\"canonical\" href=\"https:\/\/conexion23.com\/?p=35708\" \/>\n<meta property=\"og:locale\" content=\"es_ES\" \/>\n<meta property=\"og:type\" content=\"article\" \/>\n<meta property=\"og:title\" content=\"Apresan la madre y el padrastro de una ni\u00f1a de dos a\u00f1os que muri\u00f3 en Monte Cristi - Conexi\u00f3n 23\" \/>\n<meta property=\"og:description\" content=\"La madre y el padrastro de la ni\u00f1a de dos a\u00f1os, que muri\u00f3 en Monte Cristi, fueron apresados esta tarde por agentes de la Polic\u00eda Nacional, mientras que el Ministerio P\u00fablico se mantiene investigando el hecho. Una fuente policial dijo que, seg\u00fan un informe preliminar del Instituto Nacional de Ciencias Forenses (Inacif), la menor sepultada [&hellip;]\" \/>\n<meta property=\"og:url\" content=\"https:\/\/conexion23.com\/?p=35708\" \/>\n<meta property=\"og:site_name\" content=\"Conexi\u00f3n 23\" \/>\n<meta property=\"article:publisher\" content=\"https:\/\/www.facebook.com\/conexion23com\" \/>\n<meta property=\"article:published_time\" content=\"2024-12-16T11:33:24+00:00\" \/>\n<meta property=\"article:modified_time\" content=\"2024-12-16T11:33:26+00:00\" \/>\n<meta property=\"og:image\" content=\"https:\/\/conexion23.com\/wp-content\/uploads\/2024\/12\/download-25.jpg\" \/>\n\t<meta property=\"og:image:width\" content=\"248\" \/>\n\t<meta property=\"og:image:height\" content=\"204\" \/>\n\t<meta property=\"og:image:type\" content=\"image\/jpeg\" \/>\n<meta name=\"author\" content=\"Raffy Ben\u00edtez\" \/>\n<meta name=\"twitter:card\" content=\"summary_large_image\" \/>\n<meta name=\"twitter:label1\" content=\"Escrito por\" \/>\n\t<meta name=\"twitter:data1\" content=\"Raffy Ben\u00edtez\" \/>\n\t<meta name=\"twitter:label2\" content=\"Tiempo de lectura\" \/>\n\t<meta name=\"twitter:data2\" content=\"3 minutos\" \/>\n<script type=\"application\/ld+json\" class=\"yoast-schema-graph\">{\"@context\":\"https:\/\/schema.org\",\"@graph\":[{\"@type\":\"Article\",\"@id\":\"https:\/\/conexion23.com\/?p=35708#article\",\"isPartOf\":{\"@id\":\"https:\/\/conexion23.com\/?p=35708\"},\"author\":{\"name\":\"Raffy Ben\u00edtez\",\"@id\":\"https:\/\/conexion23.com\/#\/schema\/person\/03e36043331117e97a373299bbcd30a6\"},\"headline\":\"Apresan la madre y el padrastro de una ni\u00f1a de dos a\u00f1os que muri\u00f3 en Monte Cristi\",\"datePublished\":\"2024-12-16T11:33:24+00:00\",\"dateModified\":\"2024-12-16T11:33:26+00:00\",\"mainEntityOfPage\":{\"@id\":\"https:\/\/conexion23.com\/?p=35708\"},\"wordCount\":604,\"commentCount\":0,\"publisher\":{\"@id\":\"https:\/\/conexion23.com\/#organization\"},\"image\":{\"@id\":\"https:\/\/conexion23.com\/?p=35708#primaryimage\"},\"thumbnailUrl\":\"https:\/\/conexion23.com\/wp-content\/uploads\/2024\/12\/download-25.jpg\",\"articleSection\":[\"Uncategorized\"],\"inLanguage\":\"es\",\"potentialAction\":[{\"@type\":\"CommentAction\",\"name\":\"Comment\",\"target\":[\"https:\/\/conexion23.com\/?p=35708#respond\"]}]},{\"@type\":\"WebPage\",\"@id\":\"https:\/\/conexion23.com\/?p=35708\",\"url\":\"https:\/\/conexion23.com\/?p=35708\",\"name\":\"Apresan la madre y el padrastro de una ni\u00f1a de dos a\u00f1os que muri\u00f3 en Monte Cristi - Conexi\u00f3n 23\",\"isPartOf\":{\"@id\":\"https:\/\/conexion23.com\/#website\"},\"primaryImageOfPage\":{\"@id\":\"https:\/\/conexion23.com\/?p=35708#primaryimage\"},\"image\":{\"@id\":\"https:\/\/conexion23.com\/?p=35708#primaryimage\"},\"thumbnailUrl\":\"https:\/\/conexion23.com\/wp-content\/uploads\/2024\/12\/download-25.jpg\",\"datePublished\":\"2024-12-16T11:33:24+00:00\",\"dateModified\":\"2024-12-16T11:33:26+00:00\",\"breadcrumb\":{\"@id\":\"https:\/\/conexion23.com\/?p=35708#breadcrumb\"},\"inLanguage\":\"es\",\"potentialAction\":[{\"@type\":\"ReadAction\",\"target\":[\"https:\/\/conexion23.com\/?p=35708\"]}]},{\"@type\":\"ImageObject\",\"inLanguage\":\"es\",\"@id\":\"https:\/\/conexion23.com\/?p=35708#primaryimage\",\"url\":\"https:\/\/conexion23.com\/wp-content\/uploads\/2024\/12\/download-25.jpg\",\"contentUrl\":\"https:\/\/conexion23.com\/wp-content\/uploads\/2024\/12\/download-25.jpg\",\"width\":248,\"height\":204},{\"@type\":\"BreadcrumbList\",\"@id\":\"https:\/\/conexion23.com\/?p=35708#breadcrumb\",\"itemListElement\":[{\"@type\":\"ListItem\",\"position\":1,\"name\":\"Portada\",\"item\":\"https:\/\/conexion23.com\/\"},{\"@type\":\"ListItem\",\"position\":2,\"name\":\"Apresan la madre y el padrastro de una ni\u00f1a de dos a\u00f1os que muri\u00f3 en Monte Cristi\"}]},{\"@type\":\"WebSite\",\"@id\":\"https:\/\/conexion23.com\/#website\",\"url\":\"https:\/\/conexion23.com\/\",\"name\":\"Conexi\u00f3n 23\",\"description\":\"Peri\u00f3dico 100% Petromacorisano\",\"publisher\":{\"@id\":\"https:\/\/conexion23.com\/#organization\"},\"potentialAction\":[{\"@type\":\"SearchAction\",\"target\":{\"@type\":\"EntryPoint\",\"urlTemplate\":\"https:\/\/conexion23.com\/?s={search_term_string}\"},\"query-input\":{\"@type\":\"PropertyValueSpecification\",\"valueRequired\":true,\"valueName\":\"search_term_string\"}}],\"inLanguage\":\"es\"},{\"@type\":\"Organization\",\"@id\":\"https:\/\/conexion23.com\/#organization\",\"name\":\"Conexion 23\",\"url\":\"https:\/\/conexion23.com\/\",\"logo\":{\"@type\":\"ImageObject\",\"inLanguage\":\"es\",\"@id\":\"https:\/\/conexion23.com\/#\/schema\/logo\/image\/\",\"url\":\"https:\/\/conexion23.com\/wp-content\/uploads\/2021\/11\/Diseno-sin-titulo-2.png\",\"contentUrl\":\"https:\/\/conexion23.com\/wp-content\/uploads\/2021\/11\/Diseno-sin-titulo-2.png\",\"width\":541,\"height\":90,\"caption\":\"Conexion 23\"},\"image\":{\"@id\":\"https:\/\/conexion23.com\/#\/schema\/logo\/image\/\"},\"sameAs\":[\"https:\/\/www.facebook.com\/conexion23com\",\"https:\/\/www.instagram.com\/conexion23com\/\",\"https:\/\/www.youtube.com\/channel\/UCYc7vxxFZMYLIHNsHHxPZ3Q\"]},{\"@type\":\"Person\",\"@id\":\"https:\/\/conexion23.com\/#\/schema\/person\/03e36043331117e97a373299bbcd30a6\",\"name\":\"Raffy Ben\u00edtez\",\"image\":{\"@type\":\"ImageObject\",\"inLanguage\":\"es\",\"@id\":\"https:\/\/conexion23.com\/#\/schema\/person\/image\/\",\"url\":\"https:\/\/secure.gravatar.com\/avatar\/3190a6a6c5e1b0327500f7d6c56b6242472ee6cb974cf09b401ee6b3b0798f23?s=96&d=mm&r=g\",\"contentUrl\":\"https:\/\/secure.gravatar.com\/avatar\/3190a6a6c5e1b0327500f7d6c56b6242472ee6cb974cf09b401ee6b3b0798f23?s=96&d=mm&r=g\",\"caption\":\"Raffy Ben\u00edtez\"},\"url\":\"https:\/\/conexion23.com\/?author=15\"}]}<\/script>\n<!-- \/ Yoast SEO plugin. -->","yoast_head_json":{"title":"Apresan la madre y el padrastro de una ni\u00f1a de dos a\u00f1os que muri\u00f3 en Monte Cristi - Conexi\u00f3n 23","robots":{"index":"index","follow":"follow","max-snippet":"max-snippet:-1","max-image-preview":"max-image-preview:large","max-video-preview":"max-video-preview:-1"},"canonical":"https:\/\/conexion23.com\/?p=35708","og_locale":"es_ES","og_type":"article","og_title":"Apresan la madre y el padrastro de una ni\u00f1a de dos a\u00f1os que muri\u00f3 en Monte Cristi - Conexi\u00f3n 23","og_description":"La madre y el padrastro de la ni\u00f1a de dos a\u00f1os, que muri\u00f3 en Monte Cristi, fueron apresados esta tarde por agentes de la Polic\u00eda Nacional, mientras que el Ministerio P\u00fablico se mantiene investigando el hecho. Una fuente policial dijo que, seg\u00fan un informe preliminar del Instituto Nacional de Ciencias Forenses (Inacif), la menor sepultada [&hellip;]","og_url":"https:\/\/conexion23.com\/?p=35708","og_site_name":"Conexi\u00f3n 23","article_publisher":"https:\/\/www.facebook.com\/conexion23com","article_published_time":"2024-12-16T11:33:24+00:00","article_modified_time":"2024-12-16T11:33:26+00:00","og_image":[{"width":248,"height":204,"url":"https:\/\/conexion23.com\/wp-content\/uploads\/2024\/12\/download-25.jpg","type":"image\/jpeg"}],"author":"Raffy Ben\u00edtez","twitter_card":"summary_large_image","twitter_misc":{"Escrito por":"Raffy Ben\u00edtez","Tiempo de lectura":"3 minutos"},"schema":{"@context":"https:\/\/schema.org","@graph":[{"@type":"Article","@id":"https:\/\/conexion23.com\/?p=35708#article","isPartOf":{"@id":"https:\/\/conexion23.com\/?p=35708"},"author":{"name":"Raffy Ben\u00edtez","@id":"https:\/\/conexion23.com\/#\/schema\/person\/03e36043331117e97a373299bbcd30a6"},"headline":"Apresan la madre y el padrastro de una ni\u00f1a de dos a\u00f1os que muri\u00f3 en Monte Cristi","datePublished":"2024-12-16T11:33:24+00:00","dateModified":"2024-12-16T11:33:26+00:00","mainEntityOfPage":{"@id":"https:\/\/conexion23.com\/?p=35708"},"wordCount":604,"commentCount":0,"publisher":{"@id":"https:\/\/conexion23.com\/#organization"},"image":{"@id":"https:\/\/conexion23.com\/?p=35708#primaryimage"},"thumbnailUrl":"https:\/\/conexion23.com\/wp-content\/uploads\/2024\/12\/download-25.jpg","articleSection":["Uncategorized"],"inLanguage":"es","potentialAction":[{"@type":"CommentAction","name":"Comment","target":["https:\/\/conexion23.com\/?p=35708#respond"]}]},{"@type":"WebPage","@id":"https:\/\/conexion23.com\/?p=35708","url":"https:\/\/conexion23.com\/?p=35708","name":"Apresan la madre y el padrastro de una ni\u00f1a de dos a\u00f1os que muri\u00f3 en Monte Cristi - Conexi\u00f3n 23","isPartOf":{"@id":"https:\/\/conexion23.com\/#website"},"primaryImageOfPage":{"@id":"https:\/\/conexion23.com\/?p=35708#primaryimage"},"image":{"@id":"https:\/\/conexion23.com\/?p=35708#primaryimage"},"thumbnailUrl":"https:\/\/conexion23.com\/wp-content\/uploads\/2024\/12\/download-25.jpg","datePublished":"2024-12-16T11:33:24+00:00","dateModified":"2024-12-16T11:33:26+00:00","breadcrumb":{"@id":"https:\/\/conexion23.com\/?p=35708#breadcrumb"},"inLanguage":"es","potentialAction":[{"@type":"ReadAction","target":["https:\/\/conexion23.com\/?p=35708"]}]},{"@type":"ImageObject","inLanguage":"es","@id":"https:\/\/conexion23.com\/?p=35708#primaryimage","url":"https:\/\/conexion23.com\/wp-content\/uploads\/2024\/12\/download-25.jpg","contentUrl":"https:\/\/conexion23.com\/wp-content\/uploads\/2024\/12\/download-25.jpg","width":248,"height":204},{"@type":"BreadcrumbList","@id":"https:\/\/conexion23.com\/?p=35708#breadcrumb","itemListElement":[{"@type":"ListItem","position":1,"name":"Portada","item":"https:\/\/conexion23.com\/"},{"@type":"ListItem","position":2,"name":"Apresan la madre y el padrastro de una ni\u00f1a de dos a\u00f1os que muri\u00f3 en Monte Cristi"}]},{"@type":"WebSite","@id":"https:\/\/conexion23.com\/#website","url":"https:\/\/conexion23.com\/","name":"Conexi\u00f3n 23","description":"Peri\u00f3dico 100% Petromacorisano","publisher":{"@id":"https:\/\/conexion23.com\/#organization"},"potentialAction":[{"@type":"SearchAction","target":{"@type":"EntryPoint","urlTemplate":"https:\/\/conexion23.com\/?s={search_term_string}"},"query-input":{"@type":"PropertyValueSpecification","valueRequired":true,"valueName":"search_term_string"}}],"inLanguage":"es"},{"@type":"Organization","@id":"https:\/\/conexion23.com\/#organization","name":"Conexion 23","url":"https:\/\/conexion23.com\/","logo":{"@type":"ImageObject","inLanguage":"es","@id":"https:\/\/conexion23.com\/#\/schema\/logo\/image\/","url":"https:\/\/conexion23.com\/wp-content\/uploads\/2021\/11\/Diseno-sin-titulo-2.png","contentUrl":"https:\/\/conexion23.com\/wp-content\/uploads\/2021\/11\/Diseno-sin-titulo-2.png","width":541,"height":90,"caption":"Conexion 23"},"image":{"@id":"https:\/\/conexion23.com\/#\/schema\/logo\/image\/"},"sameAs":["https:\/\/www.facebook.com\/conexion23com","https:\/\/www.instagram.com\/conexion23com\/","https:\/\/www.youtube.com\/channel\/UCYc7vxxFZMYLIHNsHHxPZ3Q"]},{"@type":"Person","@id":"https:\/\/conexion23.com\/#\/schema\/person\/03e36043331117e97a373299bbcd30a6","name":"Raffy Ben\u00edtez","image":{"@type":"ImageObject","inLanguage":"es","@id":"https:\/\/conexion23.com\/#\/schema\/person\/image\/","url":"https:\/\/secure.gravatar.com\/avatar\/3190a6a6c5e1b0327500f7d6c56b6242472ee6cb974cf09b401ee6b3b0798f23?s=96&d=mm&r=g","contentUrl":"https:\/\/secure.gravatar.com\/avatar\/3190a6a6c5e1b0327500f7d6c56b6242472ee6cb974cf09b401ee6b3b0798f23?s=96&d=mm&r=g","caption":"Raffy Ben\u00edtez"},"url":"https:\/\/conexion23.com\/?author=15"}]}},"_links":{"self":[{"href":"https:\/\/conexion23.com\/index.php?rest_route=\/wp\/v2\/posts\/35708","targetHints":{"allow":["GET"]}}],"collection":[{"href":"https:\/\/conexion23.com\/index.php?rest_route=\/wp\/v2\/posts"}],"about":[{"href":"https:\/\/conexion23.com\/index.php?rest_route=\/wp\/v2\/types\/post"}],"author":[{"embeddable":true,"href":"https:\/\/conexion23.com\/index.php?rest_route=\/wp\/v2\/users\/15"}],"replies":[{"embeddable":true,"href":"https:\/\/conexion23.com\/index.php?rest_route=%2Fwp%2Fv2%2Fcomments&post=35708"}],"version-history":[{"count":1,"href":"https:\/\/conexion23.com\/index.php?rest_route=\/wp\/v2\/posts\/35708\/revisions"}],"predecessor-version":[{"id":35710,"href":"https:\/\/conexion23.com\/index.php?rest_route=\/wp\/v2\/posts\/35708\/revisions\/35710"}],"wp:featuredmedia":[{"embeddable":true,"href":"https:\/\/conexion23.com\/index.php?rest_route=\/wp\/v2\/media\/35709"}],"wp:attachment":[{"href":"https:\/\/conexion23.com\/index.php?rest_route=%2Fwp%2Fv2%2Fmedia&parent=35708"}],"wp:term":[{"taxonomy":"category","embeddable":true,"href":"https:\/\/conexion23.com\/index.php?rest_route=%2Fwp%2Fv2%2Fcategories&post=35708"},{"taxonomy":"post_tag","embeddable":true,"href":"https:\/\/conexion23.com\/index.php?rest_route=%2Fwp%2Fv2%2Ftags&post=35708"}],"curies":[{"name":"wp","href":"https:\/\/api.w.org\/{rel}","templated":true}]}}