{"id":35844,"date":"2024-12-19T07:52:49","date_gmt":"2024-12-19T11:52:49","guid":{"rendered":"https:\/\/conexion23.com\/?p=35844"},"modified":"2024-12-19T07:52:51","modified_gmt":"2024-12-19T11:52:51","slug":"denuncian-banda-criminal-opera-a-lo-interno-de-la-policia","status":"publish","type":"post","link":"https:\/\/conexion23.com\/?p=35844","title":{"rendered":"Denuncian banda criminal opera a lo interno de la Polic\u00eda"},"content":{"rendered":"\n<p>El Consejo Nacional de los Derechos Humanos (Conadehu) denunci\u00f3 ayer que a lo interno de la Polic\u00eda Nacional existe una banda conocida como \u201clos filibusteros\u00bb, a quienes acus\u00f3 de estar detr\u00e1s de los recientes asesinatos de civiles, agentes y efectivos militares.<\/p>\n\n\n\n<p>\u201cPor esas razones es que los agentes en las \u00faltimas dos semanas, asesinan ciudadanos de forma despiadada y en frente de ni\u00f1os, mujeres y ancianos, sin importar que sean grabados o no\u201d, dijo el director general de la entidad, Nelson Guti\u00e9rrez.<\/p>\n\n\n\n<p>Plante\u00f3 que, de seguir as\u00ed y sin un freno desde la Presidencia de la Rep\u00fablica, habr\u00e1 serias dudas de los avances de la reforma policial que impulsa el gobierno.<\/p>\n\n\n\n<p>Asegur\u00f3 que esto genera preocupaci\u00f3n en la ciudadan\u00eda respecto a la seguridad y el manejo inadecuado a lo interno de la Polic\u00eda Nacional.<\/p>\n\n\n\n<p>En un comunicado de prensa, Guti\u00e9rrez indic\u00f3 que esa banda dentro de la Polic\u00eda Nacional est\u00e1 aplicando la \u201cteor\u00eda del caos\u201d para su beneficio y advirti\u00f3 que har\u00e1n fracasar el proceso de transformaci\u00f3n en que se encuentra el cuerpo del orden, la cual es una prioridad del gobierno del presidente Luis Abinader.<\/p>\n\n\n\n<p>Asimismo, vaticin\u00f3 que de continuar esta tendencia, se avecinar\u00eda el posible fracaso de las estrategias de reforma, por lo que sugiri\u00f3 una depuraci\u00f3n en la Polic\u00eda y un escrutinio interno como contraofensiva para vencer los obst\u00e1culos que representan estas bandas.<\/p>\n\n\n\n<p>Guti\u00e9rrez precis\u00f3 que los integrantes de esa banda manejan informaciones sensitivas y est\u00e1n actuando contra las propias directrices y la misi\u00f3n de garantizar la seguridad de la poblaci\u00f3n.<\/p>\n\n\n\n<p>El activista social y periodista se\u00f1al\u00f3 que pueden aparecer algunos cr\u00edmenes fortuitos de ciudadanos, pero estim\u00f3 que m\u00e1s de 400 han sido asesinatos y desapariciones forzadas ejecutados por esta banda policial.<\/p>\n\n\n\n<p>Explic\u00f3 que la banda no es nueva, pero ahora son los que controlan el 80% de la Polic\u00eda Nacional y, de no frenarse, estos cr\u00edmenes ser\u00e1n algo sistem\u00e1tico.<\/p>\n\n\n\n<p>Guti\u00e9rrez reconoci\u00f3 los esfuerzos del Gobierno en el proceso de transformaci\u00f3n de la Polic\u00eda, pero destac\u00f3 que la soluci\u00f3n requiere una revisi\u00f3n profunda, mayor transparencia y una verdadera voluntad pol\u00edtica para enfrentar a los responsables.<\/p>\n\n\n\n<p>Adelant\u00f3 que Conadehu contin\u00faa trabajando en casos delictivos que involucran a oficiales superiores de la Polic\u00eda Nacional.<\/p>\n\n\n\n<p>Al exponer la preocupante realidad, Guti\u00e9rrez exigi\u00f3 una respuesta clara de las autoridades para evitar que estos hechos contin\u00faen, tras destacar que \u00abla reforma policial sigue siendo un tema prioritario\u00bb.<\/p>\n","protected":false},"excerpt":{"rendered":"<p>El Consejo Nacional de los Derechos Humanos (Conadehu) denunci\u00f3 ayer que a lo interno de la Polic\u00eda Nacional existe una banda conocida como \u201clos filibusteros\u00bb, a quienes acus\u00f3 de estar detr\u00e1s de los recientes asesinatos de civiles, agentes y efectivos militares. \u201cPor esas razones es que los agentes en las \u00faltimas dos semanas, asesinan ciudadanos [&hellip;]<\/p>\n","protected":false},"author":15,"featured_media":35845,"comment_status":"open","ping_status":"open","sticky":false,"template":"","format":"standard","meta":{"footnotes":""},"categories":[1],"tags":[],"class_list":{"0":"post-35844","1":"post","2":"type-post","3":"status-publish","4":"format-standard","5":"has-post-thumbnail","7":"category-uncategorized"},"yoast_head":"<!-- This site is optimized with the Yoast SEO plugin v27.1.1 - https:\/\/yoast.com\/product\/yoast-seo-wordpress\/ -->\n<title>Denuncian banda criminal opera a lo interno de la Polic\u00eda - Conexi\u00f3n 23<\/title>\n<meta name=\"robots\" content=\"index, follow, max-snippet:-1, max-image-preview:large, max-video-preview:-1\" \/>\n<link rel=\"canonical\" href=\"https:\/\/conexion23.com\/?p=35844\" \/>\n<meta property=\"og:locale\" content=\"es_ES\" \/>\n<meta property=\"og:type\" content=\"article\" \/>\n<meta property=\"og:title\" content=\"Denuncian banda criminal opera a lo interno de la Polic\u00eda - Conexi\u00f3n 23\" \/>\n<meta property=\"og:description\" content=\"El Consejo Nacional de los Derechos Humanos (Conadehu) denunci\u00f3 ayer que a lo interno de la Polic\u00eda Nacional existe una banda conocida como \u201clos filibusteros\u00bb, a quienes acus\u00f3 de estar detr\u00e1s de los recientes asesinatos de civiles, agentes y efectivos militares. \u201cPor esas razones es que los agentes en las \u00faltimas dos semanas, asesinan ciudadanos [&hellip;]\" \/>\n<meta property=\"og:url\" content=\"https:\/\/conexion23.com\/?p=35844\" \/>\n<meta property=\"og:site_name\" content=\"Conexi\u00f3n 23\" \/>\n<meta property=\"article:publisher\" content=\"https:\/\/www.facebook.com\/conexion23com\" \/>\n<meta property=\"article:published_time\" content=\"2024-12-19T11:52:49+00:00\" \/>\n<meta property=\"article:modified_time\" content=\"2024-12-19T11:52:51+00:00\" \/>\n<meta property=\"og:image\" content=\"https:\/\/conexion23.com\/wp-content\/uploads\/2024\/12\/67636c67d591e.jpeg\" \/>\n\t<meta property=\"og:image:width\" content=\"800\" \/>\n\t<meta property=\"og:image:height\" content=\"618\" \/>\n\t<meta property=\"og:image:type\" content=\"image\/jpeg\" \/>\n<meta name=\"author\" content=\"Raffy Ben\u00edtez\" \/>\n<meta name=\"twitter:card\" content=\"summary_large_image\" \/>\n<meta name=\"twitter:label1\" content=\"Escrito por\" \/>\n\t<meta name=\"twitter:data1\" content=\"Raffy Ben\u00edtez\" \/>\n\t<meta name=\"twitter:label2\" content=\"Tiempo de lectura\" \/>\n\t<meta name=\"twitter:data2\" content=\"3 minutos\" \/>\n<script type=\"application\/ld+json\" class=\"yoast-schema-graph\">{\"@context\":\"https:\/\/schema.org\",\"@graph\":[{\"@type\":\"Article\",\"@id\":\"https:\/\/conexion23.com\/?p=35844#article\",\"isPartOf\":{\"@id\":\"https:\/\/conexion23.com\/?p=35844\"},\"author\":{\"name\":\"Raffy Ben\u00edtez\",\"@id\":\"https:\/\/conexion23.com\/#\/schema\/person\/03e36043331117e97a373299bbcd30a6\"},\"headline\":\"Denuncian banda criminal opera a lo interno de la Polic\u00eda\",\"datePublished\":\"2024-12-19T11:52:49+00:00\",\"dateModified\":\"2024-12-19T11:52:51+00:00\",\"mainEntityOfPage\":{\"@id\":\"https:\/\/conexion23.com\/?p=35844\"},\"wordCount\":442,\"commentCount\":0,\"publisher\":{\"@id\":\"https:\/\/conexion23.com\/#organization\"},\"image\":{\"@id\":\"https:\/\/conexion23.com\/?p=35844#primaryimage\"},\"thumbnailUrl\":\"https:\/\/conexion23.com\/wp-content\/uploads\/2024\/12\/67636c67d591e.jpeg\",\"articleSection\":[\"Uncategorized\"],\"inLanguage\":\"es\",\"potentialAction\":[{\"@type\":\"CommentAction\",\"name\":\"Comment\",\"target\":[\"https:\/\/conexion23.com\/?p=35844#respond\"]}]},{\"@type\":\"WebPage\",\"@id\":\"https:\/\/conexion23.com\/?p=35844\",\"url\":\"https:\/\/conexion23.com\/?p=35844\",\"name\":\"Denuncian banda criminal opera a lo interno de la Polic\u00eda - Conexi\u00f3n 23\",\"isPartOf\":{\"@id\":\"https:\/\/conexion23.com\/#website\"},\"primaryImageOfPage\":{\"@id\":\"https:\/\/conexion23.com\/?p=35844#primaryimage\"},\"image\":{\"@id\":\"https:\/\/conexion23.com\/?p=35844#primaryimage\"},\"thumbnailUrl\":\"https:\/\/conexion23.com\/wp-content\/uploads\/2024\/12\/67636c67d591e.jpeg\",\"datePublished\":\"2024-12-19T11:52:49+00:00\",\"dateModified\":\"2024-12-19T11:52:51+00:00\",\"breadcrumb\":{\"@id\":\"https:\/\/conexion23.com\/?p=35844#breadcrumb\"},\"inLanguage\":\"es\",\"potentialAction\":[{\"@type\":\"ReadAction\",\"target\":[\"https:\/\/conexion23.com\/?p=35844\"]}]},{\"@type\":\"ImageObject\",\"inLanguage\":\"es\",\"@id\":\"https:\/\/conexion23.com\/?p=35844#primaryimage\",\"url\":\"https:\/\/conexion23.com\/wp-content\/uploads\/2024\/12\/67636c67d591e.jpeg\",\"contentUrl\":\"https:\/\/conexion23.com\/wp-content\/uploads\/2024\/12\/67636c67d591e.jpeg\",\"width\":800,\"height\":618},{\"@type\":\"BreadcrumbList\",\"@id\":\"https:\/\/conexion23.com\/?p=35844#breadcrumb\",\"itemListElement\":[{\"@type\":\"ListItem\",\"position\":1,\"name\":\"Portada\",\"item\":\"https:\/\/conexion23.com\/\"},{\"@type\":\"ListItem\",\"position\":2,\"name\":\"Denuncian banda criminal opera a lo interno de la Polic\u00eda\"}]},{\"@type\":\"WebSite\",\"@id\":\"https:\/\/conexion23.com\/#website\",\"url\":\"https:\/\/conexion23.com\/\",\"name\":\"Conexi\u00f3n 23\",\"description\":\"Peri\u00f3dico 100% Petromacorisano\",\"publisher\":{\"@id\":\"https:\/\/conexion23.com\/#organization\"},\"potentialAction\":[{\"@type\":\"SearchAction\",\"target\":{\"@type\":\"EntryPoint\",\"urlTemplate\":\"https:\/\/conexion23.com\/?s={search_term_string}\"},\"query-input\":{\"@type\":\"PropertyValueSpecification\",\"valueRequired\":true,\"valueName\":\"search_term_string\"}}],\"inLanguage\":\"es\"},{\"@type\":\"Organization\",\"@id\":\"https:\/\/conexion23.com\/#organization\",\"name\":\"Conexion 23\",\"url\":\"https:\/\/conexion23.com\/\",\"logo\":{\"@type\":\"ImageObject\",\"inLanguage\":\"es\",\"@id\":\"https:\/\/conexion23.com\/#\/schema\/logo\/image\/\",\"url\":\"https:\/\/conexion23.com\/wp-content\/uploads\/2021\/11\/Diseno-sin-titulo-2.png\",\"contentUrl\":\"https:\/\/conexion23.com\/wp-content\/uploads\/2021\/11\/Diseno-sin-titulo-2.png\",\"width\":541,\"height\":90,\"caption\":\"Conexion 23\"},\"image\":{\"@id\":\"https:\/\/conexion23.com\/#\/schema\/logo\/image\/\"},\"sameAs\":[\"https:\/\/www.facebook.com\/conexion23com\",\"https:\/\/www.instagram.com\/conexion23com\/\",\"https:\/\/www.youtube.com\/channel\/UCYc7vxxFZMYLIHNsHHxPZ3Q\"]},{\"@type\":\"Person\",\"@id\":\"https:\/\/conexion23.com\/#\/schema\/person\/03e36043331117e97a373299bbcd30a6\",\"name\":\"Raffy Ben\u00edtez\",\"image\":{\"@type\":\"ImageObject\",\"inLanguage\":\"es\",\"@id\":\"https:\/\/conexion23.com\/#\/schema\/person\/image\/\",\"url\":\"https:\/\/secure.gravatar.com\/avatar\/3190a6a6c5e1b0327500f7d6c56b6242472ee6cb974cf09b401ee6b3b0798f23?s=96&d=mm&r=g\",\"contentUrl\":\"https:\/\/secure.gravatar.com\/avatar\/3190a6a6c5e1b0327500f7d6c56b6242472ee6cb974cf09b401ee6b3b0798f23?s=96&d=mm&r=g\",\"caption\":\"Raffy Ben\u00edtez\"},\"url\":\"https:\/\/conexion23.com\/?author=15\"}]}<\/script>\n<!-- \/ Yoast SEO plugin. -->","yoast_head_json":{"title":"Denuncian banda criminal opera a lo interno de la Polic\u00eda - Conexi\u00f3n 23","robots":{"index":"index","follow":"follow","max-snippet":"max-snippet:-1","max-image-preview":"max-image-preview:large","max-video-preview":"max-video-preview:-1"},"canonical":"https:\/\/conexion23.com\/?p=35844","og_locale":"es_ES","og_type":"article","og_title":"Denuncian banda criminal opera a lo interno de la Polic\u00eda - Conexi\u00f3n 23","og_description":"El Consejo Nacional de los Derechos Humanos (Conadehu) denunci\u00f3 ayer que a lo interno de la Polic\u00eda Nacional existe una banda conocida como \u201clos filibusteros\u00bb, a quienes acus\u00f3 de estar detr\u00e1s de los recientes asesinatos de civiles, agentes y efectivos militares. \u201cPor esas razones es que los agentes en las \u00faltimas dos semanas, asesinan ciudadanos [&hellip;]","og_url":"https:\/\/conexion23.com\/?p=35844","og_site_name":"Conexi\u00f3n 23","article_publisher":"https:\/\/www.facebook.com\/conexion23com","article_published_time":"2024-12-19T11:52:49+00:00","article_modified_time":"2024-12-19T11:52:51+00:00","og_image":[{"width":800,"height":618,"url":"https:\/\/conexion23.com\/wp-content\/uploads\/2024\/12\/67636c67d591e.jpeg","type":"image\/jpeg"}],"author":"Raffy Ben\u00edtez","twitter_card":"summary_large_image","twitter_misc":{"Escrito por":"Raffy Ben\u00edtez","Tiempo de lectura":"3 minutos"},"schema":{"@context":"https:\/\/schema.org","@graph":[{"@type":"Article","@id":"https:\/\/conexion23.com\/?p=35844#article","isPartOf":{"@id":"https:\/\/conexion23.com\/?p=35844"},"author":{"name":"Raffy Ben\u00edtez","@id":"https:\/\/conexion23.com\/#\/schema\/person\/03e36043331117e97a373299bbcd30a6"},"headline":"Denuncian banda criminal opera a lo interno de la Polic\u00eda","datePublished":"2024-12-19T11:52:49+00:00","dateModified":"2024-12-19T11:52:51+00:00","mainEntityOfPage":{"@id":"https:\/\/conexion23.com\/?p=35844"},"wordCount":442,"commentCount":0,"publisher":{"@id":"https:\/\/conexion23.com\/#organization"},"image":{"@id":"https:\/\/conexion23.com\/?p=35844#primaryimage"},"thumbnailUrl":"https:\/\/conexion23.com\/wp-content\/uploads\/2024\/12\/67636c67d591e.jpeg","articleSection":["Uncategorized"],"inLanguage":"es","potentialAction":[{"@type":"CommentAction","name":"Comment","target":["https:\/\/conexion23.com\/?p=35844#respond"]}]},{"@type":"WebPage","@id":"https:\/\/conexion23.com\/?p=35844","url":"https:\/\/conexion23.com\/?p=35844","name":"Denuncian banda criminal opera a lo interno de la Polic\u00eda - Conexi\u00f3n 23","isPartOf":{"@id":"https:\/\/conexion23.com\/#website"},"primaryImageOfPage":{"@id":"https:\/\/conexion23.com\/?p=35844#primaryimage"},"image":{"@id":"https:\/\/conexion23.com\/?p=35844#primaryimage"},"thumbnailUrl":"https:\/\/conexion23.com\/wp-content\/uploads\/2024\/12\/67636c67d591e.jpeg","datePublished":"2024-12-19T11:52:49+00:00","dateModified":"2024-12-19T11:52:51+00:00","breadcrumb":{"@id":"https:\/\/conexion23.com\/?p=35844#breadcrumb"},"inLanguage":"es","potentialAction":[{"@type":"ReadAction","target":["https:\/\/conexion23.com\/?p=35844"]}]},{"@type":"ImageObject","inLanguage":"es","@id":"https:\/\/conexion23.com\/?p=35844#primaryimage","url":"https:\/\/conexion23.com\/wp-content\/uploads\/2024\/12\/67636c67d591e.jpeg","contentUrl":"https:\/\/conexion23.com\/wp-content\/uploads\/2024\/12\/67636c67d591e.jpeg","width":800,"height":618},{"@type":"BreadcrumbList","@id":"https:\/\/conexion23.com\/?p=35844#breadcrumb","itemListElement":[{"@type":"ListItem","position":1,"name":"Portada","item":"https:\/\/conexion23.com\/"},{"@type":"ListItem","position":2,"name":"Denuncian banda criminal opera a lo interno de la Polic\u00eda"}]},{"@type":"WebSite","@id":"https:\/\/conexion23.com\/#website","url":"https:\/\/conexion23.com\/","name":"Conexi\u00f3n 23","description":"Peri\u00f3dico 100% Petromacorisano","publisher":{"@id":"https:\/\/conexion23.com\/#organization"},"potentialAction":[{"@type":"SearchAction","target":{"@type":"EntryPoint","urlTemplate":"https:\/\/conexion23.com\/?s={search_term_string}"},"query-input":{"@type":"PropertyValueSpecification","valueRequired":true,"valueName":"search_term_string"}}],"inLanguage":"es"},{"@type":"Organization","@id":"https:\/\/conexion23.com\/#organization","name":"Conexion 23","url":"https:\/\/conexion23.com\/","logo":{"@type":"ImageObject","inLanguage":"es","@id":"https:\/\/conexion23.com\/#\/schema\/logo\/image\/","url":"https:\/\/conexion23.com\/wp-content\/uploads\/2021\/11\/Diseno-sin-titulo-2.png","contentUrl":"https:\/\/conexion23.com\/wp-content\/uploads\/2021\/11\/Diseno-sin-titulo-2.png","width":541,"height":90,"caption":"Conexion 23"},"image":{"@id":"https:\/\/conexion23.com\/#\/schema\/logo\/image\/"},"sameAs":["https:\/\/www.facebook.com\/conexion23com","https:\/\/www.instagram.com\/conexion23com\/","https:\/\/www.youtube.com\/channel\/UCYc7vxxFZMYLIHNsHHxPZ3Q"]},{"@type":"Person","@id":"https:\/\/conexion23.com\/#\/schema\/person\/03e36043331117e97a373299bbcd30a6","name":"Raffy Ben\u00edtez","image":{"@type":"ImageObject","inLanguage":"es","@id":"https:\/\/conexion23.com\/#\/schema\/person\/image\/","url":"https:\/\/secure.gravatar.com\/avatar\/3190a6a6c5e1b0327500f7d6c56b6242472ee6cb974cf09b401ee6b3b0798f23?s=96&d=mm&r=g","contentUrl":"https:\/\/secure.gravatar.com\/avatar\/3190a6a6c5e1b0327500f7d6c56b6242472ee6cb974cf09b401ee6b3b0798f23?s=96&d=mm&r=g","caption":"Raffy Ben\u00edtez"},"url":"https:\/\/conexion23.com\/?author=15"}]}},"_links":{"self":[{"href":"https:\/\/conexion23.com\/index.php?rest_route=\/wp\/v2\/posts\/35844","targetHints":{"allow":["GET"]}}],"collection":[{"href":"https:\/\/conexion23.com\/index.php?rest_route=\/wp\/v2\/posts"}],"about":[{"href":"https:\/\/conexion23.com\/index.php?rest_route=\/wp\/v2\/types\/post"}],"author":[{"embeddable":true,"href":"https:\/\/conexion23.com\/index.php?rest_route=\/wp\/v2\/users\/15"}],"replies":[{"embeddable":true,"href":"https:\/\/conexion23.com\/index.php?rest_route=%2Fwp%2Fv2%2Fcomments&post=35844"}],"version-history":[{"count":1,"href":"https:\/\/conexion23.com\/index.php?rest_route=\/wp\/v2\/posts\/35844\/revisions"}],"predecessor-version":[{"id":35846,"href":"https:\/\/conexion23.com\/index.php?rest_route=\/wp\/v2\/posts\/35844\/revisions\/35846"}],"wp:featuredmedia":[{"embeddable":true,"href":"https:\/\/conexion23.com\/index.php?rest_route=\/wp\/v2\/media\/35845"}],"wp:attachment":[{"href":"https:\/\/conexion23.com\/index.php?rest_route=%2Fwp%2Fv2%2Fmedia&parent=35844"}],"wp:term":[{"taxonomy":"category","embeddable":true,"href":"https:\/\/conexion23.com\/index.php?rest_route=%2Fwp%2Fv2%2Fcategories&post=35844"},{"taxonomy":"post_tag","embeddable":true,"href":"https:\/\/conexion23.com\/index.php?rest_route=%2Fwp%2Fv2%2Ftags&post=35844"}],"curies":[{"name":"wp","href":"https:\/\/api.w.org\/{rel}","templated":true}]}}