{"id":35847,"date":"2024-12-19T07:57:38","date_gmt":"2024-12-19T11:57:38","guid":{"rendered":"https:\/\/conexion23.com\/?p=35847"},"modified":"2024-12-19T07:57:40","modified_gmt":"2024-12-19T11:57:40","slug":"mp-solicita-prision-preventiva-contra-capitan-y-civil-por-homicidio-de-segundo-teniente-en-hainamosa","status":"publish","type":"post","link":"https:\/\/conexion23.com\/?p=35847","title":{"rendered":"MP solicita prisi\u00f3n preventiva contra capit\u00e1n y civil por homicidio de segundo teniente en Hainamosa"},"content":{"rendered":"\n<p>El&nbsp;<strong>Ministerio<\/strong>&nbsp;<strong>P\u00fablico<\/strong>&nbsp;deposit\u00f3 ante la Oficina de Atenci\u00f3n Permanente de Santo Domingo Este la solicitud de medida de coerci\u00f3n en contra del capit\u00e1n de la Fuerza A\u00e9rea de la Rep\u00fablica Dominicana,<strong>&nbsp;Fraulin Gabriel P\u00e9rez Camacho<\/strong>, y del ciudadano<strong>&nbsp;Stiven Herrera,<\/strong>&nbsp;a quienes imputa por el&nbsp;<strong>homicidio<\/strong>&nbsp;del segundo teniente de la misma instituci\u00f3n, Bienvenido&nbsp;<strong>Reyes<\/strong>&nbsp;<strong>Chalas<\/strong>.<\/p>\n\n\n\n<p>El&nbsp;<strong>Ministerio<\/strong>&nbsp;<strong>P\u00fablico<\/strong>&nbsp;solicit\u00f3 al tribunal que a los imputados les sea impuesta la&nbsp;<strong>prisi\u00f3n<\/strong>&nbsp;<strong>preventiva<\/strong>, como medida de coerci\u00f3n, fundamentando su pedimento en la gravedad del caso y en el riesgo de que los implicados se sustraigan del proceso judicial.<\/p>\n\n\n\n<p>En el expediente depositado, el&nbsp;<strong>Ministerio<\/strong>&nbsp;<strong>P\u00fablico<\/strong>&nbsp;establece que los hechos ocurrieron la madrugada del pasado lunes, 16 de este mes, mientras&nbsp;<strong>Reyes<\/strong>&nbsp;<strong>Chalas<\/strong>&nbsp;se encontraba compartiendo en un juego de domin\u00f3, en compa\u00f1\u00eda de varios amigos en la calle 3ra. del sector de Hainamosa, municipio Santo Domingo Este, cuando fue atacado por el imputado Stiven Herrera, quien lleg\u00f3 al lugar en una&nbsp;<strong>motocicleta<\/strong>&nbsp;en compa\u00f1\u00eda de&nbsp;<strong>Tommy<\/strong>&nbsp;Antonio Ortiz y alias el \u00abGordo\u00bb, estos dos \u00faltimos se encuentran pr\u00f3fugos.<\/p>\n\n\n\n<p>El documento indica, adem\u00e1s,&nbsp; que, al percatarse de la situaci\u00f3n,&nbsp;<strong>Reyes<\/strong>&nbsp;<strong>Chalas<\/strong>&nbsp;intent\u00f3 sacar su&nbsp;<strong>arma<\/strong>&nbsp;de reglamento, pero&nbsp;<strong>Tommy<\/strong>&nbsp;Antonio Ortiz se lanz\u00f3 de la&nbsp;<strong>motocicleta<\/strong>&nbsp;y le realiz\u00f3 varios disparos, provoc\u00e1ndole una herida por proyectil de&nbsp;<strong>arma<\/strong>&nbsp;de&nbsp;<strong>fuego<\/strong>, con orificio de entrada en hemitorax derecho, sin salida, que termin\u00f3 caus\u00e1ndole la muerte, seg\u00fan el acta de levantamiento de cad\u00e1ver N\u00fam. 91702.<\/p>\n\n\n\n<p>Se\u00f1ala que al observar que el hoy occiso se encontraba herido y en indefensi\u00f3n, lo despojaron de su&nbsp;<strong>arma<\/strong>&nbsp;de&nbsp;<strong>fuego<\/strong>&nbsp;y de una&nbsp;<strong>cadena<\/strong>&nbsp;de&nbsp;<strong>oro<\/strong>&nbsp;que llevaba puesta en el cuello, emprendiendo la huida del lugar. \u00abEl hecho fue captado por c\u00e1maras de seguridad del lugar\u00bb, dice la nota.<\/p>\n\n\n\n<p>El\u00a0<strong>Ministerio<\/strong>\u00a0<strong>P\u00fablico<\/strong>\u00a0y el Departamento de Cr\u00edmenes y Delitos de Alta Tecnolog\u00eda de la Polic\u00eda Nacional (Dicat), al realizar el levantamiento, lograron identificar el veh\u00edculo marca\u00a0<strong>Toyota<\/strong>, modelo\u00a0<strong>Land<\/strong>\u00a0Cruiser, color blanco, placa No. G240236, registrada a nombre del\u00a0<strong>conscripto de la Fuerza A\u00e9rea,<\/strong>\u00a0Odailyn Ezequiel\u00a0<strong>Santana<\/strong>\u00a0<strong>Encarnaci\u00f3n<\/strong>.<\/p>\n\n\n\n<p>Seg\u00fan la investigaci\u00f3n del \u00f3rgano persecutor, el veh\u00edculo hab\u00eda pasado previamente por donde se encontraba el occiso jugando domin\u00f3, y de \u00e9l se desmontaron dos de las personas que posteriormente abordaron la&nbsp;<strong>motocicleta<\/strong>&nbsp;para ir a cometer el hecho regresando a ese mismo veh\u00edculo al consumar la acci\u00f3n criminal.<\/p>\n\n\n\n<p>\u00abAl ser entrevistado,&nbsp;<strong>Santana<\/strong>&nbsp;<strong>Encarnaci\u00f3n<\/strong>&nbsp;indic\u00f3 que le prest\u00f3 el veh\u00edculo al hoy imputado capit\u00e1n&nbsp;<strong>P\u00e9rez Camacho,<\/strong>&nbsp;lo que llev\u00f3 al&nbsp;<strong>Ministerio<\/strong>&nbsp;<strong>P\u00fablico<\/strong>&nbsp;a ejecutar la orden de arresto N\u00fam. 973-2024-EMES-15655, en contra de ambos imputados el pasado lunes, 17 del presente mes.<\/p>\n\n\n\n<p>Al momento de ser arrestado, a Herrera le fue ocupada el&nbsp;<strong>arma<\/strong>&nbsp;de&nbsp;<strong>fuego<\/strong>, tipo pistola, marca Taurus, calibre 9&nbsp;mm, serie No. TER21429, con su cargador y 14 c\u00e1psulas del mismo calibre, la cual portaba de manera ilegal y que, al ser depurada, se encontr\u00f3 que hab\u00eda sido robada en San Pedro de Macor\u00eds.<\/p>\n","protected":false},"excerpt":{"rendered":"<p>El&nbsp;Ministerio&nbsp;P\u00fablico&nbsp;deposit\u00f3 ante la Oficina de Atenci\u00f3n Permanente de Santo Domingo Este la solicitud de medida de coerci\u00f3n en contra del capit\u00e1n de la Fuerza A\u00e9rea de la Rep\u00fablica Dominicana,&nbsp;Fraulin Gabriel P\u00e9rez Camacho, y del ciudadano&nbsp;Stiven Herrera,&nbsp;a quienes imputa por el&nbsp;homicidio&nbsp;del segundo teniente de la misma instituci\u00f3n, Bienvenido&nbsp;Reyes&nbsp;Chalas. El&nbsp;Ministerio&nbsp;P\u00fablico&nbsp;solicit\u00f3 al tribunal que a los imputados les [&hellip;]<\/p>\n","protected":false},"author":15,"featured_media":35848,"comment_status":"open","ping_status":"open","sticky":false,"template":"","format":"standard","meta":{"footnotes":""},"categories":[1],"tags":[],"class_list":{"0":"post-35847","1":"post","2":"type-post","3":"status-publish","4":"format-standard","5":"has-post-thumbnail","7":"category-uncategorized"},"yoast_head":"<!-- This site is optimized with the Yoast SEO plugin v27.1.1 - https:\/\/yoast.com\/product\/yoast-seo-wordpress\/ -->\n<title>MP solicita prisi\u00f3n preventiva contra capit\u00e1n y civil por homicidio de segundo teniente en Hainamosa - Conexi\u00f3n 23<\/title>\n<meta name=\"robots\" content=\"index, follow, max-snippet:-1, max-image-preview:large, max-video-preview:-1\" \/>\n<link rel=\"canonical\" href=\"http:\/\/conexion23.com\/?p=35847\" \/>\n<meta property=\"og:locale\" content=\"es_ES\" \/>\n<meta property=\"og:type\" content=\"article\" \/>\n<meta property=\"og:title\" content=\"MP solicita prisi\u00f3n preventiva contra capit\u00e1n y civil por homicidio de segundo teniente en Hainamosa - Conexi\u00f3n 23\" \/>\n<meta property=\"og:description\" content=\"El&nbsp;Ministerio&nbsp;P\u00fablico&nbsp;deposit\u00f3 ante la Oficina de Atenci\u00f3n Permanente de Santo Domingo Este la solicitud de medida de coerci\u00f3n en contra del capit\u00e1n de la Fuerza A\u00e9rea de la Rep\u00fablica Dominicana,&nbsp;Fraulin Gabriel P\u00e9rez Camacho, y del ciudadano&nbsp;Stiven Herrera,&nbsp;a quienes imputa por el&nbsp;homicidio&nbsp;del segundo teniente de la misma instituci\u00f3n, Bienvenido&nbsp;Reyes&nbsp;Chalas. El&nbsp;Ministerio&nbsp;P\u00fablico&nbsp;solicit\u00f3 al tribunal que a los imputados les [&hellip;]\" \/>\n<meta property=\"og:url\" content=\"http:\/\/conexion23.com\/?p=35847\" \/>\n<meta property=\"og:site_name\" content=\"Conexi\u00f3n 23\" \/>\n<meta property=\"article:publisher\" content=\"https:\/\/www.facebook.com\/conexion23com\" \/>\n<meta property=\"article:published_time\" content=\"2024-12-19T11:57:38+00:00\" \/>\n<meta property=\"article:modified_time\" content=\"2024-12-19T11:57:40+00:00\" \/>\n<meta property=\"og:image\" content=\"http:\/\/conexion23.com\/wp-content\/uploads\/2024\/12\/matan-teniente-fuerza-aerea-focus-0-0-896-504.jpg\" \/>\n\t<meta property=\"og:image:width\" content=\"896\" \/>\n\t<meta property=\"og:image:height\" content=\"504\" \/>\n\t<meta property=\"og:image:type\" content=\"image\/jpeg\" \/>\n<meta name=\"author\" content=\"Raffy Ben\u00edtez\" \/>\n<meta name=\"twitter:card\" content=\"summary_large_image\" \/>\n<meta name=\"twitter:label1\" content=\"Escrito por\" \/>\n\t<meta name=\"twitter:data1\" content=\"Raffy Ben\u00edtez\" \/>\n\t<meta name=\"twitter:label2\" content=\"Tiempo de lectura\" \/>\n\t<meta name=\"twitter:data2\" content=\"3 minutos\" \/>\n<script type=\"application\/ld+json\" class=\"yoast-schema-graph\">{\"@context\":\"https:\/\/schema.org\",\"@graph\":[{\"@type\":\"Article\",\"@id\":\"http:\/\/conexion23.com\/?p=35847#article\",\"isPartOf\":{\"@id\":\"http:\/\/conexion23.com\/?p=35847\"},\"author\":{\"name\":\"Raffy Ben\u00edtez\",\"@id\":\"https:\/\/conexion23.com\/#\/schema\/person\/03e36043331117e97a373299bbcd30a6\"},\"headline\":\"MP solicita prisi\u00f3n preventiva contra capit\u00e1n y civil por homicidio de segundo teniente en Hainamosa\",\"datePublished\":\"2024-12-19T11:57:38+00:00\",\"dateModified\":\"2024-12-19T11:57:40+00:00\",\"mainEntityOfPage\":{\"@id\":\"http:\/\/conexion23.com\/?p=35847\"},\"wordCount\":609,\"commentCount\":0,\"publisher\":{\"@id\":\"https:\/\/conexion23.com\/#organization\"},\"image\":{\"@id\":\"http:\/\/conexion23.com\/?p=35847#primaryimage\"},\"thumbnailUrl\":\"https:\/\/conexion23.com\/wp-content\/uploads\/2024\/12\/matan-teniente-fuerza-aerea-focus-0-0-896-504.jpg\",\"articleSection\":[\"Uncategorized\"],\"inLanguage\":\"es\",\"potentialAction\":[{\"@type\":\"CommentAction\",\"name\":\"Comment\",\"target\":[\"http:\/\/conexion23.com\/?p=35847#respond\"]}]},{\"@type\":\"WebPage\",\"@id\":\"http:\/\/conexion23.com\/?p=35847\",\"url\":\"http:\/\/conexion23.com\/?p=35847\",\"name\":\"MP solicita prisi\u00f3n preventiva contra capit\u00e1n y civil por homicidio de segundo teniente en Hainamosa - Conexi\u00f3n 23\",\"isPartOf\":{\"@id\":\"https:\/\/conexion23.com\/#website\"},\"primaryImageOfPage\":{\"@id\":\"http:\/\/conexion23.com\/?p=35847#primaryimage\"},\"image\":{\"@id\":\"http:\/\/conexion23.com\/?p=35847#primaryimage\"},\"thumbnailUrl\":\"https:\/\/conexion23.com\/wp-content\/uploads\/2024\/12\/matan-teniente-fuerza-aerea-focus-0-0-896-504.jpg\",\"datePublished\":\"2024-12-19T11:57:38+00:00\",\"dateModified\":\"2024-12-19T11:57:40+00:00\",\"breadcrumb\":{\"@id\":\"http:\/\/conexion23.com\/?p=35847#breadcrumb\"},\"inLanguage\":\"es\",\"potentialAction\":[{\"@type\":\"ReadAction\",\"target\":[\"http:\/\/conexion23.com\/?p=35847\"]}]},{\"@type\":\"ImageObject\",\"inLanguage\":\"es\",\"@id\":\"http:\/\/conexion23.com\/?p=35847#primaryimage\",\"url\":\"https:\/\/conexion23.com\/wp-content\/uploads\/2024\/12\/matan-teniente-fuerza-aerea-focus-0-0-896-504.jpg\",\"contentUrl\":\"https:\/\/conexion23.com\/wp-content\/uploads\/2024\/12\/matan-teniente-fuerza-aerea-focus-0-0-896-504.jpg\",\"width\":896,\"height\":504},{\"@type\":\"BreadcrumbList\",\"@id\":\"http:\/\/conexion23.com\/?p=35847#breadcrumb\",\"itemListElement\":[{\"@type\":\"ListItem\",\"position\":1,\"name\":\"Portada\",\"item\":\"https:\/\/conexion23.com\/\"},{\"@type\":\"ListItem\",\"position\":2,\"name\":\"MP solicita prisi\u00f3n preventiva contra capit\u00e1n y civil por homicidio de segundo teniente en Hainamosa\"}]},{\"@type\":\"WebSite\",\"@id\":\"https:\/\/conexion23.com\/#website\",\"url\":\"https:\/\/conexion23.com\/\",\"name\":\"Conexi\u00f3n 23\",\"description\":\"Peri\u00f3dico 100% Petromacorisano\",\"publisher\":{\"@id\":\"https:\/\/conexion23.com\/#organization\"},\"potentialAction\":[{\"@type\":\"SearchAction\",\"target\":{\"@type\":\"EntryPoint\",\"urlTemplate\":\"https:\/\/conexion23.com\/?s={search_term_string}\"},\"query-input\":{\"@type\":\"PropertyValueSpecification\",\"valueRequired\":true,\"valueName\":\"search_term_string\"}}],\"inLanguage\":\"es\"},{\"@type\":\"Organization\",\"@id\":\"https:\/\/conexion23.com\/#organization\",\"name\":\"Conexion 23\",\"url\":\"https:\/\/conexion23.com\/\",\"logo\":{\"@type\":\"ImageObject\",\"inLanguage\":\"es\",\"@id\":\"https:\/\/conexion23.com\/#\/schema\/logo\/image\/\",\"url\":\"https:\/\/conexion23.com\/wp-content\/uploads\/2021\/11\/Diseno-sin-titulo-2.png\",\"contentUrl\":\"https:\/\/conexion23.com\/wp-content\/uploads\/2021\/11\/Diseno-sin-titulo-2.png\",\"width\":541,\"height\":90,\"caption\":\"Conexion 23\"},\"image\":{\"@id\":\"https:\/\/conexion23.com\/#\/schema\/logo\/image\/\"},\"sameAs\":[\"https:\/\/www.facebook.com\/conexion23com\",\"https:\/\/www.instagram.com\/conexion23com\/\",\"https:\/\/www.youtube.com\/channel\/UCYc7vxxFZMYLIHNsHHxPZ3Q\"]},{\"@type\":\"Person\",\"@id\":\"https:\/\/conexion23.com\/#\/schema\/person\/03e36043331117e97a373299bbcd30a6\",\"name\":\"Raffy Ben\u00edtez\",\"image\":{\"@type\":\"ImageObject\",\"inLanguage\":\"es\",\"@id\":\"https:\/\/conexion23.com\/#\/schema\/person\/image\/\",\"url\":\"https:\/\/secure.gravatar.com\/avatar\/3190a6a6c5e1b0327500f7d6c56b6242472ee6cb974cf09b401ee6b3b0798f23?s=96&d=mm&r=g\",\"contentUrl\":\"https:\/\/secure.gravatar.com\/avatar\/3190a6a6c5e1b0327500f7d6c56b6242472ee6cb974cf09b401ee6b3b0798f23?s=96&d=mm&r=g\",\"caption\":\"Raffy Ben\u00edtez\"},\"url\":\"https:\/\/conexion23.com\/?author=15\"}]}<\/script>\n<!-- \/ Yoast SEO plugin. -->","yoast_head_json":{"title":"MP solicita prisi\u00f3n preventiva contra capit\u00e1n y civil por homicidio de segundo teniente en Hainamosa - Conexi\u00f3n 23","robots":{"index":"index","follow":"follow","max-snippet":"max-snippet:-1","max-image-preview":"max-image-preview:large","max-video-preview":"max-video-preview:-1"},"canonical":"http:\/\/conexion23.com\/?p=35847","og_locale":"es_ES","og_type":"article","og_title":"MP solicita prisi\u00f3n preventiva contra capit\u00e1n y civil por homicidio de segundo teniente en Hainamosa - Conexi\u00f3n 23","og_description":"El&nbsp;Ministerio&nbsp;P\u00fablico&nbsp;deposit\u00f3 ante la Oficina de Atenci\u00f3n Permanente de Santo Domingo Este la solicitud de medida de coerci\u00f3n en contra del capit\u00e1n de la Fuerza A\u00e9rea de la Rep\u00fablica Dominicana,&nbsp;Fraulin Gabriel P\u00e9rez Camacho, y del ciudadano&nbsp;Stiven Herrera,&nbsp;a quienes imputa por el&nbsp;homicidio&nbsp;del segundo teniente de la misma instituci\u00f3n, Bienvenido&nbsp;Reyes&nbsp;Chalas. El&nbsp;Ministerio&nbsp;P\u00fablico&nbsp;solicit\u00f3 al tribunal que a los imputados les [&hellip;]","og_url":"http:\/\/conexion23.com\/?p=35847","og_site_name":"Conexi\u00f3n 23","article_publisher":"https:\/\/www.facebook.com\/conexion23com","article_published_time":"2024-12-19T11:57:38+00:00","article_modified_time":"2024-12-19T11:57:40+00:00","og_image":[{"width":896,"height":504,"url":"http:\/\/conexion23.com\/wp-content\/uploads\/2024\/12\/matan-teniente-fuerza-aerea-focus-0-0-896-504.jpg","type":"image\/jpeg"}],"author":"Raffy Ben\u00edtez","twitter_card":"summary_large_image","twitter_misc":{"Escrito por":"Raffy Ben\u00edtez","Tiempo de lectura":"3 minutos"},"schema":{"@context":"https:\/\/schema.org","@graph":[{"@type":"Article","@id":"http:\/\/conexion23.com\/?p=35847#article","isPartOf":{"@id":"http:\/\/conexion23.com\/?p=35847"},"author":{"name":"Raffy Ben\u00edtez","@id":"https:\/\/conexion23.com\/#\/schema\/person\/03e36043331117e97a373299bbcd30a6"},"headline":"MP solicita prisi\u00f3n preventiva contra capit\u00e1n y civil por homicidio de segundo teniente en Hainamosa","datePublished":"2024-12-19T11:57:38+00:00","dateModified":"2024-12-19T11:57:40+00:00","mainEntityOfPage":{"@id":"http:\/\/conexion23.com\/?p=35847"},"wordCount":609,"commentCount":0,"publisher":{"@id":"https:\/\/conexion23.com\/#organization"},"image":{"@id":"http:\/\/conexion23.com\/?p=35847#primaryimage"},"thumbnailUrl":"https:\/\/conexion23.com\/wp-content\/uploads\/2024\/12\/matan-teniente-fuerza-aerea-focus-0-0-896-504.jpg","articleSection":["Uncategorized"],"inLanguage":"es","potentialAction":[{"@type":"CommentAction","name":"Comment","target":["http:\/\/conexion23.com\/?p=35847#respond"]}]},{"@type":"WebPage","@id":"http:\/\/conexion23.com\/?p=35847","url":"http:\/\/conexion23.com\/?p=35847","name":"MP solicita prisi\u00f3n preventiva contra capit\u00e1n y civil por homicidio de segundo teniente en Hainamosa - Conexi\u00f3n 23","isPartOf":{"@id":"https:\/\/conexion23.com\/#website"},"primaryImageOfPage":{"@id":"http:\/\/conexion23.com\/?p=35847#primaryimage"},"image":{"@id":"http:\/\/conexion23.com\/?p=35847#primaryimage"},"thumbnailUrl":"https:\/\/conexion23.com\/wp-content\/uploads\/2024\/12\/matan-teniente-fuerza-aerea-focus-0-0-896-504.jpg","datePublished":"2024-12-19T11:57:38+00:00","dateModified":"2024-12-19T11:57:40+00:00","breadcrumb":{"@id":"http:\/\/conexion23.com\/?p=35847#breadcrumb"},"inLanguage":"es","potentialAction":[{"@type":"ReadAction","target":["http:\/\/conexion23.com\/?p=35847"]}]},{"@type":"ImageObject","inLanguage":"es","@id":"http:\/\/conexion23.com\/?p=35847#primaryimage","url":"https:\/\/conexion23.com\/wp-content\/uploads\/2024\/12\/matan-teniente-fuerza-aerea-focus-0-0-896-504.jpg","contentUrl":"https:\/\/conexion23.com\/wp-content\/uploads\/2024\/12\/matan-teniente-fuerza-aerea-focus-0-0-896-504.jpg","width":896,"height":504},{"@type":"BreadcrumbList","@id":"http:\/\/conexion23.com\/?p=35847#breadcrumb","itemListElement":[{"@type":"ListItem","position":1,"name":"Portada","item":"https:\/\/conexion23.com\/"},{"@type":"ListItem","position":2,"name":"MP solicita prisi\u00f3n preventiva contra capit\u00e1n y civil por homicidio de segundo teniente en Hainamosa"}]},{"@type":"WebSite","@id":"https:\/\/conexion23.com\/#website","url":"https:\/\/conexion23.com\/","name":"Conexi\u00f3n 23","description":"Peri\u00f3dico 100% Petromacorisano","publisher":{"@id":"https:\/\/conexion23.com\/#organization"},"potentialAction":[{"@type":"SearchAction","target":{"@type":"EntryPoint","urlTemplate":"https:\/\/conexion23.com\/?s={search_term_string}"},"query-input":{"@type":"PropertyValueSpecification","valueRequired":true,"valueName":"search_term_string"}}],"inLanguage":"es"},{"@type":"Organization","@id":"https:\/\/conexion23.com\/#organization","name":"Conexion 23","url":"https:\/\/conexion23.com\/","logo":{"@type":"ImageObject","inLanguage":"es","@id":"https:\/\/conexion23.com\/#\/schema\/logo\/image\/","url":"https:\/\/conexion23.com\/wp-content\/uploads\/2021\/11\/Diseno-sin-titulo-2.png","contentUrl":"https:\/\/conexion23.com\/wp-content\/uploads\/2021\/11\/Diseno-sin-titulo-2.png","width":541,"height":90,"caption":"Conexion 23"},"image":{"@id":"https:\/\/conexion23.com\/#\/schema\/logo\/image\/"},"sameAs":["https:\/\/www.facebook.com\/conexion23com","https:\/\/www.instagram.com\/conexion23com\/","https:\/\/www.youtube.com\/channel\/UCYc7vxxFZMYLIHNsHHxPZ3Q"]},{"@type":"Person","@id":"https:\/\/conexion23.com\/#\/schema\/person\/03e36043331117e97a373299bbcd30a6","name":"Raffy Ben\u00edtez","image":{"@type":"ImageObject","inLanguage":"es","@id":"https:\/\/conexion23.com\/#\/schema\/person\/image\/","url":"https:\/\/secure.gravatar.com\/avatar\/3190a6a6c5e1b0327500f7d6c56b6242472ee6cb974cf09b401ee6b3b0798f23?s=96&d=mm&r=g","contentUrl":"https:\/\/secure.gravatar.com\/avatar\/3190a6a6c5e1b0327500f7d6c56b6242472ee6cb974cf09b401ee6b3b0798f23?s=96&d=mm&r=g","caption":"Raffy Ben\u00edtez"},"url":"https:\/\/conexion23.com\/?author=15"}]}},"_links":{"self":[{"href":"https:\/\/conexion23.com\/index.php?rest_route=\/wp\/v2\/posts\/35847","targetHints":{"allow":["GET"]}}],"collection":[{"href":"https:\/\/conexion23.com\/index.php?rest_route=\/wp\/v2\/posts"}],"about":[{"href":"https:\/\/conexion23.com\/index.php?rest_route=\/wp\/v2\/types\/post"}],"author":[{"embeddable":true,"href":"https:\/\/conexion23.com\/index.php?rest_route=\/wp\/v2\/users\/15"}],"replies":[{"embeddable":true,"href":"https:\/\/conexion23.com\/index.php?rest_route=%2Fwp%2Fv2%2Fcomments&post=35847"}],"version-history":[{"count":1,"href":"https:\/\/conexion23.com\/index.php?rest_route=\/wp\/v2\/posts\/35847\/revisions"}],"predecessor-version":[{"id":35849,"href":"https:\/\/conexion23.com\/index.php?rest_route=\/wp\/v2\/posts\/35847\/revisions\/35849"}],"wp:featuredmedia":[{"embeddable":true,"href":"https:\/\/conexion23.com\/index.php?rest_route=\/wp\/v2\/media\/35848"}],"wp:attachment":[{"href":"https:\/\/conexion23.com\/index.php?rest_route=%2Fwp%2Fv2%2Fmedia&parent=35847"}],"wp:term":[{"taxonomy":"category","embeddable":true,"href":"https:\/\/conexion23.com\/index.php?rest_route=%2Fwp%2Fv2%2Fcategories&post=35847"},{"taxonomy":"post_tag","embeddable":true,"href":"https:\/\/conexion23.com\/index.php?rest_route=%2Fwp%2Fv2%2Ftags&post=35847"}],"curies":[{"name":"wp","href":"https:\/\/api.w.org\/{rel}","templated":true}]}}