{"id":35888,"date":"2024-12-20T08:13:11","date_gmt":"2024-12-20T12:13:11","guid":{"rendered":"https:\/\/conexion23.com\/?p=35888"},"modified":"2024-12-20T08:13:13","modified_gmt":"2024-12-20T12:13:13","slug":"apresan-joven-llevaba-mas-de-39-mil-cigarrillos-ilegales-traidos-desde-haiti","status":"publish","type":"post","link":"https:\/\/conexion23.com\/?p=35888","title":{"rendered":"Apresan joven llevaba m\u00e1s de 39 mil cigarrillos ilegales tra\u00eddos desde Hait\u00ed"},"content":{"rendered":"\n<p>En un operativo de la&nbsp;<strong>Polic\u00eda Preventiva<\/strong>, fue detenido un individuo que transportaba&nbsp;<strong>196<\/strong>&nbsp;paquetes de&nbsp;<strong>cigarrillos<\/strong>&nbsp;de la marca \u201cCapital\u201d, equivalentes a&nbsp;<strong>39,200 unidades<\/strong>, introducidas al pa\u00eds de manera irregular desde&nbsp;<strong>Hait\u00ed<\/strong>.<\/p>\n\n\n\n<p>El suceso tuvo lugar en la calle que conecta a las comunidades de Santa Mar\u00eda (Montecristi) y Palo Blanco (Dajab\u00f3n). Durante el operativo, dirigido por el Supervisor Zonal, teniente coronel Enmanuel de Jes\u00fas Rodr\u00edguez, acompa\u00f1ado del cabo Franklin Alberto Soler Nova, se orden\u00f3 la detenci\u00f3n de un jeep, marca Honda CR-V, color blanco, a\u00f1o 2019.<\/p>\n\n\n\n<p>El conductor era el joven&nbsp;<strong>Neifi Bladimir P\u00e9rez<\/strong>, de 25 a\u00f1os, quien intent\u00f3 huir a alta velocidad, pero al verse acorralado abandon\u00f3 el veh\u00edculo en una finca de arroz, en la secci\u00f3n de Clavellina, en Santa Mar\u00eda, y tras una persecuci\u00f3n los agentes lograron detenerlo.<\/p>\n\n\n\n<figure class=\"wp-block-image\"><img decoding=\"async\" src=\"https:\/\/n.com.do\/wp-content\/uploads\/2024\/12\/Cigarrillos-5-225x300.jpeg\" alt=\"\" class=\"wp-image-661863\"\/><\/figure>\n\n\n\n<p><strong>Otra<\/strong>:&nbsp;<a href=\"https:\/\/n.com.do\/2024\/12\/05\/incautan-cinco-paquetes-y-100-cigarrillos-electronicos-rellenos-de-marihuana\/\">https:\/\/n.com.do\/2024\/12\/05\/incautan-cinco-paquetes-y-100-cigarrillos-electronicos-rellenos-de-marihuana\/<\/a><\/p>\n\n\n\n<p>Al registrar el veh\u00edculo, que se encuentra a nombre de&nbsp;<strong>Yefry Guarino Mart\u00ednez Padilla<\/strong>, se encontr\u00f3 la carga ilegal de cigarrillos, en tanto que el detenido, como el veh\u00edculo y las evidencias fueron entregados al Ministerio P\u00fablico para los fines legales correspondientes.<\/p>\n\n\n\n<p>Se inform\u00f3 que la Direcci\u00f3n Regional Noroeste, siguiendo las directrices del director general de la Polic\u00eda Nacional, y bajo la conducci\u00f3n del general Juan Sebasti\u00e1n Guzm\u00e1n Toribio, contin\u00faa trabajando incansablemente para prevenir y combatir las actividades delictivas en esta regi\u00f3n.<\/p>\n","protected":false},"excerpt":{"rendered":"<p>En un operativo de la&nbsp;Polic\u00eda Preventiva, fue detenido un individuo que transportaba&nbsp;196&nbsp;paquetes de&nbsp;cigarrillos&nbsp;de la marca \u201cCapital\u201d, equivalentes a&nbsp;39,200 unidades, introducidas al pa\u00eds de manera irregular desde&nbsp;Hait\u00ed. El suceso tuvo lugar en la calle que conecta a las comunidades de Santa Mar\u00eda (Montecristi) y Palo Blanco (Dajab\u00f3n). Durante el operativo, dirigido por el Supervisor Zonal, teniente [&hellip;]<\/p>\n","protected":false},"author":15,"featured_media":35889,"comment_status":"open","ping_status":"open","sticky":false,"template":"","format":"standard","meta":{"footnotes":""},"categories":[1],"tags":[],"class_list":{"0":"post-35888","1":"post","2":"type-post","3":"status-publish","4":"format-standard","5":"has-post-thumbnail","7":"category-uncategorized"},"yoast_head":"<!-- This site is optimized with the Yoast SEO plugin v27.1.1 - https:\/\/yoast.com\/product\/yoast-seo-wordpress\/ -->\n<title>Apresan joven llevaba m\u00e1s de 39 mil cigarrillos ilegales tra\u00eddos desde Hait\u00ed - Conexi\u00f3n 23<\/title>\n<meta name=\"robots\" content=\"index, follow, max-snippet:-1, max-image-preview:large, max-video-preview:-1\" \/>\n<link rel=\"canonical\" href=\"https:\/\/conexion23.com\/?p=35888\" \/>\n<meta property=\"og:locale\" content=\"es_ES\" \/>\n<meta property=\"og:type\" content=\"article\" \/>\n<meta property=\"og:title\" content=\"Apresan joven llevaba m\u00e1s de 39 mil cigarrillos ilegales tra\u00eddos desde Hait\u00ed - Conexi\u00f3n 23\" \/>\n<meta property=\"og:description\" content=\"En un operativo de la&nbsp;Polic\u00eda Preventiva, fue detenido un individuo que transportaba&nbsp;196&nbsp;paquetes de&nbsp;cigarrillos&nbsp;de la marca \u201cCapital\u201d, equivalentes a&nbsp;39,200 unidades, introducidas al pa\u00eds de manera irregular desde&nbsp;Hait\u00ed. El suceso tuvo lugar en la calle que conecta a las comunidades de Santa Mar\u00eda (Montecristi) y Palo Blanco (Dajab\u00f3n). Durante el operativo, dirigido por el Supervisor Zonal, teniente [&hellip;]\" \/>\n<meta property=\"og:url\" content=\"https:\/\/conexion23.com\/?p=35888\" \/>\n<meta property=\"og:site_name\" content=\"Conexi\u00f3n 23\" \/>\n<meta property=\"article:publisher\" content=\"https:\/\/www.facebook.com\/conexion23com\" \/>\n<meta property=\"article:published_time\" content=\"2024-12-20T12:13:11+00:00\" \/>\n<meta property=\"article:modified_time\" content=\"2024-12-20T12:13:13+00:00\" \/>\n<meta property=\"og:image\" content=\"https:\/\/conexion23.com\/wp-content\/uploads\/2024\/12\/Joven-con-cigarrillos-e1734638032932-901x694-1.jpeg\" \/>\n\t<meta property=\"og:image:width\" content=\"901\" \/>\n\t<meta property=\"og:image:height\" content=\"694\" \/>\n\t<meta property=\"og:image:type\" content=\"image\/jpeg\" \/>\n<meta name=\"author\" content=\"Raffy Ben\u00edtez\" \/>\n<meta name=\"twitter:card\" content=\"summary_large_image\" \/>\n<meta name=\"twitter:label1\" content=\"Escrito por\" \/>\n\t<meta name=\"twitter:data1\" content=\"Raffy Ben\u00edtez\" \/>\n\t<meta name=\"twitter:label2\" content=\"Tiempo de lectura\" \/>\n\t<meta name=\"twitter:data2\" content=\"2 minutos\" \/>\n<script type=\"application\/ld+json\" class=\"yoast-schema-graph\">{\"@context\":\"https:\/\/schema.org\",\"@graph\":[{\"@type\":\"Article\",\"@id\":\"https:\/\/conexion23.com\/?p=35888#article\",\"isPartOf\":{\"@id\":\"https:\/\/conexion23.com\/?p=35888\"},\"author\":{\"name\":\"Raffy Ben\u00edtez\",\"@id\":\"https:\/\/conexion23.com\/#\/schema\/person\/03e36043331117e97a373299bbcd30a6\"},\"headline\":\"Apresan joven llevaba m\u00e1s de 39 mil cigarrillos ilegales tra\u00eddos desde Hait\u00ed\",\"datePublished\":\"2024-12-20T12:13:11+00:00\",\"dateModified\":\"2024-12-20T12:13:13+00:00\",\"mainEntityOfPage\":{\"@id\":\"https:\/\/conexion23.com\/?p=35888\"},\"wordCount\":267,\"commentCount\":0,\"publisher\":{\"@id\":\"https:\/\/conexion23.com\/#organization\"},\"image\":{\"@id\":\"https:\/\/conexion23.com\/?p=35888#primaryimage\"},\"thumbnailUrl\":\"https:\/\/conexion23.com\/wp-content\/uploads\/2024\/12\/Joven-con-cigarrillos-e1734638032932-901x694-1.jpeg\",\"articleSection\":[\"Uncategorized\"],\"inLanguage\":\"es\",\"potentialAction\":[{\"@type\":\"CommentAction\",\"name\":\"Comment\",\"target\":[\"https:\/\/conexion23.com\/?p=35888#respond\"]}]},{\"@type\":\"WebPage\",\"@id\":\"https:\/\/conexion23.com\/?p=35888\",\"url\":\"https:\/\/conexion23.com\/?p=35888\",\"name\":\"Apresan joven llevaba m\u00e1s de 39 mil cigarrillos ilegales tra\u00eddos desde Hait\u00ed - Conexi\u00f3n 23\",\"isPartOf\":{\"@id\":\"https:\/\/conexion23.com\/#website\"},\"primaryImageOfPage\":{\"@id\":\"https:\/\/conexion23.com\/?p=35888#primaryimage\"},\"image\":{\"@id\":\"https:\/\/conexion23.com\/?p=35888#primaryimage\"},\"thumbnailUrl\":\"https:\/\/conexion23.com\/wp-content\/uploads\/2024\/12\/Joven-con-cigarrillos-e1734638032932-901x694-1.jpeg\",\"datePublished\":\"2024-12-20T12:13:11+00:00\",\"dateModified\":\"2024-12-20T12:13:13+00:00\",\"breadcrumb\":{\"@id\":\"https:\/\/conexion23.com\/?p=35888#breadcrumb\"},\"inLanguage\":\"es\",\"potentialAction\":[{\"@type\":\"ReadAction\",\"target\":[\"https:\/\/conexion23.com\/?p=35888\"]}]},{\"@type\":\"ImageObject\",\"inLanguage\":\"es\",\"@id\":\"https:\/\/conexion23.com\/?p=35888#primaryimage\",\"url\":\"https:\/\/conexion23.com\/wp-content\/uploads\/2024\/12\/Joven-con-cigarrillos-e1734638032932-901x694-1.jpeg\",\"contentUrl\":\"https:\/\/conexion23.com\/wp-content\/uploads\/2024\/12\/Joven-con-cigarrillos-e1734638032932-901x694-1.jpeg\",\"width\":901,\"height\":694},{\"@type\":\"BreadcrumbList\",\"@id\":\"https:\/\/conexion23.com\/?p=35888#breadcrumb\",\"itemListElement\":[{\"@type\":\"ListItem\",\"position\":1,\"name\":\"Portada\",\"item\":\"https:\/\/conexion23.com\/\"},{\"@type\":\"ListItem\",\"position\":2,\"name\":\"Apresan joven llevaba m\u00e1s de 39 mil cigarrillos ilegales tra\u00eddos desde Hait\u00ed\"}]},{\"@type\":\"WebSite\",\"@id\":\"https:\/\/conexion23.com\/#website\",\"url\":\"https:\/\/conexion23.com\/\",\"name\":\"Conexi\u00f3n 23\",\"description\":\"Peri\u00f3dico 100% Petromacorisano\",\"publisher\":{\"@id\":\"https:\/\/conexion23.com\/#organization\"},\"potentialAction\":[{\"@type\":\"SearchAction\",\"target\":{\"@type\":\"EntryPoint\",\"urlTemplate\":\"https:\/\/conexion23.com\/?s={search_term_string}\"},\"query-input\":{\"@type\":\"PropertyValueSpecification\",\"valueRequired\":true,\"valueName\":\"search_term_string\"}}],\"inLanguage\":\"es\"},{\"@type\":\"Organization\",\"@id\":\"https:\/\/conexion23.com\/#organization\",\"name\":\"Conexion 23\",\"url\":\"https:\/\/conexion23.com\/\",\"logo\":{\"@type\":\"ImageObject\",\"inLanguage\":\"es\",\"@id\":\"https:\/\/conexion23.com\/#\/schema\/logo\/image\/\",\"url\":\"https:\/\/conexion23.com\/wp-content\/uploads\/2021\/11\/Diseno-sin-titulo-2.png\",\"contentUrl\":\"https:\/\/conexion23.com\/wp-content\/uploads\/2021\/11\/Diseno-sin-titulo-2.png\",\"width\":541,\"height\":90,\"caption\":\"Conexion 23\"},\"image\":{\"@id\":\"https:\/\/conexion23.com\/#\/schema\/logo\/image\/\"},\"sameAs\":[\"https:\/\/www.facebook.com\/conexion23com\",\"https:\/\/www.instagram.com\/conexion23com\/\",\"https:\/\/www.youtube.com\/channel\/UCYc7vxxFZMYLIHNsHHxPZ3Q\"]},{\"@type\":\"Person\",\"@id\":\"https:\/\/conexion23.com\/#\/schema\/person\/03e36043331117e97a373299bbcd30a6\",\"name\":\"Raffy Ben\u00edtez\",\"image\":{\"@type\":\"ImageObject\",\"inLanguage\":\"es\",\"@id\":\"https:\/\/conexion23.com\/#\/schema\/person\/image\/\",\"url\":\"https:\/\/secure.gravatar.com\/avatar\/3190a6a6c5e1b0327500f7d6c56b6242472ee6cb974cf09b401ee6b3b0798f23?s=96&d=mm&r=g\",\"contentUrl\":\"https:\/\/secure.gravatar.com\/avatar\/3190a6a6c5e1b0327500f7d6c56b6242472ee6cb974cf09b401ee6b3b0798f23?s=96&d=mm&r=g\",\"caption\":\"Raffy Ben\u00edtez\"},\"url\":\"https:\/\/conexion23.com\/?author=15\"}]}<\/script>\n<!-- \/ Yoast SEO plugin. -->","yoast_head_json":{"title":"Apresan joven llevaba m\u00e1s de 39 mil cigarrillos ilegales tra\u00eddos desde Hait\u00ed - Conexi\u00f3n 23","robots":{"index":"index","follow":"follow","max-snippet":"max-snippet:-1","max-image-preview":"max-image-preview:large","max-video-preview":"max-video-preview:-1"},"canonical":"https:\/\/conexion23.com\/?p=35888","og_locale":"es_ES","og_type":"article","og_title":"Apresan joven llevaba m\u00e1s de 39 mil cigarrillos ilegales tra\u00eddos desde Hait\u00ed - Conexi\u00f3n 23","og_description":"En un operativo de la&nbsp;Polic\u00eda Preventiva, fue detenido un individuo que transportaba&nbsp;196&nbsp;paquetes de&nbsp;cigarrillos&nbsp;de la marca \u201cCapital\u201d, equivalentes a&nbsp;39,200 unidades, introducidas al pa\u00eds de manera irregular desde&nbsp;Hait\u00ed. El suceso tuvo lugar en la calle que conecta a las comunidades de Santa Mar\u00eda (Montecristi) y Palo Blanco (Dajab\u00f3n). Durante el operativo, dirigido por el Supervisor Zonal, teniente [&hellip;]","og_url":"https:\/\/conexion23.com\/?p=35888","og_site_name":"Conexi\u00f3n 23","article_publisher":"https:\/\/www.facebook.com\/conexion23com","article_published_time":"2024-12-20T12:13:11+00:00","article_modified_time":"2024-12-20T12:13:13+00:00","og_image":[{"width":901,"height":694,"url":"https:\/\/conexion23.com\/wp-content\/uploads\/2024\/12\/Joven-con-cigarrillos-e1734638032932-901x694-1.jpeg","type":"image\/jpeg"}],"author":"Raffy Ben\u00edtez","twitter_card":"summary_large_image","twitter_misc":{"Escrito por":"Raffy Ben\u00edtez","Tiempo de lectura":"2 minutos"},"schema":{"@context":"https:\/\/schema.org","@graph":[{"@type":"Article","@id":"https:\/\/conexion23.com\/?p=35888#article","isPartOf":{"@id":"https:\/\/conexion23.com\/?p=35888"},"author":{"name":"Raffy Ben\u00edtez","@id":"https:\/\/conexion23.com\/#\/schema\/person\/03e36043331117e97a373299bbcd30a6"},"headline":"Apresan joven llevaba m\u00e1s de 39 mil cigarrillos ilegales tra\u00eddos desde Hait\u00ed","datePublished":"2024-12-20T12:13:11+00:00","dateModified":"2024-12-20T12:13:13+00:00","mainEntityOfPage":{"@id":"https:\/\/conexion23.com\/?p=35888"},"wordCount":267,"commentCount":0,"publisher":{"@id":"https:\/\/conexion23.com\/#organization"},"image":{"@id":"https:\/\/conexion23.com\/?p=35888#primaryimage"},"thumbnailUrl":"https:\/\/conexion23.com\/wp-content\/uploads\/2024\/12\/Joven-con-cigarrillos-e1734638032932-901x694-1.jpeg","articleSection":["Uncategorized"],"inLanguage":"es","potentialAction":[{"@type":"CommentAction","name":"Comment","target":["https:\/\/conexion23.com\/?p=35888#respond"]}]},{"@type":"WebPage","@id":"https:\/\/conexion23.com\/?p=35888","url":"https:\/\/conexion23.com\/?p=35888","name":"Apresan joven llevaba m\u00e1s de 39 mil cigarrillos ilegales tra\u00eddos desde Hait\u00ed - Conexi\u00f3n 23","isPartOf":{"@id":"https:\/\/conexion23.com\/#website"},"primaryImageOfPage":{"@id":"https:\/\/conexion23.com\/?p=35888#primaryimage"},"image":{"@id":"https:\/\/conexion23.com\/?p=35888#primaryimage"},"thumbnailUrl":"https:\/\/conexion23.com\/wp-content\/uploads\/2024\/12\/Joven-con-cigarrillos-e1734638032932-901x694-1.jpeg","datePublished":"2024-12-20T12:13:11+00:00","dateModified":"2024-12-20T12:13:13+00:00","breadcrumb":{"@id":"https:\/\/conexion23.com\/?p=35888#breadcrumb"},"inLanguage":"es","potentialAction":[{"@type":"ReadAction","target":["https:\/\/conexion23.com\/?p=35888"]}]},{"@type":"ImageObject","inLanguage":"es","@id":"https:\/\/conexion23.com\/?p=35888#primaryimage","url":"https:\/\/conexion23.com\/wp-content\/uploads\/2024\/12\/Joven-con-cigarrillos-e1734638032932-901x694-1.jpeg","contentUrl":"https:\/\/conexion23.com\/wp-content\/uploads\/2024\/12\/Joven-con-cigarrillos-e1734638032932-901x694-1.jpeg","width":901,"height":694},{"@type":"BreadcrumbList","@id":"https:\/\/conexion23.com\/?p=35888#breadcrumb","itemListElement":[{"@type":"ListItem","position":1,"name":"Portada","item":"https:\/\/conexion23.com\/"},{"@type":"ListItem","position":2,"name":"Apresan joven llevaba m\u00e1s de 39 mil cigarrillos ilegales tra\u00eddos desde Hait\u00ed"}]},{"@type":"WebSite","@id":"https:\/\/conexion23.com\/#website","url":"https:\/\/conexion23.com\/","name":"Conexi\u00f3n 23","description":"Peri\u00f3dico 100% Petromacorisano","publisher":{"@id":"https:\/\/conexion23.com\/#organization"},"potentialAction":[{"@type":"SearchAction","target":{"@type":"EntryPoint","urlTemplate":"https:\/\/conexion23.com\/?s={search_term_string}"},"query-input":{"@type":"PropertyValueSpecification","valueRequired":true,"valueName":"search_term_string"}}],"inLanguage":"es"},{"@type":"Organization","@id":"https:\/\/conexion23.com\/#organization","name":"Conexion 23","url":"https:\/\/conexion23.com\/","logo":{"@type":"ImageObject","inLanguage":"es","@id":"https:\/\/conexion23.com\/#\/schema\/logo\/image\/","url":"https:\/\/conexion23.com\/wp-content\/uploads\/2021\/11\/Diseno-sin-titulo-2.png","contentUrl":"https:\/\/conexion23.com\/wp-content\/uploads\/2021\/11\/Diseno-sin-titulo-2.png","width":541,"height":90,"caption":"Conexion 23"},"image":{"@id":"https:\/\/conexion23.com\/#\/schema\/logo\/image\/"},"sameAs":["https:\/\/www.facebook.com\/conexion23com","https:\/\/www.instagram.com\/conexion23com\/","https:\/\/www.youtube.com\/channel\/UCYc7vxxFZMYLIHNsHHxPZ3Q"]},{"@type":"Person","@id":"https:\/\/conexion23.com\/#\/schema\/person\/03e36043331117e97a373299bbcd30a6","name":"Raffy Ben\u00edtez","image":{"@type":"ImageObject","inLanguage":"es","@id":"https:\/\/conexion23.com\/#\/schema\/person\/image\/","url":"https:\/\/secure.gravatar.com\/avatar\/3190a6a6c5e1b0327500f7d6c56b6242472ee6cb974cf09b401ee6b3b0798f23?s=96&d=mm&r=g","contentUrl":"https:\/\/secure.gravatar.com\/avatar\/3190a6a6c5e1b0327500f7d6c56b6242472ee6cb974cf09b401ee6b3b0798f23?s=96&d=mm&r=g","caption":"Raffy Ben\u00edtez"},"url":"https:\/\/conexion23.com\/?author=15"}]}},"_links":{"self":[{"href":"https:\/\/conexion23.com\/index.php?rest_route=\/wp\/v2\/posts\/35888","targetHints":{"allow":["GET"]}}],"collection":[{"href":"https:\/\/conexion23.com\/index.php?rest_route=\/wp\/v2\/posts"}],"about":[{"href":"https:\/\/conexion23.com\/index.php?rest_route=\/wp\/v2\/types\/post"}],"author":[{"embeddable":true,"href":"https:\/\/conexion23.com\/index.php?rest_route=\/wp\/v2\/users\/15"}],"replies":[{"embeddable":true,"href":"https:\/\/conexion23.com\/index.php?rest_route=%2Fwp%2Fv2%2Fcomments&post=35888"}],"version-history":[{"count":1,"href":"https:\/\/conexion23.com\/index.php?rest_route=\/wp\/v2\/posts\/35888\/revisions"}],"predecessor-version":[{"id":35890,"href":"https:\/\/conexion23.com\/index.php?rest_route=\/wp\/v2\/posts\/35888\/revisions\/35890"}],"wp:featuredmedia":[{"embeddable":true,"href":"https:\/\/conexion23.com\/index.php?rest_route=\/wp\/v2\/media\/35889"}],"wp:attachment":[{"href":"https:\/\/conexion23.com\/index.php?rest_route=%2Fwp%2Fv2%2Fmedia&parent=35888"}],"wp:term":[{"taxonomy":"category","embeddable":true,"href":"https:\/\/conexion23.com\/index.php?rest_route=%2Fwp%2Fv2%2Fcategories&post=35888"},{"taxonomy":"post_tag","embeddable":true,"href":"https:\/\/conexion23.com\/index.php?rest_route=%2Fwp%2Fv2%2Ftags&post=35888"}],"curies":[{"name":"wp","href":"https:\/\/api.w.org\/{rel}","templated":true}]}}