{"id":35921,"date":"2024-12-21T08:26:23","date_gmt":"2024-12-21T12:26:23","guid":{"rendered":"https:\/\/conexion23.com\/?p=35921"},"modified":"2024-12-21T08:26:24","modified_gmt":"2024-12-21T12:26:24","slug":"apresan-a-haitiano-dejo-sin-cabeza-a-un-profesor-que-le-dio-trabajo-en-su-finca-de-san-jose-de-las-matas","status":"publish","type":"post","link":"https:\/\/conexion23.com\/?p=35921","title":{"rendered":"Apresan a haitiano dej\u00f3 sin cabeza a un profesor que le di\u00f3 trabajo en su finca de San Jos\u00e9 de las Matas"},"content":{"rendered":"\n<p>La Direcci\u00f3n Regional Cibao Central de la Polic\u00eda Nacional inform\u00f3 este viernes sobre el apresamiento de un ciudadano&nbsp;<strong>haitiano<\/strong>&nbsp;vinculado al asesinato de un&nbsp;<strong>profesor<\/strong>&nbsp;jubilado, quien fue hallado&nbsp;<strong>decapitado<\/strong>&nbsp;el pasado fin de semana en una finca de su propiedad, en un paraje de&nbsp;<strong>San Jos\u00e9 de las Matas<\/strong>, provincia&nbsp;<strong>Santiago<\/strong>.<\/p>\n\n\n\n<p>El ciudadano\u00a0<strong>haitiano<\/strong>\u00a0Mercidieu Philor, conocido como Leonel Philor, de 32 a\u00f1os, fue detenido durante un operativo en el ensanche Libertad, al norte de la provincia.<a href=\"https:\/\/www.instagram.com\/norbertorodprm\/\"><\/a><\/p>\n\n\n\n<p>El extranjero es acusado por la muerte de Sime\u00f3n Amadeo Reyes Torres, de 66 a\u00f1os, hecho ocurrido el pasado 13 de diciembre en el paraje Los Ramones, del distrito municipal El Rubio, en\u00a0<strong>San Jos\u00e9 de las Matas.<\/strong><a href=\"https:\/\/www.instagram.com\/norbertorodprm\/\"><\/a><\/p>\n\n\n\n<p>De acuerdo con el informe preliminar de la uniformada, el detenido confes\u00f3 a los investigadores que cometi\u00f3 el hecho para despojar al educador de sus pertenencias.<\/p>\n\n\n\n<p>Entre lo robado a la v\u00edctima figura una mochila con una suma no especificada de dinero y un rev\u00f3lver, que fue recuperado por los agentes policiales.<\/p>\n\n\n\n<p>Los recursos eran parte del pago de la semana del victimario y otros jornaleros que trabajaban en una finca propiedad del maestro.<\/p>\n","protected":false},"excerpt":{"rendered":"<p>La Direcci\u00f3n Regional Cibao Central de la Polic\u00eda Nacional inform\u00f3 este viernes sobre el apresamiento de un ciudadano&nbsp;haitiano&nbsp;vinculado al asesinato de un&nbsp;profesor&nbsp;jubilado, quien fue hallado&nbsp;decapitado&nbsp;el pasado fin de semana en una finca de su propiedad, en un paraje de&nbsp;San Jos\u00e9 de las Matas, provincia&nbsp;Santiago. El ciudadano\u00a0haitiano\u00a0Mercidieu Philor, conocido como Leonel Philor, de 32 a\u00f1os, fue [&hellip;]<\/p>\n","protected":false},"author":15,"featured_media":35922,"comment_status":"open","ping_status":"open","sticky":false,"template":"","format":"standard","meta":{"footnotes":""},"categories":[1],"tags":[],"class_list":{"0":"post-35921","1":"post","2":"type-post","3":"status-publish","4":"format-standard","5":"has-post-thumbnail","7":"category-uncategorized"},"yoast_head":"<!-- This site is optimized with the Yoast SEO plugin v27.1.1 - https:\/\/yoast.com\/product\/yoast-seo-wordpress\/ -->\n<title>Apresan a haitiano dej\u00f3 sin cabeza a un profesor que le di\u00f3 trabajo en su finca de San Jos\u00e9 de las Matas - Conexi\u00f3n 23<\/title>\n<meta name=\"robots\" content=\"index, follow, max-snippet:-1, max-image-preview:large, max-video-preview:-1\" \/>\n<link rel=\"canonical\" href=\"https:\/\/conexion23.com\/?p=35921\" \/>\n<meta property=\"og:locale\" content=\"es_ES\" \/>\n<meta property=\"og:type\" content=\"article\" \/>\n<meta property=\"og:title\" content=\"Apresan a haitiano dej\u00f3 sin cabeza a un profesor que le di\u00f3 trabajo en su finca de San Jos\u00e9 de las Matas - Conexi\u00f3n 23\" \/>\n<meta property=\"og:description\" content=\"La Direcci\u00f3n Regional Cibao Central de la Polic\u00eda Nacional inform\u00f3 este viernes sobre el apresamiento de un ciudadano&nbsp;haitiano&nbsp;vinculado al asesinato de un&nbsp;profesor&nbsp;jubilado, quien fue hallado&nbsp;decapitado&nbsp;el pasado fin de semana en una finca de su propiedad, en un paraje de&nbsp;San Jos\u00e9 de las Matas, provincia&nbsp;Santiago. El ciudadano\u00a0haitiano\u00a0Mercidieu Philor, conocido como Leonel Philor, de 32 a\u00f1os, fue [&hellip;]\" \/>\n<meta property=\"og:url\" content=\"https:\/\/conexion23.com\/?p=35921\" \/>\n<meta property=\"og:site_name\" content=\"Conexi\u00f3n 23\" \/>\n<meta property=\"article:publisher\" content=\"https:\/\/www.facebook.com\/conexion23com\" \/>\n<meta property=\"article:published_time\" content=\"2024-12-21T12:26:23+00:00\" \/>\n<meta property=\"article:modified_time\" content=\"2024-12-21T12:26:24+00:00\" \/>\n<meta property=\"og:image\" content=\"https:\/\/conexion23.com\/wp-content\/uploads\/2024\/12\/IMG-20241220-WA0591.webp\" \/>\n\t<meta property=\"og:image:width\" content=\"678\" \/>\n\t<meta property=\"og:image:height\" content=\"381\" \/>\n\t<meta property=\"og:image:type\" content=\"image\/webp\" \/>\n<meta name=\"author\" content=\"Raffy Ben\u00edtez\" \/>\n<meta name=\"twitter:card\" content=\"summary_large_image\" \/>\n<meta name=\"twitter:label1\" content=\"Escrito por\" \/>\n\t<meta name=\"twitter:data1\" content=\"Raffy Ben\u00edtez\" \/>\n\t<meta name=\"twitter:label2\" content=\"Tiempo de lectura\" \/>\n\t<meta name=\"twitter:data2\" content=\"2 minutos\" \/>\n<script type=\"application\/ld+json\" class=\"yoast-schema-graph\">{\"@context\":\"https:\/\/schema.org\",\"@graph\":[{\"@type\":\"Article\",\"@id\":\"https:\/\/conexion23.com\/?p=35921#article\",\"isPartOf\":{\"@id\":\"https:\/\/conexion23.com\/?p=35921\"},\"author\":{\"name\":\"Raffy Ben\u00edtez\",\"@id\":\"https:\/\/conexion23.com\/#\/schema\/person\/03e36043331117e97a373299bbcd30a6\"},\"headline\":\"Apresan a haitiano dej\u00f3 sin cabeza a un profesor que le di\u00f3 trabajo en su finca de San Jos\u00e9 de las Matas\",\"datePublished\":\"2024-12-21T12:26:23+00:00\",\"dateModified\":\"2024-12-21T12:26:24+00:00\",\"mainEntityOfPage\":{\"@id\":\"https:\/\/conexion23.com\/?p=35921\"},\"wordCount\":224,\"commentCount\":0,\"publisher\":{\"@id\":\"https:\/\/conexion23.com\/#organization\"},\"image\":{\"@id\":\"https:\/\/conexion23.com\/?p=35921#primaryimage\"},\"thumbnailUrl\":\"https:\/\/conexion23.com\/wp-content\/uploads\/2024\/12\/IMG-20241220-WA0591.webp\",\"articleSection\":[\"Uncategorized\"],\"inLanguage\":\"es\",\"potentialAction\":[{\"@type\":\"CommentAction\",\"name\":\"Comment\",\"target\":[\"https:\/\/conexion23.com\/?p=35921#respond\"]}]},{\"@type\":\"WebPage\",\"@id\":\"https:\/\/conexion23.com\/?p=35921\",\"url\":\"https:\/\/conexion23.com\/?p=35921\",\"name\":\"Apresan a haitiano dej\u00f3 sin cabeza a un profesor que le di\u00f3 trabajo en su finca de San Jos\u00e9 de las Matas - Conexi\u00f3n 23\",\"isPartOf\":{\"@id\":\"https:\/\/conexion23.com\/#website\"},\"primaryImageOfPage\":{\"@id\":\"https:\/\/conexion23.com\/?p=35921#primaryimage\"},\"image\":{\"@id\":\"https:\/\/conexion23.com\/?p=35921#primaryimage\"},\"thumbnailUrl\":\"https:\/\/conexion23.com\/wp-content\/uploads\/2024\/12\/IMG-20241220-WA0591.webp\",\"datePublished\":\"2024-12-21T12:26:23+00:00\",\"dateModified\":\"2024-12-21T12:26:24+00:00\",\"breadcrumb\":{\"@id\":\"https:\/\/conexion23.com\/?p=35921#breadcrumb\"},\"inLanguage\":\"es\",\"potentialAction\":[{\"@type\":\"ReadAction\",\"target\":[\"https:\/\/conexion23.com\/?p=35921\"]}]},{\"@type\":\"ImageObject\",\"inLanguage\":\"es\",\"@id\":\"https:\/\/conexion23.com\/?p=35921#primaryimage\",\"url\":\"https:\/\/conexion23.com\/wp-content\/uploads\/2024\/12\/IMG-20241220-WA0591.webp\",\"contentUrl\":\"https:\/\/conexion23.com\/wp-content\/uploads\/2024\/12\/IMG-20241220-WA0591.webp\",\"width\":678,\"height\":381},{\"@type\":\"BreadcrumbList\",\"@id\":\"https:\/\/conexion23.com\/?p=35921#breadcrumb\",\"itemListElement\":[{\"@type\":\"ListItem\",\"position\":1,\"name\":\"Portada\",\"item\":\"https:\/\/conexion23.com\/\"},{\"@type\":\"ListItem\",\"position\":2,\"name\":\"Apresan a haitiano dej\u00f3 sin cabeza a un profesor que le di\u00f3 trabajo en su finca de San Jos\u00e9 de las Matas\"}]},{\"@type\":\"WebSite\",\"@id\":\"https:\/\/conexion23.com\/#website\",\"url\":\"https:\/\/conexion23.com\/\",\"name\":\"Conexi\u00f3n 23\",\"description\":\"Peri\u00f3dico 100% Petromacorisano\",\"publisher\":{\"@id\":\"https:\/\/conexion23.com\/#organization\"},\"potentialAction\":[{\"@type\":\"SearchAction\",\"target\":{\"@type\":\"EntryPoint\",\"urlTemplate\":\"https:\/\/conexion23.com\/?s={search_term_string}\"},\"query-input\":{\"@type\":\"PropertyValueSpecification\",\"valueRequired\":true,\"valueName\":\"search_term_string\"}}],\"inLanguage\":\"es\"},{\"@type\":\"Organization\",\"@id\":\"https:\/\/conexion23.com\/#organization\",\"name\":\"Conexion 23\",\"url\":\"https:\/\/conexion23.com\/\",\"logo\":{\"@type\":\"ImageObject\",\"inLanguage\":\"es\",\"@id\":\"https:\/\/conexion23.com\/#\/schema\/logo\/image\/\",\"url\":\"https:\/\/conexion23.com\/wp-content\/uploads\/2021\/11\/Diseno-sin-titulo-2.png\",\"contentUrl\":\"https:\/\/conexion23.com\/wp-content\/uploads\/2021\/11\/Diseno-sin-titulo-2.png\",\"width\":541,\"height\":90,\"caption\":\"Conexion 23\"},\"image\":{\"@id\":\"https:\/\/conexion23.com\/#\/schema\/logo\/image\/\"},\"sameAs\":[\"https:\/\/www.facebook.com\/conexion23com\",\"https:\/\/www.instagram.com\/conexion23com\/\",\"https:\/\/www.youtube.com\/channel\/UCYc7vxxFZMYLIHNsHHxPZ3Q\"]},{\"@type\":\"Person\",\"@id\":\"https:\/\/conexion23.com\/#\/schema\/person\/03e36043331117e97a373299bbcd30a6\",\"name\":\"Raffy Ben\u00edtez\",\"image\":{\"@type\":\"ImageObject\",\"inLanguage\":\"es\",\"@id\":\"https:\/\/conexion23.com\/#\/schema\/person\/image\/\",\"url\":\"https:\/\/secure.gravatar.com\/avatar\/3190a6a6c5e1b0327500f7d6c56b6242472ee6cb974cf09b401ee6b3b0798f23?s=96&d=mm&r=g\",\"contentUrl\":\"https:\/\/secure.gravatar.com\/avatar\/3190a6a6c5e1b0327500f7d6c56b6242472ee6cb974cf09b401ee6b3b0798f23?s=96&d=mm&r=g\",\"caption\":\"Raffy Ben\u00edtez\"},\"url\":\"https:\/\/conexion23.com\/?author=15\"}]}<\/script>\n<!-- \/ Yoast SEO plugin. -->","yoast_head_json":{"title":"Apresan a haitiano dej\u00f3 sin cabeza a un profesor que le di\u00f3 trabajo en su finca de San Jos\u00e9 de las Matas - Conexi\u00f3n 23","robots":{"index":"index","follow":"follow","max-snippet":"max-snippet:-1","max-image-preview":"max-image-preview:large","max-video-preview":"max-video-preview:-1"},"canonical":"https:\/\/conexion23.com\/?p=35921","og_locale":"es_ES","og_type":"article","og_title":"Apresan a haitiano dej\u00f3 sin cabeza a un profesor que le di\u00f3 trabajo en su finca de San Jos\u00e9 de las Matas - Conexi\u00f3n 23","og_description":"La Direcci\u00f3n Regional Cibao Central de la Polic\u00eda Nacional inform\u00f3 este viernes sobre el apresamiento de un ciudadano&nbsp;haitiano&nbsp;vinculado al asesinato de un&nbsp;profesor&nbsp;jubilado, quien fue hallado&nbsp;decapitado&nbsp;el pasado fin de semana en una finca de su propiedad, en un paraje de&nbsp;San Jos\u00e9 de las Matas, provincia&nbsp;Santiago. El ciudadano\u00a0haitiano\u00a0Mercidieu Philor, conocido como Leonel Philor, de 32 a\u00f1os, fue [&hellip;]","og_url":"https:\/\/conexion23.com\/?p=35921","og_site_name":"Conexi\u00f3n 23","article_publisher":"https:\/\/www.facebook.com\/conexion23com","article_published_time":"2024-12-21T12:26:23+00:00","article_modified_time":"2024-12-21T12:26:24+00:00","og_image":[{"width":678,"height":381,"url":"https:\/\/conexion23.com\/wp-content\/uploads\/2024\/12\/IMG-20241220-WA0591.webp","type":"image\/webp"}],"author":"Raffy Ben\u00edtez","twitter_card":"summary_large_image","twitter_misc":{"Escrito por":"Raffy Ben\u00edtez","Tiempo de lectura":"2 minutos"},"schema":{"@context":"https:\/\/schema.org","@graph":[{"@type":"Article","@id":"https:\/\/conexion23.com\/?p=35921#article","isPartOf":{"@id":"https:\/\/conexion23.com\/?p=35921"},"author":{"name":"Raffy Ben\u00edtez","@id":"https:\/\/conexion23.com\/#\/schema\/person\/03e36043331117e97a373299bbcd30a6"},"headline":"Apresan a haitiano dej\u00f3 sin cabeza a un profesor que le di\u00f3 trabajo en su finca de San Jos\u00e9 de las Matas","datePublished":"2024-12-21T12:26:23+00:00","dateModified":"2024-12-21T12:26:24+00:00","mainEntityOfPage":{"@id":"https:\/\/conexion23.com\/?p=35921"},"wordCount":224,"commentCount":0,"publisher":{"@id":"https:\/\/conexion23.com\/#organization"},"image":{"@id":"https:\/\/conexion23.com\/?p=35921#primaryimage"},"thumbnailUrl":"https:\/\/conexion23.com\/wp-content\/uploads\/2024\/12\/IMG-20241220-WA0591.webp","articleSection":["Uncategorized"],"inLanguage":"es","potentialAction":[{"@type":"CommentAction","name":"Comment","target":["https:\/\/conexion23.com\/?p=35921#respond"]}]},{"@type":"WebPage","@id":"https:\/\/conexion23.com\/?p=35921","url":"https:\/\/conexion23.com\/?p=35921","name":"Apresan a haitiano dej\u00f3 sin cabeza a un profesor que le di\u00f3 trabajo en su finca de San Jos\u00e9 de las Matas - Conexi\u00f3n 23","isPartOf":{"@id":"https:\/\/conexion23.com\/#website"},"primaryImageOfPage":{"@id":"https:\/\/conexion23.com\/?p=35921#primaryimage"},"image":{"@id":"https:\/\/conexion23.com\/?p=35921#primaryimage"},"thumbnailUrl":"https:\/\/conexion23.com\/wp-content\/uploads\/2024\/12\/IMG-20241220-WA0591.webp","datePublished":"2024-12-21T12:26:23+00:00","dateModified":"2024-12-21T12:26:24+00:00","breadcrumb":{"@id":"https:\/\/conexion23.com\/?p=35921#breadcrumb"},"inLanguage":"es","potentialAction":[{"@type":"ReadAction","target":["https:\/\/conexion23.com\/?p=35921"]}]},{"@type":"ImageObject","inLanguage":"es","@id":"https:\/\/conexion23.com\/?p=35921#primaryimage","url":"https:\/\/conexion23.com\/wp-content\/uploads\/2024\/12\/IMG-20241220-WA0591.webp","contentUrl":"https:\/\/conexion23.com\/wp-content\/uploads\/2024\/12\/IMG-20241220-WA0591.webp","width":678,"height":381},{"@type":"BreadcrumbList","@id":"https:\/\/conexion23.com\/?p=35921#breadcrumb","itemListElement":[{"@type":"ListItem","position":1,"name":"Portada","item":"https:\/\/conexion23.com\/"},{"@type":"ListItem","position":2,"name":"Apresan a haitiano dej\u00f3 sin cabeza a un profesor que le di\u00f3 trabajo en su finca de San Jos\u00e9 de las Matas"}]},{"@type":"WebSite","@id":"https:\/\/conexion23.com\/#website","url":"https:\/\/conexion23.com\/","name":"Conexi\u00f3n 23","description":"Peri\u00f3dico 100% Petromacorisano","publisher":{"@id":"https:\/\/conexion23.com\/#organization"},"potentialAction":[{"@type":"SearchAction","target":{"@type":"EntryPoint","urlTemplate":"https:\/\/conexion23.com\/?s={search_term_string}"},"query-input":{"@type":"PropertyValueSpecification","valueRequired":true,"valueName":"search_term_string"}}],"inLanguage":"es"},{"@type":"Organization","@id":"https:\/\/conexion23.com\/#organization","name":"Conexion 23","url":"https:\/\/conexion23.com\/","logo":{"@type":"ImageObject","inLanguage":"es","@id":"https:\/\/conexion23.com\/#\/schema\/logo\/image\/","url":"https:\/\/conexion23.com\/wp-content\/uploads\/2021\/11\/Diseno-sin-titulo-2.png","contentUrl":"https:\/\/conexion23.com\/wp-content\/uploads\/2021\/11\/Diseno-sin-titulo-2.png","width":541,"height":90,"caption":"Conexion 23"},"image":{"@id":"https:\/\/conexion23.com\/#\/schema\/logo\/image\/"},"sameAs":["https:\/\/www.facebook.com\/conexion23com","https:\/\/www.instagram.com\/conexion23com\/","https:\/\/www.youtube.com\/channel\/UCYc7vxxFZMYLIHNsHHxPZ3Q"]},{"@type":"Person","@id":"https:\/\/conexion23.com\/#\/schema\/person\/03e36043331117e97a373299bbcd30a6","name":"Raffy Ben\u00edtez","image":{"@type":"ImageObject","inLanguage":"es","@id":"https:\/\/conexion23.com\/#\/schema\/person\/image\/","url":"https:\/\/secure.gravatar.com\/avatar\/3190a6a6c5e1b0327500f7d6c56b6242472ee6cb974cf09b401ee6b3b0798f23?s=96&d=mm&r=g","contentUrl":"https:\/\/secure.gravatar.com\/avatar\/3190a6a6c5e1b0327500f7d6c56b6242472ee6cb974cf09b401ee6b3b0798f23?s=96&d=mm&r=g","caption":"Raffy Ben\u00edtez"},"url":"https:\/\/conexion23.com\/?author=15"}]}},"_links":{"self":[{"href":"https:\/\/conexion23.com\/index.php?rest_route=\/wp\/v2\/posts\/35921","targetHints":{"allow":["GET"]}}],"collection":[{"href":"https:\/\/conexion23.com\/index.php?rest_route=\/wp\/v2\/posts"}],"about":[{"href":"https:\/\/conexion23.com\/index.php?rest_route=\/wp\/v2\/types\/post"}],"author":[{"embeddable":true,"href":"https:\/\/conexion23.com\/index.php?rest_route=\/wp\/v2\/users\/15"}],"replies":[{"embeddable":true,"href":"https:\/\/conexion23.com\/index.php?rest_route=%2Fwp%2Fv2%2Fcomments&post=35921"}],"version-history":[{"count":1,"href":"https:\/\/conexion23.com\/index.php?rest_route=\/wp\/v2\/posts\/35921\/revisions"}],"predecessor-version":[{"id":35923,"href":"https:\/\/conexion23.com\/index.php?rest_route=\/wp\/v2\/posts\/35921\/revisions\/35923"}],"wp:featuredmedia":[{"embeddable":true,"href":"https:\/\/conexion23.com\/index.php?rest_route=\/wp\/v2\/media\/35922"}],"wp:attachment":[{"href":"https:\/\/conexion23.com\/index.php?rest_route=%2Fwp%2Fv2%2Fmedia&parent=35921"}],"wp:term":[{"taxonomy":"category","embeddable":true,"href":"https:\/\/conexion23.com\/index.php?rest_route=%2Fwp%2Fv2%2Fcategories&post=35921"},{"taxonomy":"post_tag","embeddable":true,"href":"https:\/\/conexion23.com\/index.php?rest_route=%2Fwp%2Fv2%2Ftags&post=35921"}],"curies":[{"name":"wp","href":"https:\/\/api.w.org\/{rel}","templated":true}]}}