{"id":3632,"date":"2022-02-21T15:43:05","date_gmt":"2022-02-21T19:43:05","guid":{"rendered":"https:\/\/conexion23.com\/?p=3632"},"modified":"2022-02-21T15:43:11","modified_gmt":"2022-02-21T19:43:11","slug":"a-las-sombras-de-la-frontera-comunidad-villa-codepo-vive-entre-el-polvo-y-el-desempleo","status":"publish","type":"post","link":"https:\/\/conexion23.com\/?p=3632","title":{"rendered":"A las sombras de la frontera: Comunidad Villa Codepo vive entre el polvo y el desempleo"},"content":{"rendered":"\n<p class=\"wp-block-paragraph\">Villa Codepo es un peque\u00f1o sector dentro de la provincia de Dajab\u00f3n que se encuentra justo al borde del r\u00edo Masacre, el cual marca de manera geogr\u00e1fica frontera entre Rep\u00fablica Dominicana y Hait\u00ed.<\/p>\n\n\n\n<p class=\"wp-block-paragraph\">Fue esa comunidad, que entre la tierra, el polvo, los alambres tendidos y sus calles deterioradas, r<strong>ecibi\u00f3 a las principales autoridades gubernamentales, encabezadas por el presidente Luis Abinader,<\/strong>&nbsp;y a los representantes de los principales medios de comunicaci\u00f3n, quienes se juntaron all\u00ed para el acto del primer picazo del muro fronterizo \u00abinteligente\u00bb.<\/p>\n\n\n\n<p class=\"wp-block-paragraph\">Sin embargo, mientras los ojos del pa\u00eds estaban en el picazo de la verja que reforzar\u00e1 la seguridad de la frontera, los letreros de falta de pagos, las denuncias de falta de empleo, hac\u00edan sentir a los moradores de la zona como residentes de una comunidad \u00abhu\u00e9rfana\u00bb.<\/p>\n\n\n\n<p class=\"wp-block-paragraph\">\u00ab<strong>Ustedes solo enfocan lo bueno&#8230;, la calle estaba en peores condiciones de ah\u00ed,&nbsp;<\/strong>eso fue que ayer (s\u00e1bado) como se sab\u00eda que ven\u00eda el presidente le pasaron algo y arrinconaron las piedras que se encontraban en el medio; tambi\u00e9n estamos sin luz desde las 1:00 de la tarde de ayer, los alambres est\u00e1n tendidos ah\u00ed&#8230;, el agua ahora es que est\u00e1 viniendo pero nosotros hemos sabido pasarnos hasta semana sin ver agua potable\u00bb, cuenta Ive Medina, de 27 a\u00f1os de edad.<\/p>\n\n\n\n<p class=\"wp-block-paragraph\">La madre de cuatro ni\u00f1os expresa que a pesar de que vio letreros de protestas y solicitudes, entiende que ella no debe de solicitarle nada al mandatario y que nunca ha tenido la necesidad de hacerlo \u00abporque nunca han resuelto nada\u00bb.<\/p>\n\n\n\n<p class=\"wp-block-paragraph\">\u00abYo no soy de esas personas de pedir algo porque como los dirigentes nunca se enfocan en las condiciones y en realidad todo es bulto y uno en las redes ve que hacen tantos pr\u00e9stamos y de tantas cantidades, y los que de verdad necesitamos, no vemos ninguna ayuda de eso&#8230;,&nbsp;<strong>en realidad yo nunca he estado esperanzada (con las autoridades) porque nunca he visto nada<\/strong>&nbsp;a favor m\u00edo que ellos hayan hecho\u00bb, manifest\u00f3 Medina, quien lleva \u00abtoda su vida\u00bb residiendo en el sector.<\/p>\n\n\n\n<p class=\"wp-block-paragraph\">El desempleo es una problem\u00e1tica que afecta a gran parte de la poblaci\u00f3n joven y ni siquiera los profesionales se escapan, tal es el caso de Isaura Familia, quien reci\u00e9n el pasado mes de diciembre se gradu\u00f3 de Educaci\u00f3n menci\u00f3n Ciencias Sociales.<\/p>\n\n\n\n<p class=\"wp-block-paragraph\">\u00abAhora mismo nosotros los j\u00f3venes pasamos mucho trabajo (para conseguir un empleo) aqu\u00ed en Dajab\u00f3n, ahora mismo no estoy trabajando y nosotros nos mantenemos (su pareja y sus dos hijos) con lo que \u00e9l hace como Motoconcho\u00bb, expres\u00f3 Familia.<\/p>\n\n\n\n<p class=\"wp-block-paragraph\">La maestra afirm\u00f3 que las veces que ha ido a buscar empleo muchas veces le han preguntado hasta por su simpat\u00eda pol\u00edtica, aunque no se atrevi\u00f3 a asegurar que por esa raz\u00f3n no ha conseguido empleo.<\/p>\n\n\n\n<p class=\"wp-block-paragraph\">No tan \u00e1cidas fueron las declaraciones de la se\u00f1ora Idalina Rodr\u00edguez quien dice que solo se necesitan \u00abautoridades que se acuerden de que en Villa Codepo viven personas\u00bb para que se atiendan las necesidades b\u00e1sicas.<\/p>\n\n\n\n<p class=\"wp-block-paragraph\">\u00abEso es lo que nosotros queremos que se acuerden de nosotros,&nbsp;<strong>de que en Villa Codepo hay personas y nosotros nos regocijamos cuando vemos que el presidente viene para ac\u00e1<\/strong>&nbsp;porque significa que estamos en el mapa\u00bb, exclama Idalia, quien se mantiene con lo poco que le dan sus hijos y una pensi\u00f3n de tan solo RD$2,000 que recibe del ayuntamiento, ya que su fenecido esposo labor\u00f3 all\u00ed por m\u00e1s de 20 a\u00f1os.<\/p>\n\n\n\n<p class=\"wp-block-paragraph\">Mientras en los alrededores, otros vecinos se asomaban entre el per\u00edmetro realizados por militares y la seguridad presidencial para tratar de presencial lo que ocurr\u00eda a las orillas del r\u00edo; pero sabiendo que inmediatamente Abinader saliera de all\u00ed, volver\u00edan a ser \u201cesa comunidad olvidada\u201d dentro de la provincia fronteriza.&nbsp;<\/p>\n","protected":false},"excerpt":{"rendered":"<p>Villa Codepo es un peque\u00f1o sector dentro de la provincia de Dajab\u00f3n que se encuentra justo al borde del r\u00edo Masacre, el cual marca de manera geogr\u00e1fica frontera entre Rep\u00fablica Dominicana y Hait\u00ed. Fue esa comunidad, que entre la tierra, el polvo, los alambres tendidos y sus calles deterioradas, recibi\u00f3 a las principales autoridades gubernamentales, [&hellip;]<\/p>\n","protected":false},"author":7,"featured_media":0,"comment_status":"open","ping_status":"open","sticky":false,"template":"","format":"standard","meta":{"footnotes":""},"categories":[1],"tags":[179,1049,1087],"class_list":["post-3632","post","type-post","status-publish","format-standard","category-uncategorized","tag-actualidad","tag-frontera","tag-muro"],"yoast_head":"<!-- This site is optimized with the Yoast SEO plugin v27.6 - https:\/\/yoast.com\/product\/yoast-seo-wordpress\/ -->\n<title>A las sombras de la frontera: Comunidad Villa Codepo vive entre el polvo y el desempleo - Conexi\u00f3n 23<\/title>\n<meta name=\"description\" content=\"Sin embargo, mientras los ojos del pa\u00eds estaban en el picazo de la verja que reforzar\u00e1 la seguridad de la frontera, los letreros de falta de pagos, las denuncias de falta de empleo, hac\u00edan sentir a los moradores de la zona como residentes de una comunidad &quot;hu\u00e9rfana&quot;.\" \/>\n<meta name=\"robots\" content=\"index, follow, max-snippet:-1, max-image-preview:large, max-video-preview:-1\" \/>\n<link rel=\"canonical\" href=\"https:\/\/conexion23.com\/?p=3632\" \/>\n<meta property=\"og:locale\" content=\"es_ES\" \/>\n<meta property=\"og:type\" content=\"article\" \/>\n<meta property=\"og:title\" content=\"A las sombras de la frontera: Comunidad Villa Codepo vive entre el polvo y el desempleo - Conexi\u00f3n 23\" \/>\n<meta property=\"og:description\" content=\"Sin embargo, mientras los ojos del pa\u00eds estaban en el picazo de la verja que reforzar\u00e1 la seguridad de la frontera, los letreros de falta de pagos, las denuncias de falta de empleo, hac\u00edan sentir a los moradores de la zona como residentes de una comunidad &quot;hu\u00e9rfana&quot;.\" \/>\n<meta property=\"og:url\" content=\"https:\/\/conexion23.com\/?p=3632\" \/>\n<meta property=\"og:site_name\" content=\"Conexi\u00f3n 23\" \/>\n<meta property=\"article:publisher\" content=\"https:\/\/www.facebook.com\/conexion23com\" \/>\n<meta property=\"article:published_time\" content=\"2022-02-21T19:43:05+00:00\" \/>\n<meta property=\"article:modified_time\" content=\"2022-02-21T19:43:11+00:00\" \/>\n<meta name=\"author\" content=\"Benjam\u00edn Rosario\" \/>\n<meta name=\"twitter:card\" content=\"summary_large_image\" \/>\n<meta name=\"twitter:label1\" content=\"Escrito por\" \/>\n\t<meta name=\"twitter:data1\" content=\"Benjam\u00edn Rosario\" \/>\n\t<meta name=\"twitter:label2\" content=\"Tiempo de lectura\" \/>\n\t<meta name=\"twitter:data2\" content=\"3 minutos\" \/>\n<script type=\"application\/ld+json\" class=\"yoast-schema-graph\">{\"@context\":\"https:\\\/\\\/schema.org\",\"@graph\":[{\"@type\":\"Article\",\"@id\":\"https:\\\/\\\/conexion23.com\\\/?p=3632#article\",\"isPartOf\":{\"@id\":\"https:\\\/\\\/conexion23.com\\\/?p=3632\"},\"author\":{\"name\":\"Benjam\u00edn Rosario\",\"@id\":\"http:\\\/\\\/conexion23.com\\\/#\\\/schema\\\/person\\\/c0b7ce1f0e7a915d08fa289072b8353a\"},\"headline\":\"A las sombras de la frontera: Comunidad Villa Codepo vive entre el polvo y el desempleo\",\"datePublished\":\"2022-02-21T19:43:05+00:00\",\"dateModified\":\"2022-02-21T19:43:11+00:00\",\"mainEntityOfPage\":{\"@id\":\"https:\\\/\\\/conexion23.com\\\/?p=3632\"},\"wordCount\":670,\"commentCount\":0,\"publisher\":{\"@id\":\"http:\\\/\\\/conexion23.com\\\/#organization\"},\"keywords\":[\"actualidad\",\"frontera\",\"muro\"],\"articleSection\":[\"Uncategorized\"],\"inLanguage\":\"es\",\"potentialAction\":[{\"@type\":\"CommentAction\",\"name\":\"Comment\",\"target\":[\"https:\\\/\\\/conexion23.com\\\/?p=3632#respond\"]}]},{\"@type\":\"WebPage\",\"@id\":\"https:\\\/\\\/conexion23.com\\\/?p=3632\",\"url\":\"https:\\\/\\\/conexion23.com\\\/?p=3632\",\"name\":\"A las sombras de la frontera: Comunidad Villa Codepo vive entre el polvo y el desempleo - Conexi\u00f3n 23\",\"isPartOf\":{\"@id\":\"http:\\\/\\\/conexion23.com\\\/#website\"},\"datePublished\":\"2022-02-21T19:43:05+00:00\",\"dateModified\":\"2022-02-21T19:43:11+00:00\",\"description\":\"Sin embargo, mientras los ojos del pa\u00eds estaban en el picazo de la verja que reforzar\u00e1 la seguridad de la frontera, los letreros de falta de pagos, las denuncias de falta de empleo, hac\u00edan sentir a los moradores de la zona como residentes de una comunidad \\\"hu\u00e9rfana\\\".\",\"breadcrumb\":{\"@id\":\"https:\\\/\\\/conexion23.com\\\/?p=3632#breadcrumb\"},\"inLanguage\":\"es\",\"potentialAction\":[{\"@type\":\"ReadAction\",\"target\":[\"https:\\\/\\\/conexion23.com\\\/?p=3632\"]}]},{\"@type\":\"BreadcrumbList\",\"@id\":\"https:\\\/\\\/conexion23.com\\\/?p=3632#breadcrumb\",\"itemListElement\":[{\"@type\":\"ListItem\",\"position\":1,\"name\":\"Portada\",\"item\":\"http:\\\/\\\/conexion23.com\\\/\"},{\"@type\":\"ListItem\",\"position\":2,\"name\":\"A las sombras de la frontera: Comunidad Villa Codepo vive entre el polvo y el desempleo\"}]},{\"@type\":\"WebSite\",\"@id\":\"http:\\\/\\\/conexion23.com\\\/#website\",\"url\":\"http:\\\/\\\/conexion23.com\\\/\",\"name\":\"Conexi\u00f3n 23\",\"description\":\"Peri\u00f3dico 100% Petromacorisano\",\"publisher\":{\"@id\":\"http:\\\/\\\/conexion23.com\\\/#organization\"},\"potentialAction\":[{\"@type\":\"SearchAction\",\"target\":{\"@type\":\"EntryPoint\",\"urlTemplate\":\"http:\\\/\\\/conexion23.com\\\/?s={search_term_string}\"},\"query-input\":{\"@type\":\"PropertyValueSpecification\",\"valueRequired\":true,\"valueName\":\"search_term_string\"}}],\"inLanguage\":\"es\"},{\"@type\":\"Organization\",\"@id\":\"http:\\\/\\\/conexion23.com\\\/#organization\",\"name\":\"Conexion 23\",\"url\":\"http:\\\/\\\/conexion23.com\\\/\",\"logo\":{\"@type\":\"ImageObject\",\"inLanguage\":\"es\",\"@id\":\"http:\\\/\\\/conexion23.com\\\/#\\\/schema\\\/logo\\\/image\\\/\",\"url\":\"https:\\\/\\\/conexion23.com\\\/wp-content\\\/uploads\\\/2021\\\/11\\\/Diseno-sin-titulo-2.png\",\"contentUrl\":\"https:\\\/\\\/conexion23.com\\\/wp-content\\\/uploads\\\/2021\\\/11\\\/Diseno-sin-titulo-2.png\",\"width\":541,\"height\":90,\"caption\":\"Conexion 23\"},\"image\":{\"@id\":\"http:\\\/\\\/conexion23.com\\\/#\\\/schema\\\/logo\\\/image\\\/\"},\"sameAs\":[\"https:\\\/\\\/www.facebook.com\\\/conexion23com\",\"https:\\\/\\\/www.instagram.com\\\/conexion23com\\\/\",\"https:\\\/\\\/www.youtube.com\\\/channel\\\/UCYc7vxxFZMYLIHNsHHxPZ3Q\"]},{\"@type\":\"Person\",\"@id\":\"http:\\\/\\\/conexion23.com\\\/#\\\/schema\\\/person\\\/c0b7ce1f0e7a915d08fa289072b8353a\",\"name\":\"Benjam\u00edn Rosario\",\"image\":{\"@type\":\"ImageObject\",\"inLanguage\":\"es\",\"@id\":\"https:\\\/\\\/secure.gravatar.com\\\/avatar\\\/62e1b2539b49cdeb50ee302e2a5f2bd31dc7fdba412bbac67e2a2a6e0c89bb2a?s=96&d=mm&r=g\",\"url\":\"https:\\\/\\\/secure.gravatar.com\\\/avatar\\\/62e1b2539b49cdeb50ee302e2a5f2bd31dc7fdba412bbac67e2a2a6e0c89bb2a?s=96&d=mm&r=g\",\"contentUrl\":\"https:\\\/\\\/secure.gravatar.com\\\/avatar\\\/62e1b2539b49cdeb50ee302e2a5f2bd31dc7fdba412bbac67e2a2a6e0c89bb2a?s=96&d=mm&r=g\",\"caption\":\"Benjam\u00edn Rosario\"},\"url\":\"https:\\\/\\\/conexion23.com\\\/?author=7\"}]}<\/script>\n<!-- \/ Yoast SEO plugin. -->","yoast_head_json":{"title":"A las sombras de la frontera: Comunidad Villa Codepo vive entre el polvo y el desempleo - Conexi\u00f3n 23","description":"Sin embargo, mientras los ojos del pa\u00eds estaban en el picazo de la verja que reforzar\u00e1 la seguridad de la frontera, los letreros de falta de pagos, las denuncias de falta de empleo, hac\u00edan sentir a los moradores de la zona como residentes de una comunidad \"hu\u00e9rfana\".","robots":{"index":"index","follow":"follow","max-snippet":"max-snippet:-1","max-image-preview":"max-image-preview:large","max-video-preview":"max-video-preview:-1"},"canonical":"https:\/\/conexion23.com\/?p=3632","og_locale":"es_ES","og_type":"article","og_title":"A las sombras de la frontera: Comunidad Villa Codepo vive entre el polvo y el desempleo - Conexi\u00f3n 23","og_description":"Sin embargo, mientras los ojos del pa\u00eds estaban en el picazo de la verja que reforzar\u00e1 la seguridad de la frontera, los letreros de falta de pagos, las denuncias de falta de empleo, hac\u00edan sentir a los moradores de la zona como residentes de una comunidad \"hu\u00e9rfana\".","og_url":"https:\/\/conexion23.com\/?p=3632","og_site_name":"Conexi\u00f3n 23","article_publisher":"https:\/\/www.facebook.com\/conexion23com","article_published_time":"2022-02-21T19:43:05+00:00","article_modified_time":"2022-02-21T19:43:11+00:00","author":"Benjam\u00edn Rosario","twitter_card":"summary_large_image","twitter_misc":{"Escrito por":"Benjam\u00edn Rosario","Tiempo de lectura":"3 minutos"},"schema":{"@context":"https:\/\/schema.org","@graph":[{"@type":"Article","@id":"https:\/\/conexion23.com\/?p=3632#article","isPartOf":{"@id":"https:\/\/conexion23.com\/?p=3632"},"author":{"name":"Benjam\u00edn Rosario","@id":"http:\/\/conexion23.com\/#\/schema\/person\/c0b7ce1f0e7a915d08fa289072b8353a"},"headline":"A las sombras de la frontera: Comunidad Villa Codepo vive entre el polvo y el desempleo","datePublished":"2022-02-21T19:43:05+00:00","dateModified":"2022-02-21T19:43:11+00:00","mainEntityOfPage":{"@id":"https:\/\/conexion23.com\/?p=3632"},"wordCount":670,"commentCount":0,"publisher":{"@id":"http:\/\/conexion23.com\/#organization"},"keywords":["actualidad","frontera","muro"],"articleSection":["Uncategorized"],"inLanguage":"es","potentialAction":[{"@type":"CommentAction","name":"Comment","target":["https:\/\/conexion23.com\/?p=3632#respond"]}]},{"@type":"WebPage","@id":"https:\/\/conexion23.com\/?p=3632","url":"https:\/\/conexion23.com\/?p=3632","name":"A las sombras de la frontera: Comunidad Villa Codepo vive entre el polvo y el desempleo - Conexi\u00f3n 23","isPartOf":{"@id":"http:\/\/conexion23.com\/#website"},"datePublished":"2022-02-21T19:43:05+00:00","dateModified":"2022-02-21T19:43:11+00:00","description":"Sin embargo, mientras los ojos del pa\u00eds estaban en el picazo de la verja que reforzar\u00e1 la seguridad de la frontera, los letreros de falta de pagos, las denuncias de falta de empleo, hac\u00edan sentir a los moradores de la zona como residentes de una comunidad \"hu\u00e9rfana\".","breadcrumb":{"@id":"https:\/\/conexion23.com\/?p=3632#breadcrumb"},"inLanguage":"es","potentialAction":[{"@type":"ReadAction","target":["https:\/\/conexion23.com\/?p=3632"]}]},{"@type":"BreadcrumbList","@id":"https:\/\/conexion23.com\/?p=3632#breadcrumb","itemListElement":[{"@type":"ListItem","position":1,"name":"Portada","item":"http:\/\/conexion23.com\/"},{"@type":"ListItem","position":2,"name":"A las sombras de la frontera: Comunidad Villa Codepo vive entre el polvo y el desempleo"}]},{"@type":"WebSite","@id":"http:\/\/conexion23.com\/#website","url":"http:\/\/conexion23.com\/","name":"Conexi\u00f3n 23","description":"Peri\u00f3dico 100% Petromacorisano","publisher":{"@id":"http:\/\/conexion23.com\/#organization"},"potentialAction":[{"@type":"SearchAction","target":{"@type":"EntryPoint","urlTemplate":"http:\/\/conexion23.com\/?s={search_term_string}"},"query-input":{"@type":"PropertyValueSpecification","valueRequired":true,"valueName":"search_term_string"}}],"inLanguage":"es"},{"@type":"Organization","@id":"http:\/\/conexion23.com\/#organization","name":"Conexion 23","url":"http:\/\/conexion23.com\/","logo":{"@type":"ImageObject","inLanguage":"es","@id":"http:\/\/conexion23.com\/#\/schema\/logo\/image\/","url":"https:\/\/conexion23.com\/wp-content\/uploads\/2021\/11\/Diseno-sin-titulo-2.png","contentUrl":"https:\/\/conexion23.com\/wp-content\/uploads\/2021\/11\/Diseno-sin-titulo-2.png","width":541,"height":90,"caption":"Conexion 23"},"image":{"@id":"http:\/\/conexion23.com\/#\/schema\/logo\/image\/"},"sameAs":["https:\/\/www.facebook.com\/conexion23com","https:\/\/www.instagram.com\/conexion23com\/","https:\/\/www.youtube.com\/channel\/UCYc7vxxFZMYLIHNsHHxPZ3Q"]},{"@type":"Person","@id":"http:\/\/conexion23.com\/#\/schema\/person\/c0b7ce1f0e7a915d08fa289072b8353a","name":"Benjam\u00edn Rosario","image":{"@type":"ImageObject","inLanguage":"es","@id":"https:\/\/secure.gravatar.com\/avatar\/62e1b2539b49cdeb50ee302e2a5f2bd31dc7fdba412bbac67e2a2a6e0c89bb2a?s=96&d=mm&r=g","url":"https:\/\/secure.gravatar.com\/avatar\/62e1b2539b49cdeb50ee302e2a5f2bd31dc7fdba412bbac67e2a2a6e0c89bb2a?s=96&d=mm&r=g","contentUrl":"https:\/\/secure.gravatar.com\/avatar\/62e1b2539b49cdeb50ee302e2a5f2bd31dc7fdba412bbac67e2a2a6e0c89bb2a?s=96&d=mm&r=g","caption":"Benjam\u00edn Rosario"},"url":"https:\/\/conexion23.com\/?author=7"}]}},"_links":{"self":[{"href":"https:\/\/conexion23.com\/index.php?rest_route=\/wp\/v2\/posts\/3632","targetHints":{"allow":["GET"]}}],"collection":[{"href":"https:\/\/conexion23.com\/index.php?rest_route=\/wp\/v2\/posts"}],"about":[{"href":"https:\/\/conexion23.com\/index.php?rest_route=\/wp\/v2\/types\/post"}],"author":[{"embeddable":true,"href":"https:\/\/conexion23.com\/index.php?rest_route=\/wp\/v2\/users\/7"}],"replies":[{"embeddable":true,"href":"https:\/\/conexion23.com\/index.php?rest_route=%2Fwp%2Fv2%2Fcomments&post=3632"}],"version-history":[{"count":1,"href":"https:\/\/conexion23.com\/index.php?rest_route=\/wp\/v2\/posts\/3632\/revisions"}],"predecessor-version":[{"id":3634,"href":"https:\/\/conexion23.com\/index.php?rest_route=\/wp\/v2\/posts\/3632\/revisions\/3634"}],"wp:attachment":[{"href":"https:\/\/conexion23.com\/index.php?rest_route=%2Fwp%2Fv2%2Fmedia&parent=3632"}],"wp:term":[{"taxonomy":"category","embeddable":true,"href":"https:\/\/conexion23.com\/index.php?rest_route=%2Fwp%2Fv2%2Fcategories&post=3632"},{"taxonomy":"post_tag","embeddable":true,"href":"https:\/\/conexion23.com\/index.php?rest_route=%2Fwp%2Fv2%2Ftags&post=3632"}],"curies":[{"name":"wp","href":"https:\/\/api.w.org\/{rel}","templated":true}]}}