{"id":36534,"date":"2025-01-10T07:01:56","date_gmt":"2025-01-10T11:01:56","guid":{"rendered":"https:\/\/conexion23.com\/?p=36534"},"modified":"2025-01-10T07:01:58","modified_gmt":"2025-01-10T11:01:58","slug":"maria-corina-machado-tras-secuestro-dice-este-viernes-voy-a-comunicarles-lo-ocurrido-y-lo-que-viene","status":"publish","type":"post","link":"https:\/\/conexion23.com\/?p=36534","title":{"rendered":"Mar\u00eda Corina Machado tras secuestro dice \u201cEste viernes voy a comunicarles lo ocurrido y lo que viene\u201d."},"content":{"rendered":"\n<p>La l\u00edder de la oposici\u00f3n venezolana Mar\u00eda Corina Machado, se pronunci\u00f3 en su cuenta de X, luego de la situaci\u00f3n del secuestro por parte de efectivos del r\u00e9gimen de Nicol\u00e1s Maduro.<\/p>\n\n\n\n<p>Machado contar\u00e1 este viernes lo ocurrido y felicit\u00f3 a los venezolanos por demostrar como se \u201cvence el miedo\u201d.<\/p>\n\n\n\n<p>\u201cGracias, gracias, a todos los ciudadanos que salieron a las calles a reivindicar nuestra victoria del 28 de julio y a COBRARLA!\u201d expres\u00f3.<\/p>\n","protected":false},"excerpt":{"rendered":"<p>La l\u00edder de la oposici\u00f3n venezolana Mar\u00eda Corina Machado, se pronunci\u00f3 en su cuenta de X, luego de la situaci\u00f3n del secuestro por parte de efectivos del r\u00e9gimen de Nicol\u00e1s Maduro. Machado contar\u00e1 este viernes lo ocurrido y felicit\u00f3 a los venezolanos por demostrar como se \u201cvence el miedo\u201d. \u201cGracias, gracias, a todos los ciudadanos [&hellip;]<\/p>\n","protected":false},"author":15,"featured_media":36535,"comment_status":"open","ping_status":"open","sticky":false,"template":"","format":"standard","meta":{"footnotes":""},"categories":[1],"tags":[],"class_list":{"0":"post-36534","1":"post","2":"type-post","3":"status-publish","4":"format-standard","5":"has-post-thumbnail","7":"category-uncategorized"},"yoast_head":"<!-- This site is optimized with the Yoast SEO plugin v27.1.1 - https:\/\/yoast.com\/product\/yoast-seo-wordpress\/ -->\n<title>Mar\u00eda Corina Machado tras secuestro dice \u201cEste viernes voy a comunicarles lo ocurrido y lo que viene\u201d. - Conexi\u00f3n 23<\/title>\n<meta name=\"robots\" content=\"index, follow, max-snippet:-1, max-image-preview:large, max-video-preview:-1\" \/>\n<link rel=\"canonical\" href=\"https:\/\/conexion23.com\/?p=36534\" \/>\n<meta property=\"og:locale\" content=\"es_ES\" \/>\n<meta property=\"og:type\" content=\"article\" \/>\n<meta property=\"og:title\" content=\"Mar\u00eda Corina Machado tras secuestro dice \u201cEste viernes voy a comunicarles lo ocurrido y lo que viene\u201d. - Conexi\u00f3n 23\" \/>\n<meta property=\"og:description\" content=\"La l\u00edder de la oposici\u00f3n venezolana Mar\u00eda Corina Machado, se pronunci\u00f3 en su cuenta de X, luego de la situaci\u00f3n del secuestro por parte de efectivos del r\u00e9gimen de Nicol\u00e1s Maduro. Machado contar\u00e1 este viernes lo ocurrido y felicit\u00f3 a los venezolanos por demostrar como se \u201cvence el miedo\u201d. \u201cGracias, gracias, a todos los ciudadanos [&hellip;]\" \/>\n<meta property=\"og:url\" content=\"https:\/\/conexion23.com\/?p=36534\" \/>\n<meta property=\"og:site_name\" content=\"Conexi\u00f3n 23\" \/>\n<meta property=\"article:publisher\" content=\"https:\/\/www.facebook.com\/conexion23com\" \/>\n<meta property=\"article:published_time\" content=\"2025-01-10T11:01:56+00:00\" \/>\n<meta property=\"article:modified_time\" content=\"2025-01-10T11:01:58+00:00\" \/>\n<meta property=\"og:image\" content=\"https:\/\/conexion23.com\/wp-content\/uploads\/2025\/01\/Maria-Corina-Machado-1-1140x694-1.jpeg\" \/>\n\t<meta property=\"og:image:width\" content=\"1140\" \/>\n\t<meta property=\"og:image:height\" content=\"694\" \/>\n\t<meta property=\"og:image:type\" content=\"image\/jpeg\" \/>\n<meta name=\"author\" content=\"Raffy Ben\u00edtez\" \/>\n<meta name=\"twitter:card\" content=\"summary_large_image\" \/>\n<meta name=\"twitter:label1\" content=\"Escrito por\" \/>\n\t<meta name=\"twitter:data1\" content=\"Raffy Ben\u00edtez\" \/>\n\t<meta name=\"twitter:label2\" content=\"Tiempo de lectura\" \/>\n\t<meta name=\"twitter:data2\" content=\"1 minuto\" \/>\n<script type=\"application\/ld+json\" class=\"yoast-schema-graph\">{\"@context\":\"https:\/\/schema.org\",\"@graph\":[{\"@type\":\"Article\",\"@id\":\"https:\/\/conexion23.com\/?p=36534#article\",\"isPartOf\":{\"@id\":\"https:\/\/conexion23.com\/?p=36534\"},\"author\":{\"name\":\"Raffy Ben\u00edtez\",\"@id\":\"https:\/\/conexion23.com\/#\/schema\/person\/03e36043331117e97a373299bbcd30a6\"},\"headline\":\"Mar\u00eda Corina Machado tras secuestro dice \u201cEste viernes voy a comunicarles lo ocurrido y lo que viene\u201d.\",\"datePublished\":\"2025-01-10T11:01:56+00:00\",\"dateModified\":\"2025-01-10T11:01:58+00:00\",\"mainEntityOfPage\":{\"@id\":\"https:\/\/conexion23.com\/?p=36534\"},\"wordCount\":95,\"commentCount\":0,\"publisher\":{\"@id\":\"https:\/\/conexion23.com\/#organization\"},\"image\":{\"@id\":\"https:\/\/conexion23.com\/?p=36534#primaryimage\"},\"thumbnailUrl\":\"https:\/\/conexion23.com\/wp-content\/uploads\/2025\/01\/Maria-Corina-Machado-1-1140x694-1.jpeg\",\"articleSection\":[\"Uncategorized\"],\"inLanguage\":\"es\",\"potentialAction\":[{\"@type\":\"CommentAction\",\"name\":\"Comment\",\"target\":[\"https:\/\/conexion23.com\/?p=36534#respond\"]}]},{\"@type\":\"WebPage\",\"@id\":\"https:\/\/conexion23.com\/?p=36534\",\"url\":\"https:\/\/conexion23.com\/?p=36534\",\"name\":\"Mar\u00eda Corina Machado tras secuestro dice \u201cEste viernes voy a comunicarles lo ocurrido y lo que viene\u201d. - Conexi\u00f3n 23\",\"isPartOf\":{\"@id\":\"https:\/\/conexion23.com\/#website\"},\"primaryImageOfPage\":{\"@id\":\"https:\/\/conexion23.com\/?p=36534#primaryimage\"},\"image\":{\"@id\":\"https:\/\/conexion23.com\/?p=36534#primaryimage\"},\"thumbnailUrl\":\"https:\/\/conexion23.com\/wp-content\/uploads\/2025\/01\/Maria-Corina-Machado-1-1140x694-1.jpeg\",\"datePublished\":\"2025-01-10T11:01:56+00:00\",\"dateModified\":\"2025-01-10T11:01:58+00:00\",\"breadcrumb\":{\"@id\":\"https:\/\/conexion23.com\/?p=36534#breadcrumb\"},\"inLanguage\":\"es\",\"potentialAction\":[{\"@type\":\"ReadAction\",\"target\":[\"https:\/\/conexion23.com\/?p=36534\"]}]},{\"@type\":\"ImageObject\",\"inLanguage\":\"es\",\"@id\":\"https:\/\/conexion23.com\/?p=36534#primaryimage\",\"url\":\"https:\/\/conexion23.com\/wp-content\/uploads\/2025\/01\/Maria-Corina-Machado-1-1140x694-1.jpeg\",\"contentUrl\":\"https:\/\/conexion23.com\/wp-content\/uploads\/2025\/01\/Maria-Corina-Machado-1-1140x694-1.jpeg\",\"width\":1140,\"height\":694},{\"@type\":\"BreadcrumbList\",\"@id\":\"https:\/\/conexion23.com\/?p=36534#breadcrumb\",\"itemListElement\":[{\"@type\":\"ListItem\",\"position\":1,\"name\":\"Portada\",\"item\":\"https:\/\/conexion23.com\/\"},{\"@type\":\"ListItem\",\"position\":2,\"name\":\"Mar\u00eda Corina Machado tras secuestro dice \u201cEste viernes voy a comunicarles lo ocurrido y lo que viene\u201d.\"}]},{\"@type\":\"WebSite\",\"@id\":\"https:\/\/conexion23.com\/#website\",\"url\":\"https:\/\/conexion23.com\/\",\"name\":\"Conexi\u00f3n 23\",\"description\":\"Peri\u00f3dico 100% Petromacorisano\",\"publisher\":{\"@id\":\"https:\/\/conexion23.com\/#organization\"},\"potentialAction\":[{\"@type\":\"SearchAction\",\"target\":{\"@type\":\"EntryPoint\",\"urlTemplate\":\"https:\/\/conexion23.com\/?s={search_term_string}\"},\"query-input\":{\"@type\":\"PropertyValueSpecification\",\"valueRequired\":true,\"valueName\":\"search_term_string\"}}],\"inLanguage\":\"es\"},{\"@type\":\"Organization\",\"@id\":\"https:\/\/conexion23.com\/#organization\",\"name\":\"Conexion 23\",\"url\":\"https:\/\/conexion23.com\/\",\"logo\":{\"@type\":\"ImageObject\",\"inLanguage\":\"es\",\"@id\":\"https:\/\/conexion23.com\/#\/schema\/logo\/image\/\",\"url\":\"https:\/\/conexion23.com\/wp-content\/uploads\/2021\/11\/Diseno-sin-titulo-2.png\",\"contentUrl\":\"https:\/\/conexion23.com\/wp-content\/uploads\/2021\/11\/Diseno-sin-titulo-2.png\",\"width\":541,\"height\":90,\"caption\":\"Conexion 23\"},\"image\":{\"@id\":\"https:\/\/conexion23.com\/#\/schema\/logo\/image\/\"},\"sameAs\":[\"https:\/\/www.facebook.com\/conexion23com\",\"https:\/\/www.instagram.com\/conexion23com\/\",\"https:\/\/www.youtube.com\/channel\/UCYc7vxxFZMYLIHNsHHxPZ3Q\"]},{\"@type\":\"Person\",\"@id\":\"https:\/\/conexion23.com\/#\/schema\/person\/03e36043331117e97a373299bbcd30a6\",\"name\":\"Raffy Ben\u00edtez\",\"image\":{\"@type\":\"ImageObject\",\"inLanguage\":\"es\",\"@id\":\"https:\/\/conexion23.com\/#\/schema\/person\/image\/\",\"url\":\"https:\/\/secure.gravatar.com\/avatar\/3190a6a6c5e1b0327500f7d6c56b6242472ee6cb974cf09b401ee6b3b0798f23?s=96&d=mm&r=g\",\"contentUrl\":\"https:\/\/secure.gravatar.com\/avatar\/3190a6a6c5e1b0327500f7d6c56b6242472ee6cb974cf09b401ee6b3b0798f23?s=96&d=mm&r=g\",\"caption\":\"Raffy Ben\u00edtez\"},\"url\":\"https:\/\/conexion23.com\/?author=15\"}]}<\/script>\n<!-- \/ Yoast SEO plugin. -->","yoast_head_json":{"title":"Mar\u00eda Corina Machado tras secuestro dice \u201cEste viernes voy a comunicarles lo ocurrido y lo que viene\u201d. - Conexi\u00f3n 23","robots":{"index":"index","follow":"follow","max-snippet":"max-snippet:-1","max-image-preview":"max-image-preview:large","max-video-preview":"max-video-preview:-1"},"canonical":"https:\/\/conexion23.com\/?p=36534","og_locale":"es_ES","og_type":"article","og_title":"Mar\u00eda Corina Machado tras secuestro dice \u201cEste viernes voy a comunicarles lo ocurrido y lo que viene\u201d. - Conexi\u00f3n 23","og_description":"La l\u00edder de la oposici\u00f3n venezolana Mar\u00eda Corina Machado, se pronunci\u00f3 en su cuenta de X, luego de la situaci\u00f3n del secuestro por parte de efectivos del r\u00e9gimen de Nicol\u00e1s Maduro. Machado contar\u00e1 este viernes lo ocurrido y felicit\u00f3 a los venezolanos por demostrar como se \u201cvence el miedo\u201d. \u201cGracias, gracias, a todos los ciudadanos [&hellip;]","og_url":"https:\/\/conexion23.com\/?p=36534","og_site_name":"Conexi\u00f3n 23","article_publisher":"https:\/\/www.facebook.com\/conexion23com","article_published_time":"2025-01-10T11:01:56+00:00","article_modified_time":"2025-01-10T11:01:58+00:00","og_image":[{"width":1140,"height":694,"url":"https:\/\/conexion23.com\/wp-content\/uploads\/2025\/01\/Maria-Corina-Machado-1-1140x694-1.jpeg","type":"image\/jpeg"}],"author":"Raffy Ben\u00edtez","twitter_card":"summary_large_image","twitter_misc":{"Escrito por":"Raffy Ben\u00edtez","Tiempo de lectura":"1 minuto"},"schema":{"@context":"https:\/\/schema.org","@graph":[{"@type":"Article","@id":"https:\/\/conexion23.com\/?p=36534#article","isPartOf":{"@id":"https:\/\/conexion23.com\/?p=36534"},"author":{"name":"Raffy Ben\u00edtez","@id":"https:\/\/conexion23.com\/#\/schema\/person\/03e36043331117e97a373299bbcd30a6"},"headline":"Mar\u00eda Corina Machado tras secuestro dice \u201cEste viernes voy a comunicarles lo ocurrido y lo que viene\u201d.","datePublished":"2025-01-10T11:01:56+00:00","dateModified":"2025-01-10T11:01:58+00:00","mainEntityOfPage":{"@id":"https:\/\/conexion23.com\/?p=36534"},"wordCount":95,"commentCount":0,"publisher":{"@id":"https:\/\/conexion23.com\/#organization"},"image":{"@id":"https:\/\/conexion23.com\/?p=36534#primaryimage"},"thumbnailUrl":"https:\/\/conexion23.com\/wp-content\/uploads\/2025\/01\/Maria-Corina-Machado-1-1140x694-1.jpeg","articleSection":["Uncategorized"],"inLanguage":"es","potentialAction":[{"@type":"CommentAction","name":"Comment","target":["https:\/\/conexion23.com\/?p=36534#respond"]}]},{"@type":"WebPage","@id":"https:\/\/conexion23.com\/?p=36534","url":"https:\/\/conexion23.com\/?p=36534","name":"Mar\u00eda Corina Machado tras secuestro dice \u201cEste viernes voy a comunicarles lo ocurrido y lo que viene\u201d. - Conexi\u00f3n 23","isPartOf":{"@id":"https:\/\/conexion23.com\/#website"},"primaryImageOfPage":{"@id":"https:\/\/conexion23.com\/?p=36534#primaryimage"},"image":{"@id":"https:\/\/conexion23.com\/?p=36534#primaryimage"},"thumbnailUrl":"https:\/\/conexion23.com\/wp-content\/uploads\/2025\/01\/Maria-Corina-Machado-1-1140x694-1.jpeg","datePublished":"2025-01-10T11:01:56+00:00","dateModified":"2025-01-10T11:01:58+00:00","breadcrumb":{"@id":"https:\/\/conexion23.com\/?p=36534#breadcrumb"},"inLanguage":"es","potentialAction":[{"@type":"ReadAction","target":["https:\/\/conexion23.com\/?p=36534"]}]},{"@type":"ImageObject","inLanguage":"es","@id":"https:\/\/conexion23.com\/?p=36534#primaryimage","url":"https:\/\/conexion23.com\/wp-content\/uploads\/2025\/01\/Maria-Corina-Machado-1-1140x694-1.jpeg","contentUrl":"https:\/\/conexion23.com\/wp-content\/uploads\/2025\/01\/Maria-Corina-Machado-1-1140x694-1.jpeg","width":1140,"height":694},{"@type":"BreadcrumbList","@id":"https:\/\/conexion23.com\/?p=36534#breadcrumb","itemListElement":[{"@type":"ListItem","position":1,"name":"Portada","item":"https:\/\/conexion23.com\/"},{"@type":"ListItem","position":2,"name":"Mar\u00eda Corina Machado tras secuestro dice \u201cEste viernes voy a comunicarles lo ocurrido y lo que viene\u201d."}]},{"@type":"WebSite","@id":"https:\/\/conexion23.com\/#website","url":"https:\/\/conexion23.com\/","name":"Conexi\u00f3n 23","description":"Peri\u00f3dico 100% Petromacorisano","publisher":{"@id":"https:\/\/conexion23.com\/#organization"},"potentialAction":[{"@type":"SearchAction","target":{"@type":"EntryPoint","urlTemplate":"https:\/\/conexion23.com\/?s={search_term_string}"},"query-input":{"@type":"PropertyValueSpecification","valueRequired":true,"valueName":"search_term_string"}}],"inLanguage":"es"},{"@type":"Organization","@id":"https:\/\/conexion23.com\/#organization","name":"Conexion 23","url":"https:\/\/conexion23.com\/","logo":{"@type":"ImageObject","inLanguage":"es","@id":"https:\/\/conexion23.com\/#\/schema\/logo\/image\/","url":"https:\/\/conexion23.com\/wp-content\/uploads\/2021\/11\/Diseno-sin-titulo-2.png","contentUrl":"https:\/\/conexion23.com\/wp-content\/uploads\/2021\/11\/Diseno-sin-titulo-2.png","width":541,"height":90,"caption":"Conexion 23"},"image":{"@id":"https:\/\/conexion23.com\/#\/schema\/logo\/image\/"},"sameAs":["https:\/\/www.facebook.com\/conexion23com","https:\/\/www.instagram.com\/conexion23com\/","https:\/\/www.youtube.com\/channel\/UCYc7vxxFZMYLIHNsHHxPZ3Q"]},{"@type":"Person","@id":"https:\/\/conexion23.com\/#\/schema\/person\/03e36043331117e97a373299bbcd30a6","name":"Raffy Ben\u00edtez","image":{"@type":"ImageObject","inLanguage":"es","@id":"https:\/\/conexion23.com\/#\/schema\/person\/image\/","url":"https:\/\/secure.gravatar.com\/avatar\/3190a6a6c5e1b0327500f7d6c56b6242472ee6cb974cf09b401ee6b3b0798f23?s=96&d=mm&r=g","contentUrl":"https:\/\/secure.gravatar.com\/avatar\/3190a6a6c5e1b0327500f7d6c56b6242472ee6cb974cf09b401ee6b3b0798f23?s=96&d=mm&r=g","caption":"Raffy Ben\u00edtez"},"url":"https:\/\/conexion23.com\/?author=15"}]}},"_links":{"self":[{"href":"https:\/\/conexion23.com\/index.php?rest_route=\/wp\/v2\/posts\/36534","targetHints":{"allow":["GET"]}}],"collection":[{"href":"https:\/\/conexion23.com\/index.php?rest_route=\/wp\/v2\/posts"}],"about":[{"href":"https:\/\/conexion23.com\/index.php?rest_route=\/wp\/v2\/types\/post"}],"author":[{"embeddable":true,"href":"https:\/\/conexion23.com\/index.php?rest_route=\/wp\/v2\/users\/15"}],"replies":[{"embeddable":true,"href":"https:\/\/conexion23.com\/index.php?rest_route=%2Fwp%2Fv2%2Fcomments&post=36534"}],"version-history":[{"count":1,"href":"https:\/\/conexion23.com\/index.php?rest_route=\/wp\/v2\/posts\/36534\/revisions"}],"predecessor-version":[{"id":36536,"href":"https:\/\/conexion23.com\/index.php?rest_route=\/wp\/v2\/posts\/36534\/revisions\/36536"}],"wp:featuredmedia":[{"embeddable":true,"href":"https:\/\/conexion23.com\/index.php?rest_route=\/wp\/v2\/media\/36535"}],"wp:attachment":[{"href":"https:\/\/conexion23.com\/index.php?rest_route=%2Fwp%2Fv2%2Fmedia&parent=36534"}],"wp:term":[{"taxonomy":"category","embeddable":true,"href":"https:\/\/conexion23.com\/index.php?rest_route=%2Fwp%2Fv2%2Fcategories&post=36534"},{"taxonomy":"post_tag","embeddable":true,"href":"https:\/\/conexion23.com\/index.php?rest_route=%2Fwp%2Fv2%2Ftags&post=36534"}],"curies":[{"name":"wp","href":"https:\/\/api.w.org\/{rel}","templated":true}]}}