{"id":37136,"date":"2025-01-25T09:01:35","date_gmt":"2025-01-25T13:01:35","guid":{"rendered":"https:\/\/conexion23.com\/?p=37136"},"modified":"2025-01-25T09:01:37","modified_gmt":"2025-01-25T13:01:37","slug":"campesinos-dicen-pedimos-que-gobierno-y-barrick-se-pongan-en-precio","status":"publish","type":"post","link":"https:\/\/conexion23.com\/?p=37136","title":{"rendered":"Campesinos dicen, \u201cPedimos que Gobierno y Barrick se pongan en precio\u201d"},"content":{"rendered":"\n<p>La tierra que los vio nacer es la misma que hoy les da el sustento y a la que se aferran decenas de familias de Cotu\u00ed y Maim\u00f3n ante la amenaza de desalojo sin el pago justo por sus terrenos de parte de la empresa Barrick Pueblo Viejo para la construcci\u00f3n de una nueva presa de colas, en S\u00e1nchez Ram\u00edrez.<\/p>\n\n\n\n<p>Alejada de la riqueza minera que posee la provincia, las calles de la localidad han quedado en el olvido del polvo y el caliche as\u00ed como el desarrollo en promesas, dejando a los residentes cargados de reclamos.<\/p>\n\n\n\n<p>Ahora enfrentan una nueva lucha. Alegando que la multinacional canadiense no les quiere pagar el precio justo de los predios donde tienen sus casas y cosechas de cacao, lim\u00f3n, naranja y otras plantas frutales.<\/p>\n\n\n\n<p>Un ejemplo de este caso lo protagoniza Isidro Coronado, quien el 8 de enero result\u00f3 herido a manos militares con un perdig\u00f3n de goma en el pie derecho, mientras los campesinos hac\u00edan un frente para impedir el acceso de militares y personal de la Barrick en horas de la madrugada a la comunidad de Arroyo Vuelta.<\/p>\n\n\n\n<p><strong>Coronado, de 45 a\u00f1os, tiene su casa, una peque\u00f1a fantas\u00eda y su patio sembrado de lim\u00f3n y naranja en la referida comunidad, vive con su esposa y dos de sus hijos de 4 y 10 a\u00f1os, quienes dependen de \u00e9l en su totalidad y hoy su sustento se ve en riesgo ante el reasentamiento para la construcci\u00f3n de la presa.<\/strong><\/p>\n\n\n\n<p>\u201cLo que nosotros le pedimos a la Barrick, al gobierno y a Juana Barcel\u00f3 (presidenta de Barrick) es que por favor se pongan en precio que nosotros estamos en nuestra tierra que nacimos y nos criamos, para que la mina quiera venir a sacarnos a nosotros as\u00ed\u201d, se quej\u00f3 el caballero mientras descansaba su pie aun hinchado por la herida y con suturas en una silla de pl\u00e1stico.<\/p>\n\n\n\n<p>El mayor motivo de preocupaci\u00f3n para \u00e9l y otras tantas familias es que har\u00e1n con el pago que les har\u00e1 la minera, ya que seg\u00fan externaron el pago representa \u201cmigajas\u201d para los costos que tienen todo lo que poseen.<\/p>\n\n\n\n<p>\u201cNo nos quiere pagar como manda la ley, mira este chin de tierra yo di RD$188,000 y para una tarea dique son RD$40,000 y c\u00f3mo t\u00fa crees que nosotros le podemos ceder el paso para que la mina entre a sacarnos a nosotros a la fuerza\u201d, expres\u00f3 con indignaci\u00f3n.<\/p>\n","protected":false},"excerpt":{"rendered":"<p>La tierra que los vio nacer es la misma que hoy les da el sustento y a la que se aferran decenas de familias de Cotu\u00ed y Maim\u00f3n ante la amenaza de desalojo sin el pago justo por sus terrenos de parte de la empresa Barrick Pueblo Viejo para la construcci\u00f3n de una nueva presa [&hellip;]<\/p>\n","protected":false},"author":15,"featured_media":37137,"comment_status":"open","ping_status":"open","sticky":false,"template":"","format":"standard","meta":{"footnotes":""},"categories":[1],"tags":[],"class_list":{"0":"post-37136","1":"post","2":"type-post","3":"status-publish","4":"format-standard","5":"has-post-thumbnail","7":"category-uncategorized"},"yoast_head":"<!-- This site is optimized with the Yoast SEO plugin v27.1.1 - https:\/\/yoast.com\/product\/yoast-seo-wordpress\/ -->\n<title>Campesinos dicen, \u201cPedimos que Gobierno y Barrick se pongan en precio\u201d - Conexi\u00f3n 23<\/title>\n<meta name=\"robots\" content=\"index, follow, max-snippet:-1, max-image-preview:large, max-video-preview:-1\" \/>\n<link rel=\"canonical\" href=\"https:\/\/conexion23.com\/?p=37136\" \/>\n<meta property=\"og:locale\" content=\"es_ES\" \/>\n<meta property=\"og:type\" content=\"article\" \/>\n<meta property=\"og:title\" content=\"Campesinos dicen, \u201cPedimos que Gobierno y Barrick se pongan en precio\u201d - Conexi\u00f3n 23\" \/>\n<meta property=\"og:description\" content=\"La tierra que los vio nacer es la misma que hoy les da el sustento y a la que se aferran decenas de familias de Cotu\u00ed y Maim\u00f3n ante la amenaza de desalojo sin el pago justo por sus terrenos de parte de la empresa Barrick Pueblo Viejo para la construcci\u00f3n de una nueva presa [&hellip;]\" \/>\n<meta property=\"og:url\" content=\"https:\/\/conexion23.com\/?p=37136\" \/>\n<meta property=\"og:site_name\" content=\"Conexi\u00f3n 23\" \/>\n<meta property=\"article:publisher\" content=\"https:\/\/www.facebook.com\/conexion23com\" \/>\n<meta property=\"article:published_time\" content=\"2025-01-25T13:01:35+00:00\" \/>\n<meta property=\"article:modified_time\" content=\"2025-01-25T13:01:37+00:00\" \/>\n<meta property=\"og:image\" content=\"https:\/\/conexion23.com\/wp-content\/uploads\/2025\/01\/679426aae08b5.jpeg\" \/>\n\t<meta property=\"og:image:width\" content=\"800\" \/>\n\t<meta property=\"og:image:height\" content=\"533\" \/>\n\t<meta property=\"og:image:type\" content=\"image\/jpeg\" \/>\n<meta name=\"author\" content=\"Raffy Ben\u00edtez\" \/>\n<meta name=\"twitter:card\" content=\"summary_large_image\" \/>\n<meta name=\"twitter:label1\" content=\"Escrito por\" \/>\n\t<meta name=\"twitter:data1\" content=\"Raffy Ben\u00edtez\" \/>\n\t<meta name=\"twitter:label2\" content=\"Tiempo de lectura\" \/>\n\t<meta name=\"twitter:data2\" content=\"3 minutos\" \/>\n<script type=\"application\/ld+json\" class=\"yoast-schema-graph\">{\"@context\":\"https:\/\/schema.org\",\"@graph\":[{\"@type\":\"Article\",\"@id\":\"https:\/\/conexion23.com\/?p=37136#article\",\"isPartOf\":{\"@id\":\"https:\/\/conexion23.com\/?p=37136\"},\"author\":{\"name\":\"Raffy Ben\u00edtez\",\"@id\":\"https:\/\/conexion23.com\/#\/schema\/person\/03e36043331117e97a373299bbcd30a6\"},\"headline\":\"Campesinos dicen, \u201cPedimos que Gobierno y Barrick se pongan en precio\u201d\",\"datePublished\":\"2025-01-25T13:01:35+00:00\",\"dateModified\":\"2025-01-25T13:01:37+00:00\",\"mainEntityOfPage\":{\"@id\":\"https:\/\/conexion23.com\/?p=37136\"},\"wordCount\":429,\"commentCount\":0,\"publisher\":{\"@id\":\"https:\/\/conexion23.com\/#organization\"},\"image\":{\"@id\":\"https:\/\/conexion23.com\/?p=37136#primaryimage\"},\"thumbnailUrl\":\"https:\/\/conexion23.com\/wp-content\/uploads\/2025\/01\/679426aae08b5.jpeg\",\"articleSection\":[\"Uncategorized\"],\"inLanguage\":\"es\",\"potentialAction\":[{\"@type\":\"CommentAction\",\"name\":\"Comment\",\"target\":[\"https:\/\/conexion23.com\/?p=37136#respond\"]}]},{\"@type\":\"WebPage\",\"@id\":\"https:\/\/conexion23.com\/?p=37136\",\"url\":\"https:\/\/conexion23.com\/?p=37136\",\"name\":\"Campesinos dicen, \u201cPedimos que Gobierno y Barrick se pongan en precio\u201d - Conexi\u00f3n 23\",\"isPartOf\":{\"@id\":\"https:\/\/conexion23.com\/#website\"},\"primaryImageOfPage\":{\"@id\":\"https:\/\/conexion23.com\/?p=37136#primaryimage\"},\"image\":{\"@id\":\"https:\/\/conexion23.com\/?p=37136#primaryimage\"},\"thumbnailUrl\":\"https:\/\/conexion23.com\/wp-content\/uploads\/2025\/01\/679426aae08b5.jpeg\",\"datePublished\":\"2025-01-25T13:01:35+00:00\",\"dateModified\":\"2025-01-25T13:01:37+00:00\",\"breadcrumb\":{\"@id\":\"https:\/\/conexion23.com\/?p=37136#breadcrumb\"},\"inLanguage\":\"es\",\"potentialAction\":[{\"@type\":\"ReadAction\",\"target\":[\"https:\/\/conexion23.com\/?p=37136\"]}]},{\"@type\":\"ImageObject\",\"inLanguage\":\"es\",\"@id\":\"https:\/\/conexion23.com\/?p=37136#primaryimage\",\"url\":\"https:\/\/conexion23.com\/wp-content\/uploads\/2025\/01\/679426aae08b5.jpeg\",\"contentUrl\":\"https:\/\/conexion23.com\/wp-content\/uploads\/2025\/01\/679426aae08b5.jpeg\",\"width\":800,\"height\":533},{\"@type\":\"BreadcrumbList\",\"@id\":\"https:\/\/conexion23.com\/?p=37136#breadcrumb\",\"itemListElement\":[{\"@type\":\"ListItem\",\"position\":1,\"name\":\"Portada\",\"item\":\"https:\/\/conexion23.com\/\"},{\"@type\":\"ListItem\",\"position\":2,\"name\":\"Campesinos dicen, \u201cPedimos que Gobierno y Barrick se pongan en precio\u201d\"}]},{\"@type\":\"WebSite\",\"@id\":\"https:\/\/conexion23.com\/#website\",\"url\":\"https:\/\/conexion23.com\/\",\"name\":\"Conexi\u00f3n 23\",\"description\":\"Peri\u00f3dico 100% Petromacorisano\",\"publisher\":{\"@id\":\"https:\/\/conexion23.com\/#organization\"},\"potentialAction\":[{\"@type\":\"SearchAction\",\"target\":{\"@type\":\"EntryPoint\",\"urlTemplate\":\"https:\/\/conexion23.com\/?s={search_term_string}\"},\"query-input\":{\"@type\":\"PropertyValueSpecification\",\"valueRequired\":true,\"valueName\":\"search_term_string\"}}],\"inLanguage\":\"es\"},{\"@type\":\"Organization\",\"@id\":\"https:\/\/conexion23.com\/#organization\",\"name\":\"Conexion 23\",\"url\":\"https:\/\/conexion23.com\/\",\"logo\":{\"@type\":\"ImageObject\",\"inLanguage\":\"es\",\"@id\":\"https:\/\/conexion23.com\/#\/schema\/logo\/image\/\",\"url\":\"https:\/\/conexion23.com\/wp-content\/uploads\/2021\/11\/Diseno-sin-titulo-2.png\",\"contentUrl\":\"https:\/\/conexion23.com\/wp-content\/uploads\/2021\/11\/Diseno-sin-titulo-2.png\",\"width\":541,\"height\":90,\"caption\":\"Conexion 23\"},\"image\":{\"@id\":\"https:\/\/conexion23.com\/#\/schema\/logo\/image\/\"},\"sameAs\":[\"https:\/\/www.facebook.com\/conexion23com\",\"https:\/\/www.instagram.com\/conexion23com\/\",\"https:\/\/www.youtube.com\/channel\/UCYc7vxxFZMYLIHNsHHxPZ3Q\"]},{\"@type\":\"Person\",\"@id\":\"https:\/\/conexion23.com\/#\/schema\/person\/03e36043331117e97a373299bbcd30a6\",\"name\":\"Raffy Ben\u00edtez\",\"image\":{\"@type\":\"ImageObject\",\"inLanguage\":\"es\",\"@id\":\"https:\/\/conexion23.com\/#\/schema\/person\/image\/\",\"url\":\"https:\/\/secure.gravatar.com\/avatar\/3190a6a6c5e1b0327500f7d6c56b6242472ee6cb974cf09b401ee6b3b0798f23?s=96&d=mm&r=g\",\"contentUrl\":\"https:\/\/secure.gravatar.com\/avatar\/3190a6a6c5e1b0327500f7d6c56b6242472ee6cb974cf09b401ee6b3b0798f23?s=96&d=mm&r=g\",\"caption\":\"Raffy Ben\u00edtez\"},\"url\":\"https:\/\/conexion23.com\/?author=15\"}]}<\/script>\n<!-- \/ Yoast SEO plugin. -->","yoast_head_json":{"title":"Campesinos dicen, \u201cPedimos que Gobierno y Barrick se pongan en precio\u201d - Conexi\u00f3n 23","robots":{"index":"index","follow":"follow","max-snippet":"max-snippet:-1","max-image-preview":"max-image-preview:large","max-video-preview":"max-video-preview:-1"},"canonical":"https:\/\/conexion23.com\/?p=37136","og_locale":"es_ES","og_type":"article","og_title":"Campesinos dicen, \u201cPedimos que Gobierno y Barrick se pongan en precio\u201d - Conexi\u00f3n 23","og_description":"La tierra que los vio nacer es la misma que hoy les da el sustento y a la que se aferran decenas de familias de Cotu\u00ed y Maim\u00f3n ante la amenaza de desalojo sin el pago justo por sus terrenos de parte de la empresa Barrick Pueblo Viejo para la construcci\u00f3n de una nueva presa [&hellip;]","og_url":"https:\/\/conexion23.com\/?p=37136","og_site_name":"Conexi\u00f3n 23","article_publisher":"https:\/\/www.facebook.com\/conexion23com","article_published_time":"2025-01-25T13:01:35+00:00","article_modified_time":"2025-01-25T13:01:37+00:00","og_image":[{"width":800,"height":533,"url":"https:\/\/conexion23.com\/wp-content\/uploads\/2025\/01\/679426aae08b5.jpeg","type":"image\/jpeg"}],"author":"Raffy Ben\u00edtez","twitter_card":"summary_large_image","twitter_misc":{"Escrito por":"Raffy Ben\u00edtez","Tiempo de lectura":"3 minutos"},"schema":{"@context":"https:\/\/schema.org","@graph":[{"@type":"Article","@id":"https:\/\/conexion23.com\/?p=37136#article","isPartOf":{"@id":"https:\/\/conexion23.com\/?p=37136"},"author":{"name":"Raffy Ben\u00edtez","@id":"https:\/\/conexion23.com\/#\/schema\/person\/03e36043331117e97a373299bbcd30a6"},"headline":"Campesinos dicen, \u201cPedimos que Gobierno y Barrick se pongan en precio\u201d","datePublished":"2025-01-25T13:01:35+00:00","dateModified":"2025-01-25T13:01:37+00:00","mainEntityOfPage":{"@id":"https:\/\/conexion23.com\/?p=37136"},"wordCount":429,"commentCount":0,"publisher":{"@id":"https:\/\/conexion23.com\/#organization"},"image":{"@id":"https:\/\/conexion23.com\/?p=37136#primaryimage"},"thumbnailUrl":"https:\/\/conexion23.com\/wp-content\/uploads\/2025\/01\/679426aae08b5.jpeg","articleSection":["Uncategorized"],"inLanguage":"es","potentialAction":[{"@type":"CommentAction","name":"Comment","target":["https:\/\/conexion23.com\/?p=37136#respond"]}]},{"@type":"WebPage","@id":"https:\/\/conexion23.com\/?p=37136","url":"https:\/\/conexion23.com\/?p=37136","name":"Campesinos dicen, \u201cPedimos que Gobierno y Barrick se pongan en precio\u201d - Conexi\u00f3n 23","isPartOf":{"@id":"https:\/\/conexion23.com\/#website"},"primaryImageOfPage":{"@id":"https:\/\/conexion23.com\/?p=37136#primaryimage"},"image":{"@id":"https:\/\/conexion23.com\/?p=37136#primaryimage"},"thumbnailUrl":"https:\/\/conexion23.com\/wp-content\/uploads\/2025\/01\/679426aae08b5.jpeg","datePublished":"2025-01-25T13:01:35+00:00","dateModified":"2025-01-25T13:01:37+00:00","breadcrumb":{"@id":"https:\/\/conexion23.com\/?p=37136#breadcrumb"},"inLanguage":"es","potentialAction":[{"@type":"ReadAction","target":["https:\/\/conexion23.com\/?p=37136"]}]},{"@type":"ImageObject","inLanguage":"es","@id":"https:\/\/conexion23.com\/?p=37136#primaryimage","url":"https:\/\/conexion23.com\/wp-content\/uploads\/2025\/01\/679426aae08b5.jpeg","contentUrl":"https:\/\/conexion23.com\/wp-content\/uploads\/2025\/01\/679426aae08b5.jpeg","width":800,"height":533},{"@type":"BreadcrumbList","@id":"https:\/\/conexion23.com\/?p=37136#breadcrumb","itemListElement":[{"@type":"ListItem","position":1,"name":"Portada","item":"https:\/\/conexion23.com\/"},{"@type":"ListItem","position":2,"name":"Campesinos dicen, \u201cPedimos que Gobierno y Barrick se pongan en precio\u201d"}]},{"@type":"WebSite","@id":"https:\/\/conexion23.com\/#website","url":"https:\/\/conexion23.com\/","name":"Conexi\u00f3n 23","description":"Peri\u00f3dico 100% Petromacorisano","publisher":{"@id":"https:\/\/conexion23.com\/#organization"},"potentialAction":[{"@type":"SearchAction","target":{"@type":"EntryPoint","urlTemplate":"https:\/\/conexion23.com\/?s={search_term_string}"},"query-input":{"@type":"PropertyValueSpecification","valueRequired":true,"valueName":"search_term_string"}}],"inLanguage":"es"},{"@type":"Organization","@id":"https:\/\/conexion23.com\/#organization","name":"Conexion 23","url":"https:\/\/conexion23.com\/","logo":{"@type":"ImageObject","inLanguage":"es","@id":"https:\/\/conexion23.com\/#\/schema\/logo\/image\/","url":"https:\/\/conexion23.com\/wp-content\/uploads\/2021\/11\/Diseno-sin-titulo-2.png","contentUrl":"https:\/\/conexion23.com\/wp-content\/uploads\/2021\/11\/Diseno-sin-titulo-2.png","width":541,"height":90,"caption":"Conexion 23"},"image":{"@id":"https:\/\/conexion23.com\/#\/schema\/logo\/image\/"},"sameAs":["https:\/\/www.facebook.com\/conexion23com","https:\/\/www.instagram.com\/conexion23com\/","https:\/\/www.youtube.com\/channel\/UCYc7vxxFZMYLIHNsHHxPZ3Q"]},{"@type":"Person","@id":"https:\/\/conexion23.com\/#\/schema\/person\/03e36043331117e97a373299bbcd30a6","name":"Raffy Ben\u00edtez","image":{"@type":"ImageObject","inLanguage":"es","@id":"https:\/\/conexion23.com\/#\/schema\/person\/image\/","url":"https:\/\/secure.gravatar.com\/avatar\/3190a6a6c5e1b0327500f7d6c56b6242472ee6cb974cf09b401ee6b3b0798f23?s=96&d=mm&r=g","contentUrl":"https:\/\/secure.gravatar.com\/avatar\/3190a6a6c5e1b0327500f7d6c56b6242472ee6cb974cf09b401ee6b3b0798f23?s=96&d=mm&r=g","caption":"Raffy Ben\u00edtez"},"url":"https:\/\/conexion23.com\/?author=15"}]}},"_links":{"self":[{"href":"https:\/\/conexion23.com\/index.php?rest_route=\/wp\/v2\/posts\/37136","targetHints":{"allow":["GET"]}}],"collection":[{"href":"https:\/\/conexion23.com\/index.php?rest_route=\/wp\/v2\/posts"}],"about":[{"href":"https:\/\/conexion23.com\/index.php?rest_route=\/wp\/v2\/types\/post"}],"author":[{"embeddable":true,"href":"https:\/\/conexion23.com\/index.php?rest_route=\/wp\/v2\/users\/15"}],"replies":[{"embeddable":true,"href":"https:\/\/conexion23.com\/index.php?rest_route=%2Fwp%2Fv2%2Fcomments&post=37136"}],"version-history":[{"count":1,"href":"https:\/\/conexion23.com\/index.php?rest_route=\/wp\/v2\/posts\/37136\/revisions"}],"predecessor-version":[{"id":37138,"href":"https:\/\/conexion23.com\/index.php?rest_route=\/wp\/v2\/posts\/37136\/revisions\/37138"}],"wp:featuredmedia":[{"embeddable":true,"href":"https:\/\/conexion23.com\/index.php?rest_route=\/wp\/v2\/media\/37137"}],"wp:attachment":[{"href":"https:\/\/conexion23.com\/index.php?rest_route=%2Fwp%2Fv2%2Fmedia&parent=37136"}],"wp:term":[{"taxonomy":"category","embeddable":true,"href":"https:\/\/conexion23.com\/index.php?rest_route=%2Fwp%2Fv2%2Fcategories&post=37136"},{"taxonomy":"post_tag","embeddable":true,"href":"https:\/\/conexion23.com\/index.php?rest_route=%2Fwp%2Fv2%2Ftags&post=37136"}],"curies":[{"name":"wp","href":"https:\/\/api.w.org\/{rel}","templated":true}]}}