{"id":3720,"date":"2022-02-25T16:50:58","date_gmt":"2022-02-25T20:50:58","guid":{"rendered":"https:\/\/conexion23.com\/?p=3720"},"modified":"2022-02-25T16:51:01","modified_gmt":"2022-02-25T20:51:01","slug":"republica-dominicana-busca-evacuar-a-12-ciudadanos-de-ucrania","status":"publish","type":"post","link":"https:\/\/conexion23.com\/?p=3720","title":{"rendered":"Rep\u00fablica Dominicana busca evacuar a 12 ciudadanos de Ucrania"},"content":{"rendered":"\n<p>&nbsp;La Canciller\u00eda de la Rep\u00fablica Dominicana inform\u00f3 este viernes de que ha contactado con doce de sus ciudadanos en Ucrania, entre ellos dos menores de edad, a los que trata de evacuar mediante salvoconducto.<\/p>\n\n\n\n<p>\u00abEstamos trabajando junto a nuestros aliados diplom\u00e1ticos para su evacuaci\u00f3n v\u00eda salvoconducto\u00bb, inform\u00f3 la Canciller\u00eda en sus redes.<\/p>\n\n\n\n<p>Asimismo, asegur\u00f3 que \u00abse mantiene en comunicaci\u00f3n permanente con las Embajadas de Rep\u00fablica Dominicana en la Federaci\u00f3n de Rusia y en la Rep\u00fablica Federal de Alemania, con concurrencia en Ucrania\u00bb.<\/p>\n\n\n\n<p>Despu\u00e9s de meses de tensiones, Rusia lanz\u00f3 esta semana una operaci\u00f3n militar en Ucrania que empez\u00f3 con bombardeos en varios centros urbanos y continu\u00f3 con el despliegue de tropas, de forma que este viernes las unidades militares rusas est\u00e1n estrechando el cerco a la capital del pa\u00eds, Kiev.<\/p>\n\n\n\n<p>Los combates ya han costado la vida a 137 ucranianos y 316 han resultado heridos, seg\u00fan el Gobierno de Ucrania; adem\u00e1s, miles de personas han huido hacia el oeste de Ucrania o a pa\u00edses vecinos como Moldavia, Polonia, Ruman\u00eda y Eslovaquia.<\/p>\n\n\n\n<p>Mientras, la OTAN inici\u00f3 este viernes el despliegue de su Fuerza de Respuesta en la parte este de la Alianza, por primera vez en el contexto de la defensa colectiva, con el objetivo de \u00abproteger a cada aliado y cada cent\u00edmetro del territorio de la OTAN\u00bb, indic\u00f3 el secretario general aliado, Jens Stoltenberg, tras una cumbre virtual de los l\u00edderes de la Alianza.<\/p>\n\n\n\n<p>El presidente dominicano, Luis Abinader, afirm\u00f3 este jueves que la \u00abagresi\u00f3n unilateral\u00bb de Rusia contra Ucrania violenta la norma b\u00e1sica de la convivencia pac\u00edfica entre las naciones y acus\u00f3 a su hom\u00f3logo ruso, Vlad\u00edmir Putin, de no respetar la identidad pol\u00edtica, cultural y territorial del pueblo ucraniano.EFE<\/p>\n","protected":false},"excerpt":{"rendered":"<p>&nbsp;La Canciller\u00eda de la Rep\u00fablica Dominicana inform\u00f3 este viernes de que ha contactado con doce de sus ciudadanos en Ucrania, entre ellos dos menores de edad, a los que trata de evacuar mediante salvoconducto. \u00abEstamos trabajando junto a nuestros aliados diplom\u00e1ticos para su evacuaci\u00f3n v\u00eda salvoconducto\u00bb, inform\u00f3 la Canciller\u00eda en sus redes. Asimismo, asegur\u00f3 que [&hellip;]<\/p>\n","protected":false},"author":7,"featured_media":0,"comment_status":"open","ping_status":"open","sticky":false,"template":"","format":"standard","meta":{"footnotes":""},"categories":[1],"tags":[],"class_list":{"0":"post-3720","1":"post","2":"type-post","3":"status-publish","4":"format-standard","6":"category-uncategorized"},"yoast_head":"<!-- This site is optimized with the Yoast SEO plugin v27.1.1 - https:\/\/yoast.com\/product\/yoast-seo-wordpress\/ -->\n<title>Rep\u00fablica Dominicana busca evacuar a 12 ciudadanos de Ucrania - Conexi\u00f3n 23<\/title>\n<meta name=\"description\" content=\"\u00abEstamos trabajando junto a nuestros aliados diplom\u00e1ticos para su evacuaci\u00f3n v\u00eda salvoconducto\u00bb, inform\u00f3 la Canciller\u00eda en sus redes.\" \/>\n<meta name=\"robots\" content=\"index, follow, max-snippet:-1, max-image-preview:large, max-video-preview:-1\" \/>\n<link rel=\"canonical\" href=\"https:\/\/conexion23.com\/?p=3720\" \/>\n<meta property=\"og:locale\" content=\"es_ES\" \/>\n<meta property=\"og:type\" content=\"article\" \/>\n<meta property=\"og:title\" content=\"Rep\u00fablica Dominicana busca evacuar a 12 ciudadanos de Ucrania - Conexi\u00f3n 23\" \/>\n<meta property=\"og:description\" content=\"\u00abEstamos trabajando junto a nuestros aliados diplom\u00e1ticos para su evacuaci\u00f3n v\u00eda salvoconducto\u00bb, inform\u00f3 la Canciller\u00eda en sus redes.\" \/>\n<meta property=\"og:url\" content=\"https:\/\/conexion23.com\/?p=3720\" \/>\n<meta property=\"og:site_name\" content=\"Conexi\u00f3n 23\" \/>\n<meta property=\"article:publisher\" content=\"https:\/\/www.facebook.com\/conexion23com\" \/>\n<meta property=\"article:published_time\" content=\"2022-02-25T20:50:58+00:00\" \/>\n<meta property=\"article:modified_time\" content=\"2022-02-25T20:51:01+00:00\" \/>\n<meta name=\"author\" content=\"Benjam\u00edn Rosario\" \/>\n<meta name=\"twitter:card\" content=\"summary_large_image\" \/>\n<meta name=\"twitter:label1\" content=\"Escrito por\" \/>\n\t<meta name=\"twitter:data1\" content=\"Benjam\u00edn Rosario\" \/>\n\t<meta name=\"twitter:label2\" content=\"Tiempo de lectura\" \/>\n\t<meta name=\"twitter:data2\" content=\"2 minutos\" \/>\n<script type=\"application\/ld+json\" class=\"yoast-schema-graph\">{\"@context\":\"https:\/\/schema.org\",\"@graph\":[{\"@type\":\"Article\",\"@id\":\"https:\/\/conexion23.com\/?p=3720#article\",\"isPartOf\":{\"@id\":\"https:\/\/conexion23.com\/?p=3720\"},\"author\":{\"name\":\"Benjam\u00edn Rosario\",\"@id\":\"https:\/\/conexion23.com\/#\/schema\/person\/c0b7ce1f0e7a915d08fa289072b8353a\"},\"headline\":\"Rep\u00fablica Dominicana busca evacuar a 12 ciudadanos de Ucrania\",\"datePublished\":\"2022-02-25T20:50:58+00:00\",\"dateModified\":\"2022-02-25T20:51:01+00:00\",\"mainEntityOfPage\":{\"@id\":\"https:\/\/conexion23.com\/?p=3720\"},\"wordCount\":316,\"commentCount\":0,\"publisher\":{\"@id\":\"https:\/\/conexion23.com\/#organization\"},\"articleSection\":[\"Uncategorized\"],\"inLanguage\":\"es\",\"potentialAction\":[{\"@type\":\"CommentAction\",\"name\":\"Comment\",\"target\":[\"https:\/\/conexion23.com\/?p=3720#respond\"]}]},{\"@type\":\"WebPage\",\"@id\":\"https:\/\/conexion23.com\/?p=3720\",\"url\":\"https:\/\/conexion23.com\/?p=3720\",\"name\":\"Rep\u00fablica Dominicana busca evacuar a 12 ciudadanos de Ucrania - Conexi\u00f3n 23\",\"isPartOf\":{\"@id\":\"https:\/\/conexion23.com\/#website\"},\"datePublished\":\"2022-02-25T20:50:58+00:00\",\"dateModified\":\"2022-02-25T20:51:01+00:00\",\"description\":\"\u00abEstamos trabajando junto a nuestros aliados diplom\u00e1ticos para su evacuaci\u00f3n v\u00eda salvoconducto\u00bb, inform\u00f3 la Canciller\u00eda en sus redes.\",\"breadcrumb\":{\"@id\":\"https:\/\/conexion23.com\/?p=3720#breadcrumb\"},\"inLanguage\":\"es\",\"potentialAction\":[{\"@type\":\"ReadAction\",\"target\":[\"https:\/\/conexion23.com\/?p=3720\"]}]},{\"@type\":\"BreadcrumbList\",\"@id\":\"https:\/\/conexion23.com\/?p=3720#breadcrumb\",\"itemListElement\":[{\"@type\":\"ListItem\",\"position\":1,\"name\":\"Portada\",\"item\":\"https:\/\/conexion23.com\/\"},{\"@type\":\"ListItem\",\"position\":2,\"name\":\"Rep\u00fablica Dominicana busca evacuar a 12 ciudadanos de Ucrania\"}]},{\"@type\":\"WebSite\",\"@id\":\"https:\/\/conexion23.com\/#website\",\"url\":\"https:\/\/conexion23.com\/\",\"name\":\"Conexi\u00f3n 23\",\"description\":\"Peri\u00f3dico 100% Petromacorisano\",\"publisher\":{\"@id\":\"https:\/\/conexion23.com\/#organization\"},\"potentialAction\":[{\"@type\":\"SearchAction\",\"target\":{\"@type\":\"EntryPoint\",\"urlTemplate\":\"https:\/\/conexion23.com\/?s={search_term_string}\"},\"query-input\":{\"@type\":\"PropertyValueSpecification\",\"valueRequired\":true,\"valueName\":\"search_term_string\"}}],\"inLanguage\":\"es\"},{\"@type\":\"Organization\",\"@id\":\"https:\/\/conexion23.com\/#organization\",\"name\":\"Conexion 23\",\"url\":\"https:\/\/conexion23.com\/\",\"logo\":{\"@type\":\"ImageObject\",\"inLanguage\":\"es\",\"@id\":\"https:\/\/conexion23.com\/#\/schema\/logo\/image\/\",\"url\":\"https:\/\/conexion23.com\/wp-content\/uploads\/2021\/11\/Diseno-sin-titulo-2.png\",\"contentUrl\":\"https:\/\/conexion23.com\/wp-content\/uploads\/2021\/11\/Diseno-sin-titulo-2.png\",\"width\":541,\"height\":90,\"caption\":\"Conexion 23\"},\"image\":{\"@id\":\"https:\/\/conexion23.com\/#\/schema\/logo\/image\/\"},\"sameAs\":[\"https:\/\/www.facebook.com\/conexion23com\",\"https:\/\/www.instagram.com\/conexion23com\/\",\"https:\/\/www.youtube.com\/channel\/UCYc7vxxFZMYLIHNsHHxPZ3Q\"]},{\"@type\":\"Person\",\"@id\":\"https:\/\/conexion23.com\/#\/schema\/person\/c0b7ce1f0e7a915d08fa289072b8353a\",\"name\":\"Benjam\u00edn Rosario\",\"image\":{\"@type\":\"ImageObject\",\"inLanguage\":\"es\",\"@id\":\"https:\/\/conexion23.com\/#\/schema\/person\/image\/\",\"url\":\"https:\/\/secure.gravatar.com\/avatar\/62e1b2539b49cdeb50ee302e2a5f2bd31dc7fdba412bbac67e2a2a6e0c89bb2a?s=96&d=mm&r=g\",\"contentUrl\":\"https:\/\/secure.gravatar.com\/avatar\/62e1b2539b49cdeb50ee302e2a5f2bd31dc7fdba412bbac67e2a2a6e0c89bb2a?s=96&d=mm&r=g\",\"caption\":\"Benjam\u00edn Rosario\"},\"url\":\"https:\/\/conexion23.com\/?author=7\"}]}<\/script>\n<!-- \/ Yoast SEO plugin. -->","yoast_head_json":{"title":"Rep\u00fablica Dominicana busca evacuar a 12 ciudadanos de Ucrania - Conexi\u00f3n 23","description":"\u00abEstamos trabajando junto a nuestros aliados diplom\u00e1ticos para su evacuaci\u00f3n v\u00eda salvoconducto\u00bb, inform\u00f3 la Canciller\u00eda en sus redes.","robots":{"index":"index","follow":"follow","max-snippet":"max-snippet:-1","max-image-preview":"max-image-preview:large","max-video-preview":"max-video-preview:-1"},"canonical":"https:\/\/conexion23.com\/?p=3720","og_locale":"es_ES","og_type":"article","og_title":"Rep\u00fablica Dominicana busca evacuar a 12 ciudadanos de Ucrania - Conexi\u00f3n 23","og_description":"\u00abEstamos trabajando junto a nuestros aliados diplom\u00e1ticos para su evacuaci\u00f3n v\u00eda salvoconducto\u00bb, inform\u00f3 la Canciller\u00eda en sus redes.","og_url":"https:\/\/conexion23.com\/?p=3720","og_site_name":"Conexi\u00f3n 23","article_publisher":"https:\/\/www.facebook.com\/conexion23com","article_published_time":"2022-02-25T20:50:58+00:00","article_modified_time":"2022-02-25T20:51:01+00:00","author":"Benjam\u00edn Rosario","twitter_card":"summary_large_image","twitter_misc":{"Escrito por":"Benjam\u00edn Rosario","Tiempo de lectura":"2 minutos"},"schema":{"@context":"https:\/\/schema.org","@graph":[{"@type":"Article","@id":"https:\/\/conexion23.com\/?p=3720#article","isPartOf":{"@id":"https:\/\/conexion23.com\/?p=3720"},"author":{"name":"Benjam\u00edn Rosario","@id":"https:\/\/conexion23.com\/#\/schema\/person\/c0b7ce1f0e7a915d08fa289072b8353a"},"headline":"Rep\u00fablica Dominicana busca evacuar a 12 ciudadanos de Ucrania","datePublished":"2022-02-25T20:50:58+00:00","dateModified":"2022-02-25T20:51:01+00:00","mainEntityOfPage":{"@id":"https:\/\/conexion23.com\/?p=3720"},"wordCount":316,"commentCount":0,"publisher":{"@id":"https:\/\/conexion23.com\/#organization"},"articleSection":["Uncategorized"],"inLanguage":"es","potentialAction":[{"@type":"CommentAction","name":"Comment","target":["https:\/\/conexion23.com\/?p=3720#respond"]}]},{"@type":"WebPage","@id":"https:\/\/conexion23.com\/?p=3720","url":"https:\/\/conexion23.com\/?p=3720","name":"Rep\u00fablica Dominicana busca evacuar a 12 ciudadanos de Ucrania - Conexi\u00f3n 23","isPartOf":{"@id":"https:\/\/conexion23.com\/#website"},"datePublished":"2022-02-25T20:50:58+00:00","dateModified":"2022-02-25T20:51:01+00:00","description":"\u00abEstamos trabajando junto a nuestros aliados diplom\u00e1ticos para su evacuaci\u00f3n v\u00eda salvoconducto\u00bb, inform\u00f3 la Canciller\u00eda en sus redes.","breadcrumb":{"@id":"https:\/\/conexion23.com\/?p=3720#breadcrumb"},"inLanguage":"es","potentialAction":[{"@type":"ReadAction","target":["https:\/\/conexion23.com\/?p=3720"]}]},{"@type":"BreadcrumbList","@id":"https:\/\/conexion23.com\/?p=3720#breadcrumb","itemListElement":[{"@type":"ListItem","position":1,"name":"Portada","item":"https:\/\/conexion23.com\/"},{"@type":"ListItem","position":2,"name":"Rep\u00fablica Dominicana busca evacuar a 12 ciudadanos de Ucrania"}]},{"@type":"WebSite","@id":"https:\/\/conexion23.com\/#website","url":"https:\/\/conexion23.com\/","name":"Conexi\u00f3n 23","description":"Peri\u00f3dico 100% Petromacorisano","publisher":{"@id":"https:\/\/conexion23.com\/#organization"},"potentialAction":[{"@type":"SearchAction","target":{"@type":"EntryPoint","urlTemplate":"https:\/\/conexion23.com\/?s={search_term_string}"},"query-input":{"@type":"PropertyValueSpecification","valueRequired":true,"valueName":"search_term_string"}}],"inLanguage":"es"},{"@type":"Organization","@id":"https:\/\/conexion23.com\/#organization","name":"Conexion 23","url":"https:\/\/conexion23.com\/","logo":{"@type":"ImageObject","inLanguage":"es","@id":"https:\/\/conexion23.com\/#\/schema\/logo\/image\/","url":"https:\/\/conexion23.com\/wp-content\/uploads\/2021\/11\/Diseno-sin-titulo-2.png","contentUrl":"https:\/\/conexion23.com\/wp-content\/uploads\/2021\/11\/Diseno-sin-titulo-2.png","width":541,"height":90,"caption":"Conexion 23"},"image":{"@id":"https:\/\/conexion23.com\/#\/schema\/logo\/image\/"},"sameAs":["https:\/\/www.facebook.com\/conexion23com","https:\/\/www.instagram.com\/conexion23com\/","https:\/\/www.youtube.com\/channel\/UCYc7vxxFZMYLIHNsHHxPZ3Q"]},{"@type":"Person","@id":"https:\/\/conexion23.com\/#\/schema\/person\/c0b7ce1f0e7a915d08fa289072b8353a","name":"Benjam\u00edn Rosario","image":{"@type":"ImageObject","inLanguage":"es","@id":"https:\/\/conexion23.com\/#\/schema\/person\/image\/","url":"https:\/\/secure.gravatar.com\/avatar\/62e1b2539b49cdeb50ee302e2a5f2bd31dc7fdba412bbac67e2a2a6e0c89bb2a?s=96&d=mm&r=g","contentUrl":"https:\/\/secure.gravatar.com\/avatar\/62e1b2539b49cdeb50ee302e2a5f2bd31dc7fdba412bbac67e2a2a6e0c89bb2a?s=96&d=mm&r=g","caption":"Benjam\u00edn Rosario"},"url":"https:\/\/conexion23.com\/?author=7"}]}},"_links":{"self":[{"href":"https:\/\/conexion23.com\/index.php?rest_route=\/wp\/v2\/posts\/3720","targetHints":{"allow":["GET"]}}],"collection":[{"href":"https:\/\/conexion23.com\/index.php?rest_route=\/wp\/v2\/posts"}],"about":[{"href":"https:\/\/conexion23.com\/index.php?rest_route=\/wp\/v2\/types\/post"}],"author":[{"embeddable":true,"href":"https:\/\/conexion23.com\/index.php?rest_route=\/wp\/v2\/users\/7"}],"replies":[{"embeddable":true,"href":"https:\/\/conexion23.com\/index.php?rest_route=%2Fwp%2Fv2%2Fcomments&post=3720"}],"version-history":[{"count":1,"href":"https:\/\/conexion23.com\/index.php?rest_route=\/wp\/v2\/posts\/3720\/revisions"}],"predecessor-version":[{"id":3722,"href":"https:\/\/conexion23.com\/index.php?rest_route=\/wp\/v2\/posts\/3720\/revisions\/3722"}],"wp:attachment":[{"href":"https:\/\/conexion23.com\/index.php?rest_route=%2Fwp%2Fv2%2Fmedia&parent=3720"}],"wp:term":[{"taxonomy":"category","embeddable":true,"href":"https:\/\/conexion23.com\/index.php?rest_route=%2Fwp%2Fv2%2Fcategories&post=3720"},{"taxonomy":"post_tag","embeddable":true,"href":"https:\/\/conexion23.com\/index.php?rest_route=%2Fwp%2Fv2%2Ftags&post=3720"}],"curies":[{"name":"wp","href":"https:\/\/api.w.org\/{rel}","templated":true}]}}