{"id":3732,"date":"2022-02-26T11:27:35","date_gmt":"2022-02-26T15:27:35","guid":{"rendered":"https:\/\/conexion23.com\/?p=3732"},"modified":"2022-02-26T11:27:43","modified_gmt":"2022-02-26T15:27:43","slug":"recuperacion-de-la-economia-la-piedra-angular-de-los-18-meses-de-gobierno-prm","status":"publish","type":"post","link":"https:\/\/conexion23.com\/?p=3732","title":{"rendered":"Recuperaci\u00f3n de la econom\u00eda, la piedra angular de los 18 meses de Gobierno PRM"},"content":{"rendered":"\n<p>La recuperaci\u00f3n de la econom\u00eda tras ir adaptando el aparato productivo nacional a la covidianidad, es sin duda el punto m\u00e1s luminoso de la gesti\u00f3n de Gobierno de Luis Abinader, al arribar a 18 meses en el poder.<\/p>\n\n\n\n<p>La econom\u00eda emergi\u00f3 con fuerza durante el 2021 y lo que va del 2022, reflej\u00e1ndose positivamente en crecimiento macroecon\u00f3mico, recuperaci\u00f3n del empleo, inversi\u00f3n extra, remesas, exportaciones, importaciones, llegada de turistas e inversi\u00f3n extranjeras.<\/p>\n\n\n\n<p>La recuperaci\u00f3n de la econom\u00eda se debi\u00f3 gracias a un crecimiento real 12.3% del Producto Interno Bruto en el 2021, 33 % de aumento anualizado ingresos fiscales, 20.3 % incremento zonas francas manufactureras, la visita de 5 millones de turistas, cuatro millones 700 mil personas trabajando, RD$215 mil millones est\u00edmulos a Pymes durante la pandemia, US$13,034 Reservas Netas BCRD, US$3,085.3 inversi\u00f3n extranjera, US$10,402.5 cifra hist\u00f3rica en remesas y RD$386,635.6 en aumento activos entidades de intermediaci\u00f3n financiera en 2021.<\/p>\n\n\n\n<p>En suma, los sectores generadores de divisas (exportaciones totales, turismo, servicios, remesas, inversi\u00f3n extranjera y otros) aportaron un total de US$34,039.8 millones en el 2021.<\/p>\n\n\n\n<p><strong>CRECIMIENTO PIB.<\/strong>&nbsp;De acuerdo al BCRD, el Producto Interno Bruto (PIB) real alcanz\u00f3 un notable crecimiento interanual de 12.3 % en el per\u00edodo enero-diciembre de 2021.<\/p>\n\n\n\n<p>Indic\u00f3 que hubo significativa aceleraci\u00f3n del gasto de capital por parte del Gobierno en el \u00faltimo trimestre del a\u00f1o, lo que fue determinante para alcanzar un resultado superior a las proyecciones oficiales que se ten\u00edan para el cierre del pasado a\u00f1o.<\/p>\n\n\n\n<p>\u201cPuntualmente, el Indicador Mensual de Actividad Econ\u00f3mica (IMAE) de diciembre de 2021 registr\u00f3 un aumento de 10.6 % con respecto al mismo mes del a\u00f1o anterior\u201d, apunt\u00f3.<\/p>\n\n\n\n<p>En este sentido,&nbsp;el crecimiento del PIB se situ\u00f3 en 4.7 % en 2021 con relaci\u00f3n al a\u00f1o 2019 reflejando una reactivaci\u00f3n real de la econom\u00eda dominicana en lugar de un rebote estad\u00edstico, contrario al caso de muchas de las econom\u00edas latinoamericanas, cuyos niveles de actividad econ\u00f3mica no superar\u00e1n a los existentes previos a la pandemia.<\/p>\n\n\n\n<p>Este resultado coloca al pa\u00eds como el de mejor desempe\u00f1o en t\u00e9rminos reales respecto a los niveles prepand\u00e9micos de Am\u00e9rica Latina.<\/p>\n\n\n\n<p><strong>MEDIDAS Y RESULTADOS.<\/strong>&nbsp;Conforme al BCRD esta recuperaci\u00f3n de la econom\u00eda es gracias al amplio plan de est\u00edmulo monetario puesto en marcha desde el inicio de la pandemia Covid-19 de alrededor de RD$215 mil millones, que fueron canalizados a trav\u00e9s de los intermediarios financieros a los sectores productivos, especialmente a las Micro, Peque\u00f1as y Medianas Empresas (Mipymes) y a los hogares.<br>Explic\u00f3 que las medidas monetarias implementadas han beneficiado a m\u00e1s de 92 mil usuarios de cr\u00e9dito y fomentaron el dinamismo de los pr\u00e9stamos al sector privado en moneda nacional, los cuales se expandieron en torno a 11 % al 31 de diciembre de 2021.<\/p>\n\n\n\n<p>De forma complementaria, en el \u00e1mbito fiscal se destaca adem\u00e1s de la aceleraci\u00f3n de la inversi\u00f3n p\u00fablica, el incremento del gasto en los sectores salud y educaci\u00f3n, as\u00ed como en los programas sociales con el objetivo de moderar las repercusiones de la pandemia sobre los empleos y los ingresos de las familias.<br>Adem\u00e1s, el Plan de Reactivaci\u00f3n del Turismo, &nbsp;el avance del Plan Nacional de vacunaci\u00f3n contra el COVID-19, logrado inocular el 79 % de la poblaci\u00f3n adulta con una dosis y el 66 % con dos dosis, por encima de las tasas de vacunaci\u00f3n promedio de la regi\u00f3n.<\/p>\n","protected":false},"excerpt":{"rendered":"<p>La recuperaci\u00f3n de la econom\u00eda tras ir adaptando el aparato productivo nacional a la covidianidad, es sin duda el punto m\u00e1s luminoso de la gesti\u00f3n de Gobierno de Luis Abinader, al arribar a 18 meses en el poder. La econom\u00eda emergi\u00f3 con fuerza durante el 2021 y lo que va del 2022, reflej\u00e1ndose positivamente en [&hellip;]<\/p>\n","protected":false},"author":7,"featured_media":0,"comment_status":"open","ping_status":"open","sticky":false,"template":"","format":"standard","meta":{"footnotes":""},"categories":[1],"tags":[],"class_list":{"0":"post-3732","1":"post","2":"type-post","3":"status-publish","4":"format-standard","6":"category-uncategorized"},"yoast_head":"<!-- This site is optimized with the Yoast SEO plugin v27.1.1 - https:\/\/yoast.com\/product\/yoast-seo-wordpress\/ -->\n<title>Recuperaci\u00f3n de la econom\u00eda, la piedra angular de los 18 meses de Gobierno PRM - Conexi\u00f3n 23<\/title>\n<meta name=\"description\" content=\"macroecon\u00f3mico, recuperaci\u00f3n del empleo, inversi\u00f3n extra, remesas, exportaciones, importaciones, llegada de turistas e inversi\u00f3n extranjeras.\" \/>\n<meta name=\"robots\" content=\"index, follow, max-snippet:-1, max-image-preview:large, max-video-preview:-1\" \/>\n<link rel=\"canonical\" href=\"https:\/\/conexion23.com\/?p=3732\" \/>\n<meta property=\"og:locale\" content=\"es_ES\" \/>\n<meta property=\"og:type\" content=\"article\" \/>\n<meta property=\"og:title\" content=\"Recuperaci\u00f3n de la econom\u00eda, la piedra angular de los 18 meses de Gobierno PRM - Conexi\u00f3n 23\" \/>\n<meta property=\"og:description\" content=\"macroecon\u00f3mico, recuperaci\u00f3n del empleo, inversi\u00f3n extra, remesas, exportaciones, importaciones, llegada de turistas e inversi\u00f3n extranjeras.\" \/>\n<meta property=\"og:url\" content=\"https:\/\/conexion23.com\/?p=3732\" \/>\n<meta property=\"og:site_name\" content=\"Conexi\u00f3n 23\" \/>\n<meta property=\"article:publisher\" content=\"https:\/\/www.facebook.com\/conexion23com\" \/>\n<meta property=\"article:published_time\" content=\"2022-02-26T15:27:35+00:00\" \/>\n<meta property=\"article:modified_time\" content=\"2022-02-26T15:27:43+00:00\" \/>\n<meta name=\"author\" content=\"Benjam\u00edn Rosario\" \/>\n<meta name=\"twitter:card\" content=\"summary_large_image\" \/>\n<meta name=\"twitter:label1\" content=\"Escrito por\" \/>\n\t<meta name=\"twitter:data1\" content=\"Benjam\u00edn Rosario\" \/>\n\t<meta name=\"twitter:label2\" content=\"Tiempo de lectura\" \/>\n\t<meta name=\"twitter:data2\" content=\"3 minutos\" \/>\n<script type=\"application\/ld+json\" class=\"yoast-schema-graph\">{\"@context\":\"https:\/\/schema.org\",\"@graph\":[{\"@type\":\"Article\",\"@id\":\"https:\/\/conexion23.com\/?p=3732#article\",\"isPartOf\":{\"@id\":\"https:\/\/conexion23.com\/?p=3732\"},\"author\":{\"name\":\"Benjam\u00edn Rosario\",\"@id\":\"https:\/\/conexion23.com\/#\/schema\/person\/c0b7ce1f0e7a915d08fa289072b8353a\"},\"headline\":\"Recuperaci\u00f3n de la econom\u00eda, la piedra angular de los 18 meses de Gobierno PRM\",\"datePublished\":\"2022-02-26T15:27:35+00:00\",\"dateModified\":\"2022-02-26T15:27:43+00:00\",\"mainEntityOfPage\":{\"@id\":\"https:\/\/conexion23.com\/?p=3732\"},\"wordCount\":592,\"commentCount\":0,\"publisher\":{\"@id\":\"https:\/\/conexion23.com\/#organization\"},\"articleSection\":[\"Uncategorized\"],\"inLanguage\":\"es\",\"potentialAction\":[{\"@type\":\"CommentAction\",\"name\":\"Comment\",\"target\":[\"https:\/\/conexion23.com\/?p=3732#respond\"]}]},{\"@type\":\"WebPage\",\"@id\":\"https:\/\/conexion23.com\/?p=3732\",\"url\":\"https:\/\/conexion23.com\/?p=3732\",\"name\":\"Recuperaci\u00f3n de la econom\u00eda, la piedra angular de los 18 meses de Gobierno PRM - Conexi\u00f3n 23\",\"isPartOf\":{\"@id\":\"https:\/\/conexion23.com\/#website\"},\"datePublished\":\"2022-02-26T15:27:35+00:00\",\"dateModified\":\"2022-02-26T15:27:43+00:00\",\"description\":\"macroecon\u00f3mico, recuperaci\u00f3n del empleo, inversi\u00f3n extra, remesas, exportaciones, importaciones, llegada de turistas e inversi\u00f3n extranjeras.\",\"breadcrumb\":{\"@id\":\"https:\/\/conexion23.com\/?p=3732#breadcrumb\"},\"inLanguage\":\"es\",\"potentialAction\":[{\"@type\":\"ReadAction\",\"target\":[\"https:\/\/conexion23.com\/?p=3732\"]}]},{\"@type\":\"BreadcrumbList\",\"@id\":\"https:\/\/conexion23.com\/?p=3732#breadcrumb\",\"itemListElement\":[{\"@type\":\"ListItem\",\"position\":1,\"name\":\"Portada\",\"item\":\"https:\/\/conexion23.com\/\"},{\"@type\":\"ListItem\",\"position\":2,\"name\":\"Recuperaci\u00f3n de la econom\u00eda, la piedra angular de los 18 meses de Gobierno PRM\"}]},{\"@type\":\"WebSite\",\"@id\":\"https:\/\/conexion23.com\/#website\",\"url\":\"https:\/\/conexion23.com\/\",\"name\":\"Conexi\u00f3n 23\",\"description\":\"Peri\u00f3dico 100% Petromacorisano\",\"publisher\":{\"@id\":\"https:\/\/conexion23.com\/#organization\"},\"potentialAction\":[{\"@type\":\"SearchAction\",\"target\":{\"@type\":\"EntryPoint\",\"urlTemplate\":\"https:\/\/conexion23.com\/?s={search_term_string}\"},\"query-input\":{\"@type\":\"PropertyValueSpecification\",\"valueRequired\":true,\"valueName\":\"search_term_string\"}}],\"inLanguage\":\"es\"},{\"@type\":\"Organization\",\"@id\":\"https:\/\/conexion23.com\/#organization\",\"name\":\"Conexion 23\",\"url\":\"https:\/\/conexion23.com\/\",\"logo\":{\"@type\":\"ImageObject\",\"inLanguage\":\"es\",\"@id\":\"https:\/\/conexion23.com\/#\/schema\/logo\/image\/\",\"url\":\"https:\/\/conexion23.com\/wp-content\/uploads\/2021\/11\/Diseno-sin-titulo-2.png\",\"contentUrl\":\"https:\/\/conexion23.com\/wp-content\/uploads\/2021\/11\/Diseno-sin-titulo-2.png\",\"width\":541,\"height\":90,\"caption\":\"Conexion 23\"},\"image\":{\"@id\":\"https:\/\/conexion23.com\/#\/schema\/logo\/image\/\"},\"sameAs\":[\"https:\/\/www.facebook.com\/conexion23com\",\"https:\/\/www.instagram.com\/conexion23com\/\",\"https:\/\/www.youtube.com\/channel\/UCYc7vxxFZMYLIHNsHHxPZ3Q\"]},{\"@type\":\"Person\",\"@id\":\"https:\/\/conexion23.com\/#\/schema\/person\/c0b7ce1f0e7a915d08fa289072b8353a\",\"name\":\"Benjam\u00edn Rosario\",\"image\":{\"@type\":\"ImageObject\",\"inLanguage\":\"es\",\"@id\":\"https:\/\/conexion23.com\/#\/schema\/person\/image\/\",\"url\":\"https:\/\/secure.gravatar.com\/avatar\/62e1b2539b49cdeb50ee302e2a5f2bd31dc7fdba412bbac67e2a2a6e0c89bb2a?s=96&d=mm&r=g\",\"contentUrl\":\"https:\/\/secure.gravatar.com\/avatar\/62e1b2539b49cdeb50ee302e2a5f2bd31dc7fdba412bbac67e2a2a6e0c89bb2a?s=96&d=mm&r=g\",\"caption\":\"Benjam\u00edn Rosario\"},\"url\":\"https:\/\/conexion23.com\/?author=7\"}]}<\/script>\n<!-- \/ Yoast SEO plugin. -->","yoast_head_json":{"title":"Recuperaci\u00f3n de la econom\u00eda, la piedra angular de los 18 meses de Gobierno PRM - Conexi\u00f3n 23","description":"macroecon\u00f3mico, recuperaci\u00f3n del empleo, inversi\u00f3n extra, remesas, exportaciones, importaciones, llegada de turistas e inversi\u00f3n extranjeras.","robots":{"index":"index","follow":"follow","max-snippet":"max-snippet:-1","max-image-preview":"max-image-preview:large","max-video-preview":"max-video-preview:-1"},"canonical":"https:\/\/conexion23.com\/?p=3732","og_locale":"es_ES","og_type":"article","og_title":"Recuperaci\u00f3n de la econom\u00eda, la piedra angular de los 18 meses de Gobierno PRM - Conexi\u00f3n 23","og_description":"macroecon\u00f3mico, recuperaci\u00f3n del empleo, inversi\u00f3n extra, remesas, exportaciones, importaciones, llegada de turistas e inversi\u00f3n extranjeras.","og_url":"https:\/\/conexion23.com\/?p=3732","og_site_name":"Conexi\u00f3n 23","article_publisher":"https:\/\/www.facebook.com\/conexion23com","article_published_time":"2022-02-26T15:27:35+00:00","article_modified_time":"2022-02-26T15:27:43+00:00","author":"Benjam\u00edn Rosario","twitter_card":"summary_large_image","twitter_misc":{"Escrito por":"Benjam\u00edn Rosario","Tiempo de lectura":"3 minutos"},"schema":{"@context":"https:\/\/schema.org","@graph":[{"@type":"Article","@id":"https:\/\/conexion23.com\/?p=3732#article","isPartOf":{"@id":"https:\/\/conexion23.com\/?p=3732"},"author":{"name":"Benjam\u00edn Rosario","@id":"https:\/\/conexion23.com\/#\/schema\/person\/c0b7ce1f0e7a915d08fa289072b8353a"},"headline":"Recuperaci\u00f3n de la econom\u00eda, la piedra angular de los 18 meses de Gobierno PRM","datePublished":"2022-02-26T15:27:35+00:00","dateModified":"2022-02-26T15:27:43+00:00","mainEntityOfPage":{"@id":"https:\/\/conexion23.com\/?p=3732"},"wordCount":592,"commentCount":0,"publisher":{"@id":"https:\/\/conexion23.com\/#organization"},"articleSection":["Uncategorized"],"inLanguage":"es","potentialAction":[{"@type":"CommentAction","name":"Comment","target":["https:\/\/conexion23.com\/?p=3732#respond"]}]},{"@type":"WebPage","@id":"https:\/\/conexion23.com\/?p=3732","url":"https:\/\/conexion23.com\/?p=3732","name":"Recuperaci\u00f3n de la econom\u00eda, la piedra angular de los 18 meses de Gobierno PRM - Conexi\u00f3n 23","isPartOf":{"@id":"https:\/\/conexion23.com\/#website"},"datePublished":"2022-02-26T15:27:35+00:00","dateModified":"2022-02-26T15:27:43+00:00","description":"macroecon\u00f3mico, recuperaci\u00f3n del empleo, inversi\u00f3n extra, remesas, exportaciones, importaciones, llegada de turistas e inversi\u00f3n extranjeras.","breadcrumb":{"@id":"https:\/\/conexion23.com\/?p=3732#breadcrumb"},"inLanguage":"es","potentialAction":[{"@type":"ReadAction","target":["https:\/\/conexion23.com\/?p=3732"]}]},{"@type":"BreadcrumbList","@id":"https:\/\/conexion23.com\/?p=3732#breadcrumb","itemListElement":[{"@type":"ListItem","position":1,"name":"Portada","item":"https:\/\/conexion23.com\/"},{"@type":"ListItem","position":2,"name":"Recuperaci\u00f3n de la econom\u00eda, la piedra angular de los 18 meses de Gobierno PRM"}]},{"@type":"WebSite","@id":"https:\/\/conexion23.com\/#website","url":"https:\/\/conexion23.com\/","name":"Conexi\u00f3n 23","description":"Peri\u00f3dico 100% Petromacorisano","publisher":{"@id":"https:\/\/conexion23.com\/#organization"},"potentialAction":[{"@type":"SearchAction","target":{"@type":"EntryPoint","urlTemplate":"https:\/\/conexion23.com\/?s={search_term_string}"},"query-input":{"@type":"PropertyValueSpecification","valueRequired":true,"valueName":"search_term_string"}}],"inLanguage":"es"},{"@type":"Organization","@id":"https:\/\/conexion23.com\/#organization","name":"Conexion 23","url":"https:\/\/conexion23.com\/","logo":{"@type":"ImageObject","inLanguage":"es","@id":"https:\/\/conexion23.com\/#\/schema\/logo\/image\/","url":"https:\/\/conexion23.com\/wp-content\/uploads\/2021\/11\/Diseno-sin-titulo-2.png","contentUrl":"https:\/\/conexion23.com\/wp-content\/uploads\/2021\/11\/Diseno-sin-titulo-2.png","width":541,"height":90,"caption":"Conexion 23"},"image":{"@id":"https:\/\/conexion23.com\/#\/schema\/logo\/image\/"},"sameAs":["https:\/\/www.facebook.com\/conexion23com","https:\/\/www.instagram.com\/conexion23com\/","https:\/\/www.youtube.com\/channel\/UCYc7vxxFZMYLIHNsHHxPZ3Q"]},{"@type":"Person","@id":"https:\/\/conexion23.com\/#\/schema\/person\/c0b7ce1f0e7a915d08fa289072b8353a","name":"Benjam\u00edn Rosario","image":{"@type":"ImageObject","inLanguage":"es","@id":"https:\/\/conexion23.com\/#\/schema\/person\/image\/","url":"https:\/\/secure.gravatar.com\/avatar\/62e1b2539b49cdeb50ee302e2a5f2bd31dc7fdba412bbac67e2a2a6e0c89bb2a?s=96&d=mm&r=g","contentUrl":"https:\/\/secure.gravatar.com\/avatar\/62e1b2539b49cdeb50ee302e2a5f2bd31dc7fdba412bbac67e2a2a6e0c89bb2a?s=96&d=mm&r=g","caption":"Benjam\u00edn Rosario"},"url":"https:\/\/conexion23.com\/?author=7"}]}},"_links":{"self":[{"href":"https:\/\/conexion23.com\/index.php?rest_route=\/wp\/v2\/posts\/3732","targetHints":{"allow":["GET"]}}],"collection":[{"href":"https:\/\/conexion23.com\/index.php?rest_route=\/wp\/v2\/posts"}],"about":[{"href":"https:\/\/conexion23.com\/index.php?rest_route=\/wp\/v2\/types\/post"}],"author":[{"embeddable":true,"href":"https:\/\/conexion23.com\/index.php?rest_route=\/wp\/v2\/users\/7"}],"replies":[{"embeddable":true,"href":"https:\/\/conexion23.com\/index.php?rest_route=%2Fwp%2Fv2%2Fcomments&post=3732"}],"version-history":[{"count":2,"href":"https:\/\/conexion23.com\/index.php?rest_route=\/wp\/v2\/posts\/3732\/revisions"}],"predecessor-version":[{"id":3736,"href":"https:\/\/conexion23.com\/index.php?rest_route=\/wp\/v2\/posts\/3732\/revisions\/3736"}],"wp:attachment":[{"href":"https:\/\/conexion23.com\/index.php?rest_route=%2Fwp%2Fv2%2Fmedia&parent=3732"}],"wp:term":[{"taxonomy":"category","embeddable":true,"href":"https:\/\/conexion23.com\/index.php?rest_route=%2Fwp%2Fv2%2Fcategories&post=3732"},{"taxonomy":"post_tag","embeddable":true,"href":"https:\/\/conexion23.com\/index.php?rest_route=%2Fwp%2Fv2%2Ftags&post=3732"}],"curies":[{"name":"wp","href":"https:\/\/api.w.org\/{rel}","templated":true}]}}