{"id":37377,"date":"2025-02-01T08:24:03","date_gmt":"2025-02-01T12:24:03","guid":{"rendered":"https:\/\/conexion23.com\/?p=37377"},"modified":"2025-02-01T08:24:05","modified_gmt":"2025-02-01T12:24:05","slug":"republica-dominicana-inicia-con-victoria-en-la-serie-del-caribe","status":"publish","type":"post","link":"https:\/\/conexion23.com\/?p=37377","title":{"rendered":"Rep\u00fablica Dominicana inicia con victoria en la Serie del Caribe"},"content":{"rendered":"\n<p>Brooks Hall lanz\u00f3 cinco entradas de calidad de solo tres hits, sin anotaciones, para que los&nbsp;<strong>Leones del Escogido<\/strong>, de Rep\u00fablica Dominicana, vencieran este viernes 2-0 a los Cardenales de Lara, de Venezuela, en el inicio de la Serie del Caribe Mexicali 2025.<\/p>\n\n\n\n<p>En el encuentro, que tuvo lugar en el estadio&nbsp;<strong>Nido de los \u00c1guilas<\/strong>, Hall consigui\u00f3 tres ponches, pero sali\u00f3 sin decisi\u00f3n, al igual que el abridor de los venezolanos Max Castillo, quien se present\u00f3 en seis actos en blanco, de solo tres indiscutibles y dos ponches.<\/p>\n\n\n\n<blockquote class=\"wp-block-quote is-layout-flow wp-block-quote-is-layout-flow\">\n<h1 class=\"wp-block-heading\">Leones de Dominicana rugieron frente a los Cardenales de Venezuela<\/h1>\n<\/blockquote>\n\n\n\n<p>Las dos anotaciones de los quisqueyanos llegaron en la parte baja del s\u00e9ptimo episodio luego de que Yamaico Navarro pegara imparable al jard\u00edn derecho contra Alex Scherff y posteriormente fue puesto out en segunda en jugada forzada tras rodado de Jos\u00e9 Marmolejos a la inicial.<\/p>\n\n\n\n<p>Un triple de&nbsp;<strong>Francisco Mej\u00eda<\/strong>&nbsp;al prado derecho represent\u00f3 la primera de los escogidistas y un lanzamiento salvaje permiti\u00f3 al corredor alcanzar la registradora desde la antesala.<\/p>\n\n\n\n<p>La blanqueada fue completada por Ulises Joaqu\u00edn (1.0 EL),<strong>&nbsp;Alex Colom\u00e9 (1.0)<\/strong>, Joe Corbett (1.0), quien ponch\u00f3 a tres en el octavo, y Fernando Abad (1) que logr\u00f3 el salvamento al dominar noveno inning sin complicaciones.<\/p>\n\n\n\n<p>Tras esa actuaci\u00f3n, Scherff (0-1) carg\u00f3 la derrota.&nbsp;<strong>El lanzador ganador fue Colom\u00e9 (1-0)<\/strong>, quien en un cap\u00edtulo en blanco consigui\u00f3 un ponche.<\/p>\n\n\n\n<p>Por los Leones,&nbsp;<strong>Mej\u00eda se fue de 3-3<\/strong>, con triple, doble, una empujada y una anotada; Marmolejos, de 3-0, con una anotada; S\u00f3crates Brito, de 4-2, y Navarro, de 3-1. Por los sudamericanos, Gorkys Hern\u00e1ndez bate\u00f3 de 4-2, y Danry V\u00e1squez, de 3-1, con una base robada.<\/p>\n\n\n\n<p>Con la victoria, los&nbsp;<strong>Leones del Escogido<\/strong>&nbsp;inician con marca de 1-0 para encarar su pr\u00f3ximo partido este s\u00e1bado contra Japan Breeze a las 4:50 de la tarde, hora dominicana (12:50 PM, Mexicali).<\/p>\n","protected":false},"excerpt":{"rendered":"<p>Brooks Hall lanz\u00f3 cinco entradas de calidad de solo tres hits, sin anotaciones, para que los&nbsp;Leones del Escogido, de Rep\u00fablica Dominicana, vencieran este viernes 2-0 a los Cardenales de Lara, de Venezuela, en el inicio de la Serie del Caribe Mexicali 2025. En el encuentro, que tuvo lugar en el estadio&nbsp;Nido de los \u00c1guilas, Hall [&hellip;]<\/p>\n","protected":false},"author":15,"featured_media":37378,"comment_status":"open","ping_status":"open","sticky":false,"template":"","format":"standard","meta":{"footnotes":""},"categories":[6],"tags":[],"class_list":{"0":"post-37377","1":"post","2":"type-post","3":"status-publish","4":"format-standard","5":"has-post-thumbnail","7":"category-deportes"},"yoast_head":"<!-- This site is optimized with the Yoast SEO plugin v27.1.1 - https:\/\/yoast.com\/product\/yoast-seo-wordpress\/ -->\n<title>Rep\u00fablica Dominicana inicia con victoria en la Serie del Caribe - Conexi\u00f3n 23<\/title>\n<meta name=\"robots\" content=\"index, follow, max-snippet:-1, max-image-preview:large, max-video-preview:-1\" \/>\n<link rel=\"canonical\" href=\"https:\/\/conexion23.com\/?p=37377\" \/>\n<meta property=\"og:locale\" content=\"es_ES\" \/>\n<meta property=\"og:type\" content=\"article\" \/>\n<meta property=\"og:title\" content=\"Rep\u00fablica Dominicana inicia con victoria en la Serie del Caribe - Conexi\u00f3n 23\" \/>\n<meta property=\"og:description\" content=\"Brooks Hall lanz\u00f3 cinco entradas de calidad de solo tres hits, sin anotaciones, para que los&nbsp;Leones del Escogido, de Rep\u00fablica Dominicana, vencieran este viernes 2-0 a los Cardenales de Lara, de Venezuela, en el inicio de la Serie del Caribe Mexicali 2025. En el encuentro, que tuvo lugar en el estadio&nbsp;Nido de los \u00c1guilas, Hall [&hellip;]\" \/>\n<meta property=\"og:url\" content=\"https:\/\/conexion23.com\/?p=37377\" \/>\n<meta property=\"og:site_name\" content=\"Conexi\u00f3n 23\" \/>\n<meta property=\"article:publisher\" content=\"https:\/\/www.facebook.com\/conexion23com\" \/>\n<meta property=\"article:published_time\" content=\"2025-02-01T12:24:03+00:00\" \/>\n<meta property=\"article:modified_time\" content=\"2025-02-01T12:24:05+00:00\" \/>\n<meta property=\"og:image\" content=\"https:\/\/conexion23.com\/wp-content\/uploads\/2025\/02\/WhatsApp-Image-2025-01-31-at-9.54.58-PM.webp\" \/>\n\t<meta property=\"og:image:width\" content=\"696\" \/>\n\t<meta property=\"og:image:height\" content=\"392\" \/>\n\t<meta property=\"og:image:type\" content=\"image\/webp\" \/>\n<meta name=\"author\" content=\"Raffy Ben\u00edtez\" \/>\n<meta name=\"twitter:card\" content=\"summary_large_image\" \/>\n<meta name=\"twitter:label1\" content=\"Escrito por\" \/>\n\t<meta name=\"twitter:data1\" content=\"Raffy Ben\u00edtez\" \/>\n\t<meta name=\"twitter:label2\" content=\"Tiempo de lectura\" \/>\n\t<meta name=\"twitter:data2\" content=\"2 minutos\" \/>\n<script type=\"application\/ld+json\" class=\"yoast-schema-graph\">{\"@context\":\"https:\/\/schema.org\",\"@graph\":[{\"@type\":\"Article\",\"@id\":\"https:\/\/conexion23.com\/?p=37377#article\",\"isPartOf\":{\"@id\":\"https:\/\/conexion23.com\/?p=37377\"},\"author\":{\"name\":\"Raffy Ben\u00edtez\",\"@id\":\"https:\/\/conexion23.com\/#\/schema\/person\/03e36043331117e97a373299bbcd30a6\"},\"headline\":\"Rep\u00fablica Dominicana inicia con victoria en la Serie del Caribe\",\"datePublished\":\"2025-02-01T12:24:03+00:00\",\"dateModified\":\"2025-02-01T12:24:05+00:00\",\"mainEntityOfPage\":{\"@id\":\"https:\/\/conexion23.com\/?p=37377\"},\"wordCount\":337,\"commentCount\":0,\"publisher\":{\"@id\":\"https:\/\/conexion23.com\/#organization\"},\"image\":{\"@id\":\"https:\/\/conexion23.com\/?p=37377#primaryimage\"},\"thumbnailUrl\":\"https:\/\/conexion23.com\/wp-content\/uploads\/2025\/02\/WhatsApp-Image-2025-01-31-at-9.54.58-PM.webp\",\"articleSection\":[\"Deportes\"],\"inLanguage\":\"es\",\"potentialAction\":[{\"@type\":\"CommentAction\",\"name\":\"Comment\",\"target\":[\"https:\/\/conexion23.com\/?p=37377#respond\"]}]},{\"@type\":\"WebPage\",\"@id\":\"https:\/\/conexion23.com\/?p=37377\",\"url\":\"https:\/\/conexion23.com\/?p=37377\",\"name\":\"Rep\u00fablica Dominicana inicia con victoria en la Serie del Caribe - Conexi\u00f3n 23\",\"isPartOf\":{\"@id\":\"https:\/\/conexion23.com\/#website\"},\"primaryImageOfPage\":{\"@id\":\"https:\/\/conexion23.com\/?p=37377#primaryimage\"},\"image\":{\"@id\":\"https:\/\/conexion23.com\/?p=37377#primaryimage\"},\"thumbnailUrl\":\"https:\/\/conexion23.com\/wp-content\/uploads\/2025\/02\/WhatsApp-Image-2025-01-31-at-9.54.58-PM.webp\",\"datePublished\":\"2025-02-01T12:24:03+00:00\",\"dateModified\":\"2025-02-01T12:24:05+00:00\",\"breadcrumb\":{\"@id\":\"https:\/\/conexion23.com\/?p=37377#breadcrumb\"},\"inLanguage\":\"es\",\"potentialAction\":[{\"@type\":\"ReadAction\",\"target\":[\"https:\/\/conexion23.com\/?p=37377\"]}]},{\"@type\":\"ImageObject\",\"inLanguage\":\"es\",\"@id\":\"https:\/\/conexion23.com\/?p=37377#primaryimage\",\"url\":\"https:\/\/conexion23.com\/wp-content\/uploads\/2025\/02\/WhatsApp-Image-2025-01-31-at-9.54.58-PM.webp\",\"contentUrl\":\"https:\/\/conexion23.com\/wp-content\/uploads\/2025\/02\/WhatsApp-Image-2025-01-31-at-9.54.58-PM.webp\",\"width\":696,\"height\":392},{\"@type\":\"BreadcrumbList\",\"@id\":\"https:\/\/conexion23.com\/?p=37377#breadcrumb\",\"itemListElement\":[{\"@type\":\"ListItem\",\"position\":1,\"name\":\"Portada\",\"item\":\"https:\/\/conexion23.com\/\"},{\"@type\":\"ListItem\",\"position\":2,\"name\":\"Rep\u00fablica Dominicana inicia con victoria en la Serie del Caribe\"}]},{\"@type\":\"WebSite\",\"@id\":\"https:\/\/conexion23.com\/#website\",\"url\":\"https:\/\/conexion23.com\/\",\"name\":\"Conexi\u00f3n 23\",\"description\":\"Peri\u00f3dico 100% Petromacorisano\",\"publisher\":{\"@id\":\"https:\/\/conexion23.com\/#organization\"},\"potentialAction\":[{\"@type\":\"SearchAction\",\"target\":{\"@type\":\"EntryPoint\",\"urlTemplate\":\"https:\/\/conexion23.com\/?s={search_term_string}\"},\"query-input\":{\"@type\":\"PropertyValueSpecification\",\"valueRequired\":true,\"valueName\":\"search_term_string\"}}],\"inLanguage\":\"es\"},{\"@type\":\"Organization\",\"@id\":\"https:\/\/conexion23.com\/#organization\",\"name\":\"Conexion 23\",\"url\":\"https:\/\/conexion23.com\/\",\"logo\":{\"@type\":\"ImageObject\",\"inLanguage\":\"es\",\"@id\":\"https:\/\/conexion23.com\/#\/schema\/logo\/image\/\",\"url\":\"https:\/\/conexion23.com\/wp-content\/uploads\/2021\/11\/Diseno-sin-titulo-2.png\",\"contentUrl\":\"https:\/\/conexion23.com\/wp-content\/uploads\/2021\/11\/Diseno-sin-titulo-2.png\",\"width\":541,\"height\":90,\"caption\":\"Conexion 23\"},\"image\":{\"@id\":\"https:\/\/conexion23.com\/#\/schema\/logo\/image\/\"},\"sameAs\":[\"https:\/\/www.facebook.com\/conexion23com\",\"https:\/\/www.instagram.com\/conexion23com\/\",\"https:\/\/www.youtube.com\/channel\/UCYc7vxxFZMYLIHNsHHxPZ3Q\"]},{\"@type\":\"Person\",\"@id\":\"https:\/\/conexion23.com\/#\/schema\/person\/03e36043331117e97a373299bbcd30a6\",\"name\":\"Raffy Ben\u00edtez\",\"image\":{\"@type\":\"ImageObject\",\"inLanguage\":\"es\",\"@id\":\"https:\/\/conexion23.com\/#\/schema\/person\/image\/\",\"url\":\"https:\/\/secure.gravatar.com\/avatar\/3190a6a6c5e1b0327500f7d6c56b6242472ee6cb974cf09b401ee6b3b0798f23?s=96&d=mm&r=g\",\"contentUrl\":\"https:\/\/secure.gravatar.com\/avatar\/3190a6a6c5e1b0327500f7d6c56b6242472ee6cb974cf09b401ee6b3b0798f23?s=96&d=mm&r=g\",\"caption\":\"Raffy Ben\u00edtez\"},\"url\":\"https:\/\/conexion23.com\/?author=15\"}]}<\/script>\n<!-- \/ Yoast SEO plugin. -->","yoast_head_json":{"title":"Rep\u00fablica Dominicana inicia con victoria en la Serie del Caribe - Conexi\u00f3n 23","robots":{"index":"index","follow":"follow","max-snippet":"max-snippet:-1","max-image-preview":"max-image-preview:large","max-video-preview":"max-video-preview:-1"},"canonical":"https:\/\/conexion23.com\/?p=37377","og_locale":"es_ES","og_type":"article","og_title":"Rep\u00fablica Dominicana inicia con victoria en la Serie del Caribe - Conexi\u00f3n 23","og_description":"Brooks Hall lanz\u00f3 cinco entradas de calidad de solo tres hits, sin anotaciones, para que los&nbsp;Leones del Escogido, de Rep\u00fablica Dominicana, vencieran este viernes 2-0 a los Cardenales de Lara, de Venezuela, en el inicio de la Serie del Caribe Mexicali 2025. En el encuentro, que tuvo lugar en el estadio&nbsp;Nido de los \u00c1guilas, Hall [&hellip;]","og_url":"https:\/\/conexion23.com\/?p=37377","og_site_name":"Conexi\u00f3n 23","article_publisher":"https:\/\/www.facebook.com\/conexion23com","article_published_time":"2025-02-01T12:24:03+00:00","article_modified_time":"2025-02-01T12:24:05+00:00","og_image":[{"width":696,"height":392,"url":"https:\/\/conexion23.com\/wp-content\/uploads\/2025\/02\/WhatsApp-Image-2025-01-31-at-9.54.58-PM.webp","type":"image\/webp"}],"author":"Raffy Ben\u00edtez","twitter_card":"summary_large_image","twitter_misc":{"Escrito por":"Raffy Ben\u00edtez","Tiempo de lectura":"2 minutos"},"schema":{"@context":"https:\/\/schema.org","@graph":[{"@type":"Article","@id":"https:\/\/conexion23.com\/?p=37377#article","isPartOf":{"@id":"https:\/\/conexion23.com\/?p=37377"},"author":{"name":"Raffy Ben\u00edtez","@id":"https:\/\/conexion23.com\/#\/schema\/person\/03e36043331117e97a373299bbcd30a6"},"headline":"Rep\u00fablica Dominicana inicia con victoria en la Serie del Caribe","datePublished":"2025-02-01T12:24:03+00:00","dateModified":"2025-02-01T12:24:05+00:00","mainEntityOfPage":{"@id":"https:\/\/conexion23.com\/?p=37377"},"wordCount":337,"commentCount":0,"publisher":{"@id":"https:\/\/conexion23.com\/#organization"},"image":{"@id":"https:\/\/conexion23.com\/?p=37377#primaryimage"},"thumbnailUrl":"https:\/\/conexion23.com\/wp-content\/uploads\/2025\/02\/WhatsApp-Image-2025-01-31-at-9.54.58-PM.webp","articleSection":["Deportes"],"inLanguage":"es","potentialAction":[{"@type":"CommentAction","name":"Comment","target":["https:\/\/conexion23.com\/?p=37377#respond"]}]},{"@type":"WebPage","@id":"https:\/\/conexion23.com\/?p=37377","url":"https:\/\/conexion23.com\/?p=37377","name":"Rep\u00fablica Dominicana inicia con victoria en la Serie del Caribe - Conexi\u00f3n 23","isPartOf":{"@id":"https:\/\/conexion23.com\/#website"},"primaryImageOfPage":{"@id":"https:\/\/conexion23.com\/?p=37377#primaryimage"},"image":{"@id":"https:\/\/conexion23.com\/?p=37377#primaryimage"},"thumbnailUrl":"https:\/\/conexion23.com\/wp-content\/uploads\/2025\/02\/WhatsApp-Image-2025-01-31-at-9.54.58-PM.webp","datePublished":"2025-02-01T12:24:03+00:00","dateModified":"2025-02-01T12:24:05+00:00","breadcrumb":{"@id":"https:\/\/conexion23.com\/?p=37377#breadcrumb"},"inLanguage":"es","potentialAction":[{"@type":"ReadAction","target":["https:\/\/conexion23.com\/?p=37377"]}]},{"@type":"ImageObject","inLanguage":"es","@id":"https:\/\/conexion23.com\/?p=37377#primaryimage","url":"https:\/\/conexion23.com\/wp-content\/uploads\/2025\/02\/WhatsApp-Image-2025-01-31-at-9.54.58-PM.webp","contentUrl":"https:\/\/conexion23.com\/wp-content\/uploads\/2025\/02\/WhatsApp-Image-2025-01-31-at-9.54.58-PM.webp","width":696,"height":392},{"@type":"BreadcrumbList","@id":"https:\/\/conexion23.com\/?p=37377#breadcrumb","itemListElement":[{"@type":"ListItem","position":1,"name":"Portada","item":"https:\/\/conexion23.com\/"},{"@type":"ListItem","position":2,"name":"Rep\u00fablica Dominicana inicia con victoria en la Serie del Caribe"}]},{"@type":"WebSite","@id":"https:\/\/conexion23.com\/#website","url":"https:\/\/conexion23.com\/","name":"Conexi\u00f3n 23","description":"Peri\u00f3dico 100% Petromacorisano","publisher":{"@id":"https:\/\/conexion23.com\/#organization"},"potentialAction":[{"@type":"SearchAction","target":{"@type":"EntryPoint","urlTemplate":"https:\/\/conexion23.com\/?s={search_term_string}"},"query-input":{"@type":"PropertyValueSpecification","valueRequired":true,"valueName":"search_term_string"}}],"inLanguage":"es"},{"@type":"Organization","@id":"https:\/\/conexion23.com\/#organization","name":"Conexion 23","url":"https:\/\/conexion23.com\/","logo":{"@type":"ImageObject","inLanguage":"es","@id":"https:\/\/conexion23.com\/#\/schema\/logo\/image\/","url":"https:\/\/conexion23.com\/wp-content\/uploads\/2021\/11\/Diseno-sin-titulo-2.png","contentUrl":"https:\/\/conexion23.com\/wp-content\/uploads\/2021\/11\/Diseno-sin-titulo-2.png","width":541,"height":90,"caption":"Conexion 23"},"image":{"@id":"https:\/\/conexion23.com\/#\/schema\/logo\/image\/"},"sameAs":["https:\/\/www.facebook.com\/conexion23com","https:\/\/www.instagram.com\/conexion23com\/","https:\/\/www.youtube.com\/channel\/UCYc7vxxFZMYLIHNsHHxPZ3Q"]},{"@type":"Person","@id":"https:\/\/conexion23.com\/#\/schema\/person\/03e36043331117e97a373299bbcd30a6","name":"Raffy Ben\u00edtez","image":{"@type":"ImageObject","inLanguage":"es","@id":"https:\/\/conexion23.com\/#\/schema\/person\/image\/","url":"https:\/\/secure.gravatar.com\/avatar\/3190a6a6c5e1b0327500f7d6c56b6242472ee6cb974cf09b401ee6b3b0798f23?s=96&d=mm&r=g","contentUrl":"https:\/\/secure.gravatar.com\/avatar\/3190a6a6c5e1b0327500f7d6c56b6242472ee6cb974cf09b401ee6b3b0798f23?s=96&d=mm&r=g","caption":"Raffy Ben\u00edtez"},"url":"https:\/\/conexion23.com\/?author=15"}]}},"_links":{"self":[{"href":"https:\/\/conexion23.com\/index.php?rest_route=\/wp\/v2\/posts\/37377","targetHints":{"allow":["GET"]}}],"collection":[{"href":"https:\/\/conexion23.com\/index.php?rest_route=\/wp\/v2\/posts"}],"about":[{"href":"https:\/\/conexion23.com\/index.php?rest_route=\/wp\/v2\/types\/post"}],"author":[{"embeddable":true,"href":"https:\/\/conexion23.com\/index.php?rest_route=\/wp\/v2\/users\/15"}],"replies":[{"embeddable":true,"href":"https:\/\/conexion23.com\/index.php?rest_route=%2Fwp%2Fv2%2Fcomments&post=37377"}],"version-history":[{"count":1,"href":"https:\/\/conexion23.com\/index.php?rest_route=\/wp\/v2\/posts\/37377\/revisions"}],"predecessor-version":[{"id":37379,"href":"https:\/\/conexion23.com\/index.php?rest_route=\/wp\/v2\/posts\/37377\/revisions\/37379"}],"wp:featuredmedia":[{"embeddable":true,"href":"https:\/\/conexion23.com\/index.php?rest_route=\/wp\/v2\/media\/37378"}],"wp:attachment":[{"href":"https:\/\/conexion23.com\/index.php?rest_route=%2Fwp%2Fv2%2Fmedia&parent=37377"}],"wp:term":[{"taxonomy":"category","embeddable":true,"href":"https:\/\/conexion23.com\/index.php?rest_route=%2Fwp%2Fv2%2Fcategories&post=37377"},{"taxonomy":"post_tag","embeddable":true,"href":"https:\/\/conexion23.com\/index.php?rest_route=%2Fwp%2Fv2%2Ftags&post=37377"}],"curies":[{"name":"wp","href":"https:\/\/api.w.org\/{rel}","templated":true}]}}