{"id":38032,"date":"2025-02-19T08:43:46","date_gmt":"2025-02-19T12:43:46","guid":{"rendered":"https:\/\/conexion23.com\/?p=38032"},"modified":"2025-02-19T08:43:47","modified_gmt":"2025-02-19T12:43:47","slug":"crisis-sanitaria-en-miramar-moradores-sumergidos-en-heses-fecales","status":"publish","type":"post","link":"https:\/\/conexion23.com\/?p=38032","title":{"rendered":"Crisis Sanitaria en Miramar, Moradores Sumergidos en heses fecales."},"content":{"rendered":"\n<p>Moradores del sector Miramar en San Pedro de Macor\u00eds denuncian que desde hace dos meses est\u00e1n sumergidos en mierda en la intersecci\u00f3n de las calles Luis A. Berm\u00fadez con Antonio Molano.<\/p>\n\n\n\n<p>La propietaria del reconocido negocio \u00abJenny Pelo\u00bb, como es conocida, expresa su desesperaci\u00f3n y advierte que, de no atenderse su llamado, podr\u00edan realizar protestas.<\/p>\n\n\n\n<p>Al lugar se present\u00f3 una unidad de INAPA, que lleg\u00f3 de inmediato al percatarse que la prensa ya estaba tomando las denuncias. La unidad, dirigida por Gilberto Carri\u00f3n, limpi\u00f3 el \u00e1rea y determin\u00f3 que el problema se origina en la casa n\u00famero 45 de la calle Luis A. Berm\u00fadez, recomendando comunicarse con el ayuntamiento de San Pedro de Macor\u00eds para solucionar el problema del drenaje pluvial y realizar una limpieza de invernales.<\/p>\n\n\n\n<p>El presidente de la junta de vecinos, conocido como Pedrito, explic\u00f3 que en esa \u00e1rea el drenaje pluvial est\u00e1 conectado con la cloaca, un problema que afecta desde hace varios a\u00f1os. Sin embargo, el ayuntamiento puede resolverlo limpiando constantemente estos invernales.<\/p>\n","protected":false},"excerpt":{"rendered":"<p>Moradores del sector Miramar en San Pedro de Macor\u00eds denuncian que desde hace dos meses est\u00e1n sumergidos en mierda en la intersecci\u00f3n de las calles Luis A. Berm\u00fadez con Antonio Molano. La propietaria del reconocido negocio \u00abJenny Pelo\u00bb, como es conocida, expresa su desesperaci\u00f3n y advierte que, de no atenderse su llamado, podr\u00edan realizar protestas. [&hellip;]<\/p>\n","protected":false},"author":15,"featured_media":38033,"comment_status":"open","ping_status":"open","sticky":false,"template":"","format":"standard","meta":{"footnotes":""},"categories":[35],"tags":[],"class_list":{"0":"post-38032","1":"post","2":"type-post","3":"status-publish","4":"format-standard","5":"has-post-thumbnail","7":"category-spm"},"yoast_head":"<!-- This site is optimized with the Yoast SEO plugin v27.1.1 - https:\/\/yoast.com\/product\/yoast-seo-wordpress\/ -->\n<title>Crisis Sanitaria en Miramar, Moradores Sumergidos en heses fecales. - Conexi\u00f3n 23<\/title>\n<meta name=\"robots\" content=\"index, follow, max-snippet:-1, max-image-preview:large, max-video-preview:-1\" \/>\n<link rel=\"canonical\" href=\"https:\/\/conexion23.com\/?p=38032\" \/>\n<meta property=\"og:locale\" content=\"es_ES\" \/>\n<meta property=\"og:type\" content=\"article\" \/>\n<meta property=\"og:title\" content=\"Crisis Sanitaria en Miramar, Moradores Sumergidos en heses fecales. - Conexi\u00f3n 23\" \/>\n<meta property=\"og:description\" content=\"Moradores del sector Miramar en San Pedro de Macor\u00eds denuncian que desde hace dos meses est\u00e1n sumergidos en mierda en la intersecci\u00f3n de las calles Luis A. Berm\u00fadez con Antonio Molano. La propietaria del reconocido negocio \u00abJenny Pelo\u00bb, como es conocida, expresa su desesperaci\u00f3n y advierte que, de no atenderse su llamado, podr\u00edan realizar protestas. [&hellip;]\" \/>\n<meta property=\"og:url\" content=\"https:\/\/conexion23.com\/?p=38032\" \/>\n<meta property=\"og:site_name\" content=\"Conexi\u00f3n 23\" \/>\n<meta property=\"article:publisher\" content=\"https:\/\/www.facebook.com\/conexion23com\" \/>\n<meta property=\"article:published_time\" content=\"2025-02-19T12:43:46+00:00\" \/>\n<meta property=\"article:modified_time\" content=\"2025-02-19T12:43:47+00:00\" \/>\n<meta property=\"og:image\" content=\"https:\/\/conexion23.com\/wp-content\/uploads\/2025\/02\/descarga-51.jpg\" \/>\n\t<meta property=\"og:image:width\" content=\"300\" \/>\n\t<meta property=\"og:image:height\" content=\"168\" \/>\n\t<meta property=\"og:image:type\" content=\"image\/jpeg\" \/>\n<meta name=\"author\" content=\"Raffy Ben\u00edtez\" \/>\n<meta name=\"twitter:card\" content=\"summary_large_image\" \/>\n<meta name=\"twitter:label1\" content=\"Escrito por\" \/>\n\t<meta name=\"twitter:data1\" content=\"Raffy Ben\u00edtez\" \/>\n\t<meta name=\"twitter:label2\" content=\"Tiempo de lectura\" \/>\n\t<meta name=\"twitter:data2\" content=\"1 minuto\" \/>\n<script type=\"application\/ld+json\" class=\"yoast-schema-graph\">{\"@context\":\"https:\/\/schema.org\",\"@graph\":[{\"@type\":\"Article\",\"@id\":\"https:\/\/conexion23.com\/?p=38032#article\",\"isPartOf\":{\"@id\":\"https:\/\/conexion23.com\/?p=38032\"},\"author\":{\"name\":\"Raffy Ben\u00edtez\",\"@id\":\"https:\/\/conexion23.com\/#\/schema\/person\/03e36043331117e97a373299bbcd30a6\"},\"headline\":\"Crisis Sanitaria en Miramar, Moradores Sumergidos en heses fecales.\",\"datePublished\":\"2025-02-19T12:43:46+00:00\",\"dateModified\":\"2025-02-19T12:43:47+00:00\",\"mainEntityOfPage\":{\"@id\":\"https:\/\/conexion23.com\/?p=38032\"},\"wordCount\":187,\"commentCount\":0,\"publisher\":{\"@id\":\"https:\/\/conexion23.com\/#organization\"},\"image\":{\"@id\":\"https:\/\/conexion23.com\/?p=38032#primaryimage\"},\"thumbnailUrl\":\"https:\/\/conexion23.com\/wp-content\/uploads\/2025\/02\/descarga-51.jpg\",\"articleSection\":[\"SPM\"],\"inLanguage\":\"es\",\"potentialAction\":[{\"@type\":\"CommentAction\",\"name\":\"Comment\",\"target\":[\"https:\/\/conexion23.com\/?p=38032#respond\"]}]},{\"@type\":\"WebPage\",\"@id\":\"https:\/\/conexion23.com\/?p=38032\",\"url\":\"https:\/\/conexion23.com\/?p=38032\",\"name\":\"Crisis Sanitaria en Miramar, Moradores Sumergidos en heses fecales. - Conexi\u00f3n 23\",\"isPartOf\":{\"@id\":\"https:\/\/conexion23.com\/#website\"},\"primaryImageOfPage\":{\"@id\":\"https:\/\/conexion23.com\/?p=38032#primaryimage\"},\"image\":{\"@id\":\"https:\/\/conexion23.com\/?p=38032#primaryimage\"},\"thumbnailUrl\":\"https:\/\/conexion23.com\/wp-content\/uploads\/2025\/02\/descarga-51.jpg\",\"datePublished\":\"2025-02-19T12:43:46+00:00\",\"dateModified\":\"2025-02-19T12:43:47+00:00\",\"breadcrumb\":{\"@id\":\"https:\/\/conexion23.com\/?p=38032#breadcrumb\"},\"inLanguage\":\"es\",\"potentialAction\":[{\"@type\":\"ReadAction\",\"target\":[\"https:\/\/conexion23.com\/?p=38032\"]}]},{\"@type\":\"ImageObject\",\"inLanguage\":\"es\",\"@id\":\"https:\/\/conexion23.com\/?p=38032#primaryimage\",\"url\":\"https:\/\/conexion23.com\/wp-content\/uploads\/2025\/02\/descarga-51.jpg\",\"contentUrl\":\"https:\/\/conexion23.com\/wp-content\/uploads\/2025\/02\/descarga-51.jpg\",\"width\":300,\"height\":168},{\"@type\":\"BreadcrumbList\",\"@id\":\"https:\/\/conexion23.com\/?p=38032#breadcrumb\",\"itemListElement\":[{\"@type\":\"ListItem\",\"position\":1,\"name\":\"Portada\",\"item\":\"https:\/\/conexion23.com\/\"},{\"@type\":\"ListItem\",\"position\":2,\"name\":\"Crisis Sanitaria en Miramar, Moradores Sumergidos en heses fecales.\"}]},{\"@type\":\"WebSite\",\"@id\":\"https:\/\/conexion23.com\/#website\",\"url\":\"https:\/\/conexion23.com\/\",\"name\":\"Conexi\u00f3n 23\",\"description\":\"Peri\u00f3dico 100% Petromacorisano\",\"publisher\":{\"@id\":\"https:\/\/conexion23.com\/#organization\"},\"potentialAction\":[{\"@type\":\"SearchAction\",\"target\":{\"@type\":\"EntryPoint\",\"urlTemplate\":\"https:\/\/conexion23.com\/?s={search_term_string}\"},\"query-input\":{\"@type\":\"PropertyValueSpecification\",\"valueRequired\":true,\"valueName\":\"search_term_string\"}}],\"inLanguage\":\"es\"},{\"@type\":\"Organization\",\"@id\":\"https:\/\/conexion23.com\/#organization\",\"name\":\"Conexion 23\",\"url\":\"https:\/\/conexion23.com\/\",\"logo\":{\"@type\":\"ImageObject\",\"inLanguage\":\"es\",\"@id\":\"https:\/\/conexion23.com\/#\/schema\/logo\/image\/\",\"url\":\"https:\/\/conexion23.com\/wp-content\/uploads\/2021\/11\/Diseno-sin-titulo-2.png\",\"contentUrl\":\"https:\/\/conexion23.com\/wp-content\/uploads\/2021\/11\/Diseno-sin-titulo-2.png\",\"width\":541,\"height\":90,\"caption\":\"Conexion 23\"},\"image\":{\"@id\":\"https:\/\/conexion23.com\/#\/schema\/logo\/image\/\"},\"sameAs\":[\"https:\/\/www.facebook.com\/conexion23com\",\"https:\/\/www.instagram.com\/conexion23com\/\",\"https:\/\/www.youtube.com\/channel\/UCYc7vxxFZMYLIHNsHHxPZ3Q\"]},{\"@type\":\"Person\",\"@id\":\"https:\/\/conexion23.com\/#\/schema\/person\/03e36043331117e97a373299bbcd30a6\",\"name\":\"Raffy Ben\u00edtez\",\"image\":{\"@type\":\"ImageObject\",\"inLanguage\":\"es\",\"@id\":\"https:\/\/conexion23.com\/#\/schema\/person\/image\/\",\"url\":\"https:\/\/secure.gravatar.com\/avatar\/3190a6a6c5e1b0327500f7d6c56b6242472ee6cb974cf09b401ee6b3b0798f23?s=96&d=mm&r=g\",\"contentUrl\":\"https:\/\/secure.gravatar.com\/avatar\/3190a6a6c5e1b0327500f7d6c56b6242472ee6cb974cf09b401ee6b3b0798f23?s=96&d=mm&r=g\",\"caption\":\"Raffy Ben\u00edtez\"},\"url\":\"https:\/\/conexion23.com\/?author=15\"}]}<\/script>\n<!-- \/ Yoast SEO plugin. -->","yoast_head_json":{"title":"Crisis Sanitaria en Miramar, Moradores Sumergidos en heses fecales. - Conexi\u00f3n 23","robots":{"index":"index","follow":"follow","max-snippet":"max-snippet:-1","max-image-preview":"max-image-preview:large","max-video-preview":"max-video-preview:-1"},"canonical":"https:\/\/conexion23.com\/?p=38032","og_locale":"es_ES","og_type":"article","og_title":"Crisis Sanitaria en Miramar, Moradores Sumergidos en heses fecales. - Conexi\u00f3n 23","og_description":"Moradores del sector Miramar en San Pedro de Macor\u00eds denuncian que desde hace dos meses est\u00e1n sumergidos en mierda en la intersecci\u00f3n de las calles Luis A. Berm\u00fadez con Antonio Molano. La propietaria del reconocido negocio \u00abJenny Pelo\u00bb, como es conocida, expresa su desesperaci\u00f3n y advierte que, de no atenderse su llamado, podr\u00edan realizar protestas. [&hellip;]","og_url":"https:\/\/conexion23.com\/?p=38032","og_site_name":"Conexi\u00f3n 23","article_publisher":"https:\/\/www.facebook.com\/conexion23com","article_published_time":"2025-02-19T12:43:46+00:00","article_modified_time":"2025-02-19T12:43:47+00:00","og_image":[{"width":300,"height":168,"url":"https:\/\/conexion23.com\/wp-content\/uploads\/2025\/02\/descarga-51.jpg","type":"image\/jpeg"}],"author":"Raffy Ben\u00edtez","twitter_card":"summary_large_image","twitter_misc":{"Escrito por":"Raffy Ben\u00edtez","Tiempo de lectura":"1 minuto"},"schema":{"@context":"https:\/\/schema.org","@graph":[{"@type":"Article","@id":"https:\/\/conexion23.com\/?p=38032#article","isPartOf":{"@id":"https:\/\/conexion23.com\/?p=38032"},"author":{"name":"Raffy Ben\u00edtez","@id":"https:\/\/conexion23.com\/#\/schema\/person\/03e36043331117e97a373299bbcd30a6"},"headline":"Crisis Sanitaria en Miramar, Moradores Sumergidos en heses fecales.","datePublished":"2025-02-19T12:43:46+00:00","dateModified":"2025-02-19T12:43:47+00:00","mainEntityOfPage":{"@id":"https:\/\/conexion23.com\/?p=38032"},"wordCount":187,"commentCount":0,"publisher":{"@id":"https:\/\/conexion23.com\/#organization"},"image":{"@id":"https:\/\/conexion23.com\/?p=38032#primaryimage"},"thumbnailUrl":"https:\/\/conexion23.com\/wp-content\/uploads\/2025\/02\/descarga-51.jpg","articleSection":["SPM"],"inLanguage":"es","potentialAction":[{"@type":"CommentAction","name":"Comment","target":["https:\/\/conexion23.com\/?p=38032#respond"]}]},{"@type":"WebPage","@id":"https:\/\/conexion23.com\/?p=38032","url":"https:\/\/conexion23.com\/?p=38032","name":"Crisis Sanitaria en Miramar, Moradores Sumergidos en heses fecales. - Conexi\u00f3n 23","isPartOf":{"@id":"https:\/\/conexion23.com\/#website"},"primaryImageOfPage":{"@id":"https:\/\/conexion23.com\/?p=38032#primaryimage"},"image":{"@id":"https:\/\/conexion23.com\/?p=38032#primaryimage"},"thumbnailUrl":"https:\/\/conexion23.com\/wp-content\/uploads\/2025\/02\/descarga-51.jpg","datePublished":"2025-02-19T12:43:46+00:00","dateModified":"2025-02-19T12:43:47+00:00","breadcrumb":{"@id":"https:\/\/conexion23.com\/?p=38032#breadcrumb"},"inLanguage":"es","potentialAction":[{"@type":"ReadAction","target":["https:\/\/conexion23.com\/?p=38032"]}]},{"@type":"ImageObject","inLanguage":"es","@id":"https:\/\/conexion23.com\/?p=38032#primaryimage","url":"https:\/\/conexion23.com\/wp-content\/uploads\/2025\/02\/descarga-51.jpg","contentUrl":"https:\/\/conexion23.com\/wp-content\/uploads\/2025\/02\/descarga-51.jpg","width":300,"height":168},{"@type":"BreadcrumbList","@id":"https:\/\/conexion23.com\/?p=38032#breadcrumb","itemListElement":[{"@type":"ListItem","position":1,"name":"Portada","item":"https:\/\/conexion23.com\/"},{"@type":"ListItem","position":2,"name":"Crisis Sanitaria en Miramar, Moradores Sumergidos en heses fecales."}]},{"@type":"WebSite","@id":"https:\/\/conexion23.com\/#website","url":"https:\/\/conexion23.com\/","name":"Conexi\u00f3n 23","description":"Peri\u00f3dico 100% Petromacorisano","publisher":{"@id":"https:\/\/conexion23.com\/#organization"},"potentialAction":[{"@type":"SearchAction","target":{"@type":"EntryPoint","urlTemplate":"https:\/\/conexion23.com\/?s={search_term_string}"},"query-input":{"@type":"PropertyValueSpecification","valueRequired":true,"valueName":"search_term_string"}}],"inLanguage":"es"},{"@type":"Organization","@id":"https:\/\/conexion23.com\/#organization","name":"Conexion 23","url":"https:\/\/conexion23.com\/","logo":{"@type":"ImageObject","inLanguage":"es","@id":"https:\/\/conexion23.com\/#\/schema\/logo\/image\/","url":"https:\/\/conexion23.com\/wp-content\/uploads\/2021\/11\/Diseno-sin-titulo-2.png","contentUrl":"https:\/\/conexion23.com\/wp-content\/uploads\/2021\/11\/Diseno-sin-titulo-2.png","width":541,"height":90,"caption":"Conexion 23"},"image":{"@id":"https:\/\/conexion23.com\/#\/schema\/logo\/image\/"},"sameAs":["https:\/\/www.facebook.com\/conexion23com","https:\/\/www.instagram.com\/conexion23com\/","https:\/\/www.youtube.com\/channel\/UCYc7vxxFZMYLIHNsHHxPZ3Q"]},{"@type":"Person","@id":"https:\/\/conexion23.com\/#\/schema\/person\/03e36043331117e97a373299bbcd30a6","name":"Raffy Ben\u00edtez","image":{"@type":"ImageObject","inLanguage":"es","@id":"https:\/\/conexion23.com\/#\/schema\/person\/image\/","url":"https:\/\/secure.gravatar.com\/avatar\/3190a6a6c5e1b0327500f7d6c56b6242472ee6cb974cf09b401ee6b3b0798f23?s=96&d=mm&r=g","contentUrl":"https:\/\/secure.gravatar.com\/avatar\/3190a6a6c5e1b0327500f7d6c56b6242472ee6cb974cf09b401ee6b3b0798f23?s=96&d=mm&r=g","caption":"Raffy Ben\u00edtez"},"url":"https:\/\/conexion23.com\/?author=15"}]}},"_links":{"self":[{"href":"https:\/\/conexion23.com\/index.php?rest_route=\/wp\/v2\/posts\/38032","targetHints":{"allow":["GET"]}}],"collection":[{"href":"https:\/\/conexion23.com\/index.php?rest_route=\/wp\/v2\/posts"}],"about":[{"href":"https:\/\/conexion23.com\/index.php?rest_route=\/wp\/v2\/types\/post"}],"author":[{"embeddable":true,"href":"https:\/\/conexion23.com\/index.php?rest_route=\/wp\/v2\/users\/15"}],"replies":[{"embeddable":true,"href":"https:\/\/conexion23.com\/index.php?rest_route=%2Fwp%2Fv2%2Fcomments&post=38032"}],"version-history":[{"count":1,"href":"https:\/\/conexion23.com\/index.php?rest_route=\/wp\/v2\/posts\/38032\/revisions"}],"predecessor-version":[{"id":38034,"href":"https:\/\/conexion23.com\/index.php?rest_route=\/wp\/v2\/posts\/38032\/revisions\/38034"}],"wp:featuredmedia":[{"embeddable":true,"href":"https:\/\/conexion23.com\/index.php?rest_route=\/wp\/v2\/media\/38033"}],"wp:attachment":[{"href":"https:\/\/conexion23.com\/index.php?rest_route=%2Fwp%2Fv2%2Fmedia&parent=38032"}],"wp:term":[{"taxonomy":"category","embeddable":true,"href":"https:\/\/conexion23.com\/index.php?rest_route=%2Fwp%2Fv2%2Fcategories&post=38032"},{"taxonomy":"post_tag","embeddable":true,"href":"https:\/\/conexion23.com\/index.php?rest_route=%2Fwp%2Fv2%2Ftags&post=38032"}],"curies":[{"name":"wp","href":"https:\/\/api.w.org\/{rel}","templated":true}]}}