{"id":38153,"date":"2025-02-22T08:55:32","date_gmt":"2025-02-22T12:55:32","guid":{"rendered":"https:\/\/conexion23.com\/?p=38153"},"modified":"2025-02-22T08:55:34","modified_gmt":"2025-02-22T12:55:34","slug":"ministro-de-cultura-visita-san-pedro-de-macoris-y-anuncia-mayor-atencion-a-los-guloyas","status":"publish","type":"post","link":"https:\/\/conexion23.com\/?p=38153","title":{"rendered":"Ministro de Cultura visita San Pedro de Macor\u00eds y anuncia mayor atenci\u00f3n a los Guloyas"},"content":{"rendered":"\n<p>Este viernes, el ministro de Cultura, Roberto \u00c1ngel Salcedo, realiz\u00f3 una visita a esta provincia como parte de un recorrido nacional para fortalecer la infraestructura cultural y descentralizar las actividades art\u00edsticas en el pa\u00eds.<\/p>\n\n\n\n<p>Durante su encuentro con autoridades locales y provinciales, el funcionario destac\u00f3 la importancia de llevar la cultura m\u00e1s all\u00e1 del municipio cabecera, extendi\u00e9ndola a todos los territorios de la provincia.<\/p>\n\n\n\n<p>Salcedo expres\u00f3 su v\u00ednculo afectivo con San Pedro de Macor\u00eds y su compromiso de trabajar junto a la senadora Aracelis Villanueva, la gobernadora Yovanis Baltazar, el alcalde Raymundo Ort\u00edz y otros representantes locales para ejecutar una agenda cultural consensuada. En ese sentido, anunci\u00f3 que en los pr\u00f3ximos d\u00edas se pondr\u00e1n en marcha iniciativas para preservar el patrimonio, revitalizar la identidad cultural, fomentar las industrias creativas y fortalecer la formaci\u00f3n art\u00edstica en los j\u00f3venes.<\/p>\n\n\n\n<p>Respecto a la emblem\u00e1tica tradici\u00f3n de los guloyas, patrimonio inmaterial de la humanidad, el ministro subray\u00f3 que el Ministerio de Cultura implementar\u00e1 una pol\u00edtica especial para su reconocimiento, est\u00edmulo y mejora de esta expresi\u00f3n cultural de la provincia.<\/p>\n","protected":false},"excerpt":{"rendered":"<p>Este viernes, el ministro de Cultura, Roberto \u00c1ngel Salcedo, realiz\u00f3 una visita a esta provincia como parte de un recorrido nacional para fortalecer la infraestructura cultural y descentralizar las actividades art\u00edsticas en el pa\u00eds. Durante su encuentro con autoridades locales y provinciales, el funcionario destac\u00f3 la importancia de llevar la cultura m\u00e1s all\u00e1 del municipio [&hellip;]<\/p>\n","protected":false},"author":15,"featured_media":38154,"comment_status":"open","ping_status":"open","sticky":false,"template":"","format":"standard","meta":{"footnotes":""},"categories":[35],"tags":[],"class_list":{"0":"post-38153","1":"post","2":"type-post","3":"status-publish","4":"format-standard","5":"has-post-thumbnail","7":"category-spm"},"yoast_head":"<!-- This site is optimized with the Yoast SEO plugin v27.1.1 - https:\/\/yoast.com\/product\/yoast-seo-wordpress\/ -->\n<title>Ministro de Cultura visita San Pedro de Macor\u00eds y anuncia mayor atenci\u00f3n a los Guloyas - Conexi\u00f3n 23<\/title>\n<meta name=\"robots\" content=\"index, follow, max-snippet:-1, max-image-preview:large, max-video-preview:-1\" \/>\n<link rel=\"canonical\" href=\"https:\/\/conexion23.com\/?p=38153\" \/>\n<meta property=\"og:locale\" content=\"es_ES\" \/>\n<meta property=\"og:type\" content=\"article\" \/>\n<meta property=\"og:title\" content=\"Ministro de Cultura visita San Pedro de Macor\u00eds y anuncia mayor atenci\u00f3n a los Guloyas - Conexi\u00f3n 23\" \/>\n<meta property=\"og:description\" content=\"Este viernes, el ministro de Cultura, Roberto \u00c1ngel Salcedo, realiz\u00f3 una visita a esta provincia como parte de un recorrido nacional para fortalecer la infraestructura cultural y descentralizar las actividades art\u00edsticas en el pa\u00eds. Durante su encuentro con autoridades locales y provinciales, el funcionario destac\u00f3 la importancia de llevar la cultura m\u00e1s all\u00e1 del municipio [&hellip;]\" \/>\n<meta property=\"og:url\" content=\"https:\/\/conexion23.com\/?p=38153\" \/>\n<meta property=\"og:site_name\" content=\"Conexi\u00f3n 23\" \/>\n<meta property=\"article:publisher\" content=\"https:\/\/www.facebook.com\/conexion23com\" \/>\n<meta property=\"article:published_time\" content=\"2025-02-22T12:55:32+00:00\" \/>\n<meta property=\"article:modified_time\" content=\"2025-02-22T12:55:34+00:00\" \/>\n<meta property=\"og:image\" content=\"https:\/\/conexion23.com\/wp-content\/uploads\/2025\/02\/descarga-61.jpg\" \/>\n\t<meta property=\"og:image:width\" content=\"229\" \/>\n\t<meta property=\"og:image:height\" content=\"220\" \/>\n\t<meta property=\"og:image:type\" content=\"image\/jpeg\" \/>\n<meta name=\"author\" content=\"Raffy Ben\u00edtez\" \/>\n<meta name=\"twitter:card\" content=\"summary_large_image\" \/>\n<meta name=\"twitter:label1\" content=\"Escrito por\" \/>\n\t<meta name=\"twitter:data1\" content=\"Raffy Ben\u00edtez\" \/>\n\t<meta name=\"twitter:label2\" content=\"Tiempo de lectura\" \/>\n\t<meta name=\"twitter:data2\" content=\"2 minutos\" \/>\n<script type=\"application\/ld+json\" class=\"yoast-schema-graph\">{\"@context\":\"https:\/\/schema.org\",\"@graph\":[{\"@type\":\"Article\",\"@id\":\"https:\/\/conexion23.com\/?p=38153#article\",\"isPartOf\":{\"@id\":\"https:\/\/conexion23.com\/?p=38153\"},\"author\":{\"name\":\"Raffy Ben\u00edtez\",\"@id\":\"https:\/\/conexion23.com\/#\/schema\/person\/03e36043331117e97a373299bbcd30a6\"},\"headline\":\"Ministro de Cultura visita San Pedro de Macor\u00eds y anuncia mayor atenci\u00f3n a los Guloyas\",\"datePublished\":\"2025-02-22T12:55:32+00:00\",\"dateModified\":\"2025-02-22T12:55:34+00:00\",\"mainEntityOfPage\":{\"@id\":\"https:\/\/conexion23.com\/?p=38153\"},\"wordCount\":210,\"commentCount\":0,\"publisher\":{\"@id\":\"https:\/\/conexion23.com\/#organization\"},\"image\":{\"@id\":\"https:\/\/conexion23.com\/?p=38153#primaryimage\"},\"thumbnailUrl\":\"https:\/\/conexion23.com\/wp-content\/uploads\/2025\/02\/descarga-61.jpg\",\"articleSection\":[\"SPM\"],\"inLanguage\":\"es\",\"potentialAction\":[{\"@type\":\"CommentAction\",\"name\":\"Comment\",\"target\":[\"https:\/\/conexion23.com\/?p=38153#respond\"]}]},{\"@type\":\"WebPage\",\"@id\":\"https:\/\/conexion23.com\/?p=38153\",\"url\":\"https:\/\/conexion23.com\/?p=38153\",\"name\":\"Ministro de Cultura visita San Pedro de Macor\u00eds y anuncia mayor atenci\u00f3n a los Guloyas - Conexi\u00f3n 23\",\"isPartOf\":{\"@id\":\"https:\/\/conexion23.com\/#website\"},\"primaryImageOfPage\":{\"@id\":\"https:\/\/conexion23.com\/?p=38153#primaryimage\"},\"image\":{\"@id\":\"https:\/\/conexion23.com\/?p=38153#primaryimage\"},\"thumbnailUrl\":\"https:\/\/conexion23.com\/wp-content\/uploads\/2025\/02\/descarga-61.jpg\",\"datePublished\":\"2025-02-22T12:55:32+00:00\",\"dateModified\":\"2025-02-22T12:55:34+00:00\",\"breadcrumb\":{\"@id\":\"https:\/\/conexion23.com\/?p=38153#breadcrumb\"},\"inLanguage\":\"es\",\"potentialAction\":[{\"@type\":\"ReadAction\",\"target\":[\"https:\/\/conexion23.com\/?p=38153\"]}]},{\"@type\":\"ImageObject\",\"inLanguage\":\"es\",\"@id\":\"https:\/\/conexion23.com\/?p=38153#primaryimage\",\"url\":\"https:\/\/conexion23.com\/wp-content\/uploads\/2025\/02\/descarga-61.jpg\",\"contentUrl\":\"https:\/\/conexion23.com\/wp-content\/uploads\/2025\/02\/descarga-61.jpg\",\"width\":229,\"height\":220},{\"@type\":\"BreadcrumbList\",\"@id\":\"https:\/\/conexion23.com\/?p=38153#breadcrumb\",\"itemListElement\":[{\"@type\":\"ListItem\",\"position\":1,\"name\":\"Portada\",\"item\":\"https:\/\/conexion23.com\/\"},{\"@type\":\"ListItem\",\"position\":2,\"name\":\"Ministro de Cultura visita San Pedro de Macor\u00eds y anuncia mayor atenci\u00f3n a los Guloyas\"}]},{\"@type\":\"WebSite\",\"@id\":\"https:\/\/conexion23.com\/#website\",\"url\":\"https:\/\/conexion23.com\/\",\"name\":\"Conexi\u00f3n 23\",\"description\":\"Peri\u00f3dico 100% Petromacorisano\",\"publisher\":{\"@id\":\"https:\/\/conexion23.com\/#organization\"},\"potentialAction\":[{\"@type\":\"SearchAction\",\"target\":{\"@type\":\"EntryPoint\",\"urlTemplate\":\"https:\/\/conexion23.com\/?s={search_term_string}\"},\"query-input\":{\"@type\":\"PropertyValueSpecification\",\"valueRequired\":true,\"valueName\":\"search_term_string\"}}],\"inLanguage\":\"es\"},{\"@type\":\"Organization\",\"@id\":\"https:\/\/conexion23.com\/#organization\",\"name\":\"Conexion 23\",\"url\":\"https:\/\/conexion23.com\/\",\"logo\":{\"@type\":\"ImageObject\",\"inLanguage\":\"es\",\"@id\":\"https:\/\/conexion23.com\/#\/schema\/logo\/image\/\",\"url\":\"https:\/\/conexion23.com\/wp-content\/uploads\/2021\/11\/Diseno-sin-titulo-2.png\",\"contentUrl\":\"https:\/\/conexion23.com\/wp-content\/uploads\/2021\/11\/Diseno-sin-titulo-2.png\",\"width\":541,\"height\":90,\"caption\":\"Conexion 23\"},\"image\":{\"@id\":\"https:\/\/conexion23.com\/#\/schema\/logo\/image\/\"},\"sameAs\":[\"https:\/\/www.facebook.com\/conexion23com\",\"https:\/\/www.instagram.com\/conexion23com\/\",\"https:\/\/www.youtube.com\/channel\/UCYc7vxxFZMYLIHNsHHxPZ3Q\"]},{\"@type\":\"Person\",\"@id\":\"https:\/\/conexion23.com\/#\/schema\/person\/03e36043331117e97a373299bbcd30a6\",\"name\":\"Raffy Ben\u00edtez\",\"image\":{\"@type\":\"ImageObject\",\"inLanguage\":\"es\",\"@id\":\"https:\/\/conexion23.com\/#\/schema\/person\/image\/\",\"url\":\"https:\/\/secure.gravatar.com\/avatar\/3190a6a6c5e1b0327500f7d6c56b6242472ee6cb974cf09b401ee6b3b0798f23?s=96&d=mm&r=g\",\"contentUrl\":\"https:\/\/secure.gravatar.com\/avatar\/3190a6a6c5e1b0327500f7d6c56b6242472ee6cb974cf09b401ee6b3b0798f23?s=96&d=mm&r=g\",\"caption\":\"Raffy Ben\u00edtez\"},\"url\":\"https:\/\/conexion23.com\/?author=15\"}]}<\/script>\n<!-- \/ Yoast SEO plugin. -->","yoast_head_json":{"title":"Ministro de Cultura visita San Pedro de Macor\u00eds y anuncia mayor atenci\u00f3n a los Guloyas - Conexi\u00f3n 23","robots":{"index":"index","follow":"follow","max-snippet":"max-snippet:-1","max-image-preview":"max-image-preview:large","max-video-preview":"max-video-preview:-1"},"canonical":"https:\/\/conexion23.com\/?p=38153","og_locale":"es_ES","og_type":"article","og_title":"Ministro de Cultura visita San Pedro de Macor\u00eds y anuncia mayor atenci\u00f3n a los Guloyas - Conexi\u00f3n 23","og_description":"Este viernes, el ministro de Cultura, Roberto \u00c1ngel Salcedo, realiz\u00f3 una visita a esta provincia como parte de un recorrido nacional para fortalecer la infraestructura cultural y descentralizar las actividades art\u00edsticas en el pa\u00eds. Durante su encuentro con autoridades locales y provinciales, el funcionario destac\u00f3 la importancia de llevar la cultura m\u00e1s all\u00e1 del municipio [&hellip;]","og_url":"https:\/\/conexion23.com\/?p=38153","og_site_name":"Conexi\u00f3n 23","article_publisher":"https:\/\/www.facebook.com\/conexion23com","article_published_time":"2025-02-22T12:55:32+00:00","article_modified_time":"2025-02-22T12:55:34+00:00","og_image":[{"width":229,"height":220,"url":"https:\/\/conexion23.com\/wp-content\/uploads\/2025\/02\/descarga-61.jpg","type":"image\/jpeg"}],"author":"Raffy Ben\u00edtez","twitter_card":"summary_large_image","twitter_misc":{"Escrito por":"Raffy Ben\u00edtez","Tiempo de lectura":"2 minutos"},"schema":{"@context":"https:\/\/schema.org","@graph":[{"@type":"Article","@id":"https:\/\/conexion23.com\/?p=38153#article","isPartOf":{"@id":"https:\/\/conexion23.com\/?p=38153"},"author":{"name":"Raffy Ben\u00edtez","@id":"https:\/\/conexion23.com\/#\/schema\/person\/03e36043331117e97a373299bbcd30a6"},"headline":"Ministro de Cultura visita San Pedro de Macor\u00eds y anuncia mayor atenci\u00f3n a los Guloyas","datePublished":"2025-02-22T12:55:32+00:00","dateModified":"2025-02-22T12:55:34+00:00","mainEntityOfPage":{"@id":"https:\/\/conexion23.com\/?p=38153"},"wordCount":210,"commentCount":0,"publisher":{"@id":"https:\/\/conexion23.com\/#organization"},"image":{"@id":"https:\/\/conexion23.com\/?p=38153#primaryimage"},"thumbnailUrl":"https:\/\/conexion23.com\/wp-content\/uploads\/2025\/02\/descarga-61.jpg","articleSection":["SPM"],"inLanguage":"es","potentialAction":[{"@type":"CommentAction","name":"Comment","target":["https:\/\/conexion23.com\/?p=38153#respond"]}]},{"@type":"WebPage","@id":"https:\/\/conexion23.com\/?p=38153","url":"https:\/\/conexion23.com\/?p=38153","name":"Ministro de Cultura visita San Pedro de Macor\u00eds y anuncia mayor atenci\u00f3n a los Guloyas - Conexi\u00f3n 23","isPartOf":{"@id":"https:\/\/conexion23.com\/#website"},"primaryImageOfPage":{"@id":"https:\/\/conexion23.com\/?p=38153#primaryimage"},"image":{"@id":"https:\/\/conexion23.com\/?p=38153#primaryimage"},"thumbnailUrl":"https:\/\/conexion23.com\/wp-content\/uploads\/2025\/02\/descarga-61.jpg","datePublished":"2025-02-22T12:55:32+00:00","dateModified":"2025-02-22T12:55:34+00:00","breadcrumb":{"@id":"https:\/\/conexion23.com\/?p=38153#breadcrumb"},"inLanguage":"es","potentialAction":[{"@type":"ReadAction","target":["https:\/\/conexion23.com\/?p=38153"]}]},{"@type":"ImageObject","inLanguage":"es","@id":"https:\/\/conexion23.com\/?p=38153#primaryimage","url":"https:\/\/conexion23.com\/wp-content\/uploads\/2025\/02\/descarga-61.jpg","contentUrl":"https:\/\/conexion23.com\/wp-content\/uploads\/2025\/02\/descarga-61.jpg","width":229,"height":220},{"@type":"BreadcrumbList","@id":"https:\/\/conexion23.com\/?p=38153#breadcrumb","itemListElement":[{"@type":"ListItem","position":1,"name":"Portada","item":"https:\/\/conexion23.com\/"},{"@type":"ListItem","position":2,"name":"Ministro de Cultura visita San Pedro de Macor\u00eds y anuncia mayor atenci\u00f3n a los Guloyas"}]},{"@type":"WebSite","@id":"https:\/\/conexion23.com\/#website","url":"https:\/\/conexion23.com\/","name":"Conexi\u00f3n 23","description":"Peri\u00f3dico 100% Petromacorisano","publisher":{"@id":"https:\/\/conexion23.com\/#organization"},"potentialAction":[{"@type":"SearchAction","target":{"@type":"EntryPoint","urlTemplate":"https:\/\/conexion23.com\/?s={search_term_string}"},"query-input":{"@type":"PropertyValueSpecification","valueRequired":true,"valueName":"search_term_string"}}],"inLanguage":"es"},{"@type":"Organization","@id":"https:\/\/conexion23.com\/#organization","name":"Conexion 23","url":"https:\/\/conexion23.com\/","logo":{"@type":"ImageObject","inLanguage":"es","@id":"https:\/\/conexion23.com\/#\/schema\/logo\/image\/","url":"https:\/\/conexion23.com\/wp-content\/uploads\/2021\/11\/Diseno-sin-titulo-2.png","contentUrl":"https:\/\/conexion23.com\/wp-content\/uploads\/2021\/11\/Diseno-sin-titulo-2.png","width":541,"height":90,"caption":"Conexion 23"},"image":{"@id":"https:\/\/conexion23.com\/#\/schema\/logo\/image\/"},"sameAs":["https:\/\/www.facebook.com\/conexion23com","https:\/\/www.instagram.com\/conexion23com\/","https:\/\/www.youtube.com\/channel\/UCYc7vxxFZMYLIHNsHHxPZ3Q"]},{"@type":"Person","@id":"https:\/\/conexion23.com\/#\/schema\/person\/03e36043331117e97a373299bbcd30a6","name":"Raffy Ben\u00edtez","image":{"@type":"ImageObject","inLanguage":"es","@id":"https:\/\/conexion23.com\/#\/schema\/person\/image\/","url":"https:\/\/secure.gravatar.com\/avatar\/3190a6a6c5e1b0327500f7d6c56b6242472ee6cb974cf09b401ee6b3b0798f23?s=96&d=mm&r=g","contentUrl":"https:\/\/secure.gravatar.com\/avatar\/3190a6a6c5e1b0327500f7d6c56b6242472ee6cb974cf09b401ee6b3b0798f23?s=96&d=mm&r=g","caption":"Raffy Ben\u00edtez"},"url":"https:\/\/conexion23.com\/?author=15"}]}},"_links":{"self":[{"href":"https:\/\/conexion23.com\/index.php?rest_route=\/wp\/v2\/posts\/38153","targetHints":{"allow":["GET"]}}],"collection":[{"href":"https:\/\/conexion23.com\/index.php?rest_route=\/wp\/v2\/posts"}],"about":[{"href":"https:\/\/conexion23.com\/index.php?rest_route=\/wp\/v2\/types\/post"}],"author":[{"embeddable":true,"href":"https:\/\/conexion23.com\/index.php?rest_route=\/wp\/v2\/users\/15"}],"replies":[{"embeddable":true,"href":"https:\/\/conexion23.com\/index.php?rest_route=%2Fwp%2Fv2%2Fcomments&post=38153"}],"version-history":[{"count":1,"href":"https:\/\/conexion23.com\/index.php?rest_route=\/wp\/v2\/posts\/38153\/revisions"}],"predecessor-version":[{"id":38155,"href":"https:\/\/conexion23.com\/index.php?rest_route=\/wp\/v2\/posts\/38153\/revisions\/38155"}],"wp:featuredmedia":[{"embeddable":true,"href":"https:\/\/conexion23.com\/index.php?rest_route=\/wp\/v2\/media\/38154"}],"wp:attachment":[{"href":"https:\/\/conexion23.com\/index.php?rest_route=%2Fwp%2Fv2%2Fmedia&parent=38153"}],"wp:term":[{"taxonomy":"category","embeddable":true,"href":"https:\/\/conexion23.com\/index.php?rest_route=%2Fwp%2Fv2%2Fcategories&post=38153"},{"taxonomy":"post_tag","embeddable":true,"href":"https:\/\/conexion23.com\/index.php?rest_route=%2Fwp%2Fv2%2Ftags&post=38153"}],"curies":[{"name":"wp","href":"https:\/\/api.w.org\/{rel}","templated":true}]}}