{"id":38355,"date":"2025-02-28T08:39:23","date_gmt":"2025-02-28T12:39:23","guid":{"rendered":"https:\/\/conexion23.com\/?p=38355"},"modified":"2025-02-28T08:39:25","modified_gmt":"2025-02-28T12:39:25","slug":"realizan-el-trabucazo-del-desfile-escolar-2025-en-spm","status":"publish","type":"post","link":"https:\/\/conexion23.com\/?p=38355","title":{"rendered":"Realizan El Trabucazo del Desfile Escolar 2025 en SPM."},"content":{"rendered":"\n<p>Los estudiantes de mas de 70 Centros Educativos P\u00fablicos y Privados, rindieron honor a la patria, este jueves 27 de febrero en el marco de la celebraci\u00f3n del 181 aniversario de La Independencia Nacional.<\/p>\n\n\n\n<p>El Magno evento organizado por los Tecnicos Regionales, Distritales, Profesores y monitores de Educaci\u00f3n F\u00edsica, se realiz\u00f3 en la Plazoleta Padres de la Patria de esta ciudad.<\/p>\n\n\n\n<p>El Director Regional de Educaci\u00f3n Franklin Villanueva, junto a la Gobernadora Provincial Yovanis Baltasar y el sindico municipal Raymundo Ort\u00edz, encabezaron el acto dedicado a la Unidad de nuestra identidad.<\/p>\n\n\n\n<p>El Desfile Escolar inici\u00f3 a las 10:30 de la ma\u00f1ana y finaliz\u00f3 a la 1:00 de la tarde, la emoci\u00f3n de nuestros ni\u00f1os y ni\u00f1as, j\u00f3venes y adolescentes, acompa\u00f1ados por los Directores y cuerpo docente, no se detuvo ni con la lluvia que por un momento cay\u00f3.<\/p>\n\n\n\n<p>Los Centros que participaron pertenecen a los Distritos Educativos 05-01 y 05-02 dirigidos por las Licencias: Aurora Rosado y Nairoby de la Rosa, bajo un amplio equipo protocolar, apoyado de las instituciones que forman parte de la colaboraci\u00f3n y apoyo.<\/p>\n\n\n\n<p>Miles de personas se apostaron a lo largo de la avenida Independencia y la Francisco Dom\u00ednguez Charro para disfrutar en familia la impresionante actividad.<\/p>\n","protected":false},"excerpt":{"rendered":"<p>Los estudiantes de mas de 70 Centros Educativos P\u00fablicos y Privados, rindieron honor a la patria, este jueves 27 de febrero en el marco de la celebraci\u00f3n del 181 aniversario de La Independencia Nacional. El Magno evento organizado por los Tecnicos Regionales, Distritales, Profesores y monitores de Educaci\u00f3n F\u00edsica, se realiz\u00f3 en la Plazoleta Padres [&hellip;]<\/p>\n","protected":false},"author":15,"featured_media":38356,"comment_status":"open","ping_status":"open","sticky":false,"template":"","format":"standard","meta":{"footnotes":""},"categories":[35],"tags":[],"class_list":{"0":"post-38355","1":"post","2":"type-post","3":"status-publish","4":"format-standard","5":"has-post-thumbnail","7":"category-spm"},"yoast_head":"<!-- This site is optimized with the Yoast SEO plugin v27.1.1 - https:\/\/yoast.com\/product\/yoast-seo-wordpress\/ -->\n<title>Realizan El Trabucazo del Desfile Escolar 2025 en SPM. - Conexi\u00f3n 23<\/title>\n<meta name=\"robots\" content=\"index, follow, max-snippet:-1, max-image-preview:large, max-video-preview:-1\" \/>\n<link rel=\"canonical\" href=\"https:\/\/conexion23.com\/?p=38355\" \/>\n<meta property=\"og:locale\" content=\"es_ES\" \/>\n<meta property=\"og:type\" content=\"article\" \/>\n<meta property=\"og:title\" content=\"Realizan El Trabucazo del Desfile Escolar 2025 en SPM. - Conexi\u00f3n 23\" \/>\n<meta property=\"og:description\" content=\"Los estudiantes de mas de 70 Centros Educativos P\u00fablicos y Privados, rindieron honor a la patria, este jueves 27 de febrero en el marco de la celebraci\u00f3n del 181 aniversario de La Independencia Nacional. El Magno evento organizado por los Tecnicos Regionales, Distritales, Profesores y monitores de Educaci\u00f3n F\u00edsica, se realiz\u00f3 en la Plazoleta Padres [&hellip;]\" \/>\n<meta property=\"og:url\" content=\"https:\/\/conexion23.com\/?p=38355\" \/>\n<meta property=\"og:site_name\" content=\"Conexi\u00f3n 23\" \/>\n<meta property=\"article:publisher\" content=\"https:\/\/www.facebook.com\/conexion23com\" \/>\n<meta property=\"article:published_time\" content=\"2025-02-28T12:39:23+00:00\" \/>\n<meta property=\"article:modified_time\" content=\"2025-02-28T12:39:25+00:00\" \/>\n<meta property=\"og:image\" content=\"https:\/\/conexion23.com\/wp-content\/uploads\/2025\/02\/480970138_122183231078053298_9074035396635141400_n.jpg\" \/>\n\t<meta property=\"og:image:width\" content=\"584\" \/>\n\t<meta property=\"og:image:height\" content=\"417\" \/>\n\t<meta property=\"og:image:type\" content=\"image\/jpeg\" \/>\n<meta name=\"author\" content=\"Raffy Ben\u00edtez\" \/>\n<meta name=\"twitter:card\" content=\"summary_large_image\" \/>\n<meta name=\"twitter:label1\" content=\"Escrito por\" \/>\n\t<meta name=\"twitter:data1\" content=\"Raffy Ben\u00edtez\" \/>\n\t<meta name=\"twitter:label2\" content=\"Tiempo de lectura\" \/>\n\t<meta name=\"twitter:data2\" content=\"2 minutos\" \/>\n<script type=\"application\/ld+json\" class=\"yoast-schema-graph\">{\"@context\":\"https:\/\/schema.org\",\"@graph\":[{\"@type\":\"Article\",\"@id\":\"https:\/\/conexion23.com\/?p=38355#article\",\"isPartOf\":{\"@id\":\"https:\/\/conexion23.com\/?p=38355\"},\"author\":{\"name\":\"Raffy Ben\u00edtez\",\"@id\":\"https:\/\/conexion23.com\/#\/schema\/person\/03e36043331117e97a373299bbcd30a6\"},\"headline\":\"Realizan El Trabucazo del Desfile Escolar 2025 en SPM.\",\"datePublished\":\"2025-02-28T12:39:23+00:00\",\"dateModified\":\"2025-02-28T12:39:25+00:00\",\"mainEntityOfPage\":{\"@id\":\"https:\/\/conexion23.com\/?p=38355\"},\"wordCount\":219,\"commentCount\":0,\"publisher\":{\"@id\":\"https:\/\/conexion23.com\/#organization\"},\"image\":{\"@id\":\"https:\/\/conexion23.com\/?p=38355#primaryimage\"},\"thumbnailUrl\":\"https:\/\/conexion23.com\/wp-content\/uploads\/2025\/02\/480970138_122183231078053298_9074035396635141400_n.jpg\",\"articleSection\":[\"SPM\"],\"inLanguage\":\"es\",\"potentialAction\":[{\"@type\":\"CommentAction\",\"name\":\"Comment\",\"target\":[\"https:\/\/conexion23.com\/?p=38355#respond\"]}]},{\"@type\":\"WebPage\",\"@id\":\"https:\/\/conexion23.com\/?p=38355\",\"url\":\"https:\/\/conexion23.com\/?p=38355\",\"name\":\"Realizan El Trabucazo del Desfile Escolar 2025 en SPM. - Conexi\u00f3n 23\",\"isPartOf\":{\"@id\":\"https:\/\/conexion23.com\/#website\"},\"primaryImageOfPage\":{\"@id\":\"https:\/\/conexion23.com\/?p=38355#primaryimage\"},\"image\":{\"@id\":\"https:\/\/conexion23.com\/?p=38355#primaryimage\"},\"thumbnailUrl\":\"https:\/\/conexion23.com\/wp-content\/uploads\/2025\/02\/480970138_122183231078053298_9074035396635141400_n.jpg\",\"datePublished\":\"2025-02-28T12:39:23+00:00\",\"dateModified\":\"2025-02-28T12:39:25+00:00\",\"breadcrumb\":{\"@id\":\"https:\/\/conexion23.com\/?p=38355#breadcrumb\"},\"inLanguage\":\"es\",\"potentialAction\":[{\"@type\":\"ReadAction\",\"target\":[\"https:\/\/conexion23.com\/?p=38355\"]}]},{\"@type\":\"ImageObject\",\"inLanguage\":\"es\",\"@id\":\"https:\/\/conexion23.com\/?p=38355#primaryimage\",\"url\":\"https:\/\/conexion23.com\/wp-content\/uploads\/2025\/02\/480970138_122183231078053298_9074035396635141400_n.jpg\",\"contentUrl\":\"https:\/\/conexion23.com\/wp-content\/uploads\/2025\/02\/480970138_122183231078053298_9074035396635141400_n.jpg\",\"width\":584,\"height\":417},{\"@type\":\"BreadcrumbList\",\"@id\":\"https:\/\/conexion23.com\/?p=38355#breadcrumb\",\"itemListElement\":[{\"@type\":\"ListItem\",\"position\":1,\"name\":\"Portada\",\"item\":\"https:\/\/conexion23.com\/\"},{\"@type\":\"ListItem\",\"position\":2,\"name\":\"Realizan El Trabucazo del Desfile Escolar 2025 en SPM.\"}]},{\"@type\":\"WebSite\",\"@id\":\"https:\/\/conexion23.com\/#website\",\"url\":\"https:\/\/conexion23.com\/\",\"name\":\"Conexi\u00f3n 23\",\"description\":\"Peri\u00f3dico 100% Petromacorisano\",\"publisher\":{\"@id\":\"https:\/\/conexion23.com\/#organization\"},\"potentialAction\":[{\"@type\":\"SearchAction\",\"target\":{\"@type\":\"EntryPoint\",\"urlTemplate\":\"https:\/\/conexion23.com\/?s={search_term_string}\"},\"query-input\":{\"@type\":\"PropertyValueSpecification\",\"valueRequired\":true,\"valueName\":\"search_term_string\"}}],\"inLanguage\":\"es\"},{\"@type\":\"Organization\",\"@id\":\"https:\/\/conexion23.com\/#organization\",\"name\":\"Conexion 23\",\"url\":\"https:\/\/conexion23.com\/\",\"logo\":{\"@type\":\"ImageObject\",\"inLanguage\":\"es\",\"@id\":\"https:\/\/conexion23.com\/#\/schema\/logo\/image\/\",\"url\":\"https:\/\/conexion23.com\/wp-content\/uploads\/2021\/11\/Diseno-sin-titulo-2.png\",\"contentUrl\":\"https:\/\/conexion23.com\/wp-content\/uploads\/2021\/11\/Diseno-sin-titulo-2.png\",\"width\":541,\"height\":90,\"caption\":\"Conexion 23\"},\"image\":{\"@id\":\"https:\/\/conexion23.com\/#\/schema\/logo\/image\/\"},\"sameAs\":[\"https:\/\/www.facebook.com\/conexion23com\",\"https:\/\/www.instagram.com\/conexion23com\/\",\"https:\/\/www.youtube.com\/channel\/UCYc7vxxFZMYLIHNsHHxPZ3Q\"]},{\"@type\":\"Person\",\"@id\":\"https:\/\/conexion23.com\/#\/schema\/person\/03e36043331117e97a373299bbcd30a6\",\"name\":\"Raffy Ben\u00edtez\",\"image\":{\"@type\":\"ImageObject\",\"inLanguage\":\"es\",\"@id\":\"https:\/\/conexion23.com\/#\/schema\/person\/image\/\",\"url\":\"https:\/\/secure.gravatar.com\/avatar\/3190a6a6c5e1b0327500f7d6c56b6242472ee6cb974cf09b401ee6b3b0798f23?s=96&d=mm&r=g\",\"contentUrl\":\"https:\/\/secure.gravatar.com\/avatar\/3190a6a6c5e1b0327500f7d6c56b6242472ee6cb974cf09b401ee6b3b0798f23?s=96&d=mm&r=g\",\"caption\":\"Raffy Ben\u00edtez\"},\"url\":\"https:\/\/conexion23.com\/?author=15\"}]}<\/script>\n<!-- \/ Yoast SEO plugin. -->","yoast_head_json":{"title":"Realizan El Trabucazo del Desfile Escolar 2025 en SPM. - Conexi\u00f3n 23","robots":{"index":"index","follow":"follow","max-snippet":"max-snippet:-1","max-image-preview":"max-image-preview:large","max-video-preview":"max-video-preview:-1"},"canonical":"https:\/\/conexion23.com\/?p=38355","og_locale":"es_ES","og_type":"article","og_title":"Realizan El Trabucazo del Desfile Escolar 2025 en SPM. - Conexi\u00f3n 23","og_description":"Los estudiantes de mas de 70 Centros Educativos P\u00fablicos y Privados, rindieron honor a la patria, este jueves 27 de febrero en el marco de la celebraci\u00f3n del 181 aniversario de La Independencia Nacional. El Magno evento organizado por los Tecnicos Regionales, Distritales, Profesores y monitores de Educaci\u00f3n F\u00edsica, se realiz\u00f3 en la Plazoleta Padres [&hellip;]","og_url":"https:\/\/conexion23.com\/?p=38355","og_site_name":"Conexi\u00f3n 23","article_publisher":"https:\/\/www.facebook.com\/conexion23com","article_published_time":"2025-02-28T12:39:23+00:00","article_modified_time":"2025-02-28T12:39:25+00:00","og_image":[{"width":584,"height":417,"url":"https:\/\/conexion23.com\/wp-content\/uploads\/2025\/02\/480970138_122183231078053298_9074035396635141400_n.jpg","type":"image\/jpeg"}],"author":"Raffy Ben\u00edtez","twitter_card":"summary_large_image","twitter_misc":{"Escrito por":"Raffy Ben\u00edtez","Tiempo de lectura":"2 minutos"},"schema":{"@context":"https:\/\/schema.org","@graph":[{"@type":"Article","@id":"https:\/\/conexion23.com\/?p=38355#article","isPartOf":{"@id":"https:\/\/conexion23.com\/?p=38355"},"author":{"name":"Raffy Ben\u00edtez","@id":"https:\/\/conexion23.com\/#\/schema\/person\/03e36043331117e97a373299bbcd30a6"},"headline":"Realizan El Trabucazo del Desfile Escolar 2025 en SPM.","datePublished":"2025-02-28T12:39:23+00:00","dateModified":"2025-02-28T12:39:25+00:00","mainEntityOfPage":{"@id":"https:\/\/conexion23.com\/?p=38355"},"wordCount":219,"commentCount":0,"publisher":{"@id":"https:\/\/conexion23.com\/#organization"},"image":{"@id":"https:\/\/conexion23.com\/?p=38355#primaryimage"},"thumbnailUrl":"https:\/\/conexion23.com\/wp-content\/uploads\/2025\/02\/480970138_122183231078053298_9074035396635141400_n.jpg","articleSection":["SPM"],"inLanguage":"es","potentialAction":[{"@type":"CommentAction","name":"Comment","target":["https:\/\/conexion23.com\/?p=38355#respond"]}]},{"@type":"WebPage","@id":"https:\/\/conexion23.com\/?p=38355","url":"https:\/\/conexion23.com\/?p=38355","name":"Realizan El Trabucazo del Desfile Escolar 2025 en SPM. - Conexi\u00f3n 23","isPartOf":{"@id":"https:\/\/conexion23.com\/#website"},"primaryImageOfPage":{"@id":"https:\/\/conexion23.com\/?p=38355#primaryimage"},"image":{"@id":"https:\/\/conexion23.com\/?p=38355#primaryimage"},"thumbnailUrl":"https:\/\/conexion23.com\/wp-content\/uploads\/2025\/02\/480970138_122183231078053298_9074035396635141400_n.jpg","datePublished":"2025-02-28T12:39:23+00:00","dateModified":"2025-02-28T12:39:25+00:00","breadcrumb":{"@id":"https:\/\/conexion23.com\/?p=38355#breadcrumb"},"inLanguage":"es","potentialAction":[{"@type":"ReadAction","target":["https:\/\/conexion23.com\/?p=38355"]}]},{"@type":"ImageObject","inLanguage":"es","@id":"https:\/\/conexion23.com\/?p=38355#primaryimage","url":"https:\/\/conexion23.com\/wp-content\/uploads\/2025\/02\/480970138_122183231078053298_9074035396635141400_n.jpg","contentUrl":"https:\/\/conexion23.com\/wp-content\/uploads\/2025\/02\/480970138_122183231078053298_9074035396635141400_n.jpg","width":584,"height":417},{"@type":"BreadcrumbList","@id":"https:\/\/conexion23.com\/?p=38355#breadcrumb","itemListElement":[{"@type":"ListItem","position":1,"name":"Portada","item":"https:\/\/conexion23.com\/"},{"@type":"ListItem","position":2,"name":"Realizan El Trabucazo del Desfile Escolar 2025 en SPM."}]},{"@type":"WebSite","@id":"https:\/\/conexion23.com\/#website","url":"https:\/\/conexion23.com\/","name":"Conexi\u00f3n 23","description":"Peri\u00f3dico 100% Petromacorisano","publisher":{"@id":"https:\/\/conexion23.com\/#organization"},"potentialAction":[{"@type":"SearchAction","target":{"@type":"EntryPoint","urlTemplate":"https:\/\/conexion23.com\/?s={search_term_string}"},"query-input":{"@type":"PropertyValueSpecification","valueRequired":true,"valueName":"search_term_string"}}],"inLanguage":"es"},{"@type":"Organization","@id":"https:\/\/conexion23.com\/#organization","name":"Conexion 23","url":"https:\/\/conexion23.com\/","logo":{"@type":"ImageObject","inLanguage":"es","@id":"https:\/\/conexion23.com\/#\/schema\/logo\/image\/","url":"https:\/\/conexion23.com\/wp-content\/uploads\/2021\/11\/Diseno-sin-titulo-2.png","contentUrl":"https:\/\/conexion23.com\/wp-content\/uploads\/2021\/11\/Diseno-sin-titulo-2.png","width":541,"height":90,"caption":"Conexion 23"},"image":{"@id":"https:\/\/conexion23.com\/#\/schema\/logo\/image\/"},"sameAs":["https:\/\/www.facebook.com\/conexion23com","https:\/\/www.instagram.com\/conexion23com\/","https:\/\/www.youtube.com\/channel\/UCYc7vxxFZMYLIHNsHHxPZ3Q"]},{"@type":"Person","@id":"https:\/\/conexion23.com\/#\/schema\/person\/03e36043331117e97a373299bbcd30a6","name":"Raffy Ben\u00edtez","image":{"@type":"ImageObject","inLanguage":"es","@id":"https:\/\/conexion23.com\/#\/schema\/person\/image\/","url":"https:\/\/secure.gravatar.com\/avatar\/3190a6a6c5e1b0327500f7d6c56b6242472ee6cb974cf09b401ee6b3b0798f23?s=96&d=mm&r=g","contentUrl":"https:\/\/secure.gravatar.com\/avatar\/3190a6a6c5e1b0327500f7d6c56b6242472ee6cb974cf09b401ee6b3b0798f23?s=96&d=mm&r=g","caption":"Raffy Ben\u00edtez"},"url":"https:\/\/conexion23.com\/?author=15"}]}},"_links":{"self":[{"href":"https:\/\/conexion23.com\/index.php?rest_route=\/wp\/v2\/posts\/38355","targetHints":{"allow":["GET"]}}],"collection":[{"href":"https:\/\/conexion23.com\/index.php?rest_route=\/wp\/v2\/posts"}],"about":[{"href":"https:\/\/conexion23.com\/index.php?rest_route=\/wp\/v2\/types\/post"}],"author":[{"embeddable":true,"href":"https:\/\/conexion23.com\/index.php?rest_route=\/wp\/v2\/users\/15"}],"replies":[{"embeddable":true,"href":"https:\/\/conexion23.com\/index.php?rest_route=%2Fwp%2Fv2%2Fcomments&post=38355"}],"version-history":[{"count":1,"href":"https:\/\/conexion23.com\/index.php?rest_route=\/wp\/v2\/posts\/38355\/revisions"}],"predecessor-version":[{"id":38357,"href":"https:\/\/conexion23.com\/index.php?rest_route=\/wp\/v2\/posts\/38355\/revisions\/38357"}],"wp:featuredmedia":[{"embeddable":true,"href":"https:\/\/conexion23.com\/index.php?rest_route=\/wp\/v2\/media\/38356"}],"wp:attachment":[{"href":"https:\/\/conexion23.com\/index.php?rest_route=%2Fwp%2Fv2%2Fmedia&parent=38355"}],"wp:term":[{"taxonomy":"category","embeddable":true,"href":"https:\/\/conexion23.com\/index.php?rest_route=%2Fwp%2Fv2%2Fcategories&post=38355"},{"taxonomy":"post_tag","embeddable":true,"href":"https:\/\/conexion23.com\/index.php?rest_route=%2Fwp%2Fv2%2Ftags&post=38355"}],"curies":[{"name":"wp","href":"https:\/\/api.w.org\/{rel}","templated":true}]}}