{"id":38385,"date":"2025-03-01T08:05:11","date_gmt":"2025-03-01T12:05:11","guid":{"rendered":"https:\/\/conexion23.com\/?p=38385"},"modified":"2025-03-01T08:05:13","modified_gmt":"2025-03-01T12:05:13","slug":"camion-impacta-poste-electrico-y-cae-sobre-una-yipeta-en-san-pedro-de-macoris","status":"publish","type":"post","link":"https:\/\/conexion23.com\/?p=38385","title":{"rendered":"Cami\u00f3n impacta poste el\u00e9ctrico y cae sobre una yipeta en San Pedro de Macor\u00eds."},"content":{"rendered":"\n<p>Un accidente de tr\u00e1nsito ocurri\u00f3 en la calle Libert, detr\u00e1s de la cl\u00ednica del Dr. Franklin Pe\u00f1a, cuando un cami\u00f3n impact\u00f3 un poste del tendido el\u00e9ctrico, provocando su ca\u00edda sobre una yipeta que se encontraba en la v\u00eda.<\/p>\n\n\n\n<p>El incidente gener\u00f3 preocupaci\u00f3n entre los transe\u00fantes y residentes de la zona. Hasta el momento, no se han reportado heridos de gravedad, pero las autoridades y equipos de emergencia se encuentran en el lugar para atender la situaci\u00f3n y restablecer el servicio el\u00e9ctrico afectado.<\/p>\n\n\n\n<p>Se espera que las autoridades ofrezcan m\u00e1s detalles sobre las causas del accidente en las pr\u00f3ximas horas.<\/p>\n","protected":false},"excerpt":{"rendered":"<p>Un accidente de tr\u00e1nsito ocurri\u00f3 en la calle Libert, detr\u00e1s de la cl\u00ednica del Dr. Franklin Pe\u00f1a, cuando un cami\u00f3n impact\u00f3 un poste del tendido el\u00e9ctrico, provocando su ca\u00edda sobre una yipeta que se encontraba en la v\u00eda. El incidente gener\u00f3 preocupaci\u00f3n entre los transe\u00fantes y residentes de la zona. Hasta el momento, no se [&hellip;]<\/p>\n","protected":false},"author":15,"featured_media":38386,"comment_status":"open","ping_status":"open","sticky":false,"template":"","format":"standard","meta":{"footnotes":""},"categories":[35],"tags":[],"class_list":{"0":"post-38385","1":"post","2":"type-post","3":"status-publish","4":"format-standard","5":"has-post-thumbnail","7":"category-spm"},"yoast_head":"<!-- This site is optimized with the Yoast SEO plugin v27.1.1 - https:\/\/yoast.com\/product\/yoast-seo-wordpress\/ -->\n<title>Cami\u00f3n impacta poste el\u00e9ctrico y cae sobre una yipeta en San Pedro de Macor\u00eds. - Conexi\u00f3n 23<\/title>\n<meta name=\"robots\" content=\"index, follow, max-snippet:-1, max-image-preview:large, max-video-preview:-1\" \/>\n<link rel=\"canonical\" href=\"https:\/\/conexion23.com\/?p=38385\" \/>\n<meta property=\"og:locale\" content=\"es_ES\" \/>\n<meta property=\"og:type\" content=\"article\" \/>\n<meta property=\"og:title\" content=\"Cami\u00f3n impacta poste el\u00e9ctrico y cae sobre una yipeta en San Pedro de Macor\u00eds. - Conexi\u00f3n 23\" \/>\n<meta property=\"og:description\" content=\"Un accidente de tr\u00e1nsito ocurri\u00f3 en la calle Libert, detr\u00e1s de la cl\u00ednica del Dr. Franklin Pe\u00f1a, cuando un cami\u00f3n impact\u00f3 un poste del tendido el\u00e9ctrico, provocando su ca\u00edda sobre una yipeta que se encontraba en la v\u00eda. El incidente gener\u00f3 preocupaci\u00f3n entre los transe\u00fantes y residentes de la zona. Hasta el momento, no se [&hellip;]\" \/>\n<meta property=\"og:url\" content=\"https:\/\/conexion23.com\/?p=38385\" \/>\n<meta property=\"og:site_name\" content=\"Conexi\u00f3n 23\" \/>\n<meta property=\"article:publisher\" content=\"https:\/\/www.facebook.com\/conexion23com\" \/>\n<meta property=\"article:published_time\" content=\"2025-03-01T12:05:11+00:00\" \/>\n<meta property=\"article:modified_time\" content=\"2025-03-01T12:05:13+00:00\" \/>\n<meta property=\"og:image\" content=\"https:\/\/conexion23.com\/wp-content\/uploads\/2025\/03\/480780600_1203215435145189_1850538299008345749_n.jpg\" \/>\n\t<meta property=\"og:image:width\" content=\"526\" \/>\n\t<meta property=\"og:image:height\" content=\"935\" \/>\n\t<meta property=\"og:image:type\" content=\"image\/jpeg\" \/>\n<meta name=\"author\" content=\"Raffy Ben\u00edtez\" \/>\n<meta name=\"twitter:card\" content=\"summary_large_image\" \/>\n<meta name=\"twitter:label1\" content=\"Escrito por\" \/>\n\t<meta name=\"twitter:data1\" content=\"Raffy Ben\u00edtez\" \/>\n\t<meta name=\"twitter:label2\" content=\"Tiempo de lectura\" \/>\n\t<meta name=\"twitter:data2\" content=\"1 minuto\" \/>\n<script type=\"application\/ld+json\" class=\"yoast-schema-graph\">{\"@context\":\"https:\/\/schema.org\",\"@graph\":[{\"@type\":\"Article\",\"@id\":\"https:\/\/conexion23.com\/?p=38385#article\",\"isPartOf\":{\"@id\":\"https:\/\/conexion23.com\/?p=38385\"},\"author\":{\"name\":\"Raffy Ben\u00edtez\",\"@id\":\"https:\/\/conexion23.com\/#\/schema\/person\/03e36043331117e97a373299bbcd30a6\"},\"headline\":\"Cami\u00f3n impacta poste el\u00e9ctrico y cae sobre una yipeta en San Pedro de Macor\u00eds.\",\"datePublished\":\"2025-03-01T12:05:11+00:00\",\"dateModified\":\"2025-03-01T12:05:13+00:00\",\"mainEntityOfPage\":{\"@id\":\"https:\/\/conexion23.com\/?p=38385\"},\"wordCount\":130,\"commentCount\":0,\"publisher\":{\"@id\":\"https:\/\/conexion23.com\/#organization\"},\"image\":{\"@id\":\"https:\/\/conexion23.com\/?p=38385#primaryimage\"},\"thumbnailUrl\":\"https:\/\/conexion23.com\/wp-content\/uploads\/2025\/03\/480780600_1203215435145189_1850538299008345749_n.jpg\",\"articleSection\":[\"SPM\"],\"inLanguage\":\"es\",\"potentialAction\":[{\"@type\":\"CommentAction\",\"name\":\"Comment\",\"target\":[\"https:\/\/conexion23.com\/?p=38385#respond\"]}]},{\"@type\":\"WebPage\",\"@id\":\"https:\/\/conexion23.com\/?p=38385\",\"url\":\"https:\/\/conexion23.com\/?p=38385\",\"name\":\"Cami\u00f3n impacta poste el\u00e9ctrico y cae sobre una yipeta en San Pedro de Macor\u00eds. - Conexi\u00f3n 23\",\"isPartOf\":{\"@id\":\"https:\/\/conexion23.com\/#website\"},\"primaryImageOfPage\":{\"@id\":\"https:\/\/conexion23.com\/?p=38385#primaryimage\"},\"image\":{\"@id\":\"https:\/\/conexion23.com\/?p=38385#primaryimage\"},\"thumbnailUrl\":\"https:\/\/conexion23.com\/wp-content\/uploads\/2025\/03\/480780600_1203215435145189_1850538299008345749_n.jpg\",\"datePublished\":\"2025-03-01T12:05:11+00:00\",\"dateModified\":\"2025-03-01T12:05:13+00:00\",\"breadcrumb\":{\"@id\":\"https:\/\/conexion23.com\/?p=38385#breadcrumb\"},\"inLanguage\":\"es\",\"potentialAction\":[{\"@type\":\"ReadAction\",\"target\":[\"https:\/\/conexion23.com\/?p=38385\"]}]},{\"@type\":\"ImageObject\",\"inLanguage\":\"es\",\"@id\":\"https:\/\/conexion23.com\/?p=38385#primaryimage\",\"url\":\"https:\/\/conexion23.com\/wp-content\/uploads\/2025\/03\/480780600_1203215435145189_1850538299008345749_n.jpg\",\"contentUrl\":\"https:\/\/conexion23.com\/wp-content\/uploads\/2025\/03\/480780600_1203215435145189_1850538299008345749_n.jpg\",\"width\":526,\"height\":935},{\"@type\":\"BreadcrumbList\",\"@id\":\"https:\/\/conexion23.com\/?p=38385#breadcrumb\",\"itemListElement\":[{\"@type\":\"ListItem\",\"position\":1,\"name\":\"Portada\",\"item\":\"https:\/\/conexion23.com\/\"},{\"@type\":\"ListItem\",\"position\":2,\"name\":\"Cami\u00f3n impacta poste el\u00e9ctrico y cae sobre una yipeta en San Pedro de Macor\u00eds.\"}]},{\"@type\":\"WebSite\",\"@id\":\"https:\/\/conexion23.com\/#website\",\"url\":\"https:\/\/conexion23.com\/\",\"name\":\"Conexi\u00f3n 23\",\"description\":\"Peri\u00f3dico 100% Petromacorisano\",\"publisher\":{\"@id\":\"https:\/\/conexion23.com\/#organization\"},\"potentialAction\":[{\"@type\":\"SearchAction\",\"target\":{\"@type\":\"EntryPoint\",\"urlTemplate\":\"https:\/\/conexion23.com\/?s={search_term_string}\"},\"query-input\":{\"@type\":\"PropertyValueSpecification\",\"valueRequired\":true,\"valueName\":\"search_term_string\"}}],\"inLanguage\":\"es\"},{\"@type\":\"Organization\",\"@id\":\"https:\/\/conexion23.com\/#organization\",\"name\":\"Conexion 23\",\"url\":\"https:\/\/conexion23.com\/\",\"logo\":{\"@type\":\"ImageObject\",\"inLanguage\":\"es\",\"@id\":\"https:\/\/conexion23.com\/#\/schema\/logo\/image\/\",\"url\":\"https:\/\/conexion23.com\/wp-content\/uploads\/2021\/11\/Diseno-sin-titulo-2.png\",\"contentUrl\":\"https:\/\/conexion23.com\/wp-content\/uploads\/2021\/11\/Diseno-sin-titulo-2.png\",\"width\":541,\"height\":90,\"caption\":\"Conexion 23\"},\"image\":{\"@id\":\"https:\/\/conexion23.com\/#\/schema\/logo\/image\/\"},\"sameAs\":[\"https:\/\/www.facebook.com\/conexion23com\",\"https:\/\/www.instagram.com\/conexion23com\/\",\"https:\/\/www.youtube.com\/channel\/UCYc7vxxFZMYLIHNsHHxPZ3Q\"]},{\"@type\":\"Person\",\"@id\":\"https:\/\/conexion23.com\/#\/schema\/person\/03e36043331117e97a373299bbcd30a6\",\"name\":\"Raffy Ben\u00edtez\",\"image\":{\"@type\":\"ImageObject\",\"inLanguage\":\"es\",\"@id\":\"https:\/\/conexion23.com\/#\/schema\/person\/image\/\",\"url\":\"https:\/\/secure.gravatar.com\/avatar\/3190a6a6c5e1b0327500f7d6c56b6242472ee6cb974cf09b401ee6b3b0798f23?s=96&d=mm&r=g\",\"contentUrl\":\"https:\/\/secure.gravatar.com\/avatar\/3190a6a6c5e1b0327500f7d6c56b6242472ee6cb974cf09b401ee6b3b0798f23?s=96&d=mm&r=g\",\"caption\":\"Raffy Ben\u00edtez\"},\"url\":\"https:\/\/conexion23.com\/?author=15\"}]}<\/script>\n<!-- \/ Yoast SEO plugin. -->","yoast_head_json":{"title":"Cami\u00f3n impacta poste el\u00e9ctrico y cae sobre una yipeta en San Pedro de Macor\u00eds. - Conexi\u00f3n 23","robots":{"index":"index","follow":"follow","max-snippet":"max-snippet:-1","max-image-preview":"max-image-preview:large","max-video-preview":"max-video-preview:-1"},"canonical":"https:\/\/conexion23.com\/?p=38385","og_locale":"es_ES","og_type":"article","og_title":"Cami\u00f3n impacta poste el\u00e9ctrico y cae sobre una yipeta en San Pedro de Macor\u00eds. - Conexi\u00f3n 23","og_description":"Un accidente de tr\u00e1nsito ocurri\u00f3 en la calle Libert, detr\u00e1s de la cl\u00ednica del Dr. Franklin Pe\u00f1a, cuando un cami\u00f3n impact\u00f3 un poste del tendido el\u00e9ctrico, provocando su ca\u00edda sobre una yipeta que se encontraba en la v\u00eda. El incidente gener\u00f3 preocupaci\u00f3n entre los transe\u00fantes y residentes de la zona. Hasta el momento, no se [&hellip;]","og_url":"https:\/\/conexion23.com\/?p=38385","og_site_name":"Conexi\u00f3n 23","article_publisher":"https:\/\/www.facebook.com\/conexion23com","article_published_time":"2025-03-01T12:05:11+00:00","article_modified_time":"2025-03-01T12:05:13+00:00","og_image":[{"width":526,"height":935,"url":"https:\/\/conexion23.com\/wp-content\/uploads\/2025\/03\/480780600_1203215435145189_1850538299008345749_n.jpg","type":"image\/jpeg"}],"author":"Raffy Ben\u00edtez","twitter_card":"summary_large_image","twitter_misc":{"Escrito por":"Raffy Ben\u00edtez","Tiempo de lectura":"1 minuto"},"schema":{"@context":"https:\/\/schema.org","@graph":[{"@type":"Article","@id":"https:\/\/conexion23.com\/?p=38385#article","isPartOf":{"@id":"https:\/\/conexion23.com\/?p=38385"},"author":{"name":"Raffy Ben\u00edtez","@id":"https:\/\/conexion23.com\/#\/schema\/person\/03e36043331117e97a373299bbcd30a6"},"headline":"Cami\u00f3n impacta poste el\u00e9ctrico y cae sobre una yipeta en San Pedro de Macor\u00eds.","datePublished":"2025-03-01T12:05:11+00:00","dateModified":"2025-03-01T12:05:13+00:00","mainEntityOfPage":{"@id":"https:\/\/conexion23.com\/?p=38385"},"wordCount":130,"commentCount":0,"publisher":{"@id":"https:\/\/conexion23.com\/#organization"},"image":{"@id":"https:\/\/conexion23.com\/?p=38385#primaryimage"},"thumbnailUrl":"https:\/\/conexion23.com\/wp-content\/uploads\/2025\/03\/480780600_1203215435145189_1850538299008345749_n.jpg","articleSection":["SPM"],"inLanguage":"es","potentialAction":[{"@type":"CommentAction","name":"Comment","target":["https:\/\/conexion23.com\/?p=38385#respond"]}]},{"@type":"WebPage","@id":"https:\/\/conexion23.com\/?p=38385","url":"https:\/\/conexion23.com\/?p=38385","name":"Cami\u00f3n impacta poste el\u00e9ctrico y cae sobre una yipeta en San Pedro de Macor\u00eds. - Conexi\u00f3n 23","isPartOf":{"@id":"https:\/\/conexion23.com\/#website"},"primaryImageOfPage":{"@id":"https:\/\/conexion23.com\/?p=38385#primaryimage"},"image":{"@id":"https:\/\/conexion23.com\/?p=38385#primaryimage"},"thumbnailUrl":"https:\/\/conexion23.com\/wp-content\/uploads\/2025\/03\/480780600_1203215435145189_1850538299008345749_n.jpg","datePublished":"2025-03-01T12:05:11+00:00","dateModified":"2025-03-01T12:05:13+00:00","breadcrumb":{"@id":"https:\/\/conexion23.com\/?p=38385#breadcrumb"},"inLanguage":"es","potentialAction":[{"@type":"ReadAction","target":["https:\/\/conexion23.com\/?p=38385"]}]},{"@type":"ImageObject","inLanguage":"es","@id":"https:\/\/conexion23.com\/?p=38385#primaryimage","url":"https:\/\/conexion23.com\/wp-content\/uploads\/2025\/03\/480780600_1203215435145189_1850538299008345749_n.jpg","contentUrl":"https:\/\/conexion23.com\/wp-content\/uploads\/2025\/03\/480780600_1203215435145189_1850538299008345749_n.jpg","width":526,"height":935},{"@type":"BreadcrumbList","@id":"https:\/\/conexion23.com\/?p=38385#breadcrumb","itemListElement":[{"@type":"ListItem","position":1,"name":"Portada","item":"https:\/\/conexion23.com\/"},{"@type":"ListItem","position":2,"name":"Cami\u00f3n impacta poste el\u00e9ctrico y cae sobre una yipeta en San Pedro de Macor\u00eds."}]},{"@type":"WebSite","@id":"https:\/\/conexion23.com\/#website","url":"https:\/\/conexion23.com\/","name":"Conexi\u00f3n 23","description":"Peri\u00f3dico 100% Petromacorisano","publisher":{"@id":"https:\/\/conexion23.com\/#organization"},"potentialAction":[{"@type":"SearchAction","target":{"@type":"EntryPoint","urlTemplate":"https:\/\/conexion23.com\/?s={search_term_string}"},"query-input":{"@type":"PropertyValueSpecification","valueRequired":true,"valueName":"search_term_string"}}],"inLanguage":"es"},{"@type":"Organization","@id":"https:\/\/conexion23.com\/#organization","name":"Conexion 23","url":"https:\/\/conexion23.com\/","logo":{"@type":"ImageObject","inLanguage":"es","@id":"https:\/\/conexion23.com\/#\/schema\/logo\/image\/","url":"https:\/\/conexion23.com\/wp-content\/uploads\/2021\/11\/Diseno-sin-titulo-2.png","contentUrl":"https:\/\/conexion23.com\/wp-content\/uploads\/2021\/11\/Diseno-sin-titulo-2.png","width":541,"height":90,"caption":"Conexion 23"},"image":{"@id":"https:\/\/conexion23.com\/#\/schema\/logo\/image\/"},"sameAs":["https:\/\/www.facebook.com\/conexion23com","https:\/\/www.instagram.com\/conexion23com\/","https:\/\/www.youtube.com\/channel\/UCYc7vxxFZMYLIHNsHHxPZ3Q"]},{"@type":"Person","@id":"https:\/\/conexion23.com\/#\/schema\/person\/03e36043331117e97a373299bbcd30a6","name":"Raffy Ben\u00edtez","image":{"@type":"ImageObject","inLanguage":"es","@id":"https:\/\/conexion23.com\/#\/schema\/person\/image\/","url":"https:\/\/secure.gravatar.com\/avatar\/3190a6a6c5e1b0327500f7d6c56b6242472ee6cb974cf09b401ee6b3b0798f23?s=96&d=mm&r=g","contentUrl":"https:\/\/secure.gravatar.com\/avatar\/3190a6a6c5e1b0327500f7d6c56b6242472ee6cb974cf09b401ee6b3b0798f23?s=96&d=mm&r=g","caption":"Raffy Ben\u00edtez"},"url":"https:\/\/conexion23.com\/?author=15"}]}},"_links":{"self":[{"href":"https:\/\/conexion23.com\/index.php?rest_route=\/wp\/v2\/posts\/38385","targetHints":{"allow":["GET"]}}],"collection":[{"href":"https:\/\/conexion23.com\/index.php?rest_route=\/wp\/v2\/posts"}],"about":[{"href":"https:\/\/conexion23.com\/index.php?rest_route=\/wp\/v2\/types\/post"}],"author":[{"embeddable":true,"href":"https:\/\/conexion23.com\/index.php?rest_route=\/wp\/v2\/users\/15"}],"replies":[{"embeddable":true,"href":"https:\/\/conexion23.com\/index.php?rest_route=%2Fwp%2Fv2%2Fcomments&post=38385"}],"version-history":[{"count":1,"href":"https:\/\/conexion23.com\/index.php?rest_route=\/wp\/v2\/posts\/38385\/revisions"}],"predecessor-version":[{"id":38387,"href":"https:\/\/conexion23.com\/index.php?rest_route=\/wp\/v2\/posts\/38385\/revisions\/38387"}],"wp:featuredmedia":[{"embeddable":true,"href":"https:\/\/conexion23.com\/index.php?rest_route=\/wp\/v2\/media\/38386"}],"wp:attachment":[{"href":"https:\/\/conexion23.com\/index.php?rest_route=%2Fwp%2Fv2%2Fmedia&parent=38385"}],"wp:term":[{"taxonomy":"category","embeddable":true,"href":"https:\/\/conexion23.com\/index.php?rest_route=%2Fwp%2Fv2%2Fcategories&post=38385"},{"taxonomy":"post_tag","embeddable":true,"href":"https:\/\/conexion23.com\/index.php?rest_route=%2Fwp%2Fv2%2Ftags&post=38385"}],"curies":[{"name":"wp","href":"https:\/\/api.w.org\/{rel}","templated":true}]}}