{"id":38388,"date":"2025-03-01T08:26:01","date_gmt":"2025-03-01T12:26:01","guid":{"rendered":"https:\/\/conexion23.com\/?p=38388"},"modified":"2025-03-01T08:26:03","modified_gmt":"2025-03-01T12:26:03","slug":"accidente-fatal-en-la-avenida-hugo-chavez-motorista-pierde-la-vida-aplastado-por-patana","status":"publish","type":"post","link":"https:\/\/conexion23.com\/?p=38388","title":{"rendered":"Accidente Fatal en la Avenida Hugo Ch\u00e1vez, Motorista Pierde la Vida, aplastado por patana."},"content":{"rendered":"\n<p>Un tr\u00e1gico accidente de tr\u00e1nsito cobr\u00f3 la vida de un hombre en la ma\u00f1ana de este viernes en la avenida Presidente Hugo Chavez en San Pedro de Macor\u00eds.<\/p>\n\n\n\n<p>La v\u00edctima fue identificado como Rafaelito Manzueta Jimenez de 41 a\u00f1os residente en la calle Las Ca\u00f1itas de Barrio Lindo.<\/p>\n\n\n\n<p>Seg\u00fan las versiones Rafaelito se desplazaba en una motocicleta cuando colision\u00f3 con la patana sufriendo aplastamiento de cr\u00e1neo y por ende muerte instant\u00e1nea.<\/p>\n\n\n\n<p>Al lugar del accidente se presentaron la defensa civil, la DIGESETT y la polic\u00eda Nacional quienes trabajaron en conjunto hasta la llegada de los representantes del INACIF quienes realizaron el levantamiento del cad\u00e1ver.<\/p>\n\n\n\n<p>Posteriormente fue trasladado al Hospital Antonio Musa para los procedimientos correspondientes.<\/p>\n","protected":false},"excerpt":{"rendered":"<p>Un tr\u00e1gico accidente de tr\u00e1nsito cobr\u00f3 la vida de un hombre en la ma\u00f1ana de este viernes en la avenida Presidente Hugo Chavez en San Pedro de Macor\u00eds. La v\u00edctima fue identificado como Rafaelito Manzueta Jimenez de 41 a\u00f1os residente en la calle Las Ca\u00f1itas de Barrio Lindo. Seg\u00fan las versiones Rafaelito se desplazaba en [&hellip;]<\/p>\n","protected":false},"author":15,"featured_media":38389,"comment_status":"open","ping_status":"open","sticky":false,"template":"","format":"standard","meta":{"footnotes":""},"categories":[35],"tags":[],"class_list":{"0":"post-38388","1":"post","2":"type-post","3":"status-publish","4":"format-standard","5":"has-post-thumbnail","7":"category-spm"},"yoast_head":"<!-- This site is optimized with the Yoast SEO plugin v27.1.1 - https:\/\/yoast.com\/product\/yoast-seo-wordpress\/ -->\n<title>Accidente Fatal en la Avenida Hugo Ch\u00e1vez, Motorista Pierde la Vida, aplastado por patana. - Conexi\u00f3n 23<\/title>\n<meta name=\"robots\" content=\"index, follow, max-snippet:-1, max-image-preview:large, max-video-preview:-1\" \/>\n<link rel=\"canonical\" href=\"https:\/\/conexion23.com\/?p=38388\" \/>\n<meta property=\"og:locale\" content=\"es_ES\" \/>\n<meta property=\"og:type\" content=\"article\" \/>\n<meta property=\"og:title\" content=\"Accidente Fatal en la Avenida Hugo Ch\u00e1vez, Motorista Pierde la Vida, aplastado por patana. - Conexi\u00f3n 23\" \/>\n<meta property=\"og:description\" content=\"Un tr\u00e1gico accidente de tr\u00e1nsito cobr\u00f3 la vida de un hombre en la ma\u00f1ana de este viernes en la avenida Presidente Hugo Chavez en San Pedro de Macor\u00eds. La v\u00edctima fue identificado como Rafaelito Manzueta Jimenez de 41 a\u00f1os residente en la calle Las Ca\u00f1itas de Barrio Lindo. Seg\u00fan las versiones Rafaelito se desplazaba en [&hellip;]\" \/>\n<meta property=\"og:url\" content=\"https:\/\/conexion23.com\/?p=38388\" \/>\n<meta property=\"og:site_name\" content=\"Conexi\u00f3n 23\" \/>\n<meta property=\"article:publisher\" content=\"https:\/\/www.facebook.com\/conexion23com\" \/>\n<meta property=\"article:published_time\" content=\"2025-03-01T12:26:01+00:00\" \/>\n<meta property=\"article:modified_time\" content=\"2025-03-01T12:26:03+00:00\" \/>\n<meta property=\"og:image\" content=\"https:\/\/conexion23.com\/wp-content\/uploads\/2025\/03\/1000644471.webp\" \/>\n\t<meta property=\"og:image:width\" content=\"254\" \/>\n\t<meta property=\"og:image:height\" content=\"320\" \/>\n\t<meta property=\"og:image:type\" content=\"image\/webp\" \/>\n<meta name=\"author\" content=\"Raffy Ben\u00edtez\" \/>\n<meta name=\"twitter:card\" content=\"summary_large_image\" \/>\n<meta name=\"twitter:label1\" content=\"Escrito por\" \/>\n\t<meta name=\"twitter:data1\" content=\"Raffy Ben\u00edtez\" \/>\n\t<meta name=\"twitter:label2\" content=\"Tiempo de lectura\" \/>\n\t<meta name=\"twitter:data2\" content=\"1 minuto\" \/>\n<script type=\"application\/ld+json\" class=\"yoast-schema-graph\">{\"@context\":\"https:\/\/schema.org\",\"@graph\":[{\"@type\":\"Article\",\"@id\":\"https:\/\/conexion23.com\/?p=38388#article\",\"isPartOf\":{\"@id\":\"https:\/\/conexion23.com\/?p=38388\"},\"author\":{\"name\":\"Raffy Ben\u00edtez\",\"@id\":\"https:\/\/conexion23.com\/#\/schema\/person\/03e36043331117e97a373299bbcd30a6\"},\"headline\":\"Accidente Fatal en la Avenida Hugo Ch\u00e1vez, Motorista Pierde la Vida, aplastado por patana.\",\"datePublished\":\"2025-03-01T12:26:01+00:00\",\"dateModified\":\"2025-03-01T12:26:03+00:00\",\"mainEntityOfPage\":{\"@id\":\"https:\/\/conexion23.com\/?p=38388\"},\"wordCount\":141,\"commentCount\":0,\"publisher\":{\"@id\":\"https:\/\/conexion23.com\/#organization\"},\"image\":{\"@id\":\"https:\/\/conexion23.com\/?p=38388#primaryimage\"},\"thumbnailUrl\":\"https:\/\/conexion23.com\/wp-content\/uploads\/2025\/03\/1000644471.webp\",\"articleSection\":[\"SPM\"],\"inLanguage\":\"es\",\"potentialAction\":[{\"@type\":\"CommentAction\",\"name\":\"Comment\",\"target\":[\"https:\/\/conexion23.com\/?p=38388#respond\"]}]},{\"@type\":\"WebPage\",\"@id\":\"https:\/\/conexion23.com\/?p=38388\",\"url\":\"https:\/\/conexion23.com\/?p=38388\",\"name\":\"Accidente Fatal en la Avenida Hugo Ch\u00e1vez, Motorista Pierde la Vida, aplastado por patana. - Conexi\u00f3n 23\",\"isPartOf\":{\"@id\":\"https:\/\/conexion23.com\/#website\"},\"primaryImageOfPage\":{\"@id\":\"https:\/\/conexion23.com\/?p=38388#primaryimage\"},\"image\":{\"@id\":\"https:\/\/conexion23.com\/?p=38388#primaryimage\"},\"thumbnailUrl\":\"https:\/\/conexion23.com\/wp-content\/uploads\/2025\/03\/1000644471.webp\",\"datePublished\":\"2025-03-01T12:26:01+00:00\",\"dateModified\":\"2025-03-01T12:26:03+00:00\",\"breadcrumb\":{\"@id\":\"https:\/\/conexion23.com\/?p=38388#breadcrumb\"},\"inLanguage\":\"es\",\"potentialAction\":[{\"@type\":\"ReadAction\",\"target\":[\"https:\/\/conexion23.com\/?p=38388\"]}]},{\"@type\":\"ImageObject\",\"inLanguage\":\"es\",\"@id\":\"https:\/\/conexion23.com\/?p=38388#primaryimage\",\"url\":\"https:\/\/conexion23.com\/wp-content\/uploads\/2025\/03\/1000644471.webp\",\"contentUrl\":\"https:\/\/conexion23.com\/wp-content\/uploads\/2025\/03\/1000644471.webp\",\"width\":254,\"height\":320},{\"@type\":\"BreadcrumbList\",\"@id\":\"https:\/\/conexion23.com\/?p=38388#breadcrumb\",\"itemListElement\":[{\"@type\":\"ListItem\",\"position\":1,\"name\":\"Portada\",\"item\":\"https:\/\/conexion23.com\/\"},{\"@type\":\"ListItem\",\"position\":2,\"name\":\"Accidente Fatal en la Avenida Hugo Ch\u00e1vez, Motorista Pierde la Vida, aplastado por patana.\"}]},{\"@type\":\"WebSite\",\"@id\":\"https:\/\/conexion23.com\/#website\",\"url\":\"https:\/\/conexion23.com\/\",\"name\":\"Conexi\u00f3n 23\",\"description\":\"Peri\u00f3dico 100% Petromacorisano\",\"publisher\":{\"@id\":\"https:\/\/conexion23.com\/#organization\"},\"potentialAction\":[{\"@type\":\"SearchAction\",\"target\":{\"@type\":\"EntryPoint\",\"urlTemplate\":\"https:\/\/conexion23.com\/?s={search_term_string}\"},\"query-input\":{\"@type\":\"PropertyValueSpecification\",\"valueRequired\":true,\"valueName\":\"search_term_string\"}}],\"inLanguage\":\"es\"},{\"@type\":\"Organization\",\"@id\":\"https:\/\/conexion23.com\/#organization\",\"name\":\"Conexion 23\",\"url\":\"https:\/\/conexion23.com\/\",\"logo\":{\"@type\":\"ImageObject\",\"inLanguage\":\"es\",\"@id\":\"https:\/\/conexion23.com\/#\/schema\/logo\/image\/\",\"url\":\"https:\/\/conexion23.com\/wp-content\/uploads\/2021\/11\/Diseno-sin-titulo-2.png\",\"contentUrl\":\"https:\/\/conexion23.com\/wp-content\/uploads\/2021\/11\/Diseno-sin-titulo-2.png\",\"width\":541,\"height\":90,\"caption\":\"Conexion 23\"},\"image\":{\"@id\":\"https:\/\/conexion23.com\/#\/schema\/logo\/image\/\"},\"sameAs\":[\"https:\/\/www.facebook.com\/conexion23com\",\"https:\/\/www.instagram.com\/conexion23com\/\",\"https:\/\/www.youtube.com\/channel\/UCYc7vxxFZMYLIHNsHHxPZ3Q\"]},{\"@type\":\"Person\",\"@id\":\"https:\/\/conexion23.com\/#\/schema\/person\/03e36043331117e97a373299bbcd30a6\",\"name\":\"Raffy Ben\u00edtez\",\"image\":{\"@type\":\"ImageObject\",\"inLanguage\":\"es\",\"@id\":\"https:\/\/conexion23.com\/#\/schema\/person\/image\/\",\"url\":\"https:\/\/secure.gravatar.com\/avatar\/3190a6a6c5e1b0327500f7d6c56b6242472ee6cb974cf09b401ee6b3b0798f23?s=96&d=mm&r=g\",\"contentUrl\":\"https:\/\/secure.gravatar.com\/avatar\/3190a6a6c5e1b0327500f7d6c56b6242472ee6cb974cf09b401ee6b3b0798f23?s=96&d=mm&r=g\",\"caption\":\"Raffy Ben\u00edtez\"},\"url\":\"https:\/\/conexion23.com\/?author=15\"}]}<\/script>\n<!-- \/ Yoast SEO plugin. -->","yoast_head_json":{"title":"Accidente Fatal en la Avenida Hugo Ch\u00e1vez, Motorista Pierde la Vida, aplastado por patana. - Conexi\u00f3n 23","robots":{"index":"index","follow":"follow","max-snippet":"max-snippet:-1","max-image-preview":"max-image-preview:large","max-video-preview":"max-video-preview:-1"},"canonical":"https:\/\/conexion23.com\/?p=38388","og_locale":"es_ES","og_type":"article","og_title":"Accidente Fatal en la Avenida Hugo Ch\u00e1vez, Motorista Pierde la Vida, aplastado por patana. - Conexi\u00f3n 23","og_description":"Un tr\u00e1gico accidente de tr\u00e1nsito cobr\u00f3 la vida de un hombre en la ma\u00f1ana de este viernes en la avenida Presidente Hugo Chavez en San Pedro de Macor\u00eds. La v\u00edctima fue identificado como Rafaelito Manzueta Jimenez de 41 a\u00f1os residente en la calle Las Ca\u00f1itas de Barrio Lindo. Seg\u00fan las versiones Rafaelito se desplazaba en [&hellip;]","og_url":"https:\/\/conexion23.com\/?p=38388","og_site_name":"Conexi\u00f3n 23","article_publisher":"https:\/\/www.facebook.com\/conexion23com","article_published_time":"2025-03-01T12:26:01+00:00","article_modified_time":"2025-03-01T12:26:03+00:00","og_image":[{"width":254,"height":320,"url":"https:\/\/conexion23.com\/wp-content\/uploads\/2025\/03\/1000644471.webp","type":"image\/webp"}],"author":"Raffy Ben\u00edtez","twitter_card":"summary_large_image","twitter_misc":{"Escrito por":"Raffy Ben\u00edtez","Tiempo de lectura":"1 minuto"},"schema":{"@context":"https:\/\/schema.org","@graph":[{"@type":"Article","@id":"https:\/\/conexion23.com\/?p=38388#article","isPartOf":{"@id":"https:\/\/conexion23.com\/?p=38388"},"author":{"name":"Raffy Ben\u00edtez","@id":"https:\/\/conexion23.com\/#\/schema\/person\/03e36043331117e97a373299bbcd30a6"},"headline":"Accidente Fatal en la Avenida Hugo Ch\u00e1vez, Motorista Pierde la Vida, aplastado por patana.","datePublished":"2025-03-01T12:26:01+00:00","dateModified":"2025-03-01T12:26:03+00:00","mainEntityOfPage":{"@id":"https:\/\/conexion23.com\/?p=38388"},"wordCount":141,"commentCount":0,"publisher":{"@id":"https:\/\/conexion23.com\/#organization"},"image":{"@id":"https:\/\/conexion23.com\/?p=38388#primaryimage"},"thumbnailUrl":"https:\/\/conexion23.com\/wp-content\/uploads\/2025\/03\/1000644471.webp","articleSection":["SPM"],"inLanguage":"es","potentialAction":[{"@type":"CommentAction","name":"Comment","target":["https:\/\/conexion23.com\/?p=38388#respond"]}]},{"@type":"WebPage","@id":"https:\/\/conexion23.com\/?p=38388","url":"https:\/\/conexion23.com\/?p=38388","name":"Accidente Fatal en la Avenida Hugo Ch\u00e1vez, Motorista Pierde la Vida, aplastado por patana. - Conexi\u00f3n 23","isPartOf":{"@id":"https:\/\/conexion23.com\/#website"},"primaryImageOfPage":{"@id":"https:\/\/conexion23.com\/?p=38388#primaryimage"},"image":{"@id":"https:\/\/conexion23.com\/?p=38388#primaryimage"},"thumbnailUrl":"https:\/\/conexion23.com\/wp-content\/uploads\/2025\/03\/1000644471.webp","datePublished":"2025-03-01T12:26:01+00:00","dateModified":"2025-03-01T12:26:03+00:00","breadcrumb":{"@id":"https:\/\/conexion23.com\/?p=38388#breadcrumb"},"inLanguage":"es","potentialAction":[{"@type":"ReadAction","target":["https:\/\/conexion23.com\/?p=38388"]}]},{"@type":"ImageObject","inLanguage":"es","@id":"https:\/\/conexion23.com\/?p=38388#primaryimage","url":"https:\/\/conexion23.com\/wp-content\/uploads\/2025\/03\/1000644471.webp","contentUrl":"https:\/\/conexion23.com\/wp-content\/uploads\/2025\/03\/1000644471.webp","width":254,"height":320},{"@type":"BreadcrumbList","@id":"https:\/\/conexion23.com\/?p=38388#breadcrumb","itemListElement":[{"@type":"ListItem","position":1,"name":"Portada","item":"https:\/\/conexion23.com\/"},{"@type":"ListItem","position":2,"name":"Accidente Fatal en la Avenida Hugo Ch\u00e1vez, Motorista Pierde la Vida, aplastado por patana."}]},{"@type":"WebSite","@id":"https:\/\/conexion23.com\/#website","url":"https:\/\/conexion23.com\/","name":"Conexi\u00f3n 23","description":"Peri\u00f3dico 100% Petromacorisano","publisher":{"@id":"https:\/\/conexion23.com\/#organization"},"potentialAction":[{"@type":"SearchAction","target":{"@type":"EntryPoint","urlTemplate":"https:\/\/conexion23.com\/?s={search_term_string}"},"query-input":{"@type":"PropertyValueSpecification","valueRequired":true,"valueName":"search_term_string"}}],"inLanguage":"es"},{"@type":"Organization","@id":"https:\/\/conexion23.com\/#organization","name":"Conexion 23","url":"https:\/\/conexion23.com\/","logo":{"@type":"ImageObject","inLanguage":"es","@id":"https:\/\/conexion23.com\/#\/schema\/logo\/image\/","url":"https:\/\/conexion23.com\/wp-content\/uploads\/2021\/11\/Diseno-sin-titulo-2.png","contentUrl":"https:\/\/conexion23.com\/wp-content\/uploads\/2021\/11\/Diseno-sin-titulo-2.png","width":541,"height":90,"caption":"Conexion 23"},"image":{"@id":"https:\/\/conexion23.com\/#\/schema\/logo\/image\/"},"sameAs":["https:\/\/www.facebook.com\/conexion23com","https:\/\/www.instagram.com\/conexion23com\/","https:\/\/www.youtube.com\/channel\/UCYc7vxxFZMYLIHNsHHxPZ3Q"]},{"@type":"Person","@id":"https:\/\/conexion23.com\/#\/schema\/person\/03e36043331117e97a373299bbcd30a6","name":"Raffy Ben\u00edtez","image":{"@type":"ImageObject","inLanguage":"es","@id":"https:\/\/conexion23.com\/#\/schema\/person\/image\/","url":"https:\/\/secure.gravatar.com\/avatar\/3190a6a6c5e1b0327500f7d6c56b6242472ee6cb974cf09b401ee6b3b0798f23?s=96&d=mm&r=g","contentUrl":"https:\/\/secure.gravatar.com\/avatar\/3190a6a6c5e1b0327500f7d6c56b6242472ee6cb974cf09b401ee6b3b0798f23?s=96&d=mm&r=g","caption":"Raffy Ben\u00edtez"},"url":"https:\/\/conexion23.com\/?author=15"}]}},"_links":{"self":[{"href":"https:\/\/conexion23.com\/index.php?rest_route=\/wp\/v2\/posts\/38388","targetHints":{"allow":["GET"]}}],"collection":[{"href":"https:\/\/conexion23.com\/index.php?rest_route=\/wp\/v2\/posts"}],"about":[{"href":"https:\/\/conexion23.com\/index.php?rest_route=\/wp\/v2\/types\/post"}],"author":[{"embeddable":true,"href":"https:\/\/conexion23.com\/index.php?rest_route=\/wp\/v2\/users\/15"}],"replies":[{"embeddable":true,"href":"https:\/\/conexion23.com\/index.php?rest_route=%2Fwp%2Fv2%2Fcomments&post=38388"}],"version-history":[{"count":1,"href":"https:\/\/conexion23.com\/index.php?rest_route=\/wp\/v2\/posts\/38388\/revisions"}],"predecessor-version":[{"id":38390,"href":"https:\/\/conexion23.com\/index.php?rest_route=\/wp\/v2\/posts\/38388\/revisions\/38390"}],"wp:featuredmedia":[{"embeddable":true,"href":"https:\/\/conexion23.com\/index.php?rest_route=\/wp\/v2\/media\/38389"}],"wp:attachment":[{"href":"https:\/\/conexion23.com\/index.php?rest_route=%2Fwp%2Fv2%2Fmedia&parent=38388"}],"wp:term":[{"taxonomy":"category","embeddable":true,"href":"https:\/\/conexion23.com\/index.php?rest_route=%2Fwp%2Fv2%2Fcategories&post=38388"},{"taxonomy":"post_tag","embeddable":true,"href":"https:\/\/conexion23.com\/index.php?rest_route=%2Fwp%2Fv2%2Ftags&post=38388"}],"curies":[{"name":"wp","href":"https:\/\/api.w.org\/{rel}","templated":true}]}}