{"id":38564,"date":"2025-03-07T07:20:23","date_gmt":"2025-03-07T11:20:23","guid":{"rendered":"https:\/\/conexion23.com\/?p=38564"},"modified":"2025-03-07T07:20:25","modified_gmt":"2025-03-07T11:20:25","slug":"presidente-espanol-pedro-sanchez-se-disculpa-con-rd-por-video-del-partido-popular","status":"publish","type":"post","link":"https:\/\/conexion23.com\/?p=38564","title":{"rendered":"Presidente Espa\u00f1ol, Pedro S\u00e1nchez se disculpa con RD por video del Partido Popular."},"content":{"rendered":"\n<p class=\"wp-block-paragraph\">El presidente de&nbsp;<strong>Espa\u00f1a<\/strong>,&nbsp;<strong>Pedro S\u00e1nchez<\/strong>, se disculp\u00f3&nbsp;con la&nbsp;<strong>Rep\u00fablica Dominicana<\/strong>&nbsp;por el video difundido este jueves por sus&nbsp;<strong>rivales<\/strong>&nbsp;del&nbsp;<strong>Partido Popular<\/strong>&nbsp;(<strong>PP<\/strong>), en el que usa su imagen para montar un \u00ab<em>reality show\u00bb<\/em>&nbsp;llamado \u00abLa isla de las corrupciones\u00bb, que finaliza con una imagen del<strong>&nbsp;mapa del pa\u00eds<\/strong>&nbsp;y la&nbsp;<strong>bandera dominicana<\/strong>.<\/p>\n\n\n\n<p class=\"wp-block-paragraph\">\u00abLa&nbsp;<strong>Rep\u00fablica Dominicana<\/strong>&nbsp;es un pa\u00eds extraordinario, un pa\u00eds amigo, un pa\u00eds con el que tenemos lazos culturales e hist\u00f3ricos, que aprecia&nbsp;<strong>Espa\u00f1a<\/strong>\u00ab, dijo S\u00e1nchez, frente a la prensa.<\/p>\n\n\n\n<p class=\"wp-block-paragraph\">Agreg\u00f3: \u00abLo \u00fanico que puedo decir es que&nbsp;<strong>siento mucha verg\u00fcenza<\/strong>&nbsp;y que, en nombre de&nbsp;<strong>Espa\u00f1a<\/strong>,&nbsp;<strong>lo siento, lo siento profundamente<\/strong>\u00ab. S\u00e1nchez dijo que no ha visto el video, pero s\u00ed vio la nota de protesta del Gobierno dominicano, a quien calific\u00f3 como un \u00ab<strong>gobierno<\/strong>&nbsp;amigo\u00bb.<\/p>\n\n\n\n<p class=\"wp-block-paragraph\">\u00abLo siento profundamente\u00bb, insisti\u00f3 S\u00e1nchez.<\/p>\n\n\n\n<p class=\"wp-block-paragraph\">Expres\u00f3 que quienes deben responder por el video son los directivos del&nbsp;<strong>Partido Popular<\/strong>, organizaci\u00f3n que us\u00f3 su rostro, el de su esposa Bego\u00f1a G\u00f3mez y otros miembros del Partido Socialista Obrero Espa\u00f1ol&nbsp;(<strong>PSOE<\/strong>), a fin de denunciar la supuesta&nbsp;<strong>corrupci\u00f3n<\/strong>&nbsp;dentro del Gobierno espa\u00f1ol, seg\u00fan el&nbsp;<strong>Partido Popular<\/strong>.<\/p>\n","protected":false},"excerpt":{"rendered":"<p>El presidente de&nbsp;Espa\u00f1a,&nbsp;Pedro S\u00e1nchez, se disculp\u00f3&nbsp;con la&nbsp;Rep\u00fablica Dominicana&nbsp;por el video difundido este jueves por sus&nbsp;rivales&nbsp;del&nbsp;Partido Popular&nbsp;(PP), en el que usa su imagen para montar un \u00abreality show\u00bb&nbsp;llamado \u00abLa isla de las corrupciones\u00bb, que finaliza con una imagen del&nbsp;mapa del pa\u00eds&nbsp;y la&nbsp;bandera dominicana. \u00abLa&nbsp;Rep\u00fablica Dominicana&nbsp;es un pa\u00eds extraordinario, un pa\u00eds amigo, un pa\u00eds con el que [&hellip;]<\/p>\n","protected":false},"author":15,"featured_media":38565,"comment_status":"open","ping_status":"open","sticky":false,"template":"","format":"standard","meta":{"footnotes":""},"categories":[1],"tags":[],"class_list":["post-38564","post","type-post","status-publish","format-standard","has-post-thumbnail","category-uncategorized"],"yoast_head":"<!-- This site is optimized with the Yoast SEO plugin v27.6 - https:\/\/yoast.com\/product\/yoast-seo-wordpress\/ -->\n<title>Presidente Espa\u00f1ol, Pedro S\u00e1nchez se disculpa con RD por video del Partido Popular. - Conexi\u00f3n 23<\/title>\n<meta name=\"robots\" content=\"index, follow, max-snippet:-1, max-image-preview:large, max-video-preview:-1\" \/>\n<link rel=\"canonical\" href=\"https:\/\/conexion23.com\/?p=38564\" \/>\n<meta property=\"og:locale\" content=\"es_ES\" \/>\n<meta property=\"og:type\" content=\"article\" \/>\n<meta property=\"og:title\" content=\"Presidente Espa\u00f1ol, Pedro S\u00e1nchez se disculpa con RD por video del Partido Popular. - Conexi\u00f3n 23\" \/>\n<meta property=\"og:description\" content=\"El presidente de&nbsp;Espa\u00f1a,&nbsp;Pedro S\u00e1nchez, se disculp\u00f3&nbsp;con la&nbsp;Rep\u00fablica Dominicana&nbsp;por el video difundido este jueves por sus&nbsp;rivales&nbsp;del&nbsp;Partido Popular&nbsp;(PP), en el que usa su imagen para montar un \u00abreality show\u00bb&nbsp;llamado \u00abLa isla de las corrupciones\u00bb, que finaliza con una imagen del&nbsp;mapa del pa\u00eds&nbsp;y la&nbsp;bandera dominicana. \u00abLa&nbsp;Rep\u00fablica Dominicana&nbsp;es un pa\u00eds extraordinario, un pa\u00eds amigo, un pa\u00eds con el que [&hellip;]\" \/>\n<meta property=\"og:url\" content=\"https:\/\/conexion23.com\/?p=38564\" \/>\n<meta property=\"og:site_name\" content=\"Conexi\u00f3n 23\" \/>\n<meta property=\"article:publisher\" content=\"https:\/\/www.facebook.com\/conexion23com\" \/>\n<meta property=\"article:published_time\" content=\"2025-03-07T11:20:23+00:00\" \/>\n<meta property=\"article:modified_time\" content=\"2025-03-07T11:20:25+00:00\" \/>\n<meta property=\"og:image\" content=\"https:\/\/conexion23.com\/wp-content\/uploads\/2025\/03\/descarga-2-1.jpg\" \/>\n\t<meta property=\"og:image:width\" content=\"275\" \/>\n\t<meta property=\"og:image:height\" content=\"183\" \/>\n\t<meta property=\"og:image:type\" content=\"image\/jpeg\" \/>\n<meta name=\"author\" content=\"Raffy Ben\u00edtez\" \/>\n<meta name=\"twitter:card\" content=\"summary_large_image\" \/>\n<meta name=\"twitter:label1\" content=\"Escrito por\" \/>\n\t<meta name=\"twitter:data1\" content=\"Raffy Ben\u00edtez\" \/>\n\t<meta name=\"twitter:label2\" content=\"Tiempo de lectura\" \/>\n\t<meta name=\"twitter:data2\" content=\"2 minutos\" \/>\n<script type=\"application\/ld+json\" class=\"yoast-schema-graph\">{\"@context\":\"https:\\\/\\\/schema.org\",\"@graph\":[{\"@type\":\"Article\",\"@id\":\"https:\\\/\\\/conexion23.com\\\/?p=38564#article\",\"isPartOf\":{\"@id\":\"https:\\\/\\\/conexion23.com\\\/?p=38564\"},\"author\":{\"name\":\"Raffy Ben\u00edtez\",\"@id\":\"https:\\\/\\\/conexion23.com\\\/#\\\/schema\\\/person\\\/03e36043331117e97a373299bbcd30a6\"},\"headline\":\"Presidente Espa\u00f1ol, Pedro S\u00e1nchez se disculpa con RD por video del Partido Popular.\",\"datePublished\":\"2025-03-07T11:20:23+00:00\",\"dateModified\":\"2025-03-07T11:20:25+00:00\",\"mainEntityOfPage\":{\"@id\":\"https:\\\/\\\/conexion23.com\\\/?p=38564\"},\"wordCount\":248,\"commentCount\":0,\"publisher\":{\"@id\":\"https:\\\/\\\/conexion23.com\\\/#organization\"},\"image\":{\"@id\":\"https:\\\/\\\/conexion23.com\\\/?p=38564#primaryimage\"},\"thumbnailUrl\":\"https:\\\/\\\/conexion23.com\\\/wp-content\\\/uploads\\\/2025\\\/03\\\/descarga-2-1.jpg\",\"articleSection\":[\"Uncategorized\"],\"inLanguage\":\"es\",\"potentialAction\":[{\"@type\":\"CommentAction\",\"name\":\"Comment\",\"target\":[\"https:\\\/\\\/conexion23.com\\\/?p=38564#respond\"]}]},{\"@type\":\"WebPage\",\"@id\":\"https:\\\/\\\/conexion23.com\\\/?p=38564\",\"url\":\"https:\\\/\\\/conexion23.com\\\/?p=38564\",\"name\":\"Presidente Espa\u00f1ol, Pedro S\u00e1nchez se disculpa con RD por video del Partido Popular. - Conexi\u00f3n 23\",\"isPartOf\":{\"@id\":\"https:\\\/\\\/conexion23.com\\\/#website\"},\"primaryImageOfPage\":{\"@id\":\"https:\\\/\\\/conexion23.com\\\/?p=38564#primaryimage\"},\"image\":{\"@id\":\"https:\\\/\\\/conexion23.com\\\/?p=38564#primaryimage\"},\"thumbnailUrl\":\"https:\\\/\\\/conexion23.com\\\/wp-content\\\/uploads\\\/2025\\\/03\\\/descarga-2-1.jpg\",\"datePublished\":\"2025-03-07T11:20:23+00:00\",\"dateModified\":\"2025-03-07T11:20:25+00:00\",\"breadcrumb\":{\"@id\":\"https:\\\/\\\/conexion23.com\\\/?p=38564#breadcrumb\"},\"inLanguage\":\"es\",\"potentialAction\":[{\"@type\":\"ReadAction\",\"target\":[\"https:\\\/\\\/conexion23.com\\\/?p=38564\"]}]},{\"@type\":\"ImageObject\",\"inLanguage\":\"es\",\"@id\":\"https:\\\/\\\/conexion23.com\\\/?p=38564#primaryimage\",\"url\":\"https:\\\/\\\/conexion23.com\\\/wp-content\\\/uploads\\\/2025\\\/03\\\/descarga-2-1.jpg\",\"contentUrl\":\"https:\\\/\\\/conexion23.com\\\/wp-content\\\/uploads\\\/2025\\\/03\\\/descarga-2-1.jpg\",\"width\":275,\"height\":183},{\"@type\":\"BreadcrumbList\",\"@id\":\"https:\\\/\\\/conexion23.com\\\/?p=38564#breadcrumb\",\"itemListElement\":[{\"@type\":\"ListItem\",\"position\":1,\"name\":\"Portada\",\"item\":\"https:\\\/\\\/conexion23.com\\\/\"},{\"@type\":\"ListItem\",\"position\":2,\"name\":\"Presidente Espa\u00f1ol, Pedro S\u00e1nchez se disculpa con RD por video del Partido Popular.\"}]},{\"@type\":\"WebSite\",\"@id\":\"https:\\\/\\\/conexion23.com\\\/#website\",\"url\":\"https:\\\/\\\/conexion23.com\\\/\",\"name\":\"Conexi\u00f3n 23\",\"description\":\"Peri\u00f3dico 100% Petromacorisano\",\"publisher\":{\"@id\":\"https:\\\/\\\/conexion23.com\\\/#organization\"},\"potentialAction\":[{\"@type\":\"SearchAction\",\"target\":{\"@type\":\"EntryPoint\",\"urlTemplate\":\"https:\\\/\\\/conexion23.com\\\/?s={search_term_string}\"},\"query-input\":{\"@type\":\"PropertyValueSpecification\",\"valueRequired\":true,\"valueName\":\"search_term_string\"}}],\"inLanguage\":\"es\"},{\"@type\":\"Organization\",\"@id\":\"https:\\\/\\\/conexion23.com\\\/#organization\",\"name\":\"Conexion 23\",\"url\":\"https:\\\/\\\/conexion23.com\\\/\",\"logo\":{\"@type\":\"ImageObject\",\"inLanguage\":\"es\",\"@id\":\"https:\\\/\\\/conexion23.com\\\/#\\\/schema\\\/logo\\\/image\\\/\",\"url\":\"https:\\\/\\\/conexion23.com\\\/wp-content\\\/uploads\\\/2021\\\/11\\\/Diseno-sin-titulo-2.png\",\"contentUrl\":\"https:\\\/\\\/conexion23.com\\\/wp-content\\\/uploads\\\/2021\\\/11\\\/Diseno-sin-titulo-2.png\",\"width\":541,\"height\":90,\"caption\":\"Conexion 23\"},\"image\":{\"@id\":\"https:\\\/\\\/conexion23.com\\\/#\\\/schema\\\/logo\\\/image\\\/\"},\"sameAs\":[\"https:\\\/\\\/www.facebook.com\\\/conexion23com\",\"https:\\\/\\\/www.instagram.com\\\/conexion23com\\\/\",\"https:\\\/\\\/www.youtube.com\\\/channel\\\/UCYc7vxxFZMYLIHNsHHxPZ3Q\"]},{\"@type\":\"Person\",\"@id\":\"https:\\\/\\\/conexion23.com\\\/#\\\/schema\\\/person\\\/03e36043331117e97a373299bbcd30a6\",\"name\":\"Raffy Ben\u00edtez\",\"image\":{\"@type\":\"ImageObject\",\"inLanguage\":\"es\",\"@id\":\"https:\\\/\\\/secure.gravatar.com\\\/avatar\\\/3190a6a6c5e1b0327500f7d6c56b6242472ee6cb974cf09b401ee6b3b0798f23?s=96&d=mm&r=g\",\"url\":\"https:\\\/\\\/secure.gravatar.com\\\/avatar\\\/3190a6a6c5e1b0327500f7d6c56b6242472ee6cb974cf09b401ee6b3b0798f23?s=96&d=mm&r=g\",\"contentUrl\":\"https:\\\/\\\/secure.gravatar.com\\\/avatar\\\/3190a6a6c5e1b0327500f7d6c56b6242472ee6cb974cf09b401ee6b3b0798f23?s=96&d=mm&r=g\",\"caption\":\"Raffy Ben\u00edtez\"},\"url\":\"https:\\\/\\\/conexion23.com\\\/?author=15\"}]}<\/script>\n<!-- \/ Yoast SEO plugin. -->","yoast_head_json":{"title":"Presidente Espa\u00f1ol, Pedro S\u00e1nchez se disculpa con RD por video del Partido Popular. - Conexi\u00f3n 23","robots":{"index":"index","follow":"follow","max-snippet":"max-snippet:-1","max-image-preview":"max-image-preview:large","max-video-preview":"max-video-preview:-1"},"canonical":"https:\/\/conexion23.com\/?p=38564","og_locale":"es_ES","og_type":"article","og_title":"Presidente Espa\u00f1ol, Pedro S\u00e1nchez se disculpa con RD por video del Partido Popular. - Conexi\u00f3n 23","og_description":"El presidente de&nbsp;Espa\u00f1a,&nbsp;Pedro S\u00e1nchez, se disculp\u00f3&nbsp;con la&nbsp;Rep\u00fablica Dominicana&nbsp;por el video difundido este jueves por sus&nbsp;rivales&nbsp;del&nbsp;Partido Popular&nbsp;(PP), en el que usa su imagen para montar un \u00abreality show\u00bb&nbsp;llamado \u00abLa isla de las corrupciones\u00bb, que finaliza con una imagen del&nbsp;mapa del pa\u00eds&nbsp;y la&nbsp;bandera dominicana. \u00abLa&nbsp;Rep\u00fablica Dominicana&nbsp;es un pa\u00eds extraordinario, un pa\u00eds amigo, un pa\u00eds con el que [&hellip;]","og_url":"https:\/\/conexion23.com\/?p=38564","og_site_name":"Conexi\u00f3n 23","article_publisher":"https:\/\/www.facebook.com\/conexion23com","article_published_time":"2025-03-07T11:20:23+00:00","article_modified_time":"2025-03-07T11:20:25+00:00","og_image":[{"width":275,"height":183,"url":"https:\/\/conexion23.com\/wp-content\/uploads\/2025\/03\/descarga-2-1.jpg","type":"image\/jpeg"}],"author":"Raffy Ben\u00edtez","twitter_card":"summary_large_image","twitter_misc":{"Escrito por":"Raffy Ben\u00edtez","Tiempo de lectura":"2 minutos"},"schema":{"@context":"https:\/\/schema.org","@graph":[{"@type":"Article","@id":"https:\/\/conexion23.com\/?p=38564#article","isPartOf":{"@id":"https:\/\/conexion23.com\/?p=38564"},"author":{"name":"Raffy Ben\u00edtez","@id":"https:\/\/conexion23.com\/#\/schema\/person\/03e36043331117e97a373299bbcd30a6"},"headline":"Presidente Espa\u00f1ol, Pedro S\u00e1nchez se disculpa con RD por video del Partido Popular.","datePublished":"2025-03-07T11:20:23+00:00","dateModified":"2025-03-07T11:20:25+00:00","mainEntityOfPage":{"@id":"https:\/\/conexion23.com\/?p=38564"},"wordCount":248,"commentCount":0,"publisher":{"@id":"https:\/\/conexion23.com\/#organization"},"image":{"@id":"https:\/\/conexion23.com\/?p=38564#primaryimage"},"thumbnailUrl":"https:\/\/conexion23.com\/wp-content\/uploads\/2025\/03\/descarga-2-1.jpg","articleSection":["Uncategorized"],"inLanguage":"es","potentialAction":[{"@type":"CommentAction","name":"Comment","target":["https:\/\/conexion23.com\/?p=38564#respond"]}]},{"@type":"WebPage","@id":"https:\/\/conexion23.com\/?p=38564","url":"https:\/\/conexion23.com\/?p=38564","name":"Presidente Espa\u00f1ol, Pedro S\u00e1nchez se disculpa con RD por video del Partido Popular. - Conexi\u00f3n 23","isPartOf":{"@id":"https:\/\/conexion23.com\/#website"},"primaryImageOfPage":{"@id":"https:\/\/conexion23.com\/?p=38564#primaryimage"},"image":{"@id":"https:\/\/conexion23.com\/?p=38564#primaryimage"},"thumbnailUrl":"https:\/\/conexion23.com\/wp-content\/uploads\/2025\/03\/descarga-2-1.jpg","datePublished":"2025-03-07T11:20:23+00:00","dateModified":"2025-03-07T11:20:25+00:00","breadcrumb":{"@id":"https:\/\/conexion23.com\/?p=38564#breadcrumb"},"inLanguage":"es","potentialAction":[{"@type":"ReadAction","target":["https:\/\/conexion23.com\/?p=38564"]}]},{"@type":"ImageObject","inLanguage":"es","@id":"https:\/\/conexion23.com\/?p=38564#primaryimage","url":"https:\/\/conexion23.com\/wp-content\/uploads\/2025\/03\/descarga-2-1.jpg","contentUrl":"https:\/\/conexion23.com\/wp-content\/uploads\/2025\/03\/descarga-2-1.jpg","width":275,"height":183},{"@type":"BreadcrumbList","@id":"https:\/\/conexion23.com\/?p=38564#breadcrumb","itemListElement":[{"@type":"ListItem","position":1,"name":"Portada","item":"https:\/\/conexion23.com\/"},{"@type":"ListItem","position":2,"name":"Presidente Espa\u00f1ol, Pedro S\u00e1nchez se disculpa con RD por video del Partido Popular."}]},{"@type":"WebSite","@id":"https:\/\/conexion23.com\/#website","url":"https:\/\/conexion23.com\/","name":"Conexi\u00f3n 23","description":"Peri\u00f3dico 100% Petromacorisano","publisher":{"@id":"https:\/\/conexion23.com\/#organization"},"potentialAction":[{"@type":"SearchAction","target":{"@type":"EntryPoint","urlTemplate":"https:\/\/conexion23.com\/?s={search_term_string}"},"query-input":{"@type":"PropertyValueSpecification","valueRequired":true,"valueName":"search_term_string"}}],"inLanguage":"es"},{"@type":"Organization","@id":"https:\/\/conexion23.com\/#organization","name":"Conexion 23","url":"https:\/\/conexion23.com\/","logo":{"@type":"ImageObject","inLanguage":"es","@id":"https:\/\/conexion23.com\/#\/schema\/logo\/image\/","url":"https:\/\/conexion23.com\/wp-content\/uploads\/2021\/11\/Diseno-sin-titulo-2.png","contentUrl":"https:\/\/conexion23.com\/wp-content\/uploads\/2021\/11\/Diseno-sin-titulo-2.png","width":541,"height":90,"caption":"Conexion 23"},"image":{"@id":"https:\/\/conexion23.com\/#\/schema\/logo\/image\/"},"sameAs":["https:\/\/www.facebook.com\/conexion23com","https:\/\/www.instagram.com\/conexion23com\/","https:\/\/www.youtube.com\/channel\/UCYc7vxxFZMYLIHNsHHxPZ3Q"]},{"@type":"Person","@id":"https:\/\/conexion23.com\/#\/schema\/person\/03e36043331117e97a373299bbcd30a6","name":"Raffy Ben\u00edtez","image":{"@type":"ImageObject","inLanguage":"es","@id":"https:\/\/secure.gravatar.com\/avatar\/3190a6a6c5e1b0327500f7d6c56b6242472ee6cb974cf09b401ee6b3b0798f23?s=96&d=mm&r=g","url":"https:\/\/secure.gravatar.com\/avatar\/3190a6a6c5e1b0327500f7d6c56b6242472ee6cb974cf09b401ee6b3b0798f23?s=96&d=mm&r=g","contentUrl":"https:\/\/secure.gravatar.com\/avatar\/3190a6a6c5e1b0327500f7d6c56b6242472ee6cb974cf09b401ee6b3b0798f23?s=96&d=mm&r=g","caption":"Raffy Ben\u00edtez"},"url":"https:\/\/conexion23.com\/?author=15"}]}},"_links":{"self":[{"href":"https:\/\/conexion23.com\/index.php?rest_route=\/wp\/v2\/posts\/38564","targetHints":{"allow":["GET"]}}],"collection":[{"href":"https:\/\/conexion23.com\/index.php?rest_route=\/wp\/v2\/posts"}],"about":[{"href":"https:\/\/conexion23.com\/index.php?rest_route=\/wp\/v2\/types\/post"}],"author":[{"embeddable":true,"href":"https:\/\/conexion23.com\/index.php?rest_route=\/wp\/v2\/users\/15"}],"replies":[{"embeddable":true,"href":"https:\/\/conexion23.com\/index.php?rest_route=%2Fwp%2Fv2%2Fcomments&post=38564"}],"version-history":[{"count":1,"href":"https:\/\/conexion23.com\/index.php?rest_route=\/wp\/v2\/posts\/38564\/revisions"}],"predecessor-version":[{"id":38566,"href":"https:\/\/conexion23.com\/index.php?rest_route=\/wp\/v2\/posts\/38564\/revisions\/38566"}],"wp:featuredmedia":[{"embeddable":true,"href":"https:\/\/conexion23.com\/index.php?rest_route=\/wp\/v2\/media\/38565"}],"wp:attachment":[{"href":"https:\/\/conexion23.com\/index.php?rest_route=%2Fwp%2Fv2%2Fmedia&parent=38564"}],"wp:term":[{"taxonomy":"category","embeddable":true,"href":"https:\/\/conexion23.com\/index.php?rest_route=%2Fwp%2Fv2%2Fcategories&post=38564"},{"taxonomy":"post_tag","embeddable":true,"href":"https:\/\/conexion23.com\/index.php?rest_route=%2Fwp%2Fv2%2Ftags&post=38564"}],"curies":[{"name":"wp","href":"https:\/\/api.w.org\/{rel}","templated":true}]}}