{"id":38603,"date":"2025-03-08T07:33:34","date_gmt":"2025-03-08T11:33:34","guid":{"rendered":"https:\/\/conexion23.com\/?p=38603"},"modified":"2025-03-08T07:33:36","modified_gmt":"2025-03-08T11:33:36","slug":"una-mujer-y-su-hija-fallecen-en-accidente-de-transito","status":"publish","type":"post","link":"https:\/\/conexion23.com\/?p=38603","title":{"rendered":"Una mujer y su hija fallecen en accidente de tr\u00e1nsito."},"content":{"rendered":"\n<p class=\"wp-block-paragraph\">Una madre y su hija perdieron la vida en un&nbsp;<a href=\"https:\/\/elnacional.com.do\/identifican-2-militares-muertos-en-accidentes\/\">lamentable accidente de tr\u00e1nsito&nbsp;<\/a>ocurrido la tarde de este viernes en la comunidad de Fondo Negro, Barahona, donde otras tres personas resultaron heridas.<\/p>\n\n\n\n<p class=\"wp-block-paragraph\">Seg\u00fan datos de la Defensa Civil, las fallecidas fueron identificadas como<strong>&nbsp;Juanita Rodr\u00edguez Segura, de 53 a\u00f1os, y Evelin Montero Rodr\u00edguez, de 32<\/strong>.<\/p>\n\n\n\n<p class=\"wp-block-paragraph\">Mientras que entre los lesionados se encuentra V\u00edctor Montero, hijo y hermano de las v\u00edctimas.<\/p>\n\n\n\n<p class=\"wp-block-paragraph\"><strong>El director de la Defensa Civil, Carlos Confidente<\/strong>, explic\u00f3 que el suceso ocurri\u00f3 mientras el grupo retornaba de Santo Domingo, donde Rodr\u00edguez Segura hab\u00eda asistido a una cita m\u00e9dica.<\/p>\n\n\n\n<h2 class=\"wp-block-heading\">Se presume que el accidente fue provocado por la explosi\u00f3n de un neum\u00e1tico del veh\u00edculo.<\/h2>\n","protected":false},"excerpt":{"rendered":"<p>Una madre y su hija perdieron la vida en un&nbsp;lamentable accidente de tr\u00e1nsito&nbsp;ocurrido la tarde de este viernes en la comunidad de Fondo Negro, Barahona, donde otras tres personas resultaron heridas. Seg\u00fan datos de la Defensa Civil, las fallecidas fueron identificadas como&nbsp;Juanita Rodr\u00edguez Segura, de 53 a\u00f1os, y Evelin Montero Rodr\u00edguez, de 32. Mientras que [&hellip;]<\/p>\n","protected":false},"author":15,"featured_media":38604,"comment_status":"open","ping_status":"open","sticky":false,"template":"","format":"standard","meta":{"footnotes":""},"categories":[1],"tags":[],"class_list":["post-38603","post","type-post","status-publish","format-standard","has-post-thumbnail","category-uncategorized"],"yoast_head":"<!-- This site is optimized with the Yoast SEO plugin v27.6 - https:\/\/yoast.com\/product\/yoast-seo-wordpress\/ -->\n<title>Una mujer y su hija fallecen en accidente de tr\u00e1nsito. - Conexi\u00f3n 23<\/title>\n<meta name=\"robots\" content=\"index, follow, max-snippet:-1, max-image-preview:large, max-video-preview:-1\" \/>\n<link rel=\"canonical\" href=\"https:\/\/conexion23.com\/?p=38603\" \/>\n<meta property=\"og:locale\" content=\"es_ES\" \/>\n<meta property=\"og:type\" content=\"article\" \/>\n<meta property=\"og:title\" content=\"Una mujer y su hija fallecen en accidente de tr\u00e1nsito. - Conexi\u00f3n 23\" \/>\n<meta property=\"og:description\" content=\"Una madre y su hija perdieron la vida en un&nbsp;lamentable accidente de tr\u00e1nsito&nbsp;ocurrido la tarde de este viernes en la comunidad de Fondo Negro, Barahona, donde otras tres personas resultaron heridas. Seg\u00fan datos de la Defensa Civil, las fallecidas fueron identificadas como&nbsp;Juanita Rodr\u00edguez Segura, de 53 a\u00f1os, y Evelin Montero Rodr\u00edguez, de 32. Mientras que [&hellip;]\" \/>\n<meta property=\"og:url\" content=\"https:\/\/conexion23.com\/?p=38603\" \/>\n<meta property=\"og:site_name\" content=\"Conexi\u00f3n 23\" \/>\n<meta property=\"article:publisher\" content=\"https:\/\/www.facebook.com\/conexion23com\" \/>\n<meta property=\"article:published_time\" content=\"2025-03-08T11:33:34+00:00\" \/>\n<meta property=\"article:modified_time\" content=\"2025-03-08T11:33:36+00:00\" \/>\n<meta property=\"og:image\" content=\"https:\/\/conexion23.com\/wp-content\/uploads\/2025\/03\/WhatsApp-Image-2025-03-07-at-9.33.38-PM.webp\" \/>\n\t<meta property=\"og:image:width\" content=\"936\" \/>\n\t<meta property=\"og:image:height\" content=\"714\" \/>\n\t<meta property=\"og:image:type\" content=\"image\/webp\" \/>\n<meta name=\"author\" content=\"Raffy Ben\u00edtez\" \/>\n<meta name=\"twitter:card\" content=\"summary_large_image\" \/>\n<meta name=\"twitter:label1\" content=\"Escrito por\" \/>\n\t<meta name=\"twitter:data1\" content=\"Raffy Ben\u00edtez\" \/>\n\t<meta name=\"twitter:label2\" content=\"Tiempo de lectura\" \/>\n\t<meta name=\"twitter:data2\" content=\"1 minuto\" \/>\n<script type=\"application\/ld+json\" class=\"yoast-schema-graph\">{\"@context\":\"https:\\\/\\\/schema.org\",\"@graph\":[{\"@type\":\"Article\",\"@id\":\"https:\\\/\\\/conexion23.com\\\/?p=38603#article\",\"isPartOf\":{\"@id\":\"https:\\\/\\\/conexion23.com\\\/?p=38603\"},\"author\":{\"name\":\"Raffy Ben\u00edtez\",\"@id\":\"https:\\\/\\\/conexion23.com\\\/#\\\/schema\\\/person\\\/03e36043331117e97a373299bbcd30a6\"},\"headline\":\"Una mujer y su hija fallecen en accidente de tr\u00e1nsito.\",\"datePublished\":\"2025-03-08T11:33:34+00:00\",\"dateModified\":\"2025-03-08T11:33:36+00:00\",\"mainEntityOfPage\":{\"@id\":\"https:\\\/\\\/conexion23.com\\\/?p=38603\"},\"wordCount\":140,\"commentCount\":0,\"publisher\":{\"@id\":\"https:\\\/\\\/conexion23.com\\\/#organization\"},\"image\":{\"@id\":\"https:\\\/\\\/conexion23.com\\\/?p=38603#primaryimage\"},\"thumbnailUrl\":\"https:\\\/\\\/conexion23.com\\\/wp-content\\\/uploads\\\/2025\\\/03\\\/WhatsApp-Image-2025-03-07-at-9.33.38-PM.webp\",\"articleSection\":[\"Uncategorized\"],\"inLanguage\":\"es\",\"potentialAction\":[{\"@type\":\"CommentAction\",\"name\":\"Comment\",\"target\":[\"https:\\\/\\\/conexion23.com\\\/?p=38603#respond\"]}]},{\"@type\":\"WebPage\",\"@id\":\"https:\\\/\\\/conexion23.com\\\/?p=38603\",\"url\":\"https:\\\/\\\/conexion23.com\\\/?p=38603\",\"name\":\"Una mujer y su hija fallecen en accidente de tr\u00e1nsito. - Conexi\u00f3n 23\",\"isPartOf\":{\"@id\":\"https:\\\/\\\/conexion23.com\\\/#website\"},\"primaryImageOfPage\":{\"@id\":\"https:\\\/\\\/conexion23.com\\\/?p=38603#primaryimage\"},\"image\":{\"@id\":\"https:\\\/\\\/conexion23.com\\\/?p=38603#primaryimage\"},\"thumbnailUrl\":\"https:\\\/\\\/conexion23.com\\\/wp-content\\\/uploads\\\/2025\\\/03\\\/WhatsApp-Image-2025-03-07-at-9.33.38-PM.webp\",\"datePublished\":\"2025-03-08T11:33:34+00:00\",\"dateModified\":\"2025-03-08T11:33:36+00:00\",\"breadcrumb\":{\"@id\":\"https:\\\/\\\/conexion23.com\\\/?p=38603#breadcrumb\"},\"inLanguage\":\"es\",\"potentialAction\":[{\"@type\":\"ReadAction\",\"target\":[\"https:\\\/\\\/conexion23.com\\\/?p=38603\"]}]},{\"@type\":\"ImageObject\",\"inLanguage\":\"es\",\"@id\":\"https:\\\/\\\/conexion23.com\\\/?p=38603#primaryimage\",\"url\":\"https:\\\/\\\/conexion23.com\\\/wp-content\\\/uploads\\\/2025\\\/03\\\/WhatsApp-Image-2025-03-07-at-9.33.38-PM.webp\",\"contentUrl\":\"https:\\\/\\\/conexion23.com\\\/wp-content\\\/uploads\\\/2025\\\/03\\\/WhatsApp-Image-2025-03-07-at-9.33.38-PM.webp\",\"width\":936,\"height\":714},{\"@type\":\"BreadcrumbList\",\"@id\":\"https:\\\/\\\/conexion23.com\\\/?p=38603#breadcrumb\",\"itemListElement\":[{\"@type\":\"ListItem\",\"position\":1,\"name\":\"Portada\",\"item\":\"https:\\\/\\\/conexion23.com\\\/\"},{\"@type\":\"ListItem\",\"position\":2,\"name\":\"Una mujer y su hija fallecen en accidente de tr\u00e1nsito.\"}]},{\"@type\":\"WebSite\",\"@id\":\"https:\\\/\\\/conexion23.com\\\/#website\",\"url\":\"https:\\\/\\\/conexion23.com\\\/\",\"name\":\"Conexi\u00f3n 23\",\"description\":\"Peri\u00f3dico 100% Petromacorisano\",\"publisher\":{\"@id\":\"https:\\\/\\\/conexion23.com\\\/#organization\"},\"potentialAction\":[{\"@type\":\"SearchAction\",\"target\":{\"@type\":\"EntryPoint\",\"urlTemplate\":\"https:\\\/\\\/conexion23.com\\\/?s={search_term_string}\"},\"query-input\":{\"@type\":\"PropertyValueSpecification\",\"valueRequired\":true,\"valueName\":\"search_term_string\"}}],\"inLanguage\":\"es\"},{\"@type\":\"Organization\",\"@id\":\"https:\\\/\\\/conexion23.com\\\/#organization\",\"name\":\"Conexion 23\",\"url\":\"https:\\\/\\\/conexion23.com\\\/\",\"logo\":{\"@type\":\"ImageObject\",\"inLanguage\":\"es\",\"@id\":\"https:\\\/\\\/conexion23.com\\\/#\\\/schema\\\/logo\\\/image\\\/\",\"url\":\"https:\\\/\\\/conexion23.com\\\/wp-content\\\/uploads\\\/2021\\\/11\\\/Diseno-sin-titulo-2.png\",\"contentUrl\":\"https:\\\/\\\/conexion23.com\\\/wp-content\\\/uploads\\\/2021\\\/11\\\/Diseno-sin-titulo-2.png\",\"width\":541,\"height\":90,\"caption\":\"Conexion 23\"},\"image\":{\"@id\":\"https:\\\/\\\/conexion23.com\\\/#\\\/schema\\\/logo\\\/image\\\/\"},\"sameAs\":[\"https:\\\/\\\/www.facebook.com\\\/conexion23com\",\"https:\\\/\\\/www.instagram.com\\\/conexion23com\\\/\",\"https:\\\/\\\/www.youtube.com\\\/channel\\\/UCYc7vxxFZMYLIHNsHHxPZ3Q\"]},{\"@type\":\"Person\",\"@id\":\"https:\\\/\\\/conexion23.com\\\/#\\\/schema\\\/person\\\/03e36043331117e97a373299bbcd30a6\",\"name\":\"Raffy Ben\u00edtez\",\"image\":{\"@type\":\"ImageObject\",\"inLanguage\":\"es\",\"@id\":\"https:\\\/\\\/secure.gravatar.com\\\/avatar\\\/3190a6a6c5e1b0327500f7d6c56b6242472ee6cb974cf09b401ee6b3b0798f23?s=96&d=mm&r=g\",\"url\":\"https:\\\/\\\/secure.gravatar.com\\\/avatar\\\/3190a6a6c5e1b0327500f7d6c56b6242472ee6cb974cf09b401ee6b3b0798f23?s=96&d=mm&r=g\",\"contentUrl\":\"https:\\\/\\\/secure.gravatar.com\\\/avatar\\\/3190a6a6c5e1b0327500f7d6c56b6242472ee6cb974cf09b401ee6b3b0798f23?s=96&d=mm&r=g\",\"caption\":\"Raffy Ben\u00edtez\"},\"url\":\"https:\\\/\\\/conexion23.com\\\/?author=15\"}]}<\/script>\n<!-- \/ Yoast SEO plugin. -->","yoast_head_json":{"title":"Una mujer y su hija fallecen en accidente de tr\u00e1nsito. - Conexi\u00f3n 23","robots":{"index":"index","follow":"follow","max-snippet":"max-snippet:-1","max-image-preview":"max-image-preview:large","max-video-preview":"max-video-preview:-1"},"canonical":"https:\/\/conexion23.com\/?p=38603","og_locale":"es_ES","og_type":"article","og_title":"Una mujer y su hija fallecen en accidente de tr\u00e1nsito. - Conexi\u00f3n 23","og_description":"Una madre y su hija perdieron la vida en un&nbsp;lamentable accidente de tr\u00e1nsito&nbsp;ocurrido la tarde de este viernes en la comunidad de Fondo Negro, Barahona, donde otras tres personas resultaron heridas. Seg\u00fan datos de la Defensa Civil, las fallecidas fueron identificadas como&nbsp;Juanita Rodr\u00edguez Segura, de 53 a\u00f1os, y Evelin Montero Rodr\u00edguez, de 32. Mientras que [&hellip;]","og_url":"https:\/\/conexion23.com\/?p=38603","og_site_name":"Conexi\u00f3n 23","article_publisher":"https:\/\/www.facebook.com\/conexion23com","article_published_time":"2025-03-08T11:33:34+00:00","article_modified_time":"2025-03-08T11:33:36+00:00","og_image":[{"width":936,"height":714,"url":"https:\/\/conexion23.com\/wp-content\/uploads\/2025\/03\/WhatsApp-Image-2025-03-07-at-9.33.38-PM.webp","type":"image\/webp"}],"author":"Raffy Ben\u00edtez","twitter_card":"summary_large_image","twitter_misc":{"Escrito por":"Raffy Ben\u00edtez","Tiempo de lectura":"1 minuto"},"schema":{"@context":"https:\/\/schema.org","@graph":[{"@type":"Article","@id":"https:\/\/conexion23.com\/?p=38603#article","isPartOf":{"@id":"https:\/\/conexion23.com\/?p=38603"},"author":{"name":"Raffy Ben\u00edtez","@id":"https:\/\/conexion23.com\/#\/schema\/person\/03e36043331117e97a373299bbcd30a6"},"headline":"Una mujer y su hija fallecen en accidente de tr\u00e1nsito.","datePublished":"2025-03-08T11:33:34+00:00","dateModified":"2025-03-08T11:33:36+00:00","mainEntityOfPage":{"@id":"https:\/\/conexion23.com\/?p=38603"},"wordCount":140,"commentCount":0,"publisher":{"@id":"https:\/\/conexion23.com\/#organization"},"image":{"@id":"https:\/\/conexion23.com\/?p=38603#primaryimage"},"thumbnailUrl":"https:\/\/conexion23.com\/wp-content\/uploads\/2025\/03\/WhatsApp-Image-2025-03-07-at-9.33.38-PM.webp","articleSection":["Uncategorized"],"inLanguage":"es","potentialAction":[{"@type":"CommentAction","name":"Comment","target":["https:\/\/conexion23.com\/?p=38603#respond"]}]},{"@type":"WebPage","@id":"https:\/\/conexion23.com\/?p=38603","url":"https:\/\/conexion23.com\/?p=38603","name":"Una mujer y su hija fallecen en accidente de tr\u00e1nsito. - Conexi\u00f3n 23","isPartOf":{"@id":"https:\/\/conexion23.com\/#website"},"primaryImageOfPage":{"@id":"https:\/\/conexion23.com\/?p=38603#primaryimage"},"image":{"@id":"https:\/\/conexion23.com\/?p=38603#primaryimage"},"thumbnailUrl":"https:\/\/conexion23.com\/wp-content\/uploads\/2025\/03\/WhatsApp-Image-2025-03-07-at-9.33.38-PM.webp","datePublished":"2025-03-08T11:33:34+00:00","dateModified":"2025-03-08T11:33:36+00:00","breadcrumb":{"@id":"https:\/\/conexion23.com\/?p=38603#breadcrumb"},"inLanguage":"es","potentialAction":[{"@type":"ReadAction","target":["https:\/\/conexion23.com\/?p=38603"]}]},{"@type":"ImageObject","inLanguage":"es","@id":"https:\/\/conexion23.com\/?p=38603#primaryimage","url":"https:\/\/conexion23.com\/wp-content\/uploads\/2025\/03\/WhatsApp-Image-2025-03-07-at-9.33.38-PM.webp","contentUrl":"https:\/\/conexion23.com\/wp-content\/uploads\/2025\/03\/WhatsApp-Image-2025-03-07-at-9.33.38-PM.webp","width":936,"height":714},{"@type":"BreadcrumbList","@id":"https:\/\/conexion23.com\/?p=38603#breadcrumb","itemListElement":[{"@type":"ListItem","position":1,"name":"Portada","item":"https:\/\/conexion23.com\/"},{"@type":"ListItem","position":2,"name":"Una mujer y su hija fallecen en accidente de tr\u00e1nsito."}]},{"@type":"WebSite","@id":"https:\/\/conexion23.com\/#website","url":"https:\/\/conexion23.com\/","name":"Conexi\u00f3n 23","description":"Peri\u00f3dico 100% Petromacorisano","publisher":{"@id":"https:\/\/conexion23.com\/#organization"},"potentialAction":[{"@type":"SearchAction","target":{"@type":"EntryPoint","urlTemplate":"https:\/\/conexion23.com\/?s={search_term_string}"},"query-input":{"@type":"PropertyValueSpecification","valueRequired":true,"valueName":"search_term_string"}}],"inLanguage":"es"},{"@type":"Organization","@id":"https:\/\/conexion23.com\/#organization","name":"Conexion 23","url":"https:\/\/conexion23.com\/","logo":{"@type":"ImageObject","inLanguage":"es","@id":"https:\/\/conexion23.com\/#\/schema\/logo\/image\/","url":"https:\/\/conexion23.com\/wp-content\/uploads\/2021\/11\/Diseno-sin-titulo-2.png","contentUrl":"https:\/\/conexion23.com\/wp-content\/uploads\/2021\/11\/Diseno-sin-titulo-2.png","width":541,"height":90,"caption":"Conexion 23"},"image":{"@id":"https:\/\/conexion23.com\/#\/schema\/logo\/image\/"},"sameAs":["https:\/\/www.facebook.com\/conexion23com","https:\/\/www.instagram.com\/conexion23com\/","https:\/\/www.youtube.com\/channel\/UCYc7vxxFZMYLIHNsHHxPZ3Q"]},{"@type":"Person","@id":"https:\/\/conexion23.com\/#\/schema\/person\/03e36043331117e97a373299bbcd30a6","name":"Raffy Ben\u00edtez","image":{"@type":"ImageObject","inLanguage":"es","@id":"https:\/\/secure.gravatar.com\/avatar\/3190a6a6c5e1b0327500f7d6c56b6242472ee6cb974cf09b401ee6b3b0798f23?s=96&d=mm&r=g","url":"https:\/\/secure.gravatar.com\/avatar\/3190a6a6c5e1b0327500f7d6c56b6242472ee6cb974cf09b401ee6b3b0798f23?s=96&d=mm&r=g","contentUrl":"https:\/\/secure.gravatar.com\/avatar\/3190a6a6c5e1b0327500f7d6c56b6242472ee6cb974cf09b401ee6b3b0798f23?s=96&d=mm&r=g","caption":"Raffy Ben\u00edtez"},"url":"https:\/\/conexion23.com\/?author=15"}]}},"_links":{"self":[{"href":"https:\/\/conexion23.com\/index.php?rest_route=\/wp\/v2\/posts\/38603","targetHints":{"allow":["GET"]}}],"collection":[{"href":"https:\/\/conexion23.com\/index.php?rest_route=\/wp\/v2\/posts"}],"about":[{"href":"https:\/\/conexion23.com\/index.php?rest_route=\/wp\/v2\/types\/post"}],"author":[{"embeddable":true,"href":"https:\/\/conexion23.com\/index.php?rest_route=\/wp\/v2\/users\/15"}],"replies":[{"embeddable":true,"href":"https:\/\/conexion23.com\/index.php?rest_route=%2Fwp%2Fv2%2Fcomments&post=38603"}],"version-history":[{"count":1,"href":"https:\/\/conexion23.com\/index.php?rest_route=\/wp\/v2\/posts\/38603\/revisions"}],"predecessor-version":[{"id":38605,"href":"https:\/\/conexion23.com\/index.php?rest_route=\/wp\/v2\/posts\/38603\/revisions\/38605"}],"wp:featuredmedia":[{"embeddable":true,"href":"https:\/\/conexion23.com\/index.php?rest_route=\/wp\/v2\/media\/38604"}],"wp:attachment":[{"href":"https:\/\/conexion23.com\/index.php?rest_route=%2Fwp%2Fv2%2Fmedia&parent=38603"}],"wp:term":[{"taxonomy":"category","embeddable":true,"href":"https:\/\/conexion23.com\/index.php?rest_route=%2Fwp%2Fv2%2Fcategories&post=38603"},{"taxonomy":"post_tag","embeddable":true,"href":"https:\/\/conexion23.com\/index.php?rest_route=%2Fwp%2Fv2%2Ftags&post=38603"}],"curies":[{"name":"wp","href":"https:\/\/api.w.org\/{rel}","templated":true}]}}