{"id":38618,"date":"2025-03-08T08:14:52","date_gmt":"2025-03-08T12:14:52","guid":{"rendered":"https:\/\/conexion23.com\/?p=38618"},"modified":"2025-03-08T08:14:54","modified_gmt":"2025-03-08T12:14:54","slug":"suben-a-20-los-detenidos-en-operativos-en-la-zona-de-la-ultima-masacre-en-ecuador","status":"publish","type":"post","link":"https:\/\/conexion23.com\/?p=38618","title":{"rendered":"Suben a 20 los detenidos en operativos en la zona de la \u00faltima masacre en Ecuador"},"content":{"rendered":"\n<p>La&nbsp;<strong>Polic\u00eda<\/strong>&nbsp;de&nbsp;<strong>Ecuador<\/strong>&nbsp;detuvo este viernes a seis personas, que se suman a otras catorce que captur\u00f3 durante la madrugada, en diversos operativos realizados en el sector&nbsp;<strong>Nueva<\/strong>&nbsp;Prosperina, en el noroeste de&nbsp;<strong>Guayaquil<\/strong>, donde el jueves se registr\u00f3 una&nbsp;<strong>masacre<\/strong>&nbsp;que dej\u00f3 22 fallecidos.<\/p>\n\n\n\n<p>Los&nbsp;<strong>detenidos<\/strong>&nbsp;\u00abestar\u00edan implicados en hechos&nbsp;<strong>violentos<\/strong>&nbsp;y pertenecer\u00edan a&nbsp;<strong>grupos<\/strong>&nbsp;<strong>armados<\/strong>&nbsp;organizados\u00bb, se\u00f1al\u00f3 la&nbsp;<strong>Polic\u00eda<\/strong>&nbsp;en su cuenta de la red social X.<\/p>\n\n\n\n<p>Desde la noche del jueves, las fuerzas de seguridad realizan una serie de&nbsp;<strong>allanamientos<\/strong>&nbsp;con el objetivo de detener a los responsables de la reciente&nbsp;<strong>masacre<\/strong>, causada aparentemente por un&nbsp;<strong>conflicto<\/strong>&nbsp;entre&nbsp;<strong>bandas<\/strong>&nbsp;criminales que se disputan territorios en&nbsp;<strong>Guayaquil<\/strong>, la ciudad m\u00e1s poblada de&nbsp;<strong>Ecuador<\/strong>, y uno de los epicentros de la crisis de&nbsp;<strong>violencia<\/strong>&nbsp;que atraviesa el pa\u00eds por el auge del crimen organizado.<\/p>\n\n\n\n<p>La&nbsp;<strong>masacre<\/strong>&nbsp;inici\u00f3 alrededor de las 15:00 hora local (20.00 GMT) del jueves, cuando una veintena de hombres&nbsp;<strong>armados<\/strong>&nbsp;descendi\u00f3 de las monta\u00f1as que rodean los barrios Socio Vivienda 1 y 2 y La Barraca, en el distrito&nbsp;<strong>Nueva<\/strong>&nbsp;Prosperina, y atac\u00f3 diferentes viviendas. Producto del ataque tambi\u00e9n resultaron heridas tres personas.<\/p>\n\n\n\n<p>La&nbsp;<strong>Polic\u00eda<\/strong>&nbsp;atribuy\u00f3 esta&nbsp;<strong>matanza<\/strong>&nbsp;a un&nbsp;<strong>conflicto<\/strong>&nbsp;entre dos facciones de la banda criminal Los&nbsp;<strong>Tiguerones<\/strong>, una de las consideradas como \u00abterroristas\u00bb por el Gobierno del presidente Daniel Noboa en el marco de la declaraci\u00f3n de \u00ab<strong>conflicto<\/strong>&nbsp;armado interno\u00bb que hizo hace un a\u00f1o.<\/p>\n\n\n\n<p>\u00abConocen las casas, se conocen entre ellos y entre ellos se est\u00e1n peleando por ver qui\u00e9n tiene el poder sobre ese territorio\u00bb, dijo Pablo D\u00e1vila, comandante de&nbsp;<strong>Polic\u00eda<\/strong>&nbsp;de la zona 8, que comprende los municipios de&nbsp;<strong>Guayaquil<\/strong>, Dur\u00e1n y Samborond\u00f3n.<\/p>\n","protected":false},"excerpt":{"rendered":"<p>La&nbsp;Polic\u00eda&nbsp;de&nbsp;Ecuador&nbsp;detuvo este viernes a seis personas, que se suman a otras catorce que captur\u00f3 durante la madrugada, en diversos operativos realizados en el sector&nbsp;Nueva&nbsp;Prosperina, en el noroeste de&nbsp;Guayaquil, donde el jueves se registr\u00f3 una&nbsp;masacre&nbsp;que dej\u00f3 22 fallecidos. Los&nbsp;detenidos&nbsp;\u00abestar\u00edan implicados en hechos&nbsp;violentos&nbsp;y pertenecer\u00edan a&nbsp;grupos&nbsp;armados&nbsp;organizados\u00bb, se\u00f1al\u00f3 la&nbsp;Polic\u00eda&nbsp;en su cuenta de la red social X. Desde la noche [&hellip;]<\/p>\n","protected":false},"author":15,"featured_media":38619,"comment_status":"open","ping_status":"open","sticky":false,"template":"","format":"standard","meta":{"footnotes":""},"categories":[1],"tags":[],"class_list":{"0":"post-38618","1":"post","2":"type-post","3":"status-publish","4":"format-standard","5":"has-post-thumbnail","7":"category-uncategorized"},"yoast_head":"<!-- This site is optimized with the Yoast SEO plugin v27.1.1 - https:\/\/yoast.com\/product\/yoast-seo-wordpress\/ -->\n<title>Suben a 20 los detenidos en operativos en la zona de la \u00faltima masacre en Ecuador - Conexi\u00f3n 23<\/title>\n<meta name=\"robots\" content=\"index, follow, max-snippet:-1, max-image-preview:large, max-video-preview:-1\" \/>\n<link rel=\"canonical\" href=\"https:\/\/conexion23.com\/?p=38618\" \/>\n<meta property=\"og:locale\" content=\"es_ES\" \/>\n<meta property=\"og:type\" content=\"article\" \/>\n<meta property=\"og:title\" content=\"Suben a 20 los detenidos en operativos en la zona de la \u00faltima masacre en Ecuador - Conexi\u00f3n 23\" \/>\n<meta property=\"og:description\" content=\"La&nbsp;Polic\u00eda&nbsp;de&nbsp;Ecuador&nbsp;detuvo este viernes a seis personas, que se suman a otras catorce que captur\u00f3 durante la madrugada, en diversos operativos realizados en el sector&nbsp;Nueva&nbsp;Prosperina, en el noroeste de&nbsp;Guayaquil, donde el jueves se registr\u00f3 una&nbsp;masacre&nbsp;que dej\u00f3 22 fallecidos. Los&nbsp;detenidos&nbsp;\u00abestar\u00edan implicados en hechos&nbsp;violentos&nbsp;y pertenecer\u00edan a&nbsp;grupos&nbsp;armados&nbsp;organizados\u00bb, se\u00f1al\u00f3 la&nbsp;Polic\u00eda&nbsp;en su cuenta de la red social X. Desde la noche [&hellip;]\" \/>\n<meta property=\"og:url\" content=\"https:\/\/conexion23.com\/?p=38618\" \/>\n<meta property=\"og:site_name\" content=\"Conexi\u00f3n 23\" \/>\n<meta property=\"article:publisher\" content=\"https:\/\/www.facebook.com\/conexion23com\" \/>\n<meta property=\"article:published_time\" content=\"2025-03-08T12:14:52+00:00\" \/>\n<meta property=\"article:modified_time\" content=\"2025-03-08T12:14:54+00:00\" \/>\n<meta property=\"og:image\" content=\"https:\/\/conexion23.com\/wp-content\/uploads\/2025\/03\/detenidos-b2f02973-focus-0-0-896-504.jpg\" \/>\n\t<meta property=\"og:image:width\" content=\"896\" \/>\n\t<meta property=\"og:image:height\" content=\"504\" \/>\n\t<meta property=\"og:image:type\" content=\"image\/jpeg\" \/>\n<meta name=\"author\" content=\"Raffy Ben\u00edtez\" \/>\n<meta name=\"twitter:card\" content=\"summary_large_image\" \/>\n<meta name=\"twitter:label1\" content=\"Escrito por\" \/>\n\t<meta name=\"twitter:data1\" content=\"Raffy Ben\u00edtez\" \/>\n\t<meta name=\"twitter:label2\" content=\"Tiempo de lectura\" \/>\n\t<meta name=\"twitter:data2\" content=\"2 minutos\" \/>\n<script type=\"application\/ld+json\" class=\"yoast-schema-graph\">{\"@context\":\"https:\/\/schema.org\",\"@graph\":[{\"@type\":\"Article\",\"@id\":\"https:\/\/conexion23.com\/?p=38618#article\",\"isPartOf\":{\"@id\":\"https:\/\/conexion23.com\/?p=38618\"},\"author\":{\"name\":\"Raffy Ben\u00edtez\",\"@id\":\"https:\/\/conexion23.com\/#\/schema\/person\/03e36043331117e97a373299bbcd30a6\"},\"headline\":\"Suben a 20 los detenidos en operativos en la zona de la \u00faltima masacre en Ecuador\",\"datePublished\":\"2025-03-08T12:14:52+00:00\",\"dateModified\":\"2025-03-08T12:14:54+00:00\",\"mainEntityOfPage\":{\"@id\":\"https:\/\/conexion23.com\/?p=38618\"},\"wordCount\":347,\"commentCount\":0,\"publisher\":{\"@id\":\"https:\/\/conexion23.com\/#organization\"},\"image\":{\"@id\":\"https:\/\/conexion23.com\/?p=38618#primaryimage\"},\"thumbnailUrl\":\"https:\/\/conexion23.com\/wp-content\/uploads\/2025\/03\/detenidos-b2f02973-focus-0-0-896-504.jpg\",\"articleSection\":[\"Uncategorized\"],\"inLanguage\":\"es\",\"potentialAction\":[{\"@type\":\"CommentAction\",\"name\":\"Comment\",\"target\":[\"https:\/\/conexion23.com\/?p=38618#respond\"]}]},{\"@type\":\"WebPage\",\"@id\":\"https:\/\/conexion23.com\/?p=38618\",\"url\":\"https:\/\/conexion23.com\/?p=38618\",\"name\":\"Suben a 20 los detenidos en operativos en la zona de la \u00faltima masacre en Ecuador - Conexi\u00f3n 23\",\"isPartOf\":{\"@id\":\"https:\/\/conexion23.com\/#website\"},\"primaryImageOfPage\":{\"@id\":\"https:\/\/conexion23.com\/?p=38618#primaryimage\"},\"image\":{\"@id\":\"https:\/\/conexion23.com\/?p=38618#primaryimage\"},\"thumbnailUrl\":\"https:\/\/conexion23.com\/wp-content\/uploads\/2025\/03\/detenidos-b2f02973-focus-0-0-896-504.jpg\",\"datePublished\":\"2025-03-08T12:14:52+00:00\",\"dateModified\":\"2025-03-08T12:14:54+00:00\",\"breadcrumb\":{\"@id\":\"https:\/\/conexion23.com\/?p=38618#breadcrumb\"},\"inLanguage\":\"es\",\"potentialAction\":[{\"@type\":\"ReadAction\",\"target\":[\"https:\/\/conexion23.com\/?p=38618\"]}]},{\"@type\":\"ImageObject\",\"inLanguage\":\"es\",\"@id\":\"https:\/\/conexion23.com\/?p=38618#primaryimage\",\"url\":\"https:\/\/conexion23.com\/wp-content\/uploads\/2025\/03\/detenidos-b2f02973-focus-0-0-896-504.jpg\",\"contentUrl\":\"https:\/\/conexion23.com\/wp-content\/uploads\/2025\/03\/detenidos-b2f02973-focus-0-0-896-504.jpg\",\"width\":896,\"height\":504},{\"@type\":\"BreadcrumbList\",\"@id\":\"https:\/\/conexion23.com\/?p=38618#breadcrumb\",\"itemListElement\":[{\"@type\":\"ListItem\",\"position\":1,\"name\":\"Portada\",\"item\":\"https:\/\/conexion23.com\/\"},{\"@type\":\"ListItem\",\"position\":2,\"name\":\"Suben a 20 los detenidos en operativos en la zona de la \u00faltima masacre en Ecuador\"}]},{\"@type\":\"WebSite\",\"@id\":\"https:\/\/conexion23.com\/#website\",\"url\":\"https:\/\/conexion23.com\/\",\"name\":\"Conexi\u00f3n 23\",\"description\":\"Peri\u00f3dico 100% Petromacorisano\",\"publisher\":{\"@id\":\"https:\/\/conexion23.com\/#organization\"},\"potentialAction\":[{\"@type\":\"SearchAction\",\"target\":{\"@type\":\"EntryPoint\",\"urlTemplate\":\"https:\/\/conexion23.com\/?s={search_term_string}\"},\"query-input\":{\"@type\":\"PropertyValueSpecification\",\"valueRequired\":true,\"valueName\":\"search_term_string\"}}],\"inLanguage\":\"es\"},{\"@type\":\"Organization\",\"@id\":\"https:\/\/conexion23.com\/#organization\",\"name\":\"Conexion 23\",\"url\":\"https:\/\/conexion23.com\/\",\"logo\":{\"@type\":\"ImageObject\",\"inLanguage\":\"es\",\"@id\":\"https:\/\/conexion23.com\/#\/schema\/logo\/image\/\",\"url\":\"https:\/\/conexion23.com\/wp-content\/uploads\/2021\/11\/Diseno-sin-titulo-2.png\",\"contentUrl\":\"https:\/\/conexion23.com\/wp-content\/uploads\/2021\/11\/Diseno-sin-titulo-2.png\",\"width\":541,\"height\":90,\"caption\":\"Conexion 23\"},\"image\":{\"@id\":\"https:\/\/conexion23.com\/#\/schema\/logo\/image\/\"},\"sameAs\":[\"https:\/\/www.facebook.com\/conexion23com\",\"https:\/\/www.instagram.com\/conexion23com\/\",\"https:\/\/www.youtube.com\/channel\/UCYc7vxxFZMYLIHNsHHxPZ3Q\"]},{\"@type\":\"Person\",\"@id\":\"https:\/\/conexion23.com\/#\/schema\/person\/03e36043331117e97a373299bbcd30a6\",\"name\":\"Raffy Ben\u00edtez\",\"image\":{\"@type\":\"ImageObject\",\"inLanguage\":\"es\",\"@id\":\"https:\/\/conexion23.com\/#\/schema\/person\/image\/\",\"url\":\"https:\/\/secure.gravatar.com\/avatar\/3190a6a6c5e1b0327500f7d6c56b6242472ee6cb974cf09b401ee6b3b0798f23?s=96&d=mm&r=g\",\"contentUrl\":\"https:\/\/secure.gravatar.com\/avatar\/3190a6a6c5e1b0327500f7d6c56b6242472ee6cb974cf09b401ee6b3b0798f23?s=96&d=mm&r=g\",\"caption\":\"Raffy Ben\u00edtez\"},\"url\":\"https:\/\/conexion23.com\/?author=15\"}]}<\/script>\n<!-- \/ Yoast SEO plugin. -->","yoast_head_json":{"title":"Suben a 20 los detenidos en operativos en la zona de la \u00faltima masacre en Ecuador - Conexi\u00f3n 23","robots":{"index":"index","follow":"follow","max-snippet":"max-snippet:-1","max-image-preview":"max-image-preview:large","max-video-preview":"max-video-preview:-1"},"canonical":"https:\/\/conexion23.com\/?p=38618","og_locale":"es_ES","og_type":"article","og_title":"Suben a 20 los detenidos en operativos en la zona de la \u00faltima masacre en Ecuador - Conexi\u00f3n 23","og_description":"La&nbsp;Polic\u00eda&nbsp;de&nbsp;Ecuador&nbsp;detuvo este viernes a seis personas, que se suman a otras catorce que captur\u00f3 durante la madrugada, en diversos operativos realizados en el sector&nbsp;Nueva&nbsp;Prosperina, en el noroeste de&nbsp;Guayaquil, donde el jueves se registr\u00f3 una&nbsp;masacre&nbsp;que dej\u00f3 22 fallecidos. Los&nbsp;detenidos&nbsp;\u00abestar\u00edan implicados en hechos&nbsp;violentos&nbsp;y pertenecer\u00edan a&nbsp;grupos&nbsp;armados&nbsp;organizados\u00bb, se\u00f1al\u00f3 la&nbsp;Polic\u00eda&nbsp;en su cuenta de la red social X. Desde la noche [&hellip;]","og_url":"https:\/\/conexion23.com\/?p=38618","og_site_name":"Conexi\u00f3n 23","article_publisher":"https:\/\/www.facebook.com\/conexion23com","article_published_time":"2025-03-08T12:14:52+00:00","article_modified_time":"2025-03-08T12:14:54+00:00","og_image":[{"width":896,"height":504,"url":"https:\/\/conexion23.com\/wp-content\/uploads\/2025\/03\/detenidos-b2f02973-focus-0-0-896-504.jpg","type":"image\/jpeg"}],"author":"Raffy Ben\u00edtez","twitter_card":"summary_large_image","twitter_misc":{"Escrito por":"Raffy Ben\u00edtez","Tiempo de lectura":"2 minutos"},"schema":{"@context":"https:\/\/schema.org","@graph":[{"@type":"Article","@id":"https:\/\/conexion23.com\/?p=38618#article","isPartOf":{"@id":"https:\/\/conexion23.com\/?p=38618"},"author":{"name":"Raffy Ben\u00edtez","@id":"https:\/\/conexion23.com\/#\/schema\/person\/03e36043331117e97a373299bbcd30a6"},"headline":"Suben a 20 los detenidos en operativos en la zona de la \u00faltima masacre en Ecuador","datePublished":"2025-03-08T12:14:52+00:00","dateModified":"2025-03-08T12:14:54+00:00","mainEntityOfPage":{"@id":"https:\/\/conexion23.com\/?p=38618"},"wordCount":347,"commentCount":0,"publisher":{"@id":"https:\/\/conexion23.com\/#organization"},"image":{"@id":"https:\/\/conexion23.com\/?p=38618#primaryimage"},"thumbnailUrl":"https:\/\/conexion23.com\/wp-content\/uploads\/2025\/03\/detenidos-b2f02973-focus-0-0-896-504.jpg","articleSection":["Uncategorized"],"inLanguage":"es","potentialAction":[{"@type":"CommentAction","name":"Comment","target":["https:\/\/conexion23.com\/?p=38618#respond"]}]},{"@type":"WebPage","@id":"https:\/\/conexion23.com\/?p=38618","url":"https:\/\/conexion23.com\/?p=38618","name":"Suben a 20 los detenidos en operativos en la zona de la \u00faltima masacre en Ecuador - Conexi\u00f3n 23","isPartOf":{"@id":"https:\/\/conexion23.com\/#website"},"primaryImageOfPage":{"@id":"https:\/\/conexion23.com\/?p=38618#primaryimage"},"image":{"@id":"https:\/\/conexion23.com\/?p=38618#primaryimage"},"thumbnailUrl":"https:\/\/conexion23.com\/wp-content\/uploads\/2025\/03\/detenidos-b2f02973-focus-0-0-896-504.jpg","datePublished":"2025-03-08T12:14:52+00:00","dateModified":"2025-03-08T12:14:54+00:00","breadcrumb":{"@id":"https:\/\/conexion23.com\/?p=38618#breadcrumb"},"inLanguage":"es","potentialAction":[{"@type":"ReadAction","target":["https:\/\/conexion23.com\/?p=38618"]}]},{"@type":"ImageObject","inLanguage":"es","@id":"https:\/\/conexion23.com\/?p=38618#primaryimage","url":"https:\/\/conexion23.com\/wp-content\/uploads\/2025\/03\/detenidos-b2f02973-focus-0-0-896-504.jpg","contentUrl":"https:\/\/conexion23.com\/wp-content\/uploads\/2025\/03\/detenidos-b2f02973-focus-0-0-896-504.jpg","width":896,"height":504},{"@type":"BreadcrumbList","@id":"https:\/\/conexion23.com\/?p=38618#breadcrumb","itemListElement":[{"@type":"ListItem","position":1,"name":"Portada","item":"https:\/\/conexion23.com\/"},{"@type":"ListItem","position":2,"name":"Suben a 20 los detenidos en operativos en la zona de la \u00faltima masacre en Ecuador"}]},{"@type":"WebSite","@id":"https:\/\/conexion23.com\/#website","url":"https:\/\/conexion23.com\/","name":"Conexi\u00f3n 23","description":"Peri\u00f3dico 100% Petromacorisano","publisher":{"@id":"https:\/\/conexion23.com\/#organization"},"potentialAction":[{"@type":"SearchAction","target":{"@type":"EntryPoint","urlTemplate":"https:\/\/conexion23.com\/?s={search_term_string}"},"query-input":{"@type":"PropertyValueSpecification","valueRequired":true,"valueName":"search_term_string"}}],"inLanguage":"es"},{"@type":"Organization","@id":"https:\/\/conexion23.com\/#organization","name":"Conexion 23","url":"https:\/\/conexion23.com\/","logo":{"@type":"ImageObject","inLanguage":"es","@id":"https:\/\/conexion23.com\/#\/schema\/logo\/image\/","url":"https:\/\/conexion23.com\/wp-content\/uploads\/2021\/11\/Diseno-sin-titulo-2.png","contentUrl":"https:\/\/conexion23.com\/wp-content\/uploads\/2021\/11\/Diseno-sin-titulo-2.png","width":541,"height":90,"caption":"Conexion 23"},"image":{"@id":"https:\/\/conexion23.com\/#\/schema\/logo\/image\/"},"sameAs":["https:\/\/www.facebook.com\/conexion23com","https:\/\/www.instagram.com\/conexion23com\/","https:\/\/www.youtube.com\/channel\/UCYc7vxxFZMYLIHNsHHxPZ3Q"]},{"@type":"Person","@id":"https:\/\/conexion23.com\/#\/schema\/person\/03e36043331117e97a373299bbcd30a6","name":"Raffy Ben\u00edtez","image":{"@type":"ImageObject","inLanguage":"es","@id":"https:\/\/conexion23.com\/#\/schema\/person\/image\/","url":"https:\/\/secure.gravatar.com\/avatar\/3190a6a6c5e1b0327500f7d6c56b6242472ee6cb974cf09b401ee6b3b0798f23?s=96&d=mm&r=g","contentUrl":"https:\/\/secure.gravatar.com\/avatar\/3190a6a6c5e1b0327500f7d6c56b6242472ee6cb974cf09b401ee6b3b0798f23?s=96&d=mm&r=g","caption":"Raffy Ben\u00edtez"},"url":"https:\/\/conexion23.com\/?author=15"}]}},"_links":{"self":[{"href":"https:\/\/conexion23.com\/index.php?rest_route=\/wp\/v2\/posts\/38618","targetHints":{"allow":["GET"]}}],"collection":[{"href":"https:\/\/conexion23.com\/index.php?rest_route=\/wp\/v2\/posts"}],"about":[{"href":"https:\/\/conexion23.com\/index.php?rest_route=\/wp\/v2\/types\/post"}],"author":[{"embeddable":true,"href":"https:\/\/conexion23.com\/index.php?rest_route=\/wp\/v2\/users\/15"}],"replies":[{"embeddable":true,"href":"https:\/\/conexion23.com\/index.php?rest_route=%2Fwp%2Fv2%2Fcomments&post=38618"}],"version-history":[{"count":1,"href":"https:\/\/conexion23.com\/index.php?rest_route=\/wp\/v2\/posts\/38618\/revisions"}],"predecessor-version":[{"id":38620,"href":"https:\/\/conexion23.com\/index.php?rest_route=\/wp\/v2\/posts\/38618\/revisions\/38620"}],"wp:featuredmedia":[{"embeddable":true,"href":"https:\/\/conexion23.com\/index.php?rest_route=\/wp\/v2\/media\/38619"}],"wp:attachment":[{"href":"https:\/\/conexion23.com\/index.php?rest_route=%2Fwp%2Fv2%2Fmedia&parent=38618"}],"wp:term":[{"taxonomy":"category","embeddable":true,"href":"https:\/\/conexion23.com\/index.php?rest_route=%2Fwp%2Fv2%2Fcategories&post=38618"},{"taxonomy":"post_tag","embeddable":true,"href":"https:\/\/conexion23.com\/index.php?rest_route=%2Fwp%2Fv2%2Ftags&post=38618"}],"curies":[{"name":"wp","href":"https:\/\/api.w.org\/{rel}","templated":true}]}}