{"id":38630,"date":"2025-03-08T08:43:23","date_gmt":"2025-03-08T12:43:23","guid":{"rendered":"https:\/\/conexion23.com\/?p=38630"},"modified":"2025-03-08T08:43:26","modified_gmt":"2025-03-08T12:43:26","slug":"epidemiologo-goldny-mills-llama-a-vacunar-a-los-ninos-contra-el-sarampion","status":"publish","type":"post","link":"https:\/\/conexion23.com\/?p=38630","title":{"rendered":"Epidemi\u00f3logo Goldny Mills, llama a vacunar a los ni\u00f1os contra el sarampi\u00f3n"},"content":{"rendered":"\n<h4 class=\"wp-block-heading\">Ante la preocupaci\u00f3n de la ciudadan\u00eda que teme la aparici\u00f3n de&nbsp;<strong>casos de sarampi\u00f3n&nbsp;<\/strong>en el pa\u00eds, el doctor Goldny Mills, maestro de epidemiolog\u00eda y medicina preventiva de la Universidad Central del Este (UCE), dijo que desde el 2001 no se han registrado casos de la enfermedad y que en el 2010 la Rep\u00fablica Dominicana fue declarada libre de sarampi\u00f3n, que es altamente contagioso.<\/h4>\n\n\n\n<p class=\"wp-block-paragraph\">Entiende que la poblaci\u00f3n debe ponerse al d\u00eda con las vacunas de nuestros ni\u00f1os y as\u00ed evitar la aparici\u00f3n de casos y posibles brotes de sarampi\u00f3n, ya que el pasado 29 de enero del a\u00f1o en curso, la Organizaci\u00f3n Mundial de la Salud (OMS) alert\u00f3 sobre el incremento de casos de sarampi\u00f3n a escala global y la ocurrencia de casos importados en los pa\u00edses de Am\u00e9rica.<\/p>\n\n\n\n<p class=\"wp-block-paragraph\">Indic\u00f3 que ese informe de 2024 se\u00f1ala que m\u00e1s de la mitad de los pa\u00edses del mundo corren alto riesgo por brote de sarampi\u00f3n, por lo que alert\u00f3 que los ni\u00f1os que tienen mayor riesgo son los menores de cinco a\u00f1os y los que tienen m\u00e1s de un a\u00f1o que no tienen sus vacunas completas, por lo que es necesario que deben vacunarse.<\/p>\n\n\n\n<p class=\"wp-block-paragraph\"><\/p>\n\n\n\n<p class=\"wp-block-paragraph\">El doctor Mills, exdirector Provincial de Salud en San Pedro de Macor\u00eds y maestro del departamento de estudiantes denominados (Pollitos) de la UCE, los cuales trabajan todo el a\u00f1o llevando prevenci\u00f3n de las enfermedades epidemiol\u00f3gicas por barrios, campos y bateyes de la provincia, llam\u00f3 a la poblaci\u00f3n a no descuidarse con las vacunas de sus ni\u00f1os.<\/p>\n\n\n\n<p class=\"wp-block-paragraph\">Sostuvo que el enfoque principal en los actuales momentos en el pa\u00eds es que los padres y tutores se tomen el tiempo de revisar las tarjetas de vacunaci\u00f3n de sus hijos y se aseguren de que todo ni\u00f1o mayor de cinco a\u00f1os tenga al menos dos dosis de la vacuna SRP o triple viral.<\/p>\n\n\n\n<p class=\"wp-block-paragraph\">El m\u00e9dico epidemi\u00f3logo expres\u00f3 que el sarampi\u00f3n es una enfermedad altamente contagiosa y potencialmente grave causada por un virus, espec\u00edficamente por los paramixovirus, que afecta a ni\u00f1os que no tienen el esquema de vacunaci\u00f3n al d\u00eda.<\/p>\n","protected":false},"excerpt":{"rendered":"<p>Ante la preocupaci\u00f3n de la ciudadan\u00eda que teme la aparici\u00f3n de&nbsp;casos de sarampi\u00f3n&nbsp;en el pa\u00eds, el doctor Goldny Mills, maestro de epidemiolog\u00eda y medicina preventiva de la Universidad Central del Este (UCE), dijo que desde el 2001 no se han registrado casos de la enfermedad y que en el 2010 la Rep\u00fablica Dominicana fue declarada [&hellip;]<\/p>\n","protected":false},"author":15,"featured_media":38631,"comment_status":"open","ping_status":"open","sticky":false,"template":"","format":"standard","meta":{"footnotes":""},"categories":[35],"tags":[],"class_list":["post-38630","post","type-post","status-publish","format-standard","has-post-thumbnail","category-spm"],"yoast_head":"<!-- This site is optimized with the Yoast SEO plugin v27.6 - https:\/\/yoast.com\/product\/yoast-seo-wordpress\/ -->\n<title>Epidemi\u00f3logo Goldny Mills, llama a vacunar a los ni\u00f1os contra el sarampi\u00f3n - Conexi\u00f3n 23<\/title>\n<meta name=\"robots\" content=\"index, follow, max-snippet:-1, max-image-preview:large, max-video-preview:-1\" \/>\n<link rel=\"canonical\" href=\"https:\/\/conexion23.com\/?p=38630\" \/>\n<meta property=\"og:locale\" content=\"es_ES\" \/>\n<meta property=\"og:type\" content=\"article\" \/>\n<meta property=\"og:title\" content=\"Epidemi\u00f3logo Goldny Mills, llama a vacunar a los ni\u00f1os contra el sarampi\u00f3n - Conexi\u00f3n 23\" \/>\n<meta property=\"og:description\" content=\"Ante la preocupaci\u00f3n de la ciudadan\u00eda que teme la aparici\u00f3n de&nbsp;casos de sarampi\u00f3n&nbsp;en el pa\u00eds, el doctor Goldny Mills, maestro de epidemiolog\u00eda y medicina preventiva de la Universidad Central del Este (UCE), dijo que desde el 2001 no se han registrado casos de la enfermedad y que en el 2010 la Rep\u00fablica Dominicana fue declarada [&hellip;]\" \/>\n<meta property=\"og:url\" content=\"https:\/\/conexion23.com\/?p=38630\" \/>\n<meta property=\"og:site_name\" content=\"Conexi\u00f3n 23\" \/>\n<meta property=\"article:publisher\" content=\"https:\/\/www.facebook.com\/conexion23com\" \/>\n<meta property=\"article:published_time\" content=\"2025-03-08T12:43:23+00:00\" \/>\n<meta property=\"article:modified_time\" content=\"2025-03-08T12:43:26+00:00\" \/>\n<meta property=\"og:image\" content=\"https:\/\/conexion23.com\/wp-content\/uploads\/2025\/03\/Dr.-Goldny-Mills.webp\" \/>\n\t<meta property=\"og:image:width\" content=\"618\" \/>\n\t<meta property=\"og:image:height\" content=\"607\" \/>\n\t<meta property=\"og:image:type\" content=\"image\/webp\" \/>\n<meta name=\"author\" content=\"Raffy Ben\u00edtez\" \/>\n<meta name=\"twitter:card\" content=\"summary_large_image\" \/>\n<meta name=\"twitter:label1\" content=\"Escrito por\" \/>\n\t<meta name=\"twitter:data1\" content=\"Raffy Ben\u00edtez\" \/>\n\t<meta name=\"twitter:label2\" content=\"Tiempo de lectura\" \/>\n\t<meta name=\"twitter:data2\" content=\"2 minutos\" \/>\n<script type=\"application\/ld+json\" class=\"yoast-schema-graph\">{\"@context\":\"https:\\\/\\\/schema.org\",\"@graph\":[{\"@type\":\"Article\",\"@id\":\"https:\\\/\\\/conexion23.com\\\/?p=38630#article\",\"isPartOf\":{\"@id\":\"https:\\\/\\\/conexion23.com\\\/?p=38630\"},\"author\":{\"name\":\"Raffy Ben\u00edtez\",\"@id\":\"https:\\\/\\\/conexion23.com\\\/#\\\/schema\\\/person\\\/03e36043331117e97a373299bbcd30a6\"},\"headline\":\"Epidemi\u00f3logo Goldny Mills, llama a vacunar a los ni\u00f1os contra el sarampi\u00f3n\",\"datePublished\":\"2025-03-08T12:43:23+00:00\",\"dateModified\":\"2025-03-08T12:43:26+00:00\",\"mainEntityOfPage\":{\"@id\":\"https:\\\/\\\/conexion23.com\\\/?p=38630\"},\"wordCount\":395,\"commentCount\":0,\"publisher\":{\"@id\":\"https:\\\/\\\/conexion23.com\\\/#organization\"},\"image\":{\"@id\":\"https:\\\/\\\/conexion23.com\\\/?p=38630#primaryimage\"},\"thumbnailUrl\":\"https:\\\/\\\/conexion23.com\\\/wp-content\\\/uploads\\\/2025\\\/03\\\/Dr.-Goldny-Mills.webp\",\"articleSection\":[\"SPM\"],\"inLanguage\":\"es\",\"potentialAction\":[{\"@type\":\"CommentAction\",\"name\":\"Comment\",\"target\":[\"https:\\\/\\\/conexion23.com\\\/?p=38630#respond\"]}]},{\"@type\":\"WebPage\",\"@id\":\"https:\\\/\\\/conexion23.com\\\/?p=38630\",\"url\":\"https:\\\/\\\/conexion23.com\\\/?p=38630\",\"name\":\"Epidemi\u00f3logo Goldny Mills, llama a vacunar a los ni\u00f1os contra el sarampi\u00f3n - Conexi\u00f3n 23\",\"isPartOf\":{\"@id\":\"https:\\\/\\\/conexion23.com\\\/#website\"},\"primaryImageOfPage\":{\"@id\":\"https:\\\/\\\/conexion23.com\\\/?p=38630#primaryimage\"},\"image\":{\"@id\":\"https:\\\/\\\/conexion23.com\\\/?p=38630#primaryimage\"},\"thumbnailUrl\":\"https:\\\/\\\/conexion23.com\\\/wp-content\\\/uploads\\\/2025\\\/03\\\/Dr.-Goldny-Mills.webp\",\"datePublished\":\"2025-03-08T12:43:23+00:00\",\"dateModified\":\"2025-03-08T12:43:26+00:00\",\"breadcrumb\":{\"@id\":\"https:\\\/\\\/conexion23.com\\\/?p=38630#breadcrumb\"},\"inLanguage\":\"es\",\"potentialAction\":[{\"@type\":\"ReadAction\",\"target\":[\"https:\\\/\\\/conexion23.com\\\/?p=38630\"]}]},{\"@type\":\"ImageObject\",\"inLanguage\":\"es\",\"@id\":\"https:\\\/\\\/conexion23.com\\\/?p=38630#primaryimage\",\"url\":\"https:\\\/\\\/conexion23.com\\\/wp-content\\\/uploads\\\/2025\\\/03\\\/Dr.-Goldny-Mills.webp\",\"contentUrl\":\"https:\\\/\\\/conexion23.com\\\/wp-content\\\/uploads\\\/2025\\\/03\\\/Dr.-Goldny-Mills.webp\",\"width\":618,\"height\":607},{\"@type\":\"BreadcrumbList\",\"@id\":\"https:\\\/\\\/conexion23.com\\\/?p=38630#breadcrumb\",\"itemListElement\":[{\"@type\":\"ListItem\",\"position\":1,\"name\":\"Portada\",\"item\":\"https:\\\/\\\/conexion23.com\\\/\"},{\"@type\":\"ListItem\",\"position\":2,\"name\":\"Epidemi\u00f3logo Goldny Mills, llama a vacunar a los ni\u00f1os contra el sarampi\u00f3n\"}]},{\"@type\":\"WebSite\",\"@id\":\"https:\\\/\\\/conexion23.com\\\/#website\",\"url\":\"https:\\\/\\\/conexion23.com\\\/\",\"name\":\"Conexi\u00f3n 23\",\"description\":\"Peri\u00f3dico 100% Petromacorisano\",\"publisher\":{\"@id\":\"https:\\\/\\\/conexion23.com\\\/#organization\"},\"potentialAction\":[{\"@type\":\"SearchAction\",\"target\":{\"@type\":\"EntryPoint\",\"urlTemplate\":\"https:\\\/\\\/conexion23.com\\\/?s={search_term_string}\"},\"query-input\":{\"@type\":\"PropertyValueSpecification\",\"valueRequired\":true,\"valueName\":\"search_term_string\"}}],\"inLanguage\":\"es\"},{\"@type\":\"Organization\",\"@id\":\"https:\\\/\\\/conexion23.com\\\/#organization\",\"name\":\"Conexion 23\",\"url\":\"https:\\\/\\\/conexion23.com\\\/\",\"logo\":{\"@type\":\"ImageObject\",\"inLanguage\":\"es\",\"@id\":\"https:\\\/\\\/conexion23.com\\\/#\\\/schema\\\/logo\\\/image\\\/\",\"url\":\"https:\\\/\\\/conexion23.com\\\/wp-content\\\/uploads\\\/2021\\\/11\\\/Diseno-sin-titulo-2.png\",\"contentUrl\":\"https:\\\/\\\/conexion23.com\\\/wp-content\\\/uploads\\\/2021\\\/11\\\/Diseno-sin-titulo-2.png\",\"width\":541,\"height\":90,\"caption\":\"Conexion 23\"},\"image\":{\"@id\":\"https:\\\/\\\/conexion23.com\\\/#\\\/schema\\\/logo\\\/image\\\/\"},\"sameAs\":[\"https:\\\/\\\/www.facebook.com\\\/conexion23com\",\"https:\\\/\\\/www.instagram.com\\\/conexion23com\\\/\",\"https:\\\/\\\/www.youtube.com\\\/channel\\\/UCYc7vxxFZMYLIHNsHHxPZ3Q\"]},{\"@type\":\"Person\",\"@id\":\"https:\\\/\\\/conexion23.com\\\/#\\\/schema\\\/person\\\/03e36043331117e97a373299bbcd30a6\",\"name\":\"Raffy Ben\u00edtez\",\"image\":{\"@type\":\"ImageObject\",\"inLanguage\":\"es\",\"@id\":\"https:\\\/\\\/secure.gravatar.com\\\/avatar\\\/3190a6a6c5e1b0327500f7d6c56b6242472ee6cb974cf09b401ee6b3b0798f23?s=96&d=mm&r=g\",\"url\":\"https:\\\/\\\/secure.gravatar.com\\\/avatar\\\/3190a6a6c5e1b0327500f7d6c56b6242472ee6cb974cf09b401ee6b3b0798f23?s=96&d=mm&r=g\",\"contentUrl\":\"https:\\\/\\\/secure.gravatar.com\\\/avatar\\\/3190a6a6c5e1b0327500f7d6c56b6242472ee6cb974cf09b401ee6b3b0798f23?s=96&d=mm&r=g\",\"caption\":\"Raffy Ben\u00edtez\"},\"url\":\"https:\\\/\\\/conexion23.com\\\/?author=15\"}]}<\/script>\n<!-- \/ Yoast SEO plugin. -->","yoast_head_json":{"title":"Epidemi\u00f3logo Goldny Mills, llama a vacunar a los ni\u00f1os contra el sarampi\u00f3n - Conexi\u00f3n 23","robots":{"index":"index","follow":"follow","max-snippet":"max-snippet:-1","max-image-preview":"max-image-preview:large","max-video-preview":"max-video-preview:-1"},"canonical":"https:\/\/conexion23.com\/?p=38630","og_locale":"es_ES","og_type":"article","og_title":"Epidemi\u00f3logo Goldny Mills, llama a vacunar a los ni\u00f1os contra el sarampi\u00f3n - Conexi\u00f3n 23","og_description":"Ante la preocupaci\u00f3n de la ciudadan\u00eda que teme la aparici\u00f3n de&nbsp;casos de sarampi\u00f3n&nbsp;en el pa\u00eds, el doctor Goldny Mills, maestro de epidemiolog\u00eda y medicina preventiva de la Universidad Central del Este (UCE), dijo que desde el 2001 no se han registrado casos de la enfermedad y que en el 2010 la Rep\u00fablica Dominicana fue declarada [&hellip;]","og_url":"https:\/\/conexion23.com\/?p=38630","og_site_name":"Conexi\u00f3n 23","article_publisher":"https:\/\/www.facebook.com\/conexion23com","article_published_time":"2025-03-08T12:43:23+00:00","article_modified_time":"2025-03-08T12:43:26+00:00","og_image":[{"width":618,"height":607,"url":"https:\/\/conexion23.com\/wp-content\/uploads\/2025\/03\/Dr.-Goldny-Mills.webp","type":"image\/webp"}],"author":"Raffy Ben\u00edtez","twitter_card":"summary_large_image","twitter_misc":{"Escrito por":"Raffy Ben\u00edtez","Tiempo de lectura":"2 minutos"},"schema":{"@context":"https:\/\/schema.org","@graph":[{"@type":"Article","@id":"https:\/\/conexion23.com\/?p=38630#article","isPartOf":{"@id":"https:\/\/conexion23.com\/?p=38630"},"author":{"name":"Raffy Ben\u00edtez","@id":"https:\/\/conexion23.com\/#\/schema\/person\/03e36043331117e97a373299bbcd30a6"},"headline":"Epidemi\u00f3logo Goldny Mills, llama a vacunar a los ni\u00f1os contra el sarampi\u00f3n","datePublished":"2025-03-08T12:43:23+00:00","dateModified":"2025-03-08T12:43:26+00:00","mainEntityOfPage":{"@id":"https:\/\/conexion23.com\/?p=38630"},"wordCount":395,"commentCount":0,"publisher":{"@id":"https:\/\/conexion23.com\/#organization"},"image":{"@id":"https:\/\/conexion23.com\/?p=38630#primaryimage"},"thumbnailUrl":"https:\/\/conexion23.com\/wp-content\/uploads\/2025\/03\/Dr.-Goldny-Mills.webp","articleSection":["SPM"],"inLanguage":"es","potentialAction":[{"@type":"CommentAction","name":"Comment","target":["https:\/\/conexion23.com\/?p=38630#respond"]}]},{"@type":"WebPage","@id":"https:\/\/conexion23.com\/?p=38630","url":"https:\/\/conexion23.com\/?p=38630","name":"Epidemi\u00f3logo Goldny Mills, llama a vacunar a los ni\u00f1os contra el sarampi\u00f3n - Conexi\u00f3n 23","isPartOf":{"@id":"https:\/\/conexion23.com\/#website"},"primaryImageOfPage":{"@id":"https:\/\/conexion23.com\/?p=38630#primaryimage"},"image":{"@id":"https:\/\/conexion23.com\/?p=38630#primaryimage"},"thumbnailUrl":"https:\/\/conexion23.com\/wp-content\/uploads\/2025\/03\/Dr.-Goldny-Mills.webp","datePublished":"2025-03-08T12:43:23+00:00","dateModified":"2025-03-08T12:43:26+00:00","breadcrumb":{"@id":"https:\/\/conexion23.com\/?p=38630#breadcrumb"},"inLanguage":"es","potentialAction":[{"@type":"ReadAction","target":["https:\/\/conexion23.com\/?p=38630"]}]},{"@type":"ImageObject","inLanguage":"es","@id":"https:\/\/conexion23.com\/?p=38630#primaryimage","url":"https:\/\/conexion23.com\/wp-content\/uploads\/2025\/03\/Dr.-Goldny-Mills.webp","contentUrl":"https:\/\/conexion23.com\/wp-content\/uploads\/2025\/03\/Dr.-Goldny-Mills.webp","width":618,"height":607},{"@type":"BreadcrumbList","@id":"https:\/\/conexion23.com\/?p=38630#breadcrumb","itemListElement":[{"@type":"ListItem","position":1,"name":"Portada","item":"https:\/\/conexion23.com\/"},{"@type":"ListItem","position":2,"name":"Epidemi\u00f3logo Goldny Mills, llama a vacunar a los ni\u00f1os contra el sarampi\u00f3n"}]},{"@type":"WebSite","@id":"https:\/\/conexion23.com\/#website","url":"https:\/\/conexion23.com\/","name":"Conexi\u00f3n 23","description":"Peri\u00f3dico 100% Petromacorisano","publisher":{"@id":"https:\/\/conexion23.com\/#organization"},"potentialAction":[{"@type":"SearchAction","target":{"@type":"EntryPoint","urlTemplate":"https:\/\/conexion23.com\/?s={search_term_string}"},"query-input":{"@type":"PropertyValueSpecification","valueRequired":true,"valueName":"search_term_string"}}],"inLanguage":"es"},{"@type":"Organization","@id":"https:\/\/conexion23.com\/#organization","name":"Conexion 23","url":"https:\/\/conexion23.com\/","logo":{"@type":"ImageObject","inLanguage":"es","@id":"https:\/\/conexion23.com\/#\/schema\/logo\/image\/","url":"https:\/\/conexion23.com\/wp-content\/uploads\/2021\/11\/Diseno-sin-titulo-2.png","contentUrl":"https:\/\/conexion23.com\/wp-content\/uploads\/2021\/11\/Diseno-sin-titulo-2.png","width":541,"height":90,"caption":"Conexion 23"},"image":{"@id":"https:\/\/conexion23.com\/#\/schema\/logo\/image\/"},"sameAs":["https:\/\/www.facebook.com\/conexion23com","https:\/\/www.instagram.com\/conexion23com\/","https:\/\/www.youtube.com\/channel\/UCYc7vxxFZMYLIHNsHHxPZ3Q"]},{"@type":"Person","@id":"https:\/\/conexion23.com\/#\/schema\/person\/03e36043331117e97a373299bbcd30a6","name":"Raffy Ben\u00edtez","image":{"@type":"ImageObject","inLanguage":"es","@id":"https:\/\/secure.gravatar.com\/avatar\/3190a6a6c5e1b0327500f7d6c56b6242472ee6cb974cf09b401ee6b3b0798f23?s=96&d=mm&r=g","url":"https:\/\/secure.gravatar.com\/avatar\/3190a6a6c5e1b0327500f7d6c56b6242472ee6cb974cf09b401ee6b3b0798f23?s=96&d=mm&r=g","contentUrl":"https:\/\/secure.gravatar.com\/avatar\/3190a6a6c5e1b0327500f7d6c56b6242472ee6cb974cf09b401ee6b3b0798f23?s=96&d=mm&r=g","caption":"Raffy Ben\u00edtez"},"url":"https:\/\/conexion23.com\/?author=15"}]}},"_links":{"self":[{"href":"https:\/\/conexion23.com\/index.php?rest_route=\/wp\/v2\/posts\/38630","targetHints":{"allow":["GET"]}}],"collection":[{"href":"https:\/\/conexion23.com\/index.php?rest_route=\/wp\/v2\/posts"}],"about":[{"href":"https:\/\/conexion23.com\/index.php?rest_route=\/wp\/v2\/types\/post"}],"author":[{"embeddable":true,"href":"https:\/\/conexion23.com\/index.php?rest_route=\/wp\/v2\/users\/15"}],"replies":[{"embeddable":true,"href":"https:\/\/conexion23.com\/index.php?rest_route=%2Fwp%2Fv2%2Fcomments&post=38630"}],"version-history":[{"count":1,"href":"https:\/\/conexion23.com\/index.php?rest_route=\/wp\/v2\/posts\/38630\/revisions"}],"predecessor-version":[{"id":38632,"href":"https:\/\/conexion23.com\/index.php?rest_route=\/wp\/v2\/posts\/38630\/revisions\/38632"}],"wp:featuredmedia":[{"embeddable":true,"href":"https:\/\/conexion23.com\/index.php?rest_route=\/wp\/v2\/media\/38631"}],"wp:attachment":[{"href":"https:\/\/conexion23.com\/index.php?rest_route=%2Fwp%2Fv2%2Fmedia&parent=38630"}],"wp:term":[{"taxonomy":"category","embeddable":true,"href":"https:\/\/conexion23.com\/index.php?rest_route=%2Fwp%2Fv2%2Fcategories&post=38630"},{"taxonomy":"post_tag","embeddable":true,"href":"https:\/\/conexion23.com\/index.php?rest_route=%2Fwp%2Fv2%2Ftags&post=38630"}],"curies":[{"name":"wp","href":"https:\/\/api.w.org\/{rel}","templated":true}]}}