{"id":38633,"date":"2025-03-08T08:46:47","date_gmt":"2025-03-08T12:46:47","guid":{"rendered":"https:\/\/conexion23.com\/?p=38633"},"modified":"2025-03-08T08:46:49","modified_gmt":"2025-03-08T12:46:49","slug":"padresestudiantes-y-personal-docente-preocupados-ante-inminete-desalojo-de-la-escuela-felipe-viccini-en-la-punta-de-pescadores","status":"publish","type":"post","link":"https:\/\/conexion23.com\/?p=38633","title":{"rendered":"Padres,estudiantes y personal docente preocupados ante inminete desalojo de la escuela Felipe Viccini en la Punta de Pescadores."},"content":{"rendered":"\n<p class=\"wp-block-paragraph\">El plazo otrogado por la familia&nbsp;<strong>Viccini<\/strong>&nbsp;para que el&nbsp;<strong>Ministerio de Educacion<\/strong>&nbsp;desaloje los predios donde se encuentra la escuela&nbsp; que lleva el nombre de uno de los miembros de esa familia tiene preocupados a los residentes de la comunidad del ingenio Cristobal Colon.<\/p>\n\n\n\n<p class=\"wp-block-paragraph\">&nbsp; &nbsp; &nbsp; Mas de 300 estudiantes tienen un futuro incierto ya que segun las informaciones los ejecutivos de grupo CAEI les han advertido que le queda solo este ano escolar como plazo, ya que despues de culminado ellos planean desarrollar proyectos de la empresa en los terrenos donde se encuentra el centro educativo.<\/p>\n\n\n\n<p class=\"wp-block-paragraph\">&nbsp; &nbsp; Segun avanzan los dias la preocupacion es mayor porque ni la Direccion Regional de Educacion ni el propio Ministerio le han dado una respuesta a los padres, profesores y director del recinto&nbsp;<\/p>\n\n\n\n<p class=\"wp-block-paragraph\">&nbsp; &nbsp; &nbsp;Ante la propuesta de dirigentes comunitarios para ubicar un lugar que pueda ser donado para la construccion de un nuevo centro la administracion se limito a informarles que no tenian terreno disponible para esos fines.<\/p>\n\n\n\n<p class=\"wp-block-paragraph\">&nbsp; &nbsp; &nbsp;En conversaciones sostenidas por este reportero con padres de los estudiantes, estos expresan incertidumbre ya que&nbsp; no saben d\u00f3nde enviaran&nbsp; a sus hijos el proximo ano, si esta situacion no se resuelve cuanto antes.<\/p>\n\n\n\n<p class=\"wp-block-paragraph\">&nbsp; &nbsp; En tanto que los profesores consultados no tienen una seguridad de d\u00f3nde van a ir ellos como docentes mientras que&nbsp; el personal administrativo tampoco saben en que podria parar la situacion.<\/p>\n\n\n\n<p class=\"wp-block-paragraph\">&nbsp; &nbsp;&nbsp;<strong>&nbsp;Solicitud de Liceo<\/strong><\/p>\n\n\n\n<p class=\"wp-block-paragraph\">&nbsp; &nbsp; &nbsp;Los posibles afectados solicitan al gobierno y a&nbsp; las autoridades provinciales de San Pedro de Macor\u00eds para que gestionen la construccion de un Liceo-Polit\u00e9cnico en el \u00e1rea de la Punta de Pescadores para que estos j\u00f3venes puedan desarrollarse, estudiar y ser hombres de bien en el manana.<\/p>\n\n\n\n<p class=\"wp-block-paragraph\">cortesia de notiexpreso.com<\/p>\n","protected":false},"excerpt":{"rendered":"<p>El plazo otrogado por la familia&nbsp;Viccini&nbsp;para que el&nbsp;Ministerio de Educacion&nbsp;desaloje los predios donde se encuentra la escuela&nbsp; que lleva el nombre de uno de los miembros de esa familia tiene preocupados a los residentes de la comunidad del ingenio Cristobal Colon. &nbsp; &nbsp; &nbsp; Mas de 300 estudiantes tienen un futuro incierto ya que segun [&hellip;]<\/p>\n","protected":false},"author":15,"featured_media":38634,"comment_status":"open","ping_status":"open","sticky":false,"template":"","format":"standard","meta":{"footnotes":""},"categories":[35],"tags":[],"class_list":["post-38633","post","type-post","status-publish","format-standard","has-post-thumbnail","category-spm"],"yoast_head":"<!-- This site is optimized with the Yoast SEO plugin v27.6 - https:\/\/yoast.com\/product\/yoast-seo-wordpress\/ -->\n<title>Padres,estudiantes y personal docente preocupados ante inminete desalojo de la escuela Felipe Viccini en la Punta de Pescadores. - Conexi\u00f3n 23<\/title>\n<meta name=\"robots\" content=\"index, follow, max-snippet:-1, max-image-preview:large, max-video-preview:-1\" \/>\n<link rel=\"canonical\" href=\"https:\/\/conexion23.com\/?p=38633\" \/>\n<meta property=\"og:locale\" content=\"es_ES\" \/>\n<meta property=\"og:type\" content=\"article\" \/>\n<meta property=\"og:title\" content=\"Padres,estudiantes y personal docente preocupados ante inminete desalojo de la escuela Felipe Viccini en la Punta de Pescadores. - Conexi\u00f3n 23\" \/>\n<meta property=\"og:description\" content=\"El plazo otrogado por la familia&nbsp;Viccini&nbsp;para que el&nbsp;Ministerio de Educacion&nbsp;desaloje los predios donde se encuentra la escuela&nbsp; que lleva el nombre de uno de los miembros de esa familia tiene preocupados a los residentes de la comunidad del ingenio Cristobal Colon. &nbsp; &nbsp; &nbsp; Mas de 300 estudiantes tienen un futuro incierto ya que segun [&hellip;]\" \/>\n<meta property=\"og:url\" content=\"https:\/\/conexion23.com\/?p=38633\" \/>\n<meta property=\"og:site_name\" content=\"Conexi\u00f3n 23\" \/>\n<meta property=\"article:publisher\" content=\"https:\/\/www.facebook.com\/conexion23com\" \/>\n<meta property=\"article:published_time\" content=\"2025-03-08T12:46:47+00:00\" \/>\n<meta property=\"article:modified_time\" content=\"2025-03-08T12:46:49+00:00\" \/>\n<meta property=\"og:image\" content=\"https:\/\/conexion23.com\/wp-content\/uploads\/2025\/03\/escuela.jpeg\" \/>\n\t<meta property=\"og:image:width\" content=\"1040\" \/>\n\t<meta property=\"og:image:height\" content=\"780\" \/>\n\t<meta property=\"og:image:type\" content=\"image\/jpeg\" \/>\n<meta name=\"author\" content=\"Raffy Ben\u00edtez\" \/>\n<meta name=\"twitter:card\" content=\"summary_large_image\" \/>\n<meta name=\"twitter:label1\" content=\"Escrito por\" \/>\n\t<meta name=\"twitter:data1\" content=\"Raffy Ben\u00edtez\" \/>\n\t<meta name=\"twitter:label2\" content=\"Tiempo de lectura\" \/>\n\t<meta name=\"twitter:data2\" content=\"2 minutos\" \/>\n<script type=\"application\/ld+json\" class=\"yoast-schema-graph\">{\"@context\":\"https:\\\/\\\/schema.org\",\"@graph\":[{\"@type\":\"Article\",\"@id\":\"https:\\\/\\\/conexion23.com\\\/?p=38633#article\",\"isPartOf\":{\"@id\":\"https:\\\/\\\/conexion23.com\\\/?p=38633\"},\"author\":{\"name\":\"Raffy Ben\u00edtez\",\"@id\":\"http:\\\/\\\/conexion23.com\\\/#\\\/schema\\\/person\\\/03e36043331117e97a373299bbcd30a6\"},\"headline\":\"Padres,estudiantes y personal docente preocupados ante inminete desalojo de la escuela Felipe Viccini en la Punta de Pescadores.\",\"datePublished\":\"2025-03-08T12:46:47+00:00\",\"dateModified\":\"2025-03-08T12:46:49+00:00\",\"mainEntityOfPage\":{\"@id\":\"https:\\\/\\\/conexion23.com\\\/?p=38633\"},\"wordCount\":335,\"commentCount\":0,\"publisher\":{\"@id\":\"http:\\\/\\\/conexion23.com\\\/#organization\"},\"image\":{\"@id\":\"https:\\\/\\\/conexion23.com\\\/?p=38633#primaryimage\"},\"thumbnailUrl\":\"https:\\\/\\\/conexion23.com\\\/wp-content\\\/uploads\\\/2025\\\/03\\\/escuela.jpeg\",\"articleSection\":[\"SPM\"],\"inLanguage\":\"es\",\"potentialAction\":[{\"@type\":\"CommentAction\",\"name\":\"Comment\",\"target\":[\"https:\\\/\\\/conexion23.com\\\/?p=38633#respond\"]}]},{\"@type\":\"WebPage\",\"@id\":\"https:\\\/\\\/conexion23.com\\\/?p=38633\",\"url\":\"https:\\\/\\\/conexion23.com\\\/?p=38633\",\"name\":\"Padres,estudiantes y personal docente preocupados ante inminete desalojo de la escuela Felipe Viccini en la Punta de Pescadores. - Conexi\u00f3n 23\",\"isPartOf\":{\"@id\":\"http:\\\/\\\/conexion23.com\\\/#website\"},\"primaryImageOfPage\":{\"@id\":\"https:\\\/\\\/conexion23.com\\\/?p=38633#primaryimage\"},\"image\":{\"@id\":\"https:\\\/\\\/conexion23.com\\\/?p=38633#primaryimage\"},\"thumbnailUrl\":\"https:\\\/\\\/conexion23.com\\\/wp-content\\\/uploads\\\/2025\\\/03\\\/escuela.jpeg\",\"datePublished\":\"2025-03-08T12:46:47+00:00\",\"dateModified\":\"2025-03-08T12:46:49+00:00\",\"breadcrumb\":{\"@id\":\"https:\\\/\\\/conexion23.com\\\/?p=38633#breadcrumb\"},\"inLanguage\":\"es\",\"potentialAction\":[{\"@type\":\"ReadAction\",\"target\":[\"https:\\\/\\\/conexion23.com\\\/?p=38633\"]}]},{\"@type\":\"ImageObject\",\"inLanguage\":\"es\",\"@id\":\"https:\\\/\\\/conexion23.com\\\/?p=38633#primaryimage\",\"url\":\"https:\\\/\\\/conexion23.com\\\/wp-content\\\/uploads\\\/2025\\\/03\\\/escuela.jpeg\",\"contentUrl\":\"https:\\\/\\\/conexion23.com\\\/wp-content\\\/uploads\\\/2025\\\/03\\\/escuela.jpeg\",\"width\":1040,\"height\":780},{\"@type\":\"BreadcrumbList\",\"@id\":\"https:\\\/\\\/conexion23.com\\\/?p=38633#breadcrumb\",\"itemListElement\":[{\"@type\":\"ListItem\",\"position\":1,\"name\":\"Portada\",\"item\":\"http:\\\/\\\/conexion23.com\\\/\"},{\"@type\":\"ListItem\",\"position\":2,\"name\":\"Padres,estudiantes y personal docente preocupados ante inminete desalojo de la escuela Felipe Viccini en la Punta de Pescadores.\"}]},{\"@type\":\"WebSite\",\"@id\":\"http:\\\/\\\/conexion23.com\\\/#website\",\"url\":\"http:\\\/\\\/conexion23.com\\\/\",\"name\":\"Conexi\u00f3n 23\",\"description\":\"Peri\u00f3dico 100% Petromacorisano\",\"publisher\":{\"@id\":\"http:\\\/\\\/conexion23.com\\\/#organization\"},\"potentialAction\":[{\"@type\":\"SearchAction\",\"target\":{\"@type\":\"EntryPoint\",\"urlTemplate\":\"http:\\\/\\\/conexion23.com\\\/?s={search_term_string}\"},\"query-input\":{\"@type\":\"PropertyValueSpecification\",\"valueRequired\":true,\"valueName\":\"search_term_string\"}}],\"inLanguage\":\"es\"},{\"@type\":\"Organization\",\"@id\":\"http:\\\/\\\/conexion23.com\\\/#organization\",\"name\":\"Conexion 23\",\"url\":\"http:\\\/\\\/conexion23.com\\\/\",\"logo\":{\"@type\":\"ImageObject\",\"inLanguage\":\"es\",\"@id\":\"http:\\\/\\\/conexion23.com\\\/#\\\/schema\\\/logo\\\/image\\\/\",\"url\":\"https:\\\/\\\/conexion23.com\\\/wp-content\\\/uploads\\\/2021\\\/11\\\/Diseno-sin-titulo-2.png\",\"contentUrl\":\"https:\\\/\\\/conexion23.com\\\/wp-content\\\/uploads\\\/2021\\\/11\\\/Diseno-sin-titulo-2.png\",\"width\":541,\"height\":90,\"caption\":\"Conexion 23\"},\"image\":{\"@id\":\"http:\\\/\\\/conexion23.com\\\/#\\\/schema\\\/logo\\\/image\\\/\"},\"sameAs\":[\"https:\\\/\\\/www.facebook.com\\\/conexion23com\",\"https:\\\/\\\/www.instagram.com\\\/conexion23com\\\/\",\"https:\\\/\\\/www.youtube.com\\\/channel\\\/UCYc7vxxFZMYLIHNsHHxPZ3Q\"]},{\"@type\":\"Person\",\"@id\":\"http:\\\/\\\/conexion23.com\\\/#\\\/schema\\\/person\\\/03e36043331117e97a373299bbcd30a6\",\"name\":\"Raffy Ben\u00edtez\",\"image\":{\"@type\":\"ImageObject\",\"inLanguage\":\"es\",\"@id\":\"https:\\\/\\\/secure.gravatar.com\\\/avatar\\\/3190a6a6c5e1b0327500f7d6c56b6242472ee6cb974cf09b401ee6b3b0798f23?s=96&d=mm&r=g\",\"url\":\"https:\\\/\\\/secure.gravatar.com\\\/avatar\\\/3190a6a6c5e1b0327500f7d6c56b6242472ee6cb974cf09b401ee6b3b0798f23?s=96&d=mm&r=g\",\"contentUrl\":\"https:\\\/\\\/secure.gravatar.com\\\/avatar\\\/3190a6a6c5e1b0327500f7d6c56b6242472ee6cb974cf09b401ee6b3b0798f23?s=96&d=mm&r=g\",\"caption\":\"Raffy Ben\u00edtez\"},\"url\":\"https:\\\/\\\/conexion23.com\\\/?author=15\"}]}<\/script>\n<!-- \/ Yoast SEO plugin. -->","yoast_head_json":{"title":"Padres,estudiantes y personal docente preocupados ante inminete desalojo de la escuela Felipe Viccini en la Punta de Pescadores. - Conexi\u00f3n 23","robots":{"index":"index","follow":"follow","max-snippet":"max-snippet:-1","max-image-preview":"max-image-preview:large","max-video-preview":"max-video-preview:-1"},"canonical":"https:\/\/conexion23.com\/?p=38633","og_locale":"es_ES","og_type":"article","og_title":"Padres,estudiantes y personal docente preocupados ante inminete desalojo de la escuela Felipe Viccini en la Punta de Pescadores. - Conexi\u00f3n 23","og_description":"El plazo otrogado por la familia&nbsp;Viccini&nbsp;para que el&nbsp;Ministerio de Educacion&nbsp;desaloje los predios donde se encuentra la escuela&nbsp; que lleva el nombre de uno de los miembros de esa familia tiene preocupados a los residentes de la comunidad del ingenio Cristobal Colon. &nbsp; &nbsp; &nbsp; Mas de 300 estudiantes tienen un futuro incierto ya que segun [&hellip;]","og_url":"https:\/\/conexion23.com\/?p=38633","og_site_name":"Conexi\u00f3n 23","article_publisher":"https:\/\/www.facebook.com\/conexion23com","article_published_time":"2025-03-08T12:46:47+00:00","article_modified_time":"2025-03-08T12:46:49+00:00","og_image":[{"width":1040,"height":780,"url":"https:\/\/conexion23.com\/wp-content\/uploads\/2025\/03\/escuela.jpeg","type":"image\/jpeg"}],"author":"Raffy Ben\u00edtez","twitter_card":"summary_large_image","twitter_misc":{"Escrito por":"Raffy Ben\u00edtez","Tiempo de lectura":"2 minutos"},"schema":{"@context":"https:\/\/schema.org","@graph":[{"@type":"Article","@id":"https:\/\/conexion23.com\/?p=38633#article","isPartOf":{"@id":"https:\/\/conexion23.com\/?p=38633"},"author":{"name":"Raffy Ben\u00edtez","@id":"http:\/\/conexion23.com\/#\/schema\/person\/03e36043331117e97a373299bbcd30a6"},"headline":"Padres,estudiantes y personal docente preocupados ante inminete desalojo de la escuela Felipe Viccini en la Punta de Pescadores.","datePublished":"2025-03-08T12:46:47+00:00","dateModified":"2025-03-08T12:46:49+00:00","mainEntityOfPage":{"@id":"https:\/\/conexion23.com\/?p=38633"},"wordCount":335,"commentCount":0,"publisher":{"@id":"http:\/\/conexion23.com\/#organization"},"image":{"@id":"https:\/\/conexion23.com\/?p=38633#primaryimage"},"thumbnailUrl":"https:\/\/conexion23.com\/wp-content\/uploads\/2025\/03\/escuela.jpeg","articleSection":["SPM"],"inLanguage":"es","potentialAction":[{"@type":"CommentAction","name":"Comment","target":["https:\/\/conexion23.com\/?p=38633#respond"]}]},{"@type":"WebPage","@id":"https:\/\/conexion23.com\/?p=38633","url":"https:\/\/conexion23.com\/?p=38633","name":"Padres,estudiantes y personal docente preocupados ante inminete desalojo de la escuela Felipe Viccini en la Punta de Pescadores. - Conexi\u00f3n 23","isPartOf":{"@id":"http:\/\/conexion23.com\/#website"},"primaryImageOfPage":{"@id":"https:\/\/conexion23.com\/?p=38633#primaryimage"},"image":{"@id":"https:\/\/conexion23.com\/?p=38633#primaryimage"},"thumbnailUrl":"https:\/\/conexion23.com\/wp-content\/uploads\/2025\/03\/escuela.jpeg","datePublished":"2025-03-08T12:46:47+00:00","dateModified":"2025-03-08T12:46:49+00:00","breadcrumb":{"@id":"https:\/\/conexion23.com\/?p=38633#breadcrumb"},"inLanguage":"es","potentialAction":[{"@type":"ReadAction","target":["https:\/\/conexion23.com\/?p=38633"]}]},{"@type":"ImageObject","inLanguage":"es","@id":"https:\/\/conexion23.com\/?p=38633#primaryimage","url":"https:\/\/conexion23.com\/wp-content\/uploads\/2025\/03\/escuela.jpeg","contentUrl":"https:\/\/conexion23.com\/wp-content\/uploads\/2025\/03\/escuela.jpeg","width":1040,"height":780},{"@type":"BreadcrumbList","@id":"https:\/\/conexion23.com\/?p=38633#breadcrumb","itemListElement":[{"@type":"ListItem","position":1,"name":"Portada","item":"http:\/\/conexion23.com\/"},{"@type":"ListItem","position":2,"name":"Padres,estudiantes y personal docente preocupados ante inminete desalojo de la escuela Felipe Viccini en la Punta de Pescadores."}]},{"@type":"WebSite","@id":"http:\/\/conexion23.com\/#website","url":"http:\/\/conexion23.com\/","name":"Conexi\u00f3n 23","description":"Peri\u00f3dico 100% Petromacorisano","publisher":{"@id":"http:\/\/conexion23.com\/#organization"},"potentialAction":[{"@type":"SearchAction","target":{"@type":"EntryPoint","urlTemplate":"http:\/\/conexion23.com\/?s={search_term_string}"},"query-input":{"@type":"PropertyValueSpecification","valueRequired":true,"valueName":"search_term_string"}}],"inLanguage":"es"},{"@type":"Organization","@id":"http:\/\/conexion23.com\/#organization","name":"Conexion 23","url":"http:\/\/conexion23.com\/","logo":{"@type":"ImageObject","inLanguage":"es","@id":"http:\/\/conexion23.com\/#\/schema\/logo\/image\/","url":"https:\/\/conexion23.com\/wp-content\/uploads\/2021\/11\/Diseno-sin-titulo-2.png","contentUrl":"https:\/\/conexion23.com\/wp-content\/uploads\/2021\/11\/Diseno-sin-titulo-2.png","width":541,"height":90,"caption":"Conexion 23"},"image":{"@id":"http:\/\/conexion23.com\/#\/schema\/logo\/image\/"},"sameAs":["https:\/\/www.facebook.com\/conexion23com","https:\/\/www.instagram.com\/conexion23com\/","https:\/\/www.youtube.com\/channel\/UCYc7vxxFZMYLIHNsHHxPZ3Q"]},{"@type":"Person","@id":"http:\/\/conexion23.com\/#\/schema\/person\/03e36043331117e97a373299bbcd30a6","name":"Raffy Ben\u00edtez","image":{"@type":"ImageObject","inLanguage":"es","@id":"https:\/\/secure.gravatar.com\/avatar\/3190a6a6c5e1b0327500f7d6c56b6242472ee6cb974cf09b401ee6b3b0798f23?s=96&d=mm&r=g","url":"https:\/\/secure.gravatar.com\/avatar\/3190a6a6c5e1b0327500f7d6c56b6242472ee6cb974cf09b401ee6b3b0798f23?s=96&d=mm&r=g","contentUrl":"https:\/\/secure.gravatar.com\/avatar\/3190a6a6c5e1b0327500f7d6c56b6242472ee6cb974cf09b401ee6b3b0798f23?s=96&d=mm&r=g","caption":"Raffy Ben\u00edtez"},"url":"https:\/\/conexion23.com\/?author=15"}]}},"_links":{"self":[{"href":"https:\/\/conexion23.com\/index.php?rest_route=\/wp\/v2\/posts\/38633","targetHints":{"allow":["GET"]}}],"collection":[{"href":"https:\/\/conexion23.com\/index.php?rest_route=\/wp\/v2\/posts"}],"about":[{"href":"https:\/\/conexion23.com\/index.php?rest_route=\/wp\/v2\/types\/post"}],"author":[{"embeddable":true,"href":"https:\/\/conexion23.com\/index.php?rest_route=\/wp\/v2\/users\/15"}],"replies":[{"embeddable":true,"href":"https:\/\/conexion23.com\/index.php?rest_route=%2Fwp%2Fv2%2Fcomments&post=38633"}],"version-history":[{"count":1,"href":"https:\/\/conexion23.com\/index.php?rest_route=\/wp\/v2\/posts\/38633\/revisions"}],"predecessor-version":[{"id":38635,"href":"https:\/\/conexion23.com\/index.php?rest_route=\/wp\/v2\/posts\/38633\/revisions\/38635"}],"wp:featuredmedia":[{"embeddable":true,"href":"https:\/\/conexion23.com\/index.php?rest_route=\/wp\/v2\/media\/38634"}],"wp:attachment":[{"href":"https:\/\/conexion23.com\/index.php?rest_route=%2Fwp%2Fv2%2Fmedia&parent=38633"}],"wp:term":[{"taxonomy":"category","embeddable":true,"href":"https:\/\/conexion23.com\/index.php?rest_route=%2Fwp%2Fv2%2Fcategories&post=38633"},{"taxonomy":"post_tag","embeddable":true,"href":"https:\/\/conexion23.com\/index.php?rest_route=%2Fwp%2Fv2%2Ftags&post=38633"}],"curies":[{"name":"wp","href":"https:\/\/api.w.org\/{rel}","templated":true}]}}