{"id":38641,"date":"2025-03-10T07:19:10","date_gmt":"2025-03-10T11:19:10","guid":{"rendered":"https:\/\/conexion23.com\/?p=38641"},"modified":"2025-03-10T07:19:12","modified_gmt":"2025-03-10T11:19:12","slug":"el-consejo-de-transicion-en-haiti-ha-tenido-tres-presidentes-en-menos-de-un-ano","status":"publish","type":"post","link":"https:\/\/conexion23.com\/?p=38641","title":{"rendered":"El Consejo de Transici\u00f3n en Hait\u00ed ha tenido tres presidentes en menos de un a\u00f1o"},"content":{"rendered":"\n<p class=\"wp-block-paragraph\">Desde abril de 2024, Puerto Principe ha sido testigo de una acelerada sucesi\u00f3n de presidentes del Consejo de Transici\u00f3n en Hait\u00ed, reflejo de una crisis pol\u00edtica, social y econ\u00f3mica sin precedentes.<\/p>\n\n\n\n<p class=\"wp-block-paragraph\">En menos de un a\u00f1o, el pa\u00eds ha cambiado tres veces su liderazgo en la presidencia del Consejo, comenzando con&nbsp;<strong>Edgard Leblanc Fils<\/strong>, seguido de&nbsp;<strong>Leslie Voltaire<\/strong>, y culminando con el reciente nombramiento de&nbsp;<strong>Fritz Alphonse<\/strong>&nbsp;Jean el 7 de marzo de 2025.<\/p>\n\n\n\n<p class=\"wp-block-paragraph\">Este giro vertiginoso subraya el fr\u00e1gil estado institucional de Hait\u00ed, que sigue enfrentando una violencia imparable de las pandillas y una crisis humanitaria de magnitudes dram\u00e1ticas.<\/p>\n\n\n\n<h3 class=\"wp-block-heading\" id=\"h-antecedentes-de-la-crisis-politica\"><strong>Antecedentes de la crisis pol\u00edtica<\/strong><\/h3>\n\n\n\n<p class=\"wp-block-paragraph\">La desintegraci\u00f3n de las estructuras del gobierno haitiano comenz\u00f3 con la crisis social de 2019 y se agudiz\u00f3&nbsp;<strong>tras el asesinato del presidente Jovenel Mo\u00efse<\/strong>&nbsp;en julio de 2021.<\/p>\n\n\n\n<p class=\"wp-block-paragraph\">A partir de este tr\u00e1gico suceso, Ariel Henry asumi\u00f3 el poder, inicialmente como Primer Ministro, pero se convirti\u00f3 en presidente de facto&nbsp;<strong>al mantenerse en el cargo m\u00e1s all\u00e1 de su mandato<\/strong>, que expiraba el 7 de febrero de 2024. Esta situaci\u00f3n provoc\u00f3 un alza en las manifestaciones populares, que culminaron con la presi\u00f3n para su renuncia.<\/p>\n\n\n\n<p class=\"wp-block-paragraph\">A ra\u00edz de la creciente crisis, el 11 de marzo de 2024<strong>, Henry anunci\u00f3 su dimisi\u00f3n<\/strong>&nbsp;y&nbsp;<strong>la creaci\u00f3n de un Consejo de Transici\u00f3n<\/strong>, con el apoyo de la Comunidad del Caribe (CARICOM), cuyo prop\u00f3sito era establecer un gobierno interino hasta la celebraci\u00f3n de elecciones generales en 2026.<\/p>\n\n\n\n<p class=\"wp-block-paragraph\">Tras semanas de negociaciones, el 3 de abril de 2024 se form\u00f3 oficialmente el&nbsp;<strong>Consejo Presidencial de Transici\u00f3n (CPT),<\/strong>&nbsp;el cual asumi\u00f3 la responsabilidad de la conducci\u00f3n del pa\u00eds. Sin embargo, la violencia de las pandillas y las&nbsp;<strong>tensiones internas<\/strong>&nbsp;retrasaron la implementaci\u00f3n efectiva del Consejo, que no pudo realizar su ceremonia de toma de posesi\u00f3n hasta el 25 de abril de 2024, en un evento marcado por la inseguridad en Puerto Pr\u00edncipe.<\/p>\n\n\n\n<h4 class=\"wp-block-heading\" id=\"h-edgard-leblanc-fils-primer-presidente-del-consejo-de-transicion\"><strong>Edgard Leblanc Fils: Primer presidente del Consejo de Transici\u00f3n<\/strong><\/h4>\n\n\n\n<p class=\"wp-block-paragraph\">El primer presidente del Consejo de Transici\u00f3n en Hait\u00ed fue Edgard Leblanc Fils, asumi\u00f3 en abril de 2024. Su mandato comenz\u00f3 en medio de un pa\u00eds sumido en una crisis de gobernabilidad. Alli la violencia de las pandillas iba en aumento y la presi\u00f3n internacional sobre el gobierno interino era alta.<\/p>\n\n\n\n<p class=\"wp-block-paragraph\">Aunque al principio se mostr\u00f3 optimista, su liderazgo pronto se vio&nbsp;<strong>empa\u00f1ado por las acusaciones de corrupci\u00f3n<\/strong>&nbsp;dentro del Consejo. Las acusaciones tambien envolvieron a varios de sus miembros. En octubre de 2024, tras el estallido de estas denuncias, Leblanc Fils lo reemplazaron por Leslie Voltaire, quien asumi\u00f3 la presidencia del Consejo.<\/p>\n\n\n\n<h4 class=\"wp-block-heading\" id=\"h-leslie-voltaire-el-reemplazo-ante-las-denuncias-de-corrupcion\"><strong>Leslie Voltaire: El reemplazo ante las denuncias de corrupci\u00f3n<\/strong><\/h4>\n\n\n\n<p class=\"wp-block-paragraph\">Voltaire asumi\u00f3 el cargo el 7 de octubre de 2024, tras la salida de Leblanc Fils. Este<strong>&nbsp;renunci\u00f3 a la presidencia del Consejo de Transici\u00f3n&nbsp;<\/strong>en Hait\u00ed ante las acusaciones de corrupci\u00f3n que pesaban sobre \u00e9l y otros miembros.<\/p>\n\n\n\n<p class=\"wp-block-paragraph\">Durante su mandato, Voltaire prometi\u00f3 transparencia y enfatiz\u00f3 que uno de sus principales objetivos era restaurar la seguridad en todo el pa\u00eds. Bajo su liderazgo, el Consejo tambi\u00e9n tuvo que hacer frente a&nbsp;<strong>la creciente violencia de las pandillas<\/strong>. La misma culmin\u00f3 en una masacre en Pont-Sond\u00e9 en octubre, donde m\u00e1s de 70 personas las asesinaron.<\/p>\n\n\n\n<p class=\"wp-block-paragraph\">A pesar de los esfuerzos, la situaci\u00f3n de inseguridad continu\u00f3 empeorando. Debido a esto el 7 de marzo de 2025, Voltaire cedi\u00f3 el liderazgo a Fritz Alphonse Jean. Este asumi\u00f3 la presidencia del CPT en un momento cr\u00edtico para Hait\u00ed.<\/p>\n\n\n\n<h4 class=\"wp-block-heading\" id=\"h-fritz-alphonse-jean-el-nuevo-presidente\"><strong>Fritz Alphonse Jean el Nuevo presidente<\/strong><\/h4>\n\n\n\n<p class=\"wp-block-paragraph\">El 7 de marzo de 2025, Fritz Alphonse Jean asumi\u00f3 la presidencia del Consejo de Transici\u00f3n en Hait\u00ed, sucediendo a Leslie Voltaire. Con una vasta experiencia en econom\u00eda y pol\u00edtica, Alphonse Jean se encuentra ante un panorama complejo de violencia y caos social.<\/p>\n\n\n\n<p class=\"wp-block-paragraph\">En su primer discurso, el nuevo presidente del CPT destac\u00f3 la urgencia de restaurar el orden constitucional. Esto seria necesario para brindar respuestas inmediatas a las necesidades m\u00e1s apremiantes de la poblaci\u00f3n haitiana. Esta se hace urgente especialmente en t\u00e9rminos de seguridad, desplazamiento de los m\u00e1s de un mill\u00f3n de personas afectadas por la violencia, y el fortalecimiento de las fuerzas de seguridad del pa\u00eds.<\/p>\n\n\n\n<p class=\"wp-block-paragraph\">Alphonse Jean tambi\u00e9n subray\u00f3 que la situaci\u00f3n de violencia, en particular en la zona metropolitana de Puerto Pr\u00edncipe, que se encuentra en manos de bandas armadas en un 85%, es un desaf\u00edo prioritario que debe enfrentarse sin dilaciones.<\/p>\n\n\n\n<p class=\"wp-block-paragraph\">Como parte de su plan, el presidente del CPT ha anunciado la creaci\u00f3n de nuevos reclutas para las Fuerzas Armadas y la Polic\u00eda Nacional. Tambien una colaboraci\u00f3n con actores internacionales para garantizar la seguridad y estabilidad en Hait\u00ed.<\/p>\n\n\n\n<h4 class=\"wp-block-heading\" id=\"h-desafios-del-consejo-de-transicion\"><strong>Desaf\u00edos del Consejo de Transici\u00f3n<\/strong><\/h4>\n\n\n\n<p class=\"wp-block-paragraph\">A lo largo de estos sucesivos cambios de liderazgo en el Consejo Presidencial de Transici\u00f3n, Hait\u00ed sigue enfrentando enormes retos.<\/p>\n\n\n\n<p class=\"wp-block-paragraph\">A pesar de los esfuerzos de los distintos presidentes del Consejo, el pa\u00eds sigue sumido en una crisis pol\u00edtica, econ\u00f3mica y social de gran escala. Esto sumado a las amenazas de las bandas armadas que controlan vastas \u00e1reas del territorio. Tambien un colapso de los servicios p\u00fablicos y una creciente migraci\u00f3n de haitianos hacia otros pa\u00edses.<\/p>\n\n\n\n<p class=\"wp-block-paragraph\">El principal desaf\u00edo para el nuevo liderazgo bajo Fritz Alphonse Jean ser\u00e1 lograr la estabilidad en un pa\u00eds que lleva a\u00f1os luchando por encontrar un rumbo claro y viable. Con la comunidad internacional observando de cerca, las expectativas son altas para que el Consejo de Transici\u00f3n logre restablecer el orden, organizar elecciones democr\u00e1ticas y, en \u00faltima instancia, reconstruir las instituciones haitianas.<\/p>\n","protected":false},"excerpt":{"rendered":"<p>Desde abril de 2024, Puerto Principe ha sido testigo de una acelerada sucesi\u00f3n de presidentes del Consejo de Transici\u00f3n en Hait\u00ed, reflejo de una crisis pol\u00edtica, social y econ\u00f3mica sin precedentes. En menos de un a\u00f1o, el pa\u00eds ha cambiado tres veces su liderazgo en la presidencia del Consejo, comenzando con&nbsp;Edgard Leblanc Fils, seguido de&nbsp;Leslie [&hellip;]<\/p>\n","protected":false},"author":15,"featured_media":38642,"comment_status":"open","ping_status":"open","sticky":false,"template":"","format":"standard","meta":{"footnotes":""},"categories":[1],"tags":[],"class_list":["post-38641","post","type-post","status-publish","format-standard","has-post-thumbnail","category-uncategorized"],"yoast_head":"<!-- This site is optimized with the Yoast SEO plugin v27.6 - https:\/\/yoast.com\/product\/yoast-seo-wordpress\/ -->\n<title>El Consejo de Transici\u00f3n en Hait\u00ed ha tenido tres presidentes en menos de un a\u00f1o - Conexi\u00f3n 23<\/title>\n<meta name=\"robots\" content=\"index, follow, max-snippet:-1, max-image-preview:large, max-video-preview:-1\" \/>\n<link rel=\"canonical\" href=\"https:\/\/conexion23.com\/?p=38641\" \/>\n<meta property=\"og:locale\" content=\"es_ES\" \/>\n<meta property=\"og:type\" content=\"article\" \/>\n<meta property=\"og:title\" content=\"El Consejo de Transici\u00f3n en Hait\u00ed ha tenido tres presidentes en menos de un a\u00f1o - Conexi\u00f3n 23\" \/>\n<meta property=\"og:description\" content=\"Desde abril de 2024, Puerto Principe ha sido testigo de una acelerada sucesi\u00f3n de presidentes del Consejo de Transici\u00f3n en Hait\u00ed, reflejo de una crisis pol\u00edtica, social y econ\u00f3mica sin precedentes. En menos de un a\u00f1o, el pa\u00eds ha cambiado tres veces su liderazgo en la presidencia del Consejo, comenzando con&nbsp;Edgard Leblanc Fils, seguido de&nbsp;Leslie [&hellip;]\" \/>\n<meta property=\"og:url\" content=\"https:\/\/conexion23.com\/?p=38641\" \/>\n<meta property=\"og:site_name\" content=\"Conexi\u00f3n 23\" \/>\n<meta property=\"article:publisher\" content=\"https:\/\/www.facebook.com\/conexion23com\" \/>\n<meta property=\"article:published_time\" content=\"2025-03-10T11:19:10+00:00\" \/>\n<meta property=\"article:modified_time\" content=\"2025-03-10T11:19:12+00:00\" \/>\n<meta property=\"og:image\" content=\"https:\/\/conexion23.com\/wp-content\/uploads\/2025\/03\/67ccac29339c7_nueva-portada-19.jpg.webp\" \/>\n\t<meta property=\"og:image:width\" content=\"1280\" \/>\n\t<meta property=\"og:image:height\" content=\"770\" \/>\n\t<meta property=\"og:image:type\" content=\"image\/webp\" \/>\n<meta name=\"author\" content=\"Raffy Ben\u00edtez\" \/>\n<meta name=\"twitter:card\" content=\"summary_large_image\" \/>\n<meta name=\"twitter:label1\" content=\"Escrito por\" \/>\n\t<meta name=\"twitter:data1\" content=\"Raffy Ben\u00edtez\" \/>\n\t<meta name=\"twitter:label2\" content=\"Tiempo de lectura\" \/>\n\t<meta name=\"twitter:data2\" content=\"5 minutos\" \/>\n<script type=\"application\/ld+json\" class=\"yoast-schema-graph\">{\"@context\":\"https:\\\/\\\/schema.org\",\"@graph\":[{\"@type\":\"Article\",\"@id\":\"https:\\\/\\\/conexion23.com\\\/?p=38641#article\",\"isPartOf\":{\"@id\":\"https:\\\/\\\/conexion23.com\\\/?p=38641\"},\"author\":{\"name\":\"Raffy Ben\u00edtez\",\"@id\":\"https:\\\/\\\/conexion23.com\\\/#\\\/schema\\\/person\\\/03e36043331117e97a373299bbcd30a6\"},\"headline\":\"El Consejo de Transici\u00f3n en Hait\u00ed ha tenido tres presidentes en menos de un a\u00f1o\",\"datePublished\":\"2025-03-10T11:19:10+00:00\",\"dateModified\":\"2025-03-10T11:19:12+00:00\",\"mainEntityOfPage\":{\"@id\":\"https:\\\/\\\/conexion23.com\\\/?p=38641\"},\"wordCount\":982,\"commentCount\":0,\"publisher\":{\"@id\":\"https:\\\/\\\/conexion23.com\\\/#organization\"},\"image\":{\"@id\":\"https:\\\/\\\/conexion23.com\\\/?p=38641#primaryimage\"},\"thumbnailUrl\":\"https:\\\/\\\/conexion23.com\\\/wp-content\\\/uploads\\\/2025\\\/03\\\/67ccac29339c7_nueva-portada-19.jpg.webp\",\"articleSection\":[\"Uncategorized\"],\"inLanguage\":\"es\",\"potentialAction\":[{\"@type\":\"CommentAction\",\"name\":\"Comment\",\"target\":[\"https:\\\/\\\/conexion23.com\\\/?p=38641#respond\"]}]},{\"@type\":\"WebPage\",\"@id\":\"https:\\\/\\\/conexion23.com\\\/?p=38641\",\"url\":\"https:\\\/\\\/conexion23.com\\\/?p=38641\",\"name\":\"El Consejo de Transici\u00f3n en Hait\u00ed ha tenido tres presidentes en menos de un a\u00f1o - Conexi\u00f3n 23\",\"isPartOf\":{\"@id\":\"https:\\\/\\\/conexion23.com\\\/#website\"},\"primaryImageOfPage\":{\"@id\":\"https:\\\/\\\/conexion23.com\\\/?p=38641#primaryimage\"},\"image\":{\"@id\":\"https:\\\/\\\/conexion23.com\\\/?p=38641#primaryimage\"},\"thumbnailUrl\":\"https:\\\/\\\/conexion23.com\\\/wp-content\\\/uploads\\\/2025\\\/03\\\/67ccac29339c7_nueva-portada-19.jpg.webp\",\"datePublished\":\"2025-03-10T11:19:10+00:00\",\"dateModified\":\"2025-03-10T11:19:12+00:00\",\"breadcrumb\":{\"@id\":\"https:\\\/\\\/conexion23.com\\\/?p=38641#breadcrumb\"},\"inLanguage\":\"es\",\"potentialAction\":[{\"@type\":\"ReadAction\",\"target\":[\"https:\\\/\\\/conexion23.com\\\/?p=38641\"]}]},{\"@type\":\"ImageObject\",\"inLanguage\":\"es\",\"@id\":\"https:\\\/\\\/conexion23.com\\\/?p=38641#primaryimage\",\"url\":\"https:\\\/\\\/conexion23.com\\\/wp-content\\\/uploads\\\/2025\\\/03\\\/67ccac29339c7_nueva-portada-19.jpg.webp\",\"contentUrl\":\"https:\\\/\\\/conexion23.com\\\/wp-content\\\/uploads\\\/2025\\\/03\\\/67ccac29339c7_nueva-portada-19.jpg.webp\",\"width\":1280,\"height\":770},{\"@type\":\"BreadcrumbList\",\"@id\":\"https:\\\/\\\/conexion23.com\\\/?p=38641#breadcrumb\",\"itemListElement\":[{\"@type\":\"ListItem\",\"position\":1,\"name\":\"Portada\",\"item\":\"https:\\\/\\\/conexion23.com\\\/\"},{\"@type\":\"ListItem\",\"position\":2,\"name\":\"El Consejo de Transici\u00f3n en Hait\u00ed ha tenido tres presidentes en menos de un a\u00f1o\"}]},{\"@type\":\"WebSite\",\"@id\":\"https:\\\/\\\/conexion23.com\\\/#website\",\"url\":\"https:\\\/\\\/conexion23.com\\\/\",\"name\":\"Conexi\u00f3n 23\",\"description\":\"Peri\u00f3dico 100% Petromacorisano\",\"publisher\":{\"@id\":\"https:\\\/\\\/conexion23.com\\\/#organization\"},\"potentialAction\":[{\"@type\":\"SearchAction\",\"target\":{\"@type\":\"EntryPoint\",\"urlTemplate\":\"https:\\\/\\\/conexion23.com\\\/?s={search_term_string}\"},\"query-input\":{\"@type\":\"PropertyValueSpecification\",\"valueRequired\":true,\"valueName\":\"search_term_string\"}}],\"inLanguage\":\"es\"},{\"@type\":\"Organization\",\"@id\":\"https:\\\/\\\/conexion23.com\\\/#organization\",\"name\":\"Conexion 23\",\"url\":\"https:\\\/\\\/conexion23.com\\\/\",\"logo\":{\"@type\":\"ImageObject\",\"inLanguage\":\"es\",\"@id\":\"https:\\\/\\\/conexion23.com\\\/#\\\/schema\\\/logo\\\/image\\\/\",\"url\":\"https:\\\/\\\/conexion23.com\\\/wp-content\\\/uploads\\\/2021\\\/11\\\/Diseno-sin-titulo-2.png\",\"contentUrl\":\"https:\\\/\\\/conexion23.com\\\/wp-content\\\/uploads\\\/2021\\\/11\\\/Diseno-sin-titulo-2.png\",\"width\":541,\"height\":90,\"caption\":\"Conexion 23\"},\"image\":{\"@id\":\"https:\\\/\\\/conexion23.com\\\/#\\\/schema\\\/logo\\\/image\\\/\"},\"sameAs\":[\"https:\\\/\\\/www.facebook.com\\\/conexion23com\",\"https:\\\/\\\/www.instagram.com\\\/conexion23com\\\/\",\"https:\\\/\\\/www.youtube.com\\\/channel\\\/UCYc7vxxFZMYLIHNsHHxPZ3Q\"]},{\"@type\":\"Person\",\"@id\":\"https:\\\/\\\/conexion23.com\\\/#\\\/schema\\\/person\\\/03e36043331117e97a373299bbcd30a6\",\"name\":\"Raffy Ben\u00edtez\",\"image\":{\"@type\":\"ImageObject\",\"inLanguage\":\"es\",\"@id\":\"https:\\\/\\\/secure.gravatar.com\\\/avatar\\\/3190a6a6c5e1b0327500f7d6c56b6242472ee6cb974cf09b401ee6b3b0798f23?s=96&d=mm&r=g\",\"url\":\"https:\\\/\\\/secure.gravatar.com\\\/avatar\\\/3190a6a6c5e1b0327500f7d6c56b6242472ee6cb974cf09b401ee6b3b0798f23?s=96&d=mm&r=g\",\"contentUrl\":\"https:\\\/\\\/secure.gravatar.com\\\/avatar\\\/3190a6a6c5e1b0327500f7d6c56b6242472ee6cb974cf09b401ee6b3b0798f23?s=96&d=mm&r=g\",\"caption\":\"Raffy Ben\u00edtez\"},\"url\":\"https:\\\/\\\/conexion23.com\\\/?author=15\"}]}<\/script>\n<!-- \/ Yoast SEO plugin. -->","yoast_head_json":{"title":"El Consejo de Transici\u00f3n en Hait\u00ed ha tenido tres presidentes en menos de un a\u00f1o - Conexi\u00f3n 23","robots":{"index":"index","follow":"follow","max-snippet":"max-snippet:-1","max-image-preview":"max-image-preview:large","max-video-preview":"max-video-preview:-1"},"canonical":"https:\/\/conexion23.com\/?p=38641","og_locale":"es_ES","og_type":"article","og_title":"El Consejo de Transici\u00f3n en Hait\u00ed ha tenido tres presidentes en menos de un a\u00f1o - Conexi\u00f3n 23","og_description":"Desde abril de 2024, Puerto Principe ha sido testigo de una acelerada sucesi\u00f3n de presidentes del Consejo de Transici\u00f3n en Hait\u00ed, reflejo de una crisis pol\u00edtica, social y econ\u00f3mica sin precedentes. En menos de un a\u00f1o, el pa\u00eds ha cambiado tres veces su liderazgo en la presidencia del Consejo, comenzando con&nbsp;Edgard Leblanc Fils, seguido de&nbsp;Leslie [&hellip;]","og_url":"https:\/\/conexion23.com\/?p=38641","og_site_name":"Conexi\u00f3n 23","article_publisher":"https:\/\/www.facebook.com\/conexion23com","article_published_time":"2025-03-10T11:19:10+00:00","article_modified_time":"2025-03-10T11:19:12+00:00","og_image":[{"width":1280,"height":770,"url":"https:\/\/conexion23.com\/wp-content\/uploads\/2025\/03\/67ccac29339c7_nueva-portada-19.jpg.webp","type":"image\/webp"}],"author":"Raffy Ben\u00edtez","twitter_card":"summary_large_image","twitter_misc":{"Escrito por":"Raffy Ben\u00edtez","Tiempo de lectura":"5 minutos"},"schema":{"@context":"https:\/\/schema.org","@graph":[{"@type":"Article","@id":"https:\/\/conexion23.com\/?p=38641#article","isPartOf":{"@id":"https:\/\/conexion23.com\/?p=38641"},"author":{"name":"Raffy Ben\u00edtez","@id":"https:\/\/conexion23.com\/#\/schema\/person\/03e36043331117e97a373299bbcd30a6"},"headline":"El Consejo de Transici\u00f3n en Hait\u00ed ha tenido tres presidentes en menos de un a\u00f1o","datePublished":"2025-03-10T11:19:10+00:00","dateModified":"2025-03-10T11:19:12+00:00","mainEntityOfPage":{"@id":"https:\/\/conexion23.com\/?p=38641"},"wordCount":982,"commentCount":0,"publisher":{"@id":"https:\/\/conexion23.com\/#organization"},"image":{"@id":"https:\/\/conexion23.com\/?p=38641#primaryimage"},"thumbnailUrl":"https:\/\/conexion23.com\/wp-content\/uploads\/2025\/03\/67ccac29339c7_nueva-portada-19.jpg.webp","articleSection":["Uncategorized"],"inLanguage":"es","potentialAction":[{"@type":"CommentAction","name":"Comment","target":["https:\/\/conexion23.com\/?p=38641#respond"]}]},{"@type":"WebPage","@id":"https:\/\/conexion23.com\/?p=38641","url":"https:\/\/conexion23.com\/?p=38641","name":"El Consejo de Transici\u00f3n en Hait\u00ed ha tenido tres presidentes en menos de un a\u00f1o - Conexi\u00f3n 23","isPartOf":{"@id":"https:\/\/conexion23.com\/#website"},"primaryImageOfPage":{"@id":"https:\/\/conexion23.com\/?p=38641#primaryimage"},"image":{"@id":"https:\/\/conexion23.com\/?p=38641#primaryimage"},"thumbnailUrl":"https:\/\/conexion23.com\/wp-content\/uploads\/2025\/03\/67ccac29339c7_nueva-portada-19.jpg.webp","datePublished":"2025-03-10T11:19:10+00:00","dateModified":"2025-03-10T11:19:12+00:00","breadcrumb":{"@id":"https:\/\/conexion23.com\/?p=38641#breadcrumb"},"inLanguage":"es","potentialAction":[{"@type":"ReadAction","target":["https:\/\/conexion23.com\/?p=38641"]}]},{"@type":"ImageObject","inLanguage":"es","@id":"https:\/\/conexion23.com\/?p=38641#primaryimage","url":"https:\/\/conexion23.com\/wp-content\/uploads\/2025\/03\/67ccac29339c7_nueva-portada-19.jpg.webp","contentUrl":"https:\/\/conexion23.com\/wp-content\/uploads\/2025\/03\/67ccac29339c7_nueva-portada-19.jpg.webp","width":1280,"height":770},{"@type":"BreadcrumbList","@id":"https:\/\/conexion23.com\/?p=38641#breadcrumb","itemListElement":[{"@type":"ListItem","position":1,"name":"Portada","item":"https:\/\/conexion23.com\/"},{"@type":"ListItem","position":2,"name":"El Consejo de Transici\u00f3n en Hait\u00ed ha tenido tres presidentes en menos de un a\u00f1o"}]},{"@type":"WebSite","@id":"https:\/\/conexion23.com\/#website","url":"https:\/\/conexion23.com\/","name":"Conexi\u00f3n 23","description":"Peri\u00f3dico 100% Petromacorisano","publisher":{"@id":"https:\/\/conexion23.com\/#organization"},"potentialAction":[{"@type":"SearchAction","target":{"@type":"EntryPoint","urlTemplate":"https:\/\/conexion23.com\/?s={search_term_string}"},"query-input":{"@type":"PropertyValueSpecification","valueRequired":true,"valueName":"search_term_string"}}],"inLanguage":"es"},{"@type":"Organization","@id":"https:\/\/conexion23.com\/#organization","name":"Conexion 23","url":"https:\/\/conexion23.com\/","logo":{"@type":"ImageObject","inLanguage":"es","@id":"https:\/\/conexion23.com\/#\/schema\/logo\/image\/","url":"https:\/\/conexion23.com\/wp-content\/uploads\/2021\/11\/Diseno-sin-titulo-2.png","contentUrl":"https:\/\/conexion23.com\/wp-content\/uploads\/2021\/11\/Diseno-sin-titulo-2.png","width":541,"height":90,"caption":"Conexion 23"},"image":{"@id":"https:\/\/conexion23.com\/#\/schema\/logo\/image\/"},"sameAs":["https:\/\/www.facebook.com\/conexion23com","https:\/\/www.instagram.com\/conexion23com\/","https:\/\/www.youtube.com\/channel\/UCYc7vxxFZMYLIHNsHHxPZ3Q"]},{"@type":"Person","@id":"https:\/\/conexion23.com\/#\/schema\/person\/03e36043331117e97a373299bbcd30a6","name":"Raffy Ben\u00edtez","image":{"@type":"ImageObject","inLanguage":"es","@id":"https:\/\/secure.gravatar.com\/avatar\/3190a6a6c5e1b0327500f7d6c56b6242472ee6cb974cf09b401ee6b3b0798f23?s=96&d=mm&r=g","url":"https:\/\/secure.gravatar.com\/avatar\/3190a6a6c5e1b0327500f7d6c56b6242472ee6cb974cf09b401ee6b3b0798f23?s=96&d=mm&r=g","contentUrl":"https:\/\/secure.gravatar.com\/avatar\/3190a6a6c5e1b0327500f7d6c56b6242472ee6cb974cf09b401ee6b3b0798f23?s=96&d=mm&r=g","caption":"Raffy Ben\u00edtez"},"url":"https:\/\/conexion23.com\/?author=15"}]}},"_links":{"self":[{"href":"https:\/\/conexion23.com\/index.php?rest_route=\/wp\/v2\/posts\/38641","targetHints":{"allow":["GET"]}}],"collection":[{"href":"https:\/\/conexion23.com\/index.php?rest_route=\/wp\/v2\/posts"}],"about":[{"href":"https:\/\/conexion23.com\/index.php?rest_route=\/wp\/v2\/types\/post"}],"author":[{"embeddable":true,"href":"https:\/\/conexion23.com\/index.php?rest_route=\/wp\/v2\/users\/15"}],"replies":[{"embeddable":true,"href":"https:\/\/conexion23.com\/index.php?rest_route=%2Fwp%2Fv2%2Fcomments&post=38641"}],"version-history":[{"count":1,"href":"https:\/\/conexion23.com\/index.php?rest_route=\/wp\/v2\/posts\/38641\/revisions"}],"predecessor-version":[{"id":38643,"href":"https:\/\/conexion23.com\/index.php?rest_route=\/wp\/v2\/posts\/38641\/revisions\/38643"}],"wp:featuredmedia":[{"embeddable":true,"href":"https:\/\/conexion23.com\/index.php?rest_route=\/wp\/v2\/media\/38642"}],"wp:attachment":[{"href":"https:\/\/conexion23.com\/index.php?rest_route=%2Fwp%2Fv2%2Fmedia&parent=38641"}],"wp:term":[{"taxonomy":"category","embeddable":true,"href":"https:\/\/conexion23.com\/index.php?rest_route=%2Fwp%2Fv2%2Fcategories&post=38641"},{"taxonomy":"post_tag","embeddable":true,"href":"https:\/\/conexion23.com\/index.php?rest_route=%2Fwp%2Fv2%2Ftags&post=38641"}],"curies":[{"name":"wp","href":"https:\/\/api.w.org\/{rel}","templated":true}]}}