{"id":38647,"date":"2025-03-10T07:39:13","date_gmt":"2025-03-10T11:39:13","guid":{"rendered":"https:\/\/conexion23.com\/?p=38647"},"modified":"2025-03-10T07:39:16","modified_gmt":"2025-03-10T11:39:16","slug":"fallece-diomedes-nunez-merenguero-del-grupo-mio","status":"publish","type":"post","link":"https:\/\/conexion23.com\/?p=38647","title":{"rendered":"Fallece Di\u00f3medes N\u00fa\u00f1ez, merenguero del Grupo M\u00edo"},"content":{"rendered":"\n<p class=\"wp-block-paragraph\">El&nbsp;<strong>merenguero<\/strong>&nbsp;y exl\u00edder del ic\u00f3nico&nbsp;<strong>Grupo M\u00edo<\/strong>,&nbsp;<strong>Di\u00f3medes N\u00fa\u00f1ez<\/strong>, falleci\u00f3 este domingo a los 58 a\u00f1os. La noticia fue confirmada por el tambi\u00e9n&nbsp;<strong>merenguero<\/strong>&nbsp;<strong>Pochy Familia<\/strong>&nbsp;a&nbsp;<em>Diario Libre<\/em>, quien detall\u00f3 las circunstancias del&nbsp;<strong>deceso<\/strong>.<\/p>\n\n\n\n<p class=\"wp-block-paragraph\">Seg\u00fan explic\u00f3 Familia, N\u00fa\u00f1ez sufri\u00f3 un&nbsp;<strong>malestar<\/strong>&nbsp;durante la noche del s\u00e1bado, lo que llev\u00f3 a su familia a trasladarlo de urgencia al&nbsp;<strong>Centro M\u00e9dico UCE<\/strong>. All\u00ed, los m\u00e9dicos tuvieron que intubarlo debido a problemas pulmonares, y posteriormente sufri\u00f3 un infarto que acab\u00f3 con su vida.<\/p>\n\n\n\n<p class=\"wp-block-paragraph\">\u00abSe nos fue uno de los grandes artistas de este pa\u00eds, uno de los grandes&nbsp;<strong>merengueros<\/strong>. Es bueno que todos nos unamos en este momento\u00bb, expres\u00f3 con gran&nbsp;<strong>pesar<\/strong>&nbsp;Familia, quien lament\u00f3 la partida de su colega y amigo.<\/p>\n\n\n\n<p class=\"wp-block-paragraph\"><strong>N\u00fa\u00f1ez<\/strong>, conocido por temas como&nbsp;<em>Las estrellas brillar\u00e1n<\/em>,&nbsp;<em>Balsie&nbsp;<\/em>y&nbsp;<em>Esto se encendi\u00f3<\/em>, padec\u00eda de&nbsp;<strong>insuficiencia renal cr\u00f3nica<\/strong>. En septiembre del a\u00f1o pasado, el artista hab\u00eda anunciado p\u00fablicamente que buscar\u00eda someterse a un trasplante de ri\u00f1\u00f3n con la esperanza de recuperar su salud y regresar a los escenarios.&nbsp;<\/p>\n","protected":false},"excerpt":{"rendered":"<p>El&nbsp;merenguero&nbsp;y exl\u00edder del ic\u00f3nico&nbsp;Grupo M\u00edo,&nbsp;Di\u00f3medes N\u00fa\u00f1ez, falleci\u00f3 este domingo a los 58 a\u00f1os. La noticia fue confirmada por el tambi\u00e9n&nbsp;merenguero&nbsp;Pochy Familia&nbsp;a&nbsp;Diario Libre, quien detall\u00f3 las circunstancias del&nbsp;deceso. Seg\u00fan explic\u00f3 Familia, N\u00fa\u00f1ez sufri\u00f3 un&nbsp;malestar&nbsp;durante la noche del s\u00e1bado, lo que llev\u00f3 a su familia a trasladarlo de urgencia al&nbsp;Centro M\u00e9dico UCE. All\u00ed, los m\u00e9dicos tuvieron que [&hellip;]<\/p>\n","protected":false},"author":15,"featured_media":38648,"comment_status":"open","ping_status":"open","sticky":false,"template":"","format":"standard","meta":{"footnotes":""},"categories":[1],"tags":[],"class_list":["post-38647","post","type-post","status-publish","format-standard","has-post-thumbnail","category-uncategorized"],"yoast_head":"<!-- This site is optimized with the Yoast SEO plugin v27.6 - https:\/\/yoast.com\/product\/yoast-seo-wordpress\/ -->\n<title>Fallece Di\u00f3medes N\u00fa\u00f1ez, merenguero del Grupo M\u00edo - Conexi\u00f3n 23<\/title>\n<meta name=\"robots\" content=\"index, follow, max-snippet:-1, max-image-preview:large, max-video-preview:-1\" \/>\n<link rel=\"canonical\" href=\"https:\/\/conexion23.com\/?p=38647\" \/>\n<meta property=\"og:locale\" content=\"es_ES\" \/>\n<meta property=\"og:type\" content=\"article\" \/>\n<meta property=\"og:title\" content=\"Fallece Di\u00f3medes N\u00fa\u00f1ez, merenguero del Grupo M\u00edo - Conexi\u00f3n 23\" \/>\n<meta property=\"og:description\" content=\"El&nbsp;merenguero&nbsp;y exl\u00edder del ic\u00f3nico&nbsp;Grupo M\u00edo,&nbsp;Di\u00f3medes N\u00fa\u00f1ez, falleci\u00f3 este domingo a los 58 a\u00f1os. La noticia fue confirmada por el tambi\u00e9n&nbsp;merenguero&nbsp;Pochy Familia&nbsp;a&nbsp;Diario Libre, quien detall\u00f3 las circunstancias del&nbsp;deceso. Seg\u00fan explic\u00f3 Familia, N\u00fa\u00f1ez sufri\u00f3 un&nbsp;malestar&nbsp;durante la noche del s\u00e1bado, lo que llev\u00f3 a su familia a trasladarlo de urgencia al&nbsp;Centro M\u00e9dico UCE. All\u00ed, los m\u00e9dicos tuvieron que [&hellip;]\" \/>\n<meta property=\"og:url\" content=\"https:\/\/conexion23.com\/?p=38647\" \/>\n<meta property=\"og:site_name\" content=\"Conexi\u00f3n 23\" \/>\n<meta property=\"article:publisher\" content=\"https:\/\/www.facebook.com\/conexion23com\" \/>\n<meta property=\"article:published_time\" content=\"2025-03-10T11:39:13+00:00\" \/>\n<meta property=\"article:modified_time\" content=\"2025-03-10T11:39:16+00:00\" \/>\n<meta property=\"og:image\" content=\"https:\/\/conexion23.com\/wp-content\/uploads\/2025\/03\/diomedes-nunez-ef060f8f-focus-min0.08-0.81-896-504.jpg\" \/>\n\t<meta property=\"og:image:width\" content=\"896\" \/>\n\t<meta property=\"og:image:height\" content=\"504\" \/>\n\t<meta property=\"og:image:type\" content=\"image\/jpeg\" \/>\n<meta name=\"author\" content=\"Raffy Ben\u00edtez\" \/>\n<meta name=\"twitter:card\" content=\"summary_large_image\" \/>\n<meta name=\"twitter:label1\" content=\"Escrito por\" \/>\n\t<meta name=\"twitter:data1\" content=\"Raffy Ben\u00edtez\" \/>\n\t<meta name=\"twitter:label2\" content=\"Tiempo de lectura\" \/>\n\t<meta name=\"twitter:data2\" content=\"1 minuto\" \/>\n<script type=\"application\/ld+json\" class=\"yoast-schema-graph\">{\"@context\":\"https:\\\/\\\/schema.org\",\"@graph\":[{\"@type\":\"Article\",\"@id\":\"https:\\\/\\\/conexion23.com\\\/?p=38647#article\",\"isPartOf\":{\"@id\":\"https:\\\/\\\/conexion23.com\\\/?p=38647\"},\"author\":{\"name\":\"Raffy Ben\u00edtez\",\"@id\":\"https:\\\/\\\/conexion23.com\\\/#\\\/schema\\\/person\\\/03e36043331117e97a373299bbcd30a6\"},\"headline\":\"Fallece Di\u00f3medes N\u00fa\u00f1ez, merenguero del Grupo M\u00edo\",\"datePublished\":\"2025-03-10T11:39:13+00:00\",\"dateModified\":\"2025-03-10T11:39:16+00:00\",\"mainEntityOfPage\":{\"@id\":\"https:\\\/\\\/conexion23.com\\\/?p=38647\"},\"wordCount\":221,\"commentCount\":0,\"publisher\":{\"@id\":\"https:\\\/\\\/conexion23.com\\\/#organization\"},\"image\":{\"@id\":\"https:\\\/\\\/conexion23.com\\\/?p=38647#primaryimage\"},\"thumbnailUrl\":\"https:\\\/\\\/conexion23.com\\\/wp-content\\\/uploads\\\/2025\\\/03\\\/diomedes-nunez-ef060f8f-focus-min0.08-0.81-896-504.jpg\",\"articleSection\":[\"Uncategorized\"],\"inLanguage\":\"es\",\"potentialAction\":[{\"@type\":\"CommentAction\",\"name\":\"Comment\",\"target\":[\"https:\\\/\\\/conexion23.com\\\/?p=38647#respond\"]}]},{\"@type\":\"WebPage\",\"@id\":\"https:\\\/\\\/conexion23.com\\\/?p=38647\",\"url\":\"https:\\\/\\\/conexion23.com\\\/?p=38647\",\"name\":\"Fallece Di\u00f3medes N\u00fa\u00f1ez, merenguero del Grupo M\u00edo - Conexi\u00f3n 23\",\"isPartOf\":{\"@id\":\"https:\\\/\\\/conexion23.com\\\/#website\"},\"primaryImageOfPage\":{\"@id\":\"https:\\\/\\\/conexion23.com\\\/?p=38647#primaryimage\"},\"image\":{\"@id\":\"https:\\\/\\\/conexion23.com\\\/?p=38647#primaryimage\"},\"thumbnailUrl\":\"https:\\\/\\\/conexion23.com\\\/wp-content\\\/uploads\\\/2025\\\/03\\\/diomedes-nunez-ef060f8f-focus-min0.08-0.81-896-504.jpg\",\"datePublished\":\"2025-03-10T11:39:13+00:00\",\"dateModified\":\"2025-03-10T11:39:16+00:00\",\"breadcrumb\":{\"@id\":\"https:\\\/\\\/conexion23.com\\\/?p=38647#breadcrumb\"},\"inLanguage\":\"es\",\"potentialAction\":[{\"@type\":\"ReadAction\",\"target\":[\"https:\\\/\\\/conexion23.com\\\/?p=38647\"]}]},{\"@type\":\"ImageObject\",\"inLanguage\":\"es\",\"@id\":\"https:\\\/\\\/conexion23.com\\\/?p=38647#primaryimage\",\"url\":\"https:\\\/\\\/conexion23.com\\\/wp-content\\\/uploads\\\/2025\\\/03\\\/diomedes-nunez-ef060f8f-focus-min0.08-0.81-896-504.jpg\",\"contentUrl\":\"https:\\\/\\\/conexion23.com\\\/wp-content\\\/uploads\\\/2025\\\/03\\\/diomedes-nunez-ef060f8f-focus-min0.08-0.81-896-504.jpg\",\"width\":896,\"height\":504},{\"@type\":\"BreadcrumbList\",\"@id\":\"https:\\\/\\\/conexion23.com\\\/?p=38647#breadcrumb\",\"itemListElement\":[{\"@type\":\"ListItem\",\"position\":1,\"name\":\"Portada\",\"item\":\"https:\\\/\\\/conexion23.com\\\/\"},{\"@type\":\"ListItem\",\"position\":2,\"name\":\"Fallece Di\u00f3medes N\u00fa\u00f1ez, merenguero del Grupo M\u00edo\"}]},{\"@type\":\"WebSite\",\"@id\":\"https:\\\/\\\/conexion23.com\\\/#website\",\"url\":\"https:\\\/\\\/conexion23.com\\\/\",\"name\":\"Conexi\u00f3n 23\",\"description\":\"Peri\u00f3dico 100% Petromacorisano\",\"publisher\":{\"@id\":\"https:\\\/\\\/conexion23.com\\\/#organization\"},\"potentialAction\":[{\"@type\":\"SearchAction\",\"target\":{\"@type\":\"EntryPoint\",\"urlTemplate\":\"https:\\\/\\\/conexion23.com\\\/?s={search_term_string}\"},\"query-input\":{\"@type\":\"PropertyValueSpecification\",\"valueRequired\":true,\"valueName\":\"search_term_string\"}}],\"inLanguage\":\"es\"},{\"@type\":\"Organization\",\"@id\":\"https:\\\/\\\/conexion23.com\\\/#organization\",\"name\":\"Conexion 23\",\"url\":\"https:\\\/\\\/conexion23.com\\\/\",\"logo\":{\"@type\":\"ImageObject\",\"inLanguage\":\"es\",\"@id\":\"https:\\\/\\\/conexion23.com\\\/#\\\/schema\\\/logo\\\/image\\\/\",\"url\":\"https:\\\/\\\/conexion23.com\\\/wp-content\\\/uploads\\\/2021\\\/11\\\/Diseno-sin-titulo-2.png\",\"contentUrl\":\"https:\\\/\\\/conexion23.com\\\/wp-content\\\/uploads\\\/2021\\\/11\\\/Diseno-sin-titulo-2.png\",\"width\":541,\"height\":90,\"caption\":\"Conexion 23\"},\"image\":{\"@id\":\"https:\\\/\\\/conexion23.com\\\/#\\\/schema\\\/logo\\\/image\\\/\"},\"sameAs\":[\"https:\\\/\\\/www.facebook.com\\\/conexion23com\",\"https:\\\/\\\/www.instagram.com\\\/conexion23com\\\/\",\"https:\\\/\\\/www.youtube.com\\\/channel\\\/UCYc7vxxFZMYLIHNsHHxPZ3Q\"]},{\"@type\":\"Person\",\"@id\":\"https:\\\/\\\/conexion23.com\\\/#\\\/schema\\\/person\\\/03e36043331117e97a373299bbcd30a6\",\"name\":\"Raffy Ben\u00edtez\",\"image\":{\"@type\":\"ImageObject\",\"inLanguage\":\"es\",\"@id\":\"https:\\\/\\\/secure.gravatar.com\\\/avatar\\\/3190a6a6c5e1b0327500f7d6c56b6242472ee6cb974cf09b401ee6b3b0798f23?s=96&d=mm&r=g\",\"url\":\"https:\\\/\\\/secure.gravatar.com\\\/avatar\\\/3190a6a6c5e1b0327500f7d6c56b6242472ee6cb974cf09b401ee6b3b0798f23?s=96&d=mm&r=g\",\"contentUrl\":\"https:\\\/\\\/secure.gravatar.com\\\/avatar\\\/3190a6a6c5e1b0327500f7d6c56b6242472ee6cb974cf09b401ee6b3b0798f23?s=96&d=mm&r=g\",\"caption\":\"Raffy Ben\u00edtez\"},\"url\":\"https:\\\/\\\/conexion23.com\\\/?author=15\"}]}<\/script>\n<!-- \/ Yoast SEO plugin. -->","yoast_head_json":{"title":"Fallece Di\u00f3medes N\u00fa\u00f1ez, merenguero del Grupo M\u00edo - Conexi\u00f3n 23","robots":{"index":"index","follow":"follow","max-snippet":"max-snippet:-1","max-image-preview":"max-image-preview:large","max-video-preview":"max-video-preview:-1"},"canonical":"https:\/\/conexion23.com\/?p=38647","og_locale":"es_ES","og_type":"article","og_title":"Fallece Di\u00f3medes N\u00fa\u00f1ez, merenguero del Grupo M\u00edo - Conexi\u00f3n 23","og_description":"El&nbsp;merenguero&nbsp;y exl\u00edder del ic\u00f3nico&nbsp;Grupo M\u00edo,&nbsp;Di\u00f3medes N\u00fa\u00f1ez, falleci\u00f3 este domingo a los 58 a\u00f1os. La noticia fue confirmada por el tambi\u00e9n&nbsp;merenguero&nbsp;Pochy Familia&nbsp;a&nbsp;Diario Libre, quien detall\u00f3 las circunstancias del&nbsp;deceso. Seg\u00fan explic\u00f3 Familia, N\u00fa\u00f1ez sufri\u00f3 un&nbsp;malestar&nbsp;durante la noche del s\u00e1bado, lo que llev\u00f3 a su familia a trasladarlo de urgencia al&nbsp;Centro M\u00e9dico UCE. All\u00ed, los m\u00e9dicos tuvieron que [&hellip;]","og_url":"https:\/\/conexion23.com\/?p=38647","og_site_name":"Conexi\u00f3n 23","article_publisher":"https:\/\/www.facebook.com\/conexion23com","article_published_time":"2025-03-10T11:39:13+00:00","article_modified_time":"2025-03-10T11:39:16+00:00","og_image":[{"width":896,"height":504,"url":"https:\/\/conexion23.com\/wp-content\/uploads\/2025\/03\/diomedes-nunez-ef060f8f-focus-min0.08-0.81-896-504.jpg","type":"image\/jpeg"}],"author":"Raffy Ben\u00edtez","twitter_card":"summary_large_image","twitter_misc":{"Escrito por":"Raffy Ben\u00edtez","Tiempo de lectura":"1 minuto"},"schema":{"@context":"https:\/\/schema.org","@graph":[{"@type":"Article","@id":"https:\/\/conexion23.com\/?p=38647#article","isPartOf":{"@id":"https:\/\/conexion23.com\/?p=38647"},"author":{"name":"Raffy Ben\u00edtez","@id":"https:\/\/conexion23.com\/#\/schema\/person\/03e36043331117e97a373299bbcd30a6"},"headline":"Fallece Di\u00f3medes N\u00fa\u00f1ez, merenguero del Grupo M\u00edo","datePublished":"2025-03-10T11:39:13+00:00","dateModified":"2025-03-10T11:39:16+00:00","mainEntityOfPage":{"@id":"https:\/\/conexion23.com\/?p=38647"},"wordCount":221,"commentCount":0,"publisher":{"@id":"https:\/\/conexion23.com\/#organization"},"image":{"@id":"https:\/\/conexion23.com\/?p=38647#primaryimage"},"thumbnailUrl":"https:\/\/conexion23.com\/wp-content\/uploads\/2025\/03\/diomedes-nunez-ef060f8f-focus-min0.08-0.81-896-504.jpg","articleSection":["Uncategorized"],"inLanguage":"es","potentialAction":[{"@type":"CommentAction","name":"Comment","target":["https:\/\/conexion23.com\/?p=38647#respond"]}]},{"@type":"WebPage","@id":"https:\/\/conexion23.com\/?p=38647","url":"https:\/\/conexion23.com\/?p=38647","name":"Fallece Di\u00f3medes N\u00fa\u00f1ez, merenguero del Grupo M\u00edo - Conexi\u00f3n 23","isPartOf":{"@id":"https:\/\/conexion23.com\/#website"},"primaryImageOfPage":{"@id":"https:\/\/conexion23.com\/?p=38647#primaryimage"},"image":{"@id":"https:\/\/conexion23.com\/?p=38647#primaryimage"},"thumbnailUrl":"https:\/\/conexion23.com\/wp-content\/uploads\/2025\/03\/diomedes-nunez-ef060f8f-focus-min0.08-0.81-896-504.jpg","datePublished":"2025-03-10T11:39:13+00:00","dateModified":"2025-03-10T11:39:16+00:00","breadcrumb":{"@id":"https:\/\/conexion23.com\/?p=38647#breadcrumb"},"inLanguage":"es","potentialAction":[{"@type":"ReadAction","target":["https:\/\/conexion23.com\/?p=38647"]}]},{"@type":"ImageObject","inLanguage":"es","@id":"https:\/\/conexion23.com\/?p=38647#primaryimage","url":"https:\/\/conexion23.com\/wp-content\/uploads\/2025\/03\/diomedes-nunez-ef060f8f-focus-min0.08-0.81-896-504.jpg","contentUrl":"https:\/\/conexion23.com\/wp-content\/uploads\/2025\/03\/diomedes-nunez-ef060f8f-focus-min0.08-0.81-896-504.jpg","width":896,"height":504},{"@type":"BreadcrumbList","@id":"https:\/\/conexion23.com\/?p=38647#breadcrumb","itemListElement":[{"@type":"ListItem","position":1,"name":"Portada","item":"https:\/\/conexion23.com\/"},{"@type":"ListItem","position":2,"name":"Fallece Di\u00f3medes N\u00fa\u00f1ez, merenguero del Grupo M\u00edo"}]},{"@type":"WebSite","@id":"https:\/\/conexion23.com\/#website","url":"https:\/\/conexion23.com\/","name":"Conexi\u00f3n 23","description":"Peri\u00f3dico 100% Petromacorisano","publisher":{"@id":"https:\/\/conexion23.com\/#organization"},"potentialAction":[{"@type":"SearchAction","target":{"@type":"EntryPoint","urlTemplate":"https:\/\/conexion23.com\/?s={search_term_string}"},"query-input":{"@type":"PropertyValueSpecification","valueRequired":true,"valueName":"search_term_string"}}],"inLanguage":"es"},{"@type":"Organization","@id":"https:\/\/conexion23.com\/#organization","name":"Conexion 23","url":"https:\/\/conexion23.com\/","logo":{"@type":"ImageObject","inLanguage":"es","@id":"https:\/\/conexion23.com\/#\/schema\/logo\/image\/","url":"https:\/\/conexion23.com\/wp-content\/uploads\/2021\/11\/Diseno-sin-titulo-2.png","contentUrl":"https:\/\/conexion23.com\/wp-content\/uploads\/2021\/11\/Diseno-sin-titulo-2.png","width":541,"height":90,"caption":"Conexion 23"},"image":{"@id":"https:\/\/conexion23.com\/#\/schema\/logo\/image\/"},"sameAs":["https:\/\/www.facebook.com\/conexion23com","https:\/\/www.instagram.com\/conexion23com\/","https:\/\/www.youtube.com\/channel\/UCYc7vxxFZMYLIHNsHHxPZ3Q"]},{"@type":"Person","@id":"https:\/\/conexion23.com\/#\/schema\/person\/03e36043331117e97a373299bbcd30a6","name":"Raffy Ben\u00edtez","image":{"@type":"ImageObject","inLanguage":"es","@id":"https:\/\/secure.gravatar.com\/avatar\/3190a6a6c5e1b0327500f7d6c56b6242472ee6cb974cf09b401ee6b3b0798f23?s=96&d=mm&r=g","url":"https:\/\/secure.gravatar.com\/avatar\/3190a6a6c5e1b0327500f7d6c56b6242472ee6cb974cf09b401ee6b3b0798f23?s=96&d=mm&r=g","contentUrl":"https:\/\/secure.gravatar.com\/avatar\/3190a6a6c5e1b0327500f7d6c56b6242472ee6cb974cf09b401ee6b3b0798f23?s=96&d=mm&r=g","caption":"Raffy Ben\u00edtez"},"url":"https:\/\/conexion23.com\/?author=15"}]}},"_links":{"self":[{"href":"https:\/\/conexion23.com\/index.php?rest_route=\/wp\/v2\/posts\/38647","targetHints":{"allow":["GET"]}}],"collection":[{"href":"https:\/\/conexion23.com\/index.php?rest_route=\/wp\/v2\/posts"}],"about":[{"href":"https:\/\/conexion23.com\/index.php?rest_route=\/wp\/v2\/types\/post"}],"author":[{"embeddable":true,"href":"https:\/\/conexion23.com\/index.php?rest_route=\/wp\/v2\/users\/15"}],"replies":[{"embeddable":true,"href":"https:\/\/conexion23.com\/index.php?rest_route=%2Fwp%2Fv2%2Fcomments&post=38647"}],"version-history":[{"count":1,"href":"https:\/\/conexion23.com\/index.php?rest_route=\/wp\/v2\/posts\/38647\/revisions"}],"predecessor-version":[{"id":38649,"href":"https:\/\/conexion23.com\/index.php?rest_route=\/wp\/v2\/posts\/38647\/revisions\/38649"}],"wp:featuredmedia":[{"embeddable":true,"href":"https:\/\/conexion23.com\/index.php?rest_route=\/wp\/v2\/media\/38648"}],"wp:attachment":[{"href":"https:\/\/conexion23.com\/index.php?rest_route=%2Fwp%2Fv2%2Fmedia&parent=38647"}],"wp:term":[{"taxonomy":"category","embeddable":true,"href":"https:\/\/conexion23.com\/index.php?rest_route=%2Fwp%2Fv2%2Fcategories&post=38647"},{"taxonomy":"post_tag","embeddable":true,"href":"https:\/\/conexion23.com\/index.php?rest_route=%2Fwp%2Fv2%2Ftags&post=38647"}],"curies":[{"name":"wp","href":"https:\/\/api.w.org\/{rel}","templated":true}]}}