{"id":38659,"date":"2025-03-10T08:11:34","date_gmt":"2025-03-10T12:11:34","guid":{"rendered":"https:\/\/conexion23.com\/?p=38659"},"modified":"2025-03-10T08:11:36","modified_gmt":"2025-03-10T12:11:36","slug":"un-diputado-dos-regidores-y-decenas-de-dirigentes-del-pld-se-juramentan-en-la-fuerza-del-pueblo","status":"publish","type":"post","link":"https:\/\/conexion23.com\/?p=38659","title":{"rendered":"Un diputado, dos regidores y decenas de dirigentes del PLD se juramentan en la Fuerza del Pueblo."},"content":{"rendered":"\n<p class=\"wp-block-paragraph\">En una demostraci\u00f3n de crecimiento pol\u00edtico, la Fuerza del Pueblo (FP) celebr\u00f3 este domingo dos actos masivos de juramentaci\u00f3n en Santo Domingo Este, donde se sumaron a sus filas un diputado, dos regidores y decenas de dirigentes del Partido de la Liberaci\u00f3n Dominicana (PLD).<\/p>\n\n\n\n<p class=\"wp-block-paragraph\">El primer acto se realiz\u00f3 en el Club El Rosal del sector del mismo nombre, donde se jurament\u00f3 al expresidente del PLD en Santo Domingo Este y exdiputado Radham\u00e9s Fortuna, junto a m\u00e1s de 48 dirigentes de comit\u00e9s de base y cinco presidentes de comit\u00e9s intermedios del PLD, adem\u00e1s del regidor actual Yamil Fortuna.<a href=\"https:\/\/clck.mgid.com\/ghits\/22081355\/i\/58075005\/0\/pp\/1\/1?h=TnaHd21uo4Lqqs4CYVXUxxxrgoQ11mQlJ4caVzCjaBhekWKN1mFnwpjPkiMvwLK4LoCwNwe_bANmo7DdLnL63K6gU3pgAWcj-EiuyGM03C0*&amp;rid=6661d096-fda8-11ef-9baa-c4cbe1e3eb40&amp;ts=google.com&amp;tt=OrganicSearch&amp;att=8&amp;cpm=1&amp;iv=17&amp;ct=1&amp;gdprApplies=0&amp;st=-240&amp;mp4=1&amp;h2=D1rpoj0wT18f7SiOm7OgcVdZaoNvsnqLT9A3TEcTk9GX7Jq2Tx6Hn5LYQhQtjUJx&amp;muid=ob5CtTrwkDN2\" target=\"_blank\" rel=\"noreferrer noopener\"><\/a><\/p>\n\n\n\n<figure class=\"wp-block-image is-resized\"><img decoding=\"async\" src=\"https:\/\/nuevodiario-assets.s3.us-east-2.amazonaws.com\/wp-content\/uploads\/2025\/03\/09193849\/WhatsApp-Image-2025-03-09-at-7.32.56-PM-scaled.jpeg\" alt=\"\" class=\"wp-image-2583588\" style=\"width:579px;height:auto\"\/><\/figure>\n\n\n\n<p class=\"wp-block-paragraph\">La segunda actividad se llev\u00f3 a cabo en el Polideportivo de Invivienda, donde Leonel Fern\u00e1ndez encabez\u00f3 la juramentaci\u00f3n del diputado y empresario Carlos Jos\u00e9 Gil, del regidor de Santo Domingo Este y miembro de la Direcci\u00f3n Central, Manuel Villanueva y de V\u00edctor Pe\u00f1a, miembro del CC y expresidente del PLD en el distrito municipal de San Luis.<\/p>\n\n\n\n<p class=\"wp-block-paragraph\">Carlos Jos\u00e9 Gil, adem\u00e1s de su rol como diputado es reconocido por su trayectoria empresarial lo que para Fern\u00e1ndez representa \u201cuna se\u00f1al hacia d\u00f3nde nos dirigimos\u201d. En tanto que Radham\u00e9s Fortuna, expresidente del PLD en SDE, V\u00edctor Pe\u00f1a, expresidente del distrito Municipal de San Luis, Yamil Fortuna y Manuel Villanueva, regidores de Santo Domingo Este, aportan un importante liderazgo territorial a la FP.<\/p>\n\n\n\n<p class=\"wp-block-paragraph\">Adem\u00e1s de las figuras principales, se juramentaron destacados dirigentes y l\u00edderes comunitarios, entre ellos los miembros del Comit\u00e9 Central, Dimaris Terrero, Javier Lizardo, Wilson Desi y Alexander Heredia.<\/p>\n\n\n\n<p class=\"wp-block-paragraph\">Tambi\u00e9n se integraron presidentes de Comit\u00e9s Intermedios, como Jorge Henr\u00edquez, Denia Villanueva, Florentino Ram\u00edrez, Dilenia Alc\u00e1ntara, Marleny Jim\u00e9nez, Carlos Daniel Rivera, Rey Lorenzo Alc\u00e1ntara y Dioni Morillo, quienes aportar\u00e1n al fortalecimiento de la estructura organizativa de la FP.<\/p>\n\n\n<div class=\"wp-block-image\">\n<figure class=\"aligncenter is-resized\"><img decoding=\"async\" src=\"https:\/\/nuevodiario-assets.s3.us-east-2.amazonaws.com\/wp-content\/uploads\/2025\/03\/09193921\/WhatsApp-Image-2025-03-09-at-7.32.57-PM-scaled.jpeg\" alt=\"\" class=\"wp-image-2583589\" style=\"width:451px;height:auto\"\/><\/figure>\n<\/div>\n\n\n<p class=\"wp-block-paragraph\">Otros importantes l\u00edderes que se sumaron a la Fuerza del Pueblo incluyen a Minerva Encarnaci\u00f3n, Luis M. Medina Eduardo, Mayra Ram\u00edrez, F\u00e9lix Baloi Tavares, Crist\u00f3bal Matos, Emilio Vicente, Ney Edward Ruiz Santiago, Evelio Ram\u00edrez y Jaime Alexander Aguilera, entre otros.<\/p>\n\n\n\n<p class=\"wp-block-paragraph\">Durante su discurso en el Polideportivo de Invivienda, Fern\u00e1ndez manifest\u00f3 su emoci\u00f3n al ver c\u00f3mo se mantiene el club que fue construido durante una de sus gestiones presidenciales.<\/p>\n\n\n\n<h2 class=\"wp-block-heading\">Resumen diario de noticias<\/h2>\n\n\n\n<p class=\"wp-block-paragraph\">Recibe en tu correo las noticias m\u00e1s importantes del d\u00eda<\/p>\n\n\n\n<p class=\"wp-block-paragraph\">\/* real people should not fill this in and expect good things &#8211; do not remove this or risk form bot signups *\/&nbsp;<\/p>\n\n\n\n<p class=\"wp-block-paragraph\">Al observar la multitud presente, el l\u00edder de la FP expres\u00f3: \u201cSi esto es ahora calentando el brazo, \u00bfQu\u00e9 ser\u00e1 en mayo del 2028?, cuando oleadas de multitudes cierren filas con la Fuerza del Pueblo\u201d.<\/p>\n\n\n\n<p class=\"wp-block-paragraph\">Fern\u00e1ndez destac\u00f3 la excepcionalidad de tener dos juramentaciones en un mismo d\u00eda y subray\u00f3 que la FP contin\u00faa consolid\u00e1ndose como una opci\u00f3n s\u00f3lida y creciente en el escenario pol\u00edtico dominicano.<\/p>\n","protected":false},"excerpt":{"rendered":"<p>En una demostraci\u00f3n de crecimiento pol\u00edtico, la Fuerza del Pueblo (FP) celebr\u00f3 este domingo dos actos masivos de juramentaci\u00f3n en Santo Domingo Este, donde se sumaron a sus filas un diputado, dos regidores y decenas de dirigentes del Partido de la Liberaci\u00f3n Dominicana (PLD). El primer acto se realiz\u00f3 en el Club El Rosal del [&hellip;]<\/p>\n","protected":false},"author":15,"featured_media":38660,"comment_status":"open","ping_status":"open","sticky":false,"template":"","format":"standard","meta":{"footnotes":""},"categories":[1],"tags":[],"class_list":["post-38659","post","type-post","status-publish","format-standard","has-post-thumbnail","category-uncategorized"],"yoast_head":"<!-- This site is optimized with the Yoast SEO plugin v27.6 - https:\/\/yoast.com\/product\/yoast-seo-wordpress\/ -->\n<title>Un diputado, dos regidores y decenas de dirigentes del PLD se juramentan en la Fuerza del Pueblo. - Conexi\u00f3n 23<\/title>\n<meta name=\"robots\" content=\"index, follow, max-snippet:-1, max-image-preview:large, max-video-preview:-1\" \/>\n<link rel=\"canonical\" href=\"https:\/\/conexion23.com\/?p=38659\" \/>\n<meta property=\"og:locale\" content=\"es_ES\" \/>\n<meta property=\"og:type\" content=\"article\" \/>\n<meta property=\"og:title\" content=\"Un diputado, dos regidores y decenas de dirigentes del PLD se juramentan en la Fuerza del Pueblo. - Conexi\u00f3n 23\" \/>\n<meta property=\"og:description\" content=\"En una demostraci\u00f3n de crecimiento pol\u00edtico, la Fuerza del Pueblo (FP) celebr\u00f3 este domingo dos actos masivos de juramentaci\u00f3n en Santo Domingo Este, donde se sumaron a sus filas un diputado, dos regidores y decenas de dirigentes del Partido de la Liberaci\u00f3n Dominicana (PLD). El primer acto se realiz\u00f3 en el Club El Rosal del [&hellip;]\" \/>\n<meta property=\"og:url\" content=\"https:\/\/conexion23.com\/?p=38659\" \/>\n<meta property=\"og:site_name\" content=\"Conexi\u00f3n 23\" \/>\n<meta property=\"article:publisher\" content=\"https:\/\/www.facebook.com\/conexion23com\" \/>\n<meta property=\"article:published_time\" content=\"2025-03-10T12:11:34+00:00\" \/>\n<meta property=\"article:modified_time\" content=\"2025-03-10T12:11:36+00:00\" \/>\n<meta property=\"og:image\" content=\"https:\/\/conexion23.com\/wp-content\/uploads\/2025\/03\/WhatsApp-Image-2025-03-09-at-7.32.56-PM-1-768x423-1.jpeg\" \/>\n\t<meta property=\"og:image:width\" content=\"768\" \/>\n\t<meta property=\"og:image:height\" content=\"423\" \/>\n\t<meta property=\"og:image:type\" content=\"image\/jpeg\" \/>\n<meta name=\"author\" content=\"Raffy Ben\u00edtez\" \/>\n<meta name=\"twitter:card\" content=\"summary_large_image\" \/>\n<meta name=\"twitter:label1\" content=\"Escrito por\" \/>\n\t<meta name=\"twitter:data1\" content=\"Raffy Ben\u00edtez\" \/>\n\t<meta name=\"twitter:label2\" content=\"Tiempo de lectura\" \/>\n\t<meta name=\"twitter:data2\" content=\"3 minutos\" \/>\n<script type=\"application\/ld+json\" class=\"yoast-schema-graph\">{\"@context\":\"https:\\\/\\\/schema.org\",\"@graph\":[{\"@type\":\"Article\",\"@id\":\"https:\\\/\\\/conexion23.com\\\/?p=38659#article\",\"isPartOf\":{\"@id\":\"https:\\\/\\\/conexion23.com\\\/?p=38659\"},\"author\":{\"name\":\"Raffy Ben\u00edtez\",\"@id\":\"https:\\\/\\\/conexion23.com\\\/#\\\/schema\\\/person\\\/03e36043331117e97a373299bbcd30a6\"},\"headline\":\"Un diputado, dos regidores y decenas de dirigentes del PLD se juramentan en la Fuerza del Pueblo.\",\"datePublished\":\"2025-03-10T12:11:34+00:00\",\"dateModified\":\"2025-03-10T12:11:36+00:00\",\"mainEntityOfPage\":{\"@id\":\"https:\\\/\\\/conexion23.com\\\/?p=38659\"},\"wordCount\":518,\"commentCount\":0,\"publisher\":{\"@id\":\"https:\\\/\\\/conexion23.com\\\/#organization\"},\"image\":{\"@id\":\"https:\\\/\\\/conexion23.com\\\/?p=38659#primaryimage\"},\"thumbnailUrl\":\"https:\\\/\\\/conexion23.com\\\/wp-content\\\/uploads\\\/2025\\\/03\\\/WhatsApp-Image-2025-03-09-at-7.32.56-PM-1-768x423-1.jpeg\",\"articleSection\":[\"Uncategorized\"],\"inLanguage\":\"es\",\"potentialAction\":[{\"@type\":\"CommentAction\",\"name\":\"Comment\",\"target\":[\"https:\\\/\\\/conexion23.com\\\/?p=38659#respond\"]}]},{\"@type\":\"WebPage\",\"@id\":\"https:\\\/\\\/conexion23.com\\\/?p=38659\",\"url\":\"https:\\\/\\\/conexion23.com\\\/?p=38659\",\"name\":\"Un diputado, dos regidores y decenas de dirigentes del PLD se juramentan en la Fuerza del Pueblo. - Conexi\u00f3n 23\",\"isPartOf\":{\"@id\":\"https:\\\/\\\/conexion23.com\\\/#website\"},\"primaryImageOfPage\":{\"@id\":\"https:\\\/\\\/conexion23.com\\\/?p=38659#primaryimage\"},\"image\":{\"@id\":\"https:\\\/\\\/conexion23.com\\\/?p=38659#primaryimage\"},\"thumbnailUrl\":\"https:\\\/\\\/conexion23.com\\\/wp-content\\\/uploads\\\/2025\\\/03\\\/WhatsApp-Image-2025-03-09-at-7.32.56-PM-1-768x423-1.jpeg\",\"datePublished\":\"2025-03-10T12:11:34+00:00\",\"dateModified\":\"2025-03-10T12:11:36+00:00\",\"breadcrumb\":{\"@id\":\"https:\\\/\\\/conexion23.com\\\/?p=38659#breadcrumb\"},\"inLanguage\":\"es\",\"potentialAction\":[{\"@type\":\"ReadAction\",\"target\":[\"https:\\\/\\\/conexion23.com\\\/?p=38659\"]}]},{\"@type\":\"ImageObject\",\"inLanguage\":\"es\",\"@id\":\"https:\\\/\\\/conexion23.com\\\/?p=38659#primaryimage\",\"url\":\"https:\\\/\\\/conexion23.com\\\/wp-content\\\/uploads\\\/2025\\\/03\\\/WhatsApp-Image-2025-03-09-at-7.32.56-PM-1-768x423-1.jpeg\",\"contentUrl\":\"https:\\\/\\\/conexion23.com\\\/wp-content\\\/uploads\\\/2025\\\/03\\\/WhatsApp-Image-2025-03-09-at-7.32.56-PM-1-768x423-1.jpeg\",\"width\":768,\"height\":423},{\"@type\":\"BreadcrumbList\",\"@id\":\"https:\\\/\\\/conexion23.com\\\/?p=38659#breadcrumb\",\"itemListElement\":[{\"@type\":\"ListItem\",\"position\":1,\"name\":\"Portada\",\"item\":\"https:\\\/\\\/conexion23.com\\\/\"},{\"@type\":\"ListItem\",\"position\":2,\"name\":\"Un diputado, dos regidores y decenas de dirigentes del PLD se juramentan en la Fuerza del Pueblo.\"}]},{\"@type\":\"WebSite\",\"@id\":\"https:\\\/\\\/conexion23.com\\\/#website\",\"url\":\"https:\\\/\\\/conexion23.com\\\/\",\"name\":\"Conexi\u00f3n 23\",\"description\":\"Peri\u00f3dico 100% Petromacorisano\",\"publisher\":{\"@id\":\"https:\\\/\\\/conexion23.com\\\/#organization\"},\"potentialAction\":[{\"@type\":\"SearchAction\",\"target\":{\"@type\":\"EntryPoint\",\"urlTemplate\":\"https:\\\/\\\/conexion23.com\\\/?s={search_term_string}\"},\"query-input\":{\"@type\":\"PropertyValueSpecification\",\"valueRequired\":true,\"valueName\":\"search_term_string\"}}],\"inLanguage\":\"es\"},{\"@type\":\"Organization\",\"@id\":\"https:\\\/\\\/conexion23.com\\\/#organization\",\"name\":\"Conexion 23\",\"url\":\"https:\\\/\\\/conexion23.com\\\/\",\"logo\":{\"@type\":\"ImageObject\",\"inLanguage\":\"es\",\"@id\":\"https:\\\/\\\/conexion23.com\\\/#\\\/schema\\\/logo\\\/image\\\/\",\"url\":\"https:\\\/\\\/conexion23.com\\\/wp-content\\\/uploads\\\/2021\\\/11\\\/Diseno-sin-titulo-2.png\",\"contentUrl\":\"https:\\\/\\\/conexion23.com\\\/wp-content\\\/uploads\\\/2021\\\/11\\\/Diseno-sin-titulo-2.png\",\"width\":541,\"height\":90,\"caption\":\"Conexion 23\"},\"image\":{\"@id\":\"https:\\\/\\\/conexion23.com\\\/#\\\/schema\\\/logo\\\/image\\\/\"},\"sameAs\":[\"https:\\\/\\\/www.facebook.com\\\/conexion23com\",\"https:\\\/\\\/www.instagram.com\\\/conexion23com\\\/\",\"https:\\\/\\\/www.youtube.com\\\/channel\\\/UCYc7vxxFZMYLIHNsHHxPZ3Q\"]},{\"@type\":\"Person\",\"@id\":\"https:\\\/\\\/conexion23.com\\\/#\\\/schema\\\/person\\\/03e36043331117e97a373299bbcd30a6\",\"name\":\"Raffy Ben\u00edtez\",\"image\":{\"@type\":\"ImageObject\",\"inLanguage\":\"es\",\"@id\":\"https:\\\/\\\/secure.gravatar.com\\\/avatar\\\/3190a6a6c5e1b0327500f7d6c56b6242472ee6cb974cf09b401ee6b3b0798f23?s=96&d=mm&r=g\",\"url\":\"https:\\\/\\\/secure.gravatar.com\\\/avatar\\\/3190a6a6c5e1b0327500f7d6c56b6242472ee6cb974cf09b401ee6b3b0798f23?s=96&d=mm&r=g\",\"contentUrl\":\"https:\\\/\\\/secure.gravatar.com\\\/avatar\\\/3190a6a6c5e1b0327500f7d6c56b6242472ee6cb974cf09b401ee6b3b0798f23?s=96&d=mm&r=g\",\"caption\":\"Raffy Ben\u00edtez\"},\"url\":\"https:\\\/\\\/conexion23.com\\\/?author=15\"}]}<\/script>\n<!-- \/ Yoast SEO plugin. -->","yoast_head_json":{"title":"Un diputado, dos regidores y decenas de dirigentes del PLD se juramentan en la Fuerza del Pueblo. - Conexi\u00f3n 23","robots":{"index":"index","follow":"follow","max-snippet":"max-snippet:-1","max-image-preview":"max-image-preview:large","max-video-preview":"max-video-preview:-1"},"canonical":"https:\/\/conexion23.com\/?p=38659","og_locale":"es_ES","og_type":"article","og_title":"Un diputado, dos regidores y decenas de dirigentes del PLD se juramentan en la Fuerza del Pueblo. - Conexi\u00f3n 23","og_description":"En una demostraci\u00f3n de crecimiento pol\u00edtico, la Fuerza del Pueblo (FP) celebr\u00f3 este domingo dos actos masivos de juramentaci\u00f3n en Santo Domingo Este, donde se sumaron a sus filas un diputado, dos regidores y decenas de dirigentes del Partido de la Liberaci\u00f3n Dominicana (PLD). El primer acto se realiz\u00f3 en el Club El Rosal del [&hellip;]","og_url":"https:\/\/conexion23.com\/?p=38659","og_site_name":"Conexi\u00f3n 23","article_publisher":"https:\/\/www.facebook.com\/conexion23com","article_published_time":"2025-03-10T12:11:34+00:00","article_modified_time":"2025-03-10T12:11:36+00:00","og_image":[{"width":768,"height":423,"url":"https:\/\/conexion23.com\/wp-content\/uploads\/2025\/03\/WhatsApp-Image-2025-03-09-at-7.32.56-PM-1-768x423-1.jpeg","type":"image\/jpeg"}],"author":"Raffy Ben\u00edtez","twitter_card":"summary_large_image","twitter_misc":{"Escrito por":"Raffy Ben\u00edtez","Tiempo de lectura":"3 minutos"},"schema":{"@context":"https:\/\/schema.org","@graph":[{"@type":"Article","@id":"https:\/\/conexion23.com\/?p=38659#article","isPartOf":{"@id":"https:\/\/conexion23.com\/?p=38659"},"author":{"name":"Raffy Ben\u00edtez","@id":"https:\/\/conexion23.com\/#\/schema\/person\/03e36043331117e97a373299bbcd30a6"},"headline":"Un diputado, dos regidores y decenas de dirigentes del PLD se juramentan en la Fuerza del Pueblo.","datePublished":"2025-03-10T12:11:34+00:00","dateModified":"2025-03-10T12:11:36+00:00","mainEntityOfPage":{"@id":"https:\/\/conexion23.com\/?p=38659"},"wordCount":518,"commentCount":0,"publisher":{"@id":"https:\/\/conexion23.com\/#organization"},"image":{"@id":"https:\/\/conexion23.com\/?p=38659#primaryimage"},"thumbnailUrl":"https:\/\/conexion23.com\/wp-content\/uploads\/2025\/03\/WhatsApp-Image-2025-03-09-at-7.32.56-PM-1-768x423-1.jpeg","articleSection":["Uncategorized"],"inLanguage":"es","potentialAction":[{"@type":"CommentAction","name":"Comment","target":["https:\/\/conexion23.com\/?p=38659#respond"]}]},{"@type":"WebPage","@id":"https:\/\/conexion23.com\/?p=38659","url":"https:\/\/conexion23.com\/?p=38659","name":"Un diputado, dos regidores y decenas de dirigentes del PLD se juramentan en la Fuerza del Pueblo. - Conexi\u00f3n 23","isPartOf":{"@id":"https:\/\/conexion23.com\/#website"},"primaryImageOfPage":{"@id":"https:\/\/conexion23.com\/?p=38659#primaryimage"},"image":{"@id":"https:\/\/conexion23.com\/?p=38659#primaryimage"},"thumbnailUrl":"https:\/\/conexion23.com\/wp-content\/uploads\/2025\/03\/WhatsApp-Image-2025-03-09-at-7.32.56-PM-1-768x423-1.jpeg","datePublished":"2025-03-10T12:11:34+00:00","dateModified":"2025-03-10T12:11:36+00:00","breadcrumb":{"@id":"https:\/\/conexion23.com\/?p=38659#breadcrumb"},"inLanguage":"es","potentialAction":[{"@type":"ReadAction","target":["https:\/\/conexion23.com\/?p=38659"]}]},{"@type":"ImageObject","inLanguage":"es","@id":"https:\/\/conexion23.com\/?p=38659#primaryimage","url":"https:\/\/conexion23.com\/wp-content\/uploads\/2025\/03\/WhatsApp-Image-2025-03-09-at-7.32.56-PM-1-768x423-1.jpeg","contentUrl":"https:\/\/conexion23.com\/wp-content\/uploads\/2025\/03\/WhatsApp-Image-2025-03-09-at-7.32.56-PM-1-768x423-1.jpeg","width":768,"height":423},{"@type":"BreadcrumbList","@id":"https:\/\/conexion23.com\/?p=38659#breadcrumb","itemListElement":[{"@type":"ListItem","position":1,"name":"Portada","item":"https:\/\/conexion23.com\/"},{"@type":"ListItem","position":2,"name":"Un diputado, dos regidores y decenas de dirigentes del PLD se juramentan en la Fuerza del Pueblo."}]},{"@type":"WebSite","@id":"https:\/\/conexion23.com\/#website","url":"https:\/\/conexion23.com\/","name":"Conexi\u00f3n 23","description":"Peri\u00f3dico 100% Petromacorisano","publisher":{"@id":"https:\/\/conexion23.com\/#organization"},"potentialAction":[{"@type":"SearchAction","target":{"@type":"EntryPoint","urlTemplate":"https:\/\/conexion23.com\/?s={search_term_string}"},"query-input":{"@type":"PropertyValueSpecification","valueRequired":true,"valueName":"search_term_string"}}],"inLanguage":"es"},{"@type":"Organization","@id":"https:\/\/conexion23.com\/#organization","name":"Conexion 23","url":"https:\/\/conexion23.com\/","logo":{"@type":"ImageObject","inLanguage":"es","@id":"https:\/\/conexion23.com\/#\/schema\/logo\/image\/","url":"https:\/\/conexion23.com\/wp-content\/uploads\/2021\/11\/Diseno-sin-titulo-2.png","contentUrl":"https:\/\/conexion23.com\/wp-content\/uploads\/2021\/11\/Diseno-sin-titulo-2.png","width":541,"height":90,"caption":"Conexion 23"},"image":{"@id":"https:\/\/conexion23.com\/#\/schema\/logo\/image\/"},"sameAs":["https:\/\/www.facebook.com\/conexion23com","https:\/\/www.instagram.com\/conexion23com\/","https:\/\/www.youtube.com\/channel\/UCYc7vxxFZMYLIHNsHHxPZ3Q"]},{"@type":"Person","@id":"https:\/\/conexion23.com\/#\/schema\/person\/03e36043331117e97a373299bbcd30a6","name":"Raffy Ben\u00edtez","image":{"@type":"ImageObject","inLanguage":"es","@id":"https:\/\/secure.gravatar.com\/avatar\/3190a6a6c5e1b0327500f7d6c56b6242472ee6cb974cf09b401ee6b3b0798f23?s=96&d=mm&r=g","url":"https:\/\/secure.gravatar.com\/avatar\/3190a6a6c5e1b0327500f7d6c56b6242472ee6cb974cf09b401ee6b3b0798f23?s=96&d=mm&r=g","contentUrl":"https:\/\/secure.gravatar.com\/avatar\/3190a6a6c5e1b0327500f7d6c56b6242472ee6cb974cf09b401ee6b3b0798f23?s=96&d=mm&r=g","caption":"Raffy Ben\u00edtez"},"url":"https:\/\/conexion23.com\/?author=15"}]}},"_links":{"self":[{"href":"https:\/\/conexion23.com\/index.php?rest_route=\/wp\/v2\/posts\/38659","targetHints":{"allow":["GET"]}}],"collection":[{"href":"https:\/\/conexion23.com\/index.php?rest_route=\/wp\/v2\/posts"}],"about":[{"href":"https:\/\/conexion23.com\/index.php?rest_route=\/wp\/v2\/types\/post"}],"author":[{"embeddable":true,"href":"https:\/\/conexion23.com\/index.php?rest_route=\/wp\/v2\/users\/15"}],"replies":[{"embeddable":true,"href":"https:\/\/conexion23.com\/index.php?rest_route=%2Fwp%2Fv2%2Fcomments&post=38659"}],"version-history":[{"count":1,"href":"https:\/\/conexion23.com\/index.php?rest_route=\/wp\/v2\/posts\/38659\/revisions"}],"predecessor-version":[{"id":38661,"href":"https:\/\/conexion23.com\/index.php?rest_route=\/wp\/v2\/posts\/38659\/revisions\/38661"}],"wp:featuredmedia":[{"embeddable":true,"href":"https:\/\/conexion23.com\/index.php?rest_route=\/wp\/v2\/media\/38660"}],"wp:attachment":[{"href":"https:\/\/conexion23.com\/index.php?rest_route=%2Fwp%2Fv2%2Fmedia&parent=38659"}],"wp:term":[{"taxonomy":"category","embeddable":true,"href":"https:\/\/conexion23.com\/index.php?rest_route=%2Fwp%2Fv2%2Fcategories&post=38659"},{"taxonomy":"post_tag","embeddable":true,"href":"https:\/\/conexion23.com\/index.php?rest_route=%2Fwp%2Fv2%2Ftags&post=38659"}],"curies":[{"name":"wp","href":"https:\/\/api.w.org\/{rel}","templated":true}]}}