{"id":39040,"date":"2025-03-20T08:28:18","date_gmt":"2025-03-20T12:28:18","guid":{"rendered":"https:\/\/conexion23.com\/?p=39040"},"modified":"2025-03-20T08:28:20","modified_gmt":"2025-03-20T12:28:20","slug":"asociacion-de-beisbol-de-san-pedro-de-macoris-realiza-acto-de-presentacion-de-la-edicion-68-del-tbda-spm","status":"publish","type":"post","link":"https:\/\/conexion23.com\/?p=39040","title":{"rendered":"ASOCIACI\u00d3N DE B\u00c9ISBOL DE SAN PEDRO DE MACOR\u00cdS REALIZA ACTO DE PRESENTACI\u00d3N DE LA EDICI\u00d3N 68 DEL TBDA SPM."},"content":{"rendered":"\n<p class=\"wp-block-paragraph\">La Asociaci\u00f3n de B\u00e9isbol de San Pedro de Macor\u00eds y el Comit\u00e9 Organizador realizan en el Sal\u00f3n del Museo del Pelotero Petromacorisano, la presentaci\u00f3n de la edici\u00f3n 68 del Torneo de B\u00e9isbol Doble A de San Pedro de Macor\u00eds, dedicado al cronista y dirigente deportivo Alberto Rodr\u00edguez (Director del INEFI), jug\u00e1ndose la Copa Fundaci\u00f3n Robinson Cano.<\/p>\n\n\n\n<p class=\"wp-block-paragraph\">En esta versi\u00f3n que inicia el 22 de marzo, se est\u00e1 realizando un homenaje p\u00f3stumo al ex jugador e inmortal de deporte dominicano Ricardo Carty, donde todos los equipos no tendr\u00e1n disponible el n\u00famero 20, pero lo tendr\u00e1n todos los jugadores en una manga de la camiseta, en este evento estar\u00e1n participando los equipos: Universidad Aut\u00f3noma de Santo Domingo (UASD), Los Llanos, Los Gigantes de Angelina, Los Turpenes de Inocencia, Punta de Garza, Los Bravos de Barrio M\u00e9xico, Quisqueya, Consuelo, Los leones de Restauraci\u00f3n y Santa Fe.&nbsp;<\/p>\n\n\n\n<p class=\"wp-block-paragraph\">La Copa fue entregada por la Mega estrella Robinson Cano, quien al tomar la palabra envi\u00f3 un mensaje a los jugadores de que se diviertan y que jueguen un partido alegre, valorando la importancia de este tipo de evento.<\/p>\n\n\n\n<p class=\"wp-block-paragraph\">El Presidente del Comit\u00e9 Organizador Miguel \u00c1ngel Marte, expres\u00f3 que el 13 de abril se realizar\u00e1 el juego de estrella de este evento, el Team Municipio vs el Team Ciudad, competencia de Homerun, tiro al tanque entre otras actividades, por igual se elegir\u00e1 durante todo el evento el pelotero m\u00e1s destacado de la semana.<\/p>\n","protected":false},"excerpt":{"rendered":"<p>La Asociaci\u00f3n de B\u00e9isbol de San Pedro de Macor\u00eds y el Comit\u00e9 Organizador realizan en el Sal\u00f3n del Museo del Pelotero Petromacorisano, la presentaci\u00f3n de la edici\u00f3n 68 del Torneo de B\u00e9isbol Doble A de San Pedro de Macor\u00eds, dedicado al cronista y dirigente deportivo Alberto Rodr\u00edguez (Director del INEFI), jug\u00e1ndose la Copa Fundaci\u00f3n Robinson [&hellip;]<\/p>\n","protected":false},"author":15,"featured_media":39041,"comment_status":"open","ping_status":"open","sticky":false,"template":"","format":"standard","meta":{"footnotes":""},"categories":[6],"tags":[],"class_list":["post-39040","post","type-post","status-publish","format-standard","has-post-thumbnail","category-deportes"],"yoast_head":"<!-- This site is optimized with the Yoast SEO plugin v27.6 - https:\/\/yoast.com\/product\/yoast-seo-wordpress\/ -->\n<title>ASOCIACI\u00d3N DE B\u00c9ISBOL DE SAN PEDRO DE MACOR\u00cdS REALIZA ACTO DE PRESENTACI\u00d3N DE LA EDICI\u00d3N 68 DEL TBDA SPM. - Conexi\u00f3n 23<\/title>\n<meta name=\"robots\" content=\"index, follow, max-snippet:-1, max-image-preview:large, max-video-preview:-1\" \/>\n<link rel=\"canonical\" href=\"https:\/\/conexion23.com\/?p=39040\" \/>\n<meta property=\"og:locale\" content=\"es_ES\" \/>\n<meta property=\"og:type\" content=\"article\" \/>\n<meta property=\"og:title\" content=\"ASOCIACI\u00d3N DE B\u00c9ISBOL DE SAN PEDRO DE MACOR\u00cdS REALIZA ACTO DE PRESENTACI\u00d3N DE LA EDICI\u00d3N 68 DEL TBDA SPM. - Conexi\u00f3n 23\" \/>\n<meta property=\"og:description\" content=\"La Asociaci\u00f3n de B\u00e9isbol de San Pedro de Macor\u00eds y el Comit\u00e9 Organizador realizan en el Sal\u00f3n del Museo del Pelotero Petromacorisano, la presentaci\u00f3n de la edici\u00f3n 68 del Torneo de B\u00e9isbol Doble A de San Pedro de Macor\u00eds, dedicado al cronista y dirigente deportivo Alberto Rodr\u00edguez (Director del INEFI), jug\u00e1ndose la Copa Fundaci\u00f3n Robinson [&hellip;]\" \/>\n<meta property=\"og:url\" content=\"https:\/\/conexion23.com\/?p=39040\" \/>\n<meta property=\"og:site_name\" content=\"Conexi\u00f3n 23\" \/>\n<meta property=\"article:publisher\" content=\"https:\/\/www.facebook.com\/conexion23com\" \/>\n<meta property=\"article:published_time\" content=\"2025-03-20T12:28:18+00:00\" \/>\n<meta property=\"article:modified_time\" content=\"2025-03-20T12:28:20+00:00\" \/>\n<meta property=\"og:image\" content=\"https:\/\/conexion23.com\/wp-content\/uploads\/2025\/03\/IMG-20250320-WA0008.jpg\" \/>\n\t<meta property=\"og:image:width\" content=\"320\" \/>\n\t<meta property=\"og:image:height\" content=\"320\" \/>\n\t<meta property=\"og:image:type\" content=\"image\/jpeg\" \/>\n<meta name=\"author\" content=\"Raffy Ben\u00edtez\" \/>\n<meta name=\"twitter:card\" content=\"summary_large_image\" \/>\n<meta name=\"twitter:label1\" content=\"Escrito por\" \/>\n\t<meta name=\"twitter:data1\" content=\"Raffy Ben\u00edtez\" \/>\n\t<meta name=\"twitter:label2\" content=\"Tiempo de lectura\" \/>\n\t<meta name=\"twitter:data2\" content=\"2 minutos\" \/>\n<script type=\"application\/ld+json\" class=\"yoast-schema-graph\">{\"@context\":\"https:\\\/\\\/schema.org\",\"@graph\":[{\"@type\":\"Article\",\"@id\":\"https:\\\/\\\/conexion23.com\\\/?p=39040#article\",\"isPartOf\":{\"@id\":\"https:\\\/\\\/conexion23.com\\\/?p=39040\"},\"author\":{\"name\":\"Raffy Ben\u00edtez\",\"@id\":\"https:\\\/\\\/conexion23.com\\\/#\\\/schema\\\/person\\\/03e36043331117e97a373299bbcd30a6\"},\"headline\":\"ASOCIACI\u00d3N DE B\u00c9ISBOL DE SAN PEDRO DE MACOR\u00cdS REALIZA ACTO DE PRESENTACI\u00d3N DE LA EDICI\u00d3N 68 DEL TBDA SPM.\",\"datePublished\":\"2025-03-20T12:28:18+00:00\",\"dateModified\":\"2025-03-20T12:28:20+00:00\",\"mainEntityOfPage\":{\"@id\":\"https:\\\/\\\/conexion23.com\\\/?p=39040\"},\"wordCount\":277,\"commentCount\":0,\"publisher\":{\"@id\":\"https:\\\/\\\/conexion23.com\\\/#organization\"},\"image\":{\"@id\":\"https:\\\/\\\/conexion23.com\\\/?p=39040#primaryimage\"},\"thumbnailUrl\":\"https:\\\/\\\/conexion23.com\\\/wp-content\\\/uploads\\\/2025\\\/03\\\/IMG-20250320-WA0008.jpg\",\"articleSection\":[\"Deportes\"],\"inLanguage\":\"es\",\"potentialAction\":[{\"@type\":\"CommentAction\",\"name\":\"Comment\",\"target\":[\"https:\\\/\\\/conexion23.com\\\/?p=39040#respond\"]}]},{\"@type\":\"WebPage\",\"@id\":\"https:\\\/\\\/conexion23.com\\\/?p=39040\",\"url\":\"https:\\\/\\\/conexion23.com\\\/?p=39040\",\"name\":\"ASOCIACI\u00d3N DE B\u00c9ISBOL DE SAN PEDRO DE MACOR\u00cdS REALIZA ACTO DE PRESENTACI\u00d3N DE LA EDICI\u00d3N 68 DEL TBDA SPM. - Conexi\u00f3n 23\",\"isPartOf\":{\"@id\":\"https:\\\/\\\/conexion23.com\\\/#website\"},\"primaryImageOfPage\":{\"@id\":\"https:\\\/\\\/conexion23.com\\\/?p=39040#primaryimage\"},\"image\":{\"@id\":\"https:\\\/\\\/conexion23.com\\\/?p=39040#primaryimage\"},\"thumbnailUrl\":\"https:\\\/\\\/conexion23.com\\\/wp-content\\\/uploads\\\/2025\\\/03\\\/IMG-20250320-WA0008.jpg\",\"datePublished\":\"2025-03-20T12:28:18+00:00\",\"dateModified\":\"2025-03-20T12:28:20+00:00\",\"breadcrumb\":{\"@id\":\"https:\\\/\\\/conexion23.com\\\/?p=39040#breadcrumb\"},\"inLanguage\":\"es\",\"potentialAction\":[{\"@type\":\"ReadAction\",\"target\":[\"https:\\\/\\\/conexion23.com\\\/?p=39040\"]}]},{\"@type\":\"ImageObject\",\"inLanguage\":\"es\",\"@id\":\"https:\\\/\\\/conexion23.com\\\/?p=39040#primaryimage\",\"url\":\"https:\\\/\\\/conexion23.com\\\/wp-content\\\/uploads\\\/2025\\\/03\\\/IMG-20250320-WA0008.jpg\",\"contentUrl\":\"https:\\\/\\\/conexion23.com\\\/wp-content\\\/uploads\\\/2025\\\/03\\\/IMG-20250320-WA0008.jpg\",\"width\":320,\"height\":320},{\"@type\":\"BreadcrumbList\",\"@id\":\"https:\\\/\\\/conexion23.com\\\/?p=39040#breadcrumb\",\"itemListElement\":[{\"@type\":\"ListItem\",\"position\":1,\"name\":\"Portada\",\"item\":\"https:\\\/\\\/conexion23.com\\\/\"},{\"@type\":\"ListItem\",\"position\":2,\"name\":\"ASOCIACI\u00d3N DE B\u00c9ISBOL DE SAN PEDRO DE MACOR\u00cdS REALIZA ACTO DE PRESENTACI\u00d3N DE LA EDICI\u00d3N 68 DEL TBDA SPM.\"}]},{\"@type\":\"WebSite\",\"@id\":\"https:\\\/\\\/conexion23.com\\\/#website\",\"url\":\"https:\\\/\\\/conexion23.com\\\/\",\"name\":\"Conexi\u00f3n 23\",\"description\":\"Peri\u00f3dico 100% Petromacorisano\",\"publisher\":{\"@id\":\"https:\\\/\\\/conexion23.com\\\/#organization\"},\"potentialAction\":[{\"@type\":\"SearchAction\",\"target\":{\"@type\":\"EntryPoint\",\"urlTemplate\":\"https:\\\/\\\/conexion23.com\\\/?s={search_term_string}\"},\"query-input\":{\"@type\":\"PropertyValueSpecification\",\"valueRequired\":true,\"valueName\":\"search_term_string\"}}],\"inLanguage\":\"es\"},{\"@type\":\"Organization\",\"@id\":\"https:\\\/\\\/conexion23.com\\\/#organization\",\"name\":\"Conexion 23\",\"url\":\"https:\\\/\\\/conexion23.com\\\/\",\"logo\":{\"@type\":\"ImageObject\",\"inLanguage\":\"es\",\"@id\":\"https:\\\/\\\/conexion23.com\\\/#\\\/schema\\\/logo\\\/image\\\/\",\"url\":\"https:\\\/\\\/conexion23.com\\\/wp-content\\\/uploads\\\/2021\\\/11\\\/Diseno-sin-titulo-2.png\",\"contentUrl\":\"https:\\\/\\\/conexion23.com\\\/wp-content\\\/uploads\\\/2021\\\/11\\\/Diseno-sin-titulo-2.png\",\"width\":541,\"height\":90,\"caption\":\"Conexion 23\"},\"image\":{\"@id\":\"https:\\\/\\\/conexion23.com\\\/#\\\/schema\\\/logo\\\/image\\\/\"},\"sameAs\":[\"https:\\\/\\\/www.facebook.com\\\/conexion23com\",\"https:\\\/\\\/www.instagram.com\\\/conexion23com\\\/\",\"https:\\\/\\\/www.youtube.com\\\/channel\\\/UCYc7vxxFZMYLIHNsHHxPZ3Q\"]},{\"@type\":\"Person\",\"@id\":\"https:\\\/\\\/conexion23.com\\\/#\\\/schema\\\/person\\\/03e36043331117e97a373299bbcd30a6\",\"name\":\"Raffy Ben\u00edtez\",\"image\":{\"@type\":\"ImageObject\",\"inLanguage\":\"es\",\"@id\":\"https:\\\/\\\/secure.gravatar.com\\\/avatar\\\/3190a6a6c5e1b0327500f7d6c56b6242472ee6cb974cf09b401ee6b3b0798f23?s=96&d=mm&r=g\",\"url\":\"https:\\\/\\\/secure.gravatar.com\\\/avatar\\\/3190a6a6c5e1b0327500f7d6c56b6242472ee6cb974cf09b401ee6b3b0798f23?s=96&d=mm&r=g\",\"contentUrl\":\"https:\\\/\\\/secure.gravatar.com\\\/avatar\\\/3190a6a6c5e1b0327500f7d6c56b6242472ee6cb974cf09b401ee6b3b0798f23?s=96&d=mm&r=g\",\"caption\":\"Raffy Ben\u00edtez\"},\"url\":\"https:\\\/\\\/conexion23.com\\\/?author=15\"}]}<\/script>\n<!-- \/ Yoast SEO plugin. -->","yoast_head_json":{"title":"ASOCIACI\u00d3N DE B\u00c9ISBOL DE SAN PEDRO DE MACOR\u00cdS REALIZA ACTO DE PRESENTACI\u00d3N DE LA EDICI\u00d3N 68 DEL TBDA SPM. - Conexi\u00f3n 23","robots":{"index":"index","follow":"follow","max-snippet":"max-snippet:-1","max-image-preview":"max-image-preview:large","max-video-preview":"max-video-preview:-1"},"canonical":"https:\/\/conexion23.com\/?p=39040","og_locale":"es_ES","og_type":"article","og_title":"ASOCIACI\u00d3N DE B\u00c9ISBOL DE SAN PEDRO DE MACOR\u00cdS REALIZA ACTO DE PRESENTACI\u00d3N DE LA EDICI\u00d3N 68 DEL TBDA SPM. - Conexi\u00f3n 23","og_description":"La Asociaci\u00f3n de B\u00e9isbol de San Pedro de Macor\u00eds y el Comit\u00e9 Organizador realizan en el Sal\u00f3n del Museo del Pelotero Petromacorisano, la presentaci\u00f3n de la edici\u00f3n 68 del Torneo de B\u00e9isbol Doble A de San Pedro de Macor\u00eds, dedicado al cronista y dirigente deportivo Alberto Rodr\u00edguez (Director del INEFI), jug\u00e1ndose la Copa Fundaci\u00f3n Robinson [&hellip;]","og_url":"https:\/\/conexion23.com\/?p=39040","og_site_name":"Conexi\u00f3n 23","article_publisher":"https:\/\/www.facebook.com\/conexion23com","article_published_time":"2025-03-20T12:28:18+00:00","article_modified_time":"2025-03-20T12:28:20+00:00","og_image":[{"width":320,"height":320,"url":"https:\/\/conexion23.com\/wp-content\/uploads\/2025\/03\/IMG-20250320-WA0008.jpg","type":"image\/jpeg"}],"author":"Raffy Ben\u00edtez","twitter_card":"summary_large_image","twitter_misc":{"Escrito por":"Raffy Ben\u00edtez","Tiempo de lectura":"2 minutos"},"schema":{"@context":"https:\/\/schema.org","@graph":[{"@type":"Article","@id":"https:\/\/conexion23.com\/?p=39040#article","isPartOf":{"@id":"https:\/\/conexion23.com\/?p=39040"},"author":{"name":"Raffy Ben\u00edtez","@id":"https:\/\/conexion23.com\/#\/schema\/person\/03e36043331117e97a373299bbcd30a6"},"headline":"ASOCIACI\u00d3N DE B\u00c9ISBOL DE SAN PEDRO DE MACOR\u00cdS REALIZA ACTO DE PRESENTACI\u00d3N DE LA EDICI\u00d3N 68 DEL TBDA SPM.","datePublished":"2025-03-20T12:28:18+00:00","dateModified":"2025-03-20T12:28:20+00:00","mainEntityOfPage":{"@id":"https:\/\/conexion23.com\/?p=39040"},"wordCount":277,"commentCount":0,"publisher":{"@id":"https:\/\/conexion23.com\/#organization"},"image":{"@id":"https:\/\/conexion23.com\/?p=39040#primaryimage"},"thumbnailUrl":"https:\/\/conexion23.com\/wp-content\/uploads\/2025\/03\/IMG-20250320-WA0008.jpg","articleSection":["Deportes"],"inLanguage":"es","potentialAction":[{"@type":"CommentAction","name":"Comment","target":["https:\/\/conexion23.com\/?p=39040#respond"]}]},{"@type":"WebPage","@id":"https:\/\/conexion23.com\/?p=39040","url":"https:\/\/conexion23.com\/?p=39040","name":"ASOCIACI\u00d3N DE B\u00c9ISBOL DE SAN PEDRO DE MACOR\u00cdS REALIZA ACTO DE PRESENTACI\u00d3N DE LA EDICI\u00d3N 68 DEL TBDA SPM. - Conexi\u00f3n 23","isPartOf":{"@id":"https:\/\/conexion23.com\/#website"},"primaryImageOfPage":{"@id":"https:\/\/conexion23.com\/?p=39040#primaryimage"},"image":{"@id":"https:\/\/conexion23.com\/?p=39040#primaryimage"},"thumbnailUrl":"https:\/\/conexion23.com\/wp-content\/uploads\/2025\/03\/IMG-20250320-WA0008.jpg","datePublished":"2025-03-20T12:28:18+00:00","dateModified":"2025-03-20T12:28:20+00:00","breadcrumb":{"@id":"https:\/\/conexion23.com\/?p=39040#breadcrumb"},"inLanguage":"es","potentialAction":[{"@type":"ReadAction","target":["https:\/\/conexion23.com\/?p=39040"]}]},{"@type":"ImageObject","inLanguage":"es","@id":"https:\/\/conexion23.com\/?p=39040#primaryimage","url":"https:\/\/conexion23.com\/wp-content\/uploads\/2025\/03\/IMG-20250320-WA0008.jpg","contentUrl":"https:\/\/conexion23.com\/wp-content\/uploads\/2025\/03\/IMG-20250320-WA0008.jpg","width":320,"height":320},{"@type":"BreadcrumbList","@id":"https:\/\/conexion23.com\/?p=39040#breadcrumb","itemListElement":[{"@type":"ListItem","position":1,"name":"Portada","item":"https:\/\/conexion23.com\/"},{"@type":"ListItem","position":2,"name":"ASOCIACI\u00d3N DE B\u00c9ISBOL DE SAN PEDRO DE MACOR\u00cdS REALIZA ACTO DE PRESENTACI\u00d3N DE LA EDICI\u00d3N 68 DEL TBDA SPM."}]},{"@type":"WebSite","@id":"https:\/\/conexion23.com\/#website","url":"https:\/\/conexion23.com\/","name":"Conexi\u00f3n 23","description":"Peri\u00f3dico 100% Petromacorisano","publisher":{"@id":"https:\/\/conexion23.com\/#organization"},"potentialAction":[{"@type":"SearchAction","target":{"@type":"EntryPoint","urlTemplate":"https:\/\/conexion23.com\/?s={search_term_string}"},"query-input":{"@type":"PropertyValueSpecification","valueRequired":true,"valueName":"search_term_string"}}],"inLanguage":"es"},{"@type":"Organization","@id":"https:\/\/conexion23.com\/#organization","name":"Conexion 23","url":"https:\/\/conexion23.com\/","logo":{"@type":"ImageObject","inLanguage":"es","@id":"https:\/\/conexion23.com\/#\/schema\/logo\/image\/","url":"https:\/\/conexion23.com\/wp-content\/uploads\/2021\/11\/Diseno-sin-titulo-2.png","contentUrl":"https:\/\/conexion23.com\/wp-content\/uploads\/2021\/11\/Diseno-sin-titulo-2.png","width":541,"height":90,"caption":"Conexion 23"},"image":{"@id":"https:\/\/conexion23.com\/#\/schema\/logo\/image\/"},"sameAs":["https:\/\/www.facebook.com\/conexion23com","https:\/\/www.instagram.com\/conexion23com\/","https:\/\/www.youtube.com\/channel\/UCYc7vxxFZMYLIHNsHHxPZ3Q"]},{"@type":"Person","@id":"https:\/\/conexion23.com\/#\/schema\/person\/03e36043331117e97a373299bbcd30a6","name":"Raffy Ben\u00edtez","image":{"@type":"ImageObject","inLanguage":"es","@id":"https:\/\/secure.gravatar.com\/avatar\/3190a6a6c5e1b0327500f7d6c56b6242472ee6cb974cf09b401ee6b3b0798f23?s=96&d=mm&r=g","url":"https:\/\/secure.gravatar.com\/avatar\/3190a6a6c5e1b0327500f7d6c56b6242472ee6cb974cf09b401ee6b3b0798f23?s=96&d=mm&r=g","contentUrl":"https:\/\/secure.gravatar.com\/avatar\/3190a6a6c5e1b0327500f7d6c56b6242472ee6cb974cf09b401ee6b3b0798f23?s=96&d=mm&r=g","caption":"Raffy Ben\u00edtez"},"url":"https:\/\/conexion23.com\/?author=15"}]}},"_links":{"self":[{"href":"https:\/\/conexion23.com\/index.php?rest_route=\/wp\/v2\/posts\/39040","targetHints":{"allow":["GET"]}}],"collection":[{"href":"https:\/\/conexion23.com\/index.php?rest_route=\/wp\/v2\/posts"}],"about":[{"href":"https:\/\/conexion23.com\/index.php?rest_route=\/wp\/v2\/types\/post"}],"author":[{"embeddable":true,"href":"https:\/\/conexion23.com\/index.php?rest_route=\/wp\/v2\/users\/15"}],"replies":[{"embeddable":true,"href":"https:\/\/conexion23.com\/index.php?rest_route=%2Fwp%2Fv2%2Fcomments&post=39040"}],"version-history":[{"count":1,"href":"https:\/\/conexion23.com\/index.php?rest_route=\/wp\/v2\/posts\/39040\/revisions"}],"predecessor-version":[{"id":39042,"href":"https:\/\/conexion23.com\/index.php?rest_route=\/wp\/v2\/posts\/39040\/revisions\/39042"}],"wp:featuredmedia":[{"embeddable":true,"href":"https:\/\/conexion23.com\/index.php?rest_route=\/wp\/v2\/media\/39041"}],"wp:attachment":[{"href":"https:\/\/conexion23.com\/index.php?rest_route=%2Fwp%2Fv2%2Fmedia&parent=39040"}],"wp:term":[{"taxonomy":"category","embeddable":true,"href":"https:\/\/conexion23.com\/index.php?rest_route=%2Fwp%2Fv2%2Fcategories&post=39040"},{"taxonomy":"post_tag","embeddable":true,"href":"https:\/\/conexion23.com\/index.php?rest_route=%2Fwp%2Fv2%2Ftags&post=39040"}],"curies":[{"name":"wp","href":"https:\/\/api.w.org\/{rel}","templated":true}]}}