{"id":39070,"date":"2025-03-21T08:06:47","date_gmt":"2025-03-21T12:06:47","guid":{"rendered":"https:\/\/conexion23.com\/?p=39070"},"modified":"2025-03-21T08:06:49","modified_gmt":"2025-03-21T12:06:49","slug":"falpo-anuncia-huelgas-en-san-francisco-de-macoris-para-los-dias-25-y-26-de-este-mes","status":"publish","type":"post","link":"https:\/\/conexion23.com\/?p=39070","title":{"rendered":"Falpo anuncia huelgas en San Francisco de Macor\u00eds para los d\u00edas 25 y 26 de este mes"},"content":{"rendered":"\n<p class=\"wp-block-paragraph\" id=\"viewer-49rks321\">&nbsp;El Frente Amplio de Lucha Popular (Falpo), anunci\u00f3 en el d\u00eda de hoy la realizaci\u00f3n de un conjunto de manifestaciones de protestas tanto para este municipio como para Salcedo.<\/p>\n\n\n\n<p class=\"wp-block-paragraph\" id=\"viewer-r7tg4324\">De acuerdo a Ra\u00fal Monegro y a Martin Medina, el primero Coordinador Nacional del Falpo mientras que el segundo vocero para la provincia Hermanas Mirabal, la huelga para San Francisco de Macor\u00eds est\u00e1 programada para los d\u00edas martes 25 y mi\u00e9rcoles 26, mientras que la dirigencia de Salcedo expres\u00f3 que la semana entrante dar\u00eda a conocer la calendarizaci\u00f3n de una serie de manifestaciones de protestas para esta \u00faltima ciudad.<\/p>\n\n\n\n<p class=\"wp-block-paragraph\" id=\"viewer-gs885326\">&nbsp;En ese sentido Monegro manifest\u00f3 que los d\u00edas martes 25 y mi\u00e9rcoles 26, todo San Francisco de Macor\u00eds ser\u00e1 paralizado ante la indiferencia que seg\u00fan dijo han mantenido las autoridades del gobierno para solucionar los graves males por lo que atraviesa esta ciudad, as\u00ed como para que se les den continuidad a varias de las obras que se encuentran paralizadas, mientras que otras en proceso de ejecuci\u00f3n pero de manera lenta.<\/p>\n\n\n\n<p class=\"wp-block-paragraph\" id=\"viewer-50fe3328\">&nbsp;En ese sentido dijo, que entre las obras que demanda el Falpo para esta ciudad, figuran, la construcci\u00f3n de calles, aceras y contenes en los principales barrios y urbanizaciones de la ciudad.<\/p>\n\n\n\n<p class=\"wp-block-paragraph\" id=\"viewer-xngke330\">Tambi\u00e9n por la terminaci\u00f3n del hospital regional, la avenida circunvalaci\u00f3n, la Plaza de la Cultura y por varios caminos vecinales. Tambi\u00e9n demandan la construcci\u00f3n de la carretera San Francisco de Macor\u00eds- R\u00edo San Juan, de un edificio en las antiguas instalaciones del Curne, por los asentamientos para los campesinos de esta provincia y para que las autoridades les busquen soluci\u00f3n inmediata a la problem\u00e1tica de las intoxicaciones por los alrededores de varios centros educativos de esta ciudad.<\/p>\n\n\n\n<p class=\"wp-block-paragraph\" id=\"viewer-n5rlb332\">Adem\u00e1s del Falpo, otras organizaciones que apoyan dicha huelga son, la Uni\u00f3n de Juntas de Vecinos, el Bloque de Organizaciones Cuesta Blanca, la Federaci\u00f3n&nbsp; Campesina Mam\u00e1 Ting\u00f3, el Frente Estudiantil Am\u00edn Abel y las Asociaciones Campesinas Don Pedro, y la San Isidro respectivamente.<\/p>\n\n\n\n<p class=\"wp-block-paragraph\" id=\"viewer-hh4l1334\"><strong>&nbsp;SALCEDO<\/strong><\/p>\n\n\n\n<p class=\"wp-block-paragraph\" id=\"viewer-1ua6p336\">De su lado Martin Medina, vocero del Falpo en esta ciudad manifest\u00f3, que los dem\u00e1s representantes de los movimientos populares del municipio de Salcedo han decidido la realizaci\u00f3n de una serie de actividades las cuales podr\u00edan culminar con una huelga en toda la ciudad, esto debido seg\u00fan dijo, &nbsp;al incumplimiento por parte de las autoridades para cumplir con las exigencias que desde hace varios a\u00f1os se les han estado planteando.<\/p>\n\n\n\n<p class=\"wp-block-paragraph\" id=\"viewer-lt3f8338\">Dijo Medina, que a casi 30 d\u00edas, tiempo de plazo que acordaron para darle cumplimiento a una serie de demandas, todav\u00eda las autoridades de esta demarcaci\u00f3n no les han cumplido ni a la dirigencia popular ni al pueblo de Salcedo, por lo que a partir de la fecha se han declarado en sesi\u00f3n permanente, en donde se analizan los pr\u00f3ximos pasos a seguir &nbsp;a partir de la semana entrante.<\/p>\n\n\n\n<p class=\"wp-block-paragraph\" id=\"viewer-nf2mp340\"><strong>Obras en Salcedo<\/strong><\/p>\n\n\n\n<p class=\"wp-block-paragraph\" id=\"viewer-scr9s342\">Entre las reivindicaciones planteadas por el Falpo se encuentran las reconstrucciones de las carreteras de Palmarito, Las Cueva- Ranchito y la continuaci\u00f3n del puente La Caoba- Lomo del Perro.<\/p>\n\n\n\n<p class=\"wp-block-paragraph\" id=\"viewer-rax6x344\">Para que se resuelvan los problemas en los diversos recintos educativos de Tenares, los cuales muchos de ellos presentan serios problemas en su sistema sanitario y para que tambi\u00e9n se resuelva el problema de los ni\u00f1os que reciben docencia en una funeraria y el punto cr\u00edtico que provoc\u00f3 Medio Ambiente en el barrio El Hoyo, el cual presenta serios inconvenientes.<\/p>\n\n\n\n<p class=\"wp-block-paragraph\" id=\"viewer-0nnxu346\">Otras demandas son el asfaltado de Salcedo y Tenares, la reparaci\u00f3n de la carretera Tenares- Blanco Arriba y la reconstrucciones de las carreteras de Canete y Los Tabucos y para que se destituyan al Director Provincial de Salud, el doctor Francisco Eligio Duarte Cana\u00e1n y a la Licenciada Valerio como Jefa de Enfermer\u00eda del Hospital de Salcedo.<\/p>\n","protected":false},"excerpt":{"rendered":"<p>&nbsp;El Frente Amplio de Lucha Popular (Falpo), anunci\u00f3 en el d\u00eda de hoy la realizaci\u00f3n de un conjunto de manifestaciones de protestas tanto para este municipio como para Salcedo. De acuerdo a Ra\u00fal Monegro y a Martin Medina, el primero Coordinador Nacional del Falpo mientras que el segundo vocero para la provincia Hermanas Mirabal, la [&hellip;]<\/p>\n","protected":false},"author":15,"featured_media":39071,"comment_status":"open","ping_status":"open","sticky":false,"template":"","format":"standard","meta":{"footnotes":""},"categories":[1],"tags":[],"class_list":["post-39070","post","type-post","status-publish","format-standard","has-post-thumbnail","category-uncategorized"],"yoast_head":"<!-- This site is optimized with the Yoast SEO plugin v27.6 - https:\/\/yoast.com\/product\/yoast-seo-wordpress\/ -->\n<title>Falpo anuncia huelgas en San Francisco de Macor\u00eds para los d\u00edas 25 y 26 de este mes - Conexi\u00f3n 23<\/title>\n<meta name=\"robots\" content=\"index, follow, max-snippet:-1, max-image-preview:large, max-video-preview:-1\" \/>\n<link rel=\"canonical\" href=\"https:\/\/conexion23.com\/?p=39070\" \/>\n<meta property=\"og:locale\" content=\"es_ES\" \/>\n<meta property=\"og:type\" content=\"article\" \/>\n<meta property=\"og:title\" content=\"Falpo anuncia huelgas en San Francisco de Macor\u00eds para los d\u00edas 25 y 26 de este mes - Conexi\u00f3n 23\" \/>\n<meta property=\"og:description\" content=\"&nbsp;El Frente Amplio de Lucha Popular (Falpo), anunci\u00f3 en el d\u00eda de hoy la realizaci\u00f3n de un conjunto de manifestaciones de protestas tanto para este municipio como para Salcedo. De acuerdo a Ra\u00fal Monegro y a Martin Medina, el primero Coordinador Nacional del Falpo mientras que el segundo vocero para la provincia Hermanas Mirabal, la [&hellip;]\" \/>\n<meta property=\"og:url\" content=\"https:\/\/conexion23.com\/?p=39070\" \/>\n<meta property=\"og:site_name\" content=\"Conexi\u00f3n 23\" \/>\n<meta property=\"article:publisher\" content=\"https:\/\/www.facebook.com\/conexion23com\" \/>\n<meta property=\"article:published_time\" content=\"2025-03-21T12:06:47+00:00\" \/>\n<meta property=\"article:modified_time\" content=\"2025-03-21T12:06:49+00:00\" \/>\n<meta property=\"og:image\" content=\"https:\/\/conexion23.com\/wp-content\/uploads\/2025\/03\/descarga-43.jpg\" \/>\n\t<meta property=\"og:image:width\" content=\"300\" \/>\n\t<meta property=\"og:image:height\" content=\"168\" \/>\n\t<meta property=\"og:image:type\" content=\"image\/jpeg\" \/>\n<meta name=\"author\" content=\"Raffy Ben\u00edtez\" \/>\n<meta name=\"twitter:card\" content=\"summary_large_image\" \/>\n<meta name=\"twitter:label1\" content=\"Escrito por\" \/>\n\t<meta name=\"twitter:data1\" content=\"Raffy Ben\u00edtez\" \/>\n\t<meta name=\"twitter:label2\" content=\"Tiempo de lectura\" \/>\n\t<meta name=\"twitter:data2\" content=\"3 minutos\" \/>\n<script type=\"application\/ld+json\" class=\"yoast-schema-graph\">{\"@context\":\"https:\\\/\\\/schema.org\",\"@graph\":[{\"@type\":\"Article\",\"@id\":\"https:\\\/\\\/conexion23.com\\\/?p=39070#article\",\"isPartOf\":{\"@id\":\"https:\\\/\\\/conexion23.com\\\/?p=39070\"},\"author\":{\"name\":\"Raffy Ben\u00edtez\",\"@id\":\"https:\\\/\\\/conexion23.com\\\/#\\\/schema\\\/person\\\/03e36043331117e97a373299bbcd30a6\"},\"headline\":\"Falpo anuncia huelgas en San Francisco de Macor\u00eds para los d\u00edas 25 y 26 de este mes\",\"datePublished\":\"2025-03-21T12:06:47+00:00\",\"dateModified\":\"2025-03-21T12:06:49+00:00\",\"mainEntityOfPage\":{\"@id\":\"https:\\\/\\\/conexion23.com\\\/?p=39070\"},\"wordCount\":673,\"commentCount\":0,\"publisher\":{\"@id\":\"https:\\\/\\\/conexion23.com\\\/#organization\"},\"image\":{\"@id\":\"https:\\\/\\\/conexion23.com\\\/?p=39070#primaryimage\"},\"thumbnailUrl\":\"https:\\\/\\\/conexion23.com\\\/wp-content\\\/uploads\\\/2025\\\/03\\\/descarga-43.jpg\",\"articleSection\":[\"Uncategorized\"],\"inLanguage\":\"es\",\"potentialAction\":[{\"@type\":\"CommentAction\",\"name\":\"Comment\",\"target\":[\"https:\\\/\\\/conexion23.com\\\/?p=39070#respond\"]}]},{\"@type\":\"WebPage\",\"@id\":\"https:\\\/\\\/conexion23.com\\\/?p=39070\",\"url\":\"https:\\\/\\\/conexion23.com\\\/?p=39070\",\"name\":\"Falpo anuncia huelgas en San Francisco de Macor\u00eds para los d\u00edas 25 y 26 de este mes - Conexi\u00f3n 23\",\"isPartOf\":{\"@id\":\"https:\\\/\\\/conexion23.com\\\/#website\"},\"primaryImageOfPage\":{\"@id\":\"https:\\\/\\\/conexion23.com\\\/?p=39070#primaryimage\"},\"image\":{\"@id\":\"https:\\\/\\\/conexion23.com\\\/?p=39070#primaryimage\"},\"thumbnailUrl\":\"https:\\\/\\\/conexion23.com\\\/wp-content\\\/uploads\\\/2025\\\/03\\\/descarga-43.jpg\",\"datePublished\":\"2025-03-21T12:06:47+00:00\",\"dateModified\":\"2025-03-21T12:06:49+00:00\",\"breadcrumb\":{\"@id\":\"https:\\\/\\\/conexion23.com\\\/?p=39070#breadcrumb\"},\"inLanguage\":\"es\",\"potentialAction\":[{\"@type\":\"ReadAction\",\"target\":[\"https:\\\/\\\/conexion23.com\\\/?p=39070\"]}]},{\"@type\":\"ImageObject\",\"inLanguage\":\"es\",\"@id\":\"https:\\\/\\\/conexion23.com\\\/?p=39070#primaryimage\",\"url\":\"https:\\\/\\\/conexion23.com\\\/wp-content\\\/uploads\\\/2025\\\/03\\\/descarga-43.jpg\",\"contentUrl\":\"https:\\\/\\\/conexion23.com\\\/wp-content\\\/uploads\\\/2025\\\/03\\\/descarga-43.jpg\",\"width\":300,\"height\":168},{\"@type\":\"BreadcrumbList\",\"@id\":\"https:\\\/\\\/conexion23.com\\\/?p=39070#breadcrumb\",\"itemListElement\":[{\"@type\":\"ListItem\",\"position\":1,\"name\":\"Portada\",\"item\":\"https:\\\/\\\/conexion23.com\\\/\"},{\"@type\":\"ListItem\",\"position\":2,\"name\":\"Falpo anuncia huelgas en San Francisco de Macor\u00eds para los d\u00edas 25 y 26 de este mes\"}]},{\"@type\":\"WebSite\",\"@id\":\"https:\\\/\\\/conexion23.com\\\/#website\",\"url\":\"https:\\\/\\\/conexion23.com\\\/\",\"name\":\"Conexi\u00f3n 23\",\"description\":\"Peri\u00f3dico 100% Petromacorisano\",\"publisher\":{\"@id\":\"https:\\\/\\\/conexion23.com\\\/#organization\"},\"potentialAction\":[{\"@type\":\"SearchAction\",\"target\":{\"@type\":\"EntryPoint\",\"urlTemplate\":\"https:\\\/\\\/conexion23.com\\\/?s={search_term_string}\"},\"query-input\":{\"@type\":\"PropertyValueSpecification\",\"valueRequired\":true,\"valueName\":\"search_term_string\"}}],\"inLanguage\":\"es\"},{\"@type\":\"Organization\",\"@id\":\"https:\\\/\\\/conexion23.com\\\/#organization\",\"name\":\"Conexion 23\",\"url\":\"https:\\\/\\\/conexion23.com\\\/\",\"logo\":{\"@type\":\"ImageObject\",\"inLanguage\":\"es\",\"@id\":\"https:\\\/\\\/conexion23.com\\\/#\\\/schema\\\/logo\\\/image\\\/\",\"url\":\"https:\\\/\\\/conexion23.com\\\/wp-content\\\/uploads\\\/2021\\\/11\\\/Diseno-sin-titulo-2.png\",\"contentUrl\":\"https:\\\/\\\/conexion23.com\\\/wp-content\\\/uploads\\\/2021\\\/11\\\/Diseno-sin-titulo-2.png\",\"width\":541,\"height\":90,\"caption\":\"Conexion 23\"},\"image\":{\"@id\":\"https:\\\/\\\/conexion23.com\\\/#\\\/schema\\\/logo\\\/image\\\/\"},\"sameAs\":[\"https:\\\/\\\/www.facebook.com\\\/conexion23com\",\"https:\\\/\\\/www.instagram.com\\\/conexion23com\\\/\",\"https:\\\/\\\/www.youtube.com\\\/channel\\\/UCYc7vxxFZMYLIHNsHHxPZ3Q\"]},{\"@type\":\"Person\",\"@id\":\"https:\\\/\\\/conexion23.com\\\/#\\\/schema\\\/person\\\/03e36043331117e97a373299bbcd30a6\",\"name\":\"Raffy Ben\u00edtez\",\"image\":{\"@type\":\"ImageObject\",\"inLanguage\":\"es\",\"@id\":\"https:\\\/\\\/secure.gravatar.com\\\/avatar\\\/3190a6a6c5e1b0327500f7d6c56b6242472ee6cb974cf09b401ee6b3b0798f23?s=96&d=mm&r=g\",\"url\":\"https:\\\/\\\/secure.gravatar.com\\\/avatar\\\/3190a6a6c5e1b0327500f7d6c56b6242472ee6cb974cf09b401ee6b3b0798f23?s=96&d=mm&r=g\",\"contentUrl\":\"https:\\\/\\\/secure.gravatar.com\\\/avatar\\\/3190a6a6c5e1b0327500f7d6c56b6242472ee6cb974cf09b401ee6b3b0798f23?s=96&d=mm&r=g\",\"caption\":\"Raffy Ben\u00edtez\"},\"url\":\"https:\\\/\\\/conexion23.com\\\/?author=15\"}]}<\/script>\n<!-- \/ Yoast SEO plugin. -->","yoast_head_json":{"title":"Falpo anuncia huelgas en San Francisco de Macor\u00eds para los d\u00edas 25 y 26 de este mes - Conexi\u00f3n 23","robots":{"index":"index","follow":"follow","max-snippet":"max-snippet:-1","max-image-preview":"max-image-preview:large","max-video-preview":"max-video-preview:-1"},"canonical":"https:\/\/conexion23.com\/?p=39070","og_locale":"es_ES","og_type":"article","og_title":"Falpo anuncia huelgas en San Francisco de Macor\u00eds para los d\u00edas 25 y 26 de este mes - Conexi\u00f3n 23","og_description":"&nbsp;El Frente Amplio de Lucha Popular (Falpo), anunci\u00f3 en el d\u00eda de hoy la realizaci\u00f3n de un conjunto de manifestaciones de protestas tanto para este municipio como para Salcedo. De acuerdo a Ra\u00fal Monegro y a Martin Medina, el primero Coordinador Nacional del Falpo mientras que el segundo vocero para la provincia Hermanas Mirabal, la [&hellip;]","og_url":"https:\/\/conexion23.com\/?p=39070","og_site_name":"Conexi\u00f3n 23","article_publisher":"https:\/\/www.facebook.com\/conexion23com","article_published_time":"2025-03-21T12:06:47+00:00","article_modified_time":"2025-03-21T12:06:49+00:00","og_image":[{"width":300,"height":168,"url":"https:\/\/conexion23.com\/wp-content\/uploads\/2025\/03\/descarga-43.jpg","type":"image\/jpeg"}],"author":"Raffy Ben\u00edtez","twitter_card":"summary_large_image","twitter_misc":{"Escrito por":"Raffy Ben\u00edtez","Tiempo de lectura":"3 minutos"},"schema":{"@context":"https:\/\/schema.org","@graph":[{"@type":"Article","@id":"https:\/\/conexion23.com\/?p=39070#article","isPartOf":{"@id":"https:\/\/conexion23.com\/?p=39070"},"author":{"name":"Raffy Ben\u00edtez","@id":"https:\/\/conexion23.com\/#\/schema\/person\/03e36043331117e97a373299bbcd30a6"},"headline":"Falpo anuncia huelgas en San Francisco de Macor\u00eds para los d\u00edas 25 y 26 de este mes","datePublished":"2025-03-21T12:06:47+00:00","dateModified":"2025-03-21T12:06:49+00:00","mainEntityOfPage":{"@id":"https:\/\/conexion23.com\/?p=39070"},"wordCount":673,"commentCount":0,"publisher":{"@id":"https:\/\/conexion23.com\/#organization"},"image":{"@id":"https:\/\/conexion23.com\/?p=39070#primaryimage"},"thumbnailUrl":"https:\/\/conexion23.com\/wp-content\/uploads\/2025\/03\/descarga-43.jpg","articleSection":["Uncategorized"],"inLanguage":"es","potentialAction":[{"@type":"CommentAction","name":"Comment","target":["https:\/\/conexion23.com\/?p=39070#respond"]}]},{"@type":"WebPage","@id":"https:\/\/conexion23.com\/?p=39070","url":"https:\/\/conexion23.com\/?p=39070","name":"Falpo anuncia huelgas en San Francisco de Macor\u00eds para los d\u00edas 25 y 26 de este mes - Conexi\u00f3n 23","isPartOf":{"@id":"https:\/\/conexion23.com\/#website"},"primaryImageOfPage":{"@id":"https:\/\/conexion23.com\/?p=39070#primaryimage"},"image":{"@id":"https:\/\/conexion23.com\/?p=39070#primaryimage"},"thumbnailUrl":"https:\/\/conexion23.com\/wp-content\/uploads\/2025\/03\/descarga-43.jpg","datePublished":"2025-03-21T12:06:47+00:00","dateModified":"2025-03-21T12:06:49+00:00","breadcrumb":{"@id":"https:\/\/conexion23.com\/?p=39070#breadcrumb"},"inLanguage":"es","potentialAction":[{"@type":"ReadAction","target":["https:\/\/conexion23.com\/?p=39070"]}]},{"@type":"ImageObject","inLanguage":"es","@id":"https:\/\/conexion23.com\/?p=39070#primaryimage","url":"https:\/\/conexion23.com\/wp-content\/uploads\/2025\/03\/descarga-43.jpg","contentUrl":"https:\/\/conexion23.com\/wp-content\/uploads\/2025\/03\/descarga-43.jpg","width":300,"height":168},{"@type":"BreadcrumbList","@id":"https:\/\/conexion23.com\/?p=39070#breadcrumb","itemListElement":[{"@type":"ListItem","position":1,"name":"Portada","item":"https:\/\/conexion23.com\/"},{"@type":"ListItem","position":2,"name":"Falpo anuncia huelgas en San Francisco de Macor\u00eds para los d\u00edas 25 y 26 de este mes"}]},{"@type":"WebSite","@id":"https:\/\/conexion23.com\/#website","url":"https:\/\/conexion23.com\/","name":"Conexi\u00f3n 23","description":"Peri\u00f3dico 100% Petromacorisano","publisher":{"@id":"https:\/\/conexion23.com\/#organization"},"potentialAction":[{"@type":"SearchAction","target":{"@type":"EntryPoint","urlTemplate":"https:\/\/conexion23.com\/?s={search_term_string}"},"query-input":{"@type":"PropertyValueSpecification","valueRequired":true,"valueName":"search_term_string"}}],"inLanguage":"es"},{"@type":"Organization","@id":"https:\/\/conexion23.com\/#organization","name":"Conexion 23","url":"https:\/\/conexion23.com\/","logo":{"@type":"ImageObject","inLanguage":"es","@id":"https:\/\/conexion23.com\/#\/schema\/logo\/image\/","url":"https:\/\/conexion23.com\/wp-content\/uploads\/2021\/11\/Diseno-sin-titulo-2.png","contentUrl":"https:\/\/conexion23.com\/wp-content\/uploads\/2021\/11\/Diseno-sin-titulo-2.png","width":541,"height":90,"caption":"Conexion 23"},"image":{"@id":"https:\/\/conexion23.com\/#\/schema\/logo\/image\/"},"sameAs":["https:\/\/www.facebook.com\/conexion23com","https:\/\/www.instagram.com\/conexion23com\/","https:\/\/www.youtube.com\/channel\/UCYc7vxxFZMYLIHNsHHxPZ3Q"]},{"@type":"Person","@id":"https:\/\/conexion23.com\/#\/schema\/person\/03e36043331117e97a373299bbcd30a6","name":"Raffy Ben\u00edtez","image":{"@type":"ImageObject","inLanguage":"es","@id":"https:\/\/secure.gravatar.com\/avatar\/3190a6a6c5e1b0327500f7d6c56b6242472ee6cb974cf09b401ee6b3b0798f23?s=96&d=mm&r=g","url":"https:\/\/secure.gravatar.com\/avatar\/3190a6a6c5e1b0327500f7d6c56b6242472ee6cb974cf09b401ee6b3b0798f23?s=96&d=mm&r=g","contentUrl":"https:\/\/secure.gravatar.com\/avatar\/3190a6a6c5e1b0327500f7d6c56b6242472ee6cb974cf09b401ee6b3b0798f23?s=96&d=mm&r=g","caption":"Raffy Ben\u00edtez"},"url":"https:\/\/conexion23.com\/?author=15"}]}},"_links":{"self":[{"href":"https:\/\/conexion23.com\/index.php?rest_route=\/wp\/v2\/posts\/39070","targetHints":{"allow":["GET"]}}],"collection":[{"href":"https:\/\/conexion23.com\/index.php?rest_route=\/wp\/v2\/posts"}],"about":[{"href":"https:\/\/conexion23.com\/index.php?rest_route=\/wp\/v2\/types\/post"}],"author":[{"embeddable":true,"href":"https:\/\/conexion23.com\/index.php?rest_route=\/wp\/v2\/users\/15"}],"replies":[{"embeddable":true,"href":"https:\/\/conexion23.com\/index.php?rest_route=%2Fwp%2Fv2%2Fcomments&post=39070"}],"version-history":[{"count":1,"href":"https:\/\/conexion23.com\/index.php?rest_route=\/wp\/v2\/posts\/39070\/revisions"}],"predecessor-version":[{"id":39072,"href":"https:\/\/conexion23.com\/index.php?rest_route=\/wp\/v2\/posts\/39070\/revisions\/39072"}],"wp:featuredmedia":[{"embeddable":true,"href":"https:\/\/conexion23.com\/index.php?rest_route=\/wp\/v2\/media\/39071"}],"wp:attachment":[{"href":"https:\/\/conexion23.com\/index.php?rest_route=%2Fwp%2Fv2%2Fmedia&parent=39070"}],"wp:term":[{"taxonomy":"category","embeddable":true,"href":"https:\/\/conexion23.com\/index.php?rest_route=%2Fwp%2Fv2%2Fcategories&post=39070"},{"taxonomy":"post_tag","embeddable":true,"href":"https:\/\/conexion23.com\/index.php?rest_route=%2Fwp%2Fv2%2Ftags&post=39070"}],"curies":[{"name":"wp","href":"https:\/\/api.w.org\/{rel}","templated":true}]}}