{"id":39073,"date":"2025-03-21T08:10:07","date_gmt":"2025-03-21T12:10:07","guid":{"rendered":"https:\/\/conexion23.com\/?p=39073"},"modified":"2025-03-21T08:10:08","modified_gmt":"2025-03-21T12:10:08","slug":"misteriosa-muerte-de-pastor-en-villa-hermosa-genera-interrogantes","status":"publish","type":"post","link":"https:\/\/conexion23.com\/?p=39073","title":{"rendered":"Misteriosa muerte de pastor en Villa Hermosa genera interrogantes??"},"content":{"rendered":"\n<p class=\"wp-block-paragraph\">A\u00fan persisten las interrogantes en torno al fallecimiento de Rafael Acevedo, conocido como Chikin el Elegido de Dios. \u00bfQu\u00e9 ocurri\u00f3 la noche del lunes cuando fue arrestado por una patrulla policial? A\u00fan se desconoce \u00bfBajo qu\u00e9 circunstancias fue llevado al destacamento y luego al hospital donde perdi\u00f3 la vida?<\/p>\n\n\n\n<p class=\"wp-block-paragraph\">Las versiones apuntan a un posible abuso de autoridad, pero \u00bfqu\u00e9 dicen las autoridades? \u00bfHubo uso excesivo de la fuerza? \u00bfSe trat\u00f3 de un hecho aislado o hay m\u00e1s implicados? Hasta el momento, no hay una explicaci\u00f3n clara sobre lo sucedido.<\/p>\n\n\n\n<p class=\"wp-block-paragraph\">Rafael Acevedo era un joven trabajador y pastor que, junto a su esposa, dirig\u00eda una iglesia. Su familia, el gremio de peluqueros y quienes lo conocieron exigen respuestas. \u00bfSe har\u00e1 justicia?<\/p>\n\n\n\n<p class=\"wp-block-paragraph\">El caso est\u00e1 en manos de las autoridades, y se espera que el Instituto Nacional de Ciencias Forenses (Inacif) esclarezca lo ocurrido. Si hay responsables, \u00bfser\u00e1n presentados ante la justicia? Mientras tanto, una pregunta sigue latente: \u00bfqu\u00e9 pas\u00f3 con el pastor Rafael Acevedo? .<\/p>\n","protected":false},"excerpt":{"rendered":"<p>A\u00fan persisten las interrogantes en torno al fallecimiento de Rafael Acevedo, conocido como Chikin el Elegido de Dios. \u00bfQu\u00e9 ocurri\u00f3 la noche del lunes cuando fue arrestado por una patrulla policial? A\u00fan se desconoce \u00bfBajo qu\u00e9 circunstancias fue llevado al destacamento y luego al hospital donde perdi\u00f3 la vida? Las versiones apuntan a un posible [&hellip;]<\/p>\n","protected":false},"author":15,"featured_media":39074,"comment_status":"open","ping_status":"open","sticky":false,"template":"","format":"standard","meta":{"footnotes":""},"categories":[2473],"tags":[],"class_list":["post-39073","post","type-post","status-publish","format-standard","has-post-thumbnail","category-la-romana"],"yoast_head":"<!-- This site is optimized with the Yoast SEO plugin v27.6 - https:\/\/yoast.com\/product\/yoast-seo-wordpress\/ -->\n<title>Misteriosa muerte de pastor en Villa Hermosa genera interrogantes?? - Conexi\u00f3n 23<\/title>\n<meta name=\"robots\" content=\"index, follow, max-snippet:-1, max-image-preview:large, max-video-preview:-1\" \/>\n<link rel=\"canonical\" href=\"https:\/\/conexion23.com\/?p=39073\" \/>\n<meta property=\"og:locale\" content=\"es_ES\" \/>\n<meta property=\"og:type\" content=\"article\" \/>\n<meta property=\"og:title\" content=\"Misteriosa muerte de pastor en Villa Hermosa genera interrogantes?? - Conexi\u00f3n 23\" \/>\n<meta property=\"og:description\" content=\"A\u00fan persisten las interrogantes en torno al fallecimiento de Rafael Acevedo, conocido como Chikin el Elegido de Dios. \u00bfQu\u00e9 ocurri\u00f3 la noche del lunes cuando fue arrestado por una patrulla policial? A\u00fan se desconoce \u00bfBajo qu\u00e9 circunstancias fue llevado al destacamento y luego al hospital donde perdi\u00f3 la vida? Las versiones apuntan a un posible [&hellip;]\" \/>\n<meta property=\"og:url\" content=\"https:\/\/conexion23.com\/?p=39073\" \/>\n<meta property=\"og:site_name\" content=\"Conexi\u00f3n 23\" \/>\n<meta property=\"article:publisher\" content=\"https:\/\/www.facebook.com\/conexion23com\" \/>\n<meta property=\"article:published_time\" content=\"2025-03-21T12:10:07+00:00\" \/>\n<meta property=\"article:modified_time\" content=\"2025-03-21T12:10:08+00:00\" \/>\n<meta property=\"og:image\" content=\"https:\/\/conexion23.com\/wp-content\/uploads\/2025\/03\/IMG-20250320-WA0570.jpg\" \/>\n\t<meta property=\"og:image:width\" content=\"180\" \/>\n\t<meta property=\"og:image:height\" content=\"320\" \/>\n\t<meta property=\"og:image:type\" content=\"image\/jpeg\" \/>\n<meta name=\"author\" content=\"Raffy Ben\u00edtez\" \/>\n<meta name=\"twitter:card\" content=\"summary_large_image\" \/>\n<meta name=\"twitter:label1\" content=\"Escrito por\" \/>\n\t<meta name=\"twitter:data1\" content=\"Raffy Ben\u00edtez\" \/>\n\t<meta name=\"twitter:label2\" content=\"Tiempo de lectura\" \/>\n\t<meta name=\"twitter:data2\" content=\"1 minuto\" \/>\n<script type=\"application\/ld+json\" class=\"yoast-schema-graph\">{\"@context\":\"https:\\\/\\\/schema.org\",\"@graph\":[{\"@type\":\"Article\",\"@id\":\"https:\\\/\\\/conexion23.com\\\/?p=39073#article\",\"isPartOf\":{\"@id\":\"https:\\\/\\\/conexion23.com\\\/?p=39073\"},\"author\":{\"name\":\"Raffy Ben\u00edtez\",\"@id\":\"https:\\\/\\\/conexion23.com\\\/#\\\/schema\\\/person\\\/03e36043331117e97a373299bbcd30a6\"},\"headline\":\"Misteriosa muerte de pastor en Villa Hermosa genera interrogantes??\",\"datePublished\":\"2025-03-21T12:10:07+00:00\",\"dateModified\":\"2025-03-21T12:10:08+00:00\",\"mainEntityOfPage\":{\"@id\":\"https:\\\/\\\/conexion23.com\\\/?p=39073\"},\"wordCount\":179,\"commentCount\":0,\"publisher\":{\"@id\":\"https:\\\/\\\/conexion23.com\\\/#organization\"},\"image\":{\"@id\":\"https:\\\/\\\/conexion23.com\\\/?p=39073#primaryimage\"},\"thumbnailUrl\":\"https:\\\/\\\/conexion23.com\\\/wp-content\\\/uploads\\\/2025\\\/03\\\/IMG-20250320-WA0570.jpg\",\"articleSection\":[\"La Romana\"],\"inLanguage\":\"es\",\"potentialAction\":[{\"@type\":\"CommentAction\",\"name\":\"Comment\",\"target\":[\"https:\\\/\\\/conexion23.com\\\/?p=39073#respond\"]}]},{\"@type\":\"WebPage\",\"@id\":\"https:\\\/\\\/conexion23.com\\\/?p=39073\",\"url\":\"https:\\\/\\\/conexion23.com\\\/?p=39073\",\"name\":\"Misteriosa muerte de pastor en Villa Hermosa genera interrogantes?? - Conexi\u00f3n 23\",\"isPartOf\":{\"@id\":\"https:\\\/\\\/conexion23.com\\\/#website\"},\"primaryImageOfPage\":{\"@id\":\"https:\\\/\\\/conexion23.com\\\/?p=39073#primaryimage\"},\"image\":{\"@id\":\"https:\\\/\\\/conexion23.com\\\/?p=39073#primaryimage\"},\"thumbnailUrl\":\"https:\\\/\\\/conexion23.com\\\/wp-content\\\/uploads\\\/2025\\\/03\\\/IMG-20250320-WA0570.jpg\",\"datePublished\":\"2025-03-21T12:10:07+00:00\",\"dateModified\":\"2025-03-21T12:10:08+00:00\",\"breadcrumb\":{\"@id\":\"https:\\\/\\\/conexion23.com\\\/?p=39073#breadcrumb\"},\"inLanguage\":\"es\",\"potentialAction\":[{\"@type\":\"ReadAction\",\"target\":[\"https:\\\/\\\/conexion23.com\\\/?p=39073\"]}]},{\"@type\":\"ImageObject\",\"inLanguage\":\"es\",\"@id\":\"https:\\\/\\\/conexion23.com\\\/?p=39073#primaryimage\",\"url\":\"https:\\\/\\\/conexion23.com\\\/wp-content\\\/uploads\\\/2025\\\/03\\\/IMG-20250320-WA0570.jpg\",\"contentUrl\":\"https:\\\/\\\/conexion23.com\\\/wp-content\\\/uploads\\\/2025\\\/03\\\/IMG-20250320-WA0570.jpg\",\"width\":180,\"height\":320},{\"@type\":\"BreadcrumbList\",\"@id\":\"https:\\\/\\\/conexion23.com\\\/?p=39073#breadcrumb\",\"itemListElement\":[{\"@type\":\"ListItem\",\"position\":1,\"name\":\"Portada\",\"item\":\"https:\\\/\\\/conexion23.com\\\/\"},{\"@type\":\"ListItem\",\"position\":2,\"name\":\"Misteriosa muerte de pastor en Villa Hermosa genera interrogantes??\"}]},{\"@type\":\"WebSite\",\"@id\":\"https:\\\/\\\/conexion23.com\\\/#website\",\"url\":\"https:\\\/\\\/conexion23.com\\\/\",\"name\":\"Conexi\u00f3n 23\",\"description\":\"Peri\u00f3dico 100% Petromacorisano\",\"publisher\":{\"@id\":\"https:\\\/\\\/conexion23.com\\\/#organization\"},\"potentialAction\":[{\"@type\":\"SearchAction\",\"target\":{\"@type\":\"EntryPoint\",\"urlTemplate\":\"https:\\\/\\\/conexion23.com\\\/?s={search_term_string}\"},\"query-input\":{\"@type\":\"PropertyValueSpecification\",\"valueRequired\":true,\"valueName\":\"search_term_string\"}}],\"inLanguage\":\"es\"},{\"@type\":\"Organization\",\"@id\":\"https:\\\/\\\/conexion23.com\\\/#organization\",\"name\":\"Conexion 23\",\"url\":\"https:\\\/\\\/conexion23.com\\\/\",\"logo\":{\"@type\":\"ImageObject\",\"inLanguage\":\"es\",\"@id\":\"https:\\\/\\\/conexion23.com\\\/#\\\/schema\\\/logo\\\/image\\\/\",\"url\":\"https:\\\/\\\/conexion23.com\\\/wp-content\\\/uploads\\\/2021\\\/11\\\/Diseno-sin-titulo-2.png\",\"contentUrl\":\"https:\\\/\\\/conexion23.com\\\/wp-content\\\/uploads\\\/2021\\\/11\\\/Diseno-sin-titulo-2.png\",\"width\":541,\"height\":90,\"caption\":\"Conexion 23\"},\"image\":{\"@id\":\"https:\\\/\\\/conexion23.com\\\/#\\\/schema\\\/logo\\\/image\\\/\"},\"sameAs\":[\"https:\\\/\\\/www.facebook.com\\\/conexion23com\",\"https:\\\/\\\/www.instagram.com\\\/conexion23com\\\/\",\"https:\\\/\\\/www.youtube.com\\\/channel\\\/UCYc7vxxFZMYLIHNsHHxPZ3Q\"]},{\"@type\":\"Person\",\"@id\":\"https:\\\/\\\/conexion23.com\\\/#\\\/schema\\\/person\\\/03e36043331117e97a373299bbcd30a6\",\"name\":\"Raffy Ben\u00edtez\",\"image\":{\"@type\":\"ImageObject\",\"inLanguage\":\"es\",\"@id\":\"https:\\\/\\\/secure.gravatar.com\\\/avatar\\\/3190a6a6c5e1b0327500f7d6c56b6242472ee6cb974cf09b401ee6b3b0798f23?s=96&d=mm&r=g\",\"url\":\"https:\\\/\\\/secure.gravatar.com\\\/avatar\\\/3190a6a6c5e1b0327500f7d6c56b6242472ee6cb974cf09b401ee6b3b0798f23?s=96&d=mm&r=g\",\"contentUrl\":\"https:\\\/\\\/secure.gravatar.com\\\/avatar\\\/3190a6a6c5e1b0327500f7d6c56b6242472ee6cb974cf09b401ee6b3b0798f23?s=96&d=mm&r=g\",\"caption\":\"Raffy Ben\u00edtez\"},\"url\":\"https:\\\/\\\/conexion23.com\\\/?author=15\"}]}<\/script>\n<!-- \/ Yoast SEO plugin. -->","yoast_head_json":{"title":"Misteriosa muerte de pastor en Villa Hermosa genera interrogantes?? - Conexi\u00f3n 23","robots":{"index":"index","follow":"follow","max-snippet":"max-snippet:-1","max-image-preview":"max-image-preview:large","max-video-preview":"max-video-preview:-1"},"canonical":"https:\/\/conexion23.com\/?p=39073","og_locale":"es_ES","og_type":"article","og_title":"Misteriosa muerte de pastor en Villa Hermosa genera interrogantes?? - Conexi\u00f3n 23","og_description":"A\u00fan persisten las interrogantes en torno al fallecimiento de Rafael Acevedo, conocido como Chikin el Elegido de Dios. \u00bfQu\u00e9 ocurri\u00f3 la noche del lunes cuando fue arrestado por una patrulla policial? A\u00fan se desconoce \u00bfBajo qu\u00e9 circunstancias fue llevado al destacamento y luego al hospital donde perdi\u00f3 la vida? Las versiones apuntan a un posible [&hellip;]","og_url":"https:\/\/conexion23.com\/?p=39073","og_site_name":"Conexi\u00f3n 23","article_publisher":"https:\/\/www.facebook.com\/conexion23com","article_published_time":"2025-03-21T12:10:07+00:00","article_modified_time":"2025-03-21T12:10:08+00:00","og_image":[{"width":180,"height":320,"url":"https:\/\/conexion23.com\/wp-content\/uploads\/2025\/03\/IMG-20250320-WA0570.jpg","type":"image\/jpeg"}],"author":"Raffy Ben\u00edtez","twitter_card":"summary_large_image","twitter_misc":{"Escrito por":"Raffy Ben\u00edtez","Tiempo de lectura":"1 minuto"},"schema":{"@context":"https:\/\/schema.org","@graph":[{"@type":"Article","@id":"https:\/\/conexion23.com\/?p=39073#article","isPartOf":{"@id":"https:\/\/conexion23.com\/?p=39073"},"author":{"name":"Raffy Ben\u00edtez","@id":"https:\/\/conexion23.com\/#\/schema\/person\/03e36043331117e97a373299bbcd30a6"},"headline":"Misteriosa muerte de pastor en Villa Hermosa genera interrogantes??","datePublished":"2025-03-21T12:10:07+00:00","dateModified":"2025-03-21T12:10:08+00:00","mainEntityOfPage":{"@id":"https:\/\/conexion23.com\/?p=39073"},"wordCount":179,"commentCount":0,"publisher":{"@id":"https:\/\/conexion23.com\/#organization"},"image":{"@id":"https:\/\/conexion23.com\/?p=39073#primaryimage"},"thumbnailUrl":"https:\/\/conexion23.com\/wp-content\/uploads\/2025\/03\/IMG-20250320-WA0570.jpg","articleSection":["La Romana"],"inLanguage":"es","potentialAction":[{"@type":"CommentAction","name":"Comment","target":["https:\/\/conexion23.com\/?p=39073#respond"]}]},{"@type":"WebPage","@id":"https:\/\/conexion23.com\/?p=39073","url":"https:\/\/conexion23.com\/?p=39073","name":"Misteriosa muerte de pastor en Villa Hermosa genera interrogantes?? - Conexi\u00f3n 23","isPartOf":{"@id":"https:\/\/conexion23.com\/#website"},"primaryImageOfPage":{"@id":"https:\/\/conexion23.com\/?p=39073#primaryimage"},"image":{"@id":"https:\/\/conexion23.com\/?p=39073#primaryimage"},"thumbnailUrl":"https:\/\/conexion23.com\/wp-content\/uploads\/2025\/03\/IMG-20250320-WA0570.jpg","datePublished":"2025-03-21T12:10:07+00:00","dateModified":"2025-03-21T12:10:08+00:00","breadcrumb":{"@id":"https:\/\/conexion23.com\/?p=39073#breadcrumb"},"inLanguage":"es","potentialAction":[{"@type":"ReadAction","target":["https:\/\/conexion23.com\/?p=39073"]}]},{"@type":"ImageObject","inLanguage":"es","@id":"https:\/\/conexion23.com\/?p=39073#primaryimage","url":"https:\/\/conexion23.com\/wp-content\/uploads\/2025\/03\/IMG-20250320-WA0570.jpg","contentUrl":"https:\/\/conexion23.com\/wp-content\/uploads\/2025\/03\/IMG-20250320-WA0570.jpg","width":180,"height":320},{"@type":"BreadcrumbList","@id":"https:\/\/conexion23.com\/?p=39073#breadcrumb","itemListElement":[{"@type":"ListItem","position":1,"name":"Portada","item":"https:\/\/conexion23.com\/"},{"@type":"ListItem","position":2,"name":"Misteriosa muerte de pastor en Villa Hermosa genera interrogantes??"}]},{"@type":"WebSite","@id":"https:\/\/conexion23.com\/#website","url":"https:\/\/conexion23.com\/","name":"Conexi\u00f3n 23","description":"Peri\u00f3dico 100% Petromacorisano","publisher":{"@id":"https:\/\/conexion23.com\/#organization"},"potentialAction":[{"@type":"SearchAction","target":{"@type":"EntryPoint","urlTemplate":"https:\/\/conexion23.com\/?s={search_term_string}"},"query-input":{"@type":"PropertyValueSpecification","valueRequired":true,"valueName":"search_term_string"}}],"inLanguage":"es"},{"@type":"Organization","@id":"https:\/\/conexion23.com\/#organization","name":"Conexion 23","url":"https:\/\/conexion23.com\/","logo":{"@type":"ImageObject","inLanguage":"es","@id":"https:\/\/conexion23.com\/#\/schema\/logo\/image\/","url":"https:\/\/conexion23.com\/wp-content\/uploads\/2021\/11\/Diseno-sin-titulo-2.png","contentUrl":"https:\/\/conexion23.com\/wp-content\/uploads\/2021\/11\/Diseno-sin-titulo-2.png","width":541,"height":90,"caption":"Conexion 23"},"image":{"@id":"https:\/\/conexion23.com\/#\/schema\/logo\/image\/"},"sameAs":["https:\/\/www.facebook.com\/conexion23com","https:\/\/www.instagram.com\/conexion23com\/","https:\/\/www.youtube.com\/channel\/UCYc7vxxFZMYLIHNsHHxPZ3Q"]},{"@type":"Person","@id":"https:\/\/conexion23.com\/#\/schema\/person\/03e36043331117e97a373299bbcd30a6","name":"Raffy Ben\u00edtez","image":{"@type":"ImageObject","inLanguage":"es","@id":"https:\/\/secure.gravatar.com\/avatar\/3190a6a6c5e1b0327500f7d6c56b6242472ee6cb974cf09b401ee6b3b0798f23?s=96&d=mm&r=g","url":"https:\/\/secure.gravatar.com\/avatar\/3190a6a6c5e1b0327500f7d6c56b6242472ee6cb974cf09b401ee6b3b0798f23?s=96&d=mm&r=g","contentUrl":"https:\/\/secure.gravatar.com\/avatar\/3190a6a6c5e1b0327500f7d6c56b6242472ee6cb974cf09b401ee6b3b0798f23?s=96&d=mm&r=g","caption":"Raffy Ben\u00edtez"},"url":"https:\/\/conexion23.com\/?author=15"}]}},"_links":{"self":[{"href":"https:\/\/conexion23.com\/index.php?rest_route=\/wp\/v2\/posts\/39073","targetHints":{"allow":["GET"]}}],"collection":[{"href":"https:\/\/conexion23.com\/index.php?rest_route=\/wp\/v2\/posts"}],"about":[{"href":"https:\/\/conexion23.com\/index.php?rest_route=\/wp\/v2\/types\/post"}],"author":[{"embeddable":true,"href":"https:\/\/conexion23.com\/index.php?rest_route=\/wp\/v2\/users\/15"}],"replies":[{"embeddable":true,"href":"https:\/\/conexion23.com\/index.php?rest_route=%2Fwp%2Fv2%2Fcomments&post=39073"}],"version-history":[{"count":1,"href":"https:\/\/conexion23.com\/index.php?rest_route=\/wp\/v2\/posts\/39073\/revisions"}],"predecessor-version":[{"id":39075,"href":"https:\/\/conexion23.com\/index.php?rest_route=\/wp\/v2\/posts\/39073\/revisions\/39075"}],"wp:featuredmedia":[{"embeddable":true,"href":"https:\/\/conexion23.com\/index.php?rest_route=\/wp\/v2\/media\/39074"}],"wp:attachment":[{"href":"https:\/\/conexion23.com\/index.php?rest_route=%2Fwp%2Fv2%2Fmedia&parent=39073"}],"wp:term":[{"taxonomy":"category","embeddable":true,"href":"https:\/\/conexion23.com\/index.php?rest_route=%2Fwp%2Fv2%2Fcategories&post=39073"},{"taxonomy":"post_tag","embeddable":true,"href":"https:\/\/conexion23.com\/index.php?rest_route=%2Fwp%2Fv2%2Ftags&post=39073"}],"curies":[{"name":"wp","href":"https:\/\/api.w.org\/{rel}","templated":true}]}}