{"id":39085,"date":"2025-03-21T08:23:24","date_gmt":"2025-03-21T12:23:24","guid":{"rendered":"https:\/\/conexion23.com\/?p=39085"},"modified":"2025-03-21T08:23:25","modified_gmt":"2025-03-21T12:23:25","slug":"tres-meses-de-coercion-para-chofer-acusado-de-provocar-accidente-en-que-murieron-dos-hermanos-en-higuey","status":"publish","type":"post","link":"https:\/\/conexion23.com\/?p=39085","title":{"rendered":"Tres meses de coerci\u00f3n para ch\u00f3fer acusado de provocar accidente en que murieron dos hermanos en Hig\u00fcey"},"content":{"rendered":"\n<p class=\"wp-block-paragraph\">Deivi Rubio Turb\u00ed, se\u00f1alado como el conductor responsable del accidente en el que fallecieron los hermanos \u00c1ngel A. Guerrero y Andry A. Guerrero, fue sometido a la justicia y le fue impuesta una medida de coerci\u00f3n de tres meses de prisi\u00f3n preventiva.<\/p>\n\n\n\n<p class=\"wp-block-paragraph\">A la salida de la audiencia este jueves, el peri\u00f3dico El Tiempo convers\u00f3 con Domingo Guerrero, padre de las v\u00edctimas, quien reiter\u00f3 su llamado a que se haga justicia por la tr\u00e1gica p\u00e9rdida de sus hijos.<\/p>\n\n\n\n<p class=\"wp-block-paragraph\">El accidente ocurri\u00f3 la madrugada del 16 de marzo en la comunidad de Macao, cuando la motocicleta en la que viajaban los hermanos fue impactada por una guagua amarilla, cuyo conductor presuntamente se encontraba bajo los efectos de sustancias il\u00edcitas.<\/p>\n","protected":false},"excerpt":{"rendered":"<p>Deivi Rubio Turb\u00ed, se\u00f1alado como el conductor responsable del accidente en el que fallecieron los hermanos \u00c1ngel A. Guerrero y Andry A. Guerrero, fue sometido a la justicia y le fue impuesta una medida de coerci\u00f3n de tres meses de prisi\u00f3n preventiva. A la salida de la audiencia este jueves, el peri\u00f3dico El Tiempo convers\u00f3 [&hellip;]<\/p>\n","protected":false},"author":15,"featured_media":39086,"comment_status":"open","ping_status":"open","sticky":false,"template":"","format":"standard","meta":{"footnotes":""},"categories":[2474],"tags":[],"class_list":["post-39085","post","type-post","status-publish","format-standard","has-post-thumbnail","category-la-altagracia"],"yoast_head":"<!-- This site is optimized with the Yoast SEO plugin v27.6 - https:\/\/yoast.com\/product\/yoast-seo-wordpress\/ -->\n<title>Tres meses de coerci\u00f3n para ch\u00f3fer acusado de provocar accidente en que murieron dos hermanos en Hig\u00fcey - Conexi\u00f3n 23<\/title>\n<meta name=\"robots\" content=\"index, follow, max-snippet:-1, max-image-preview:large, max-video-preview:-1\" \/>\n<link rel=\"canonical\" href=\"https:\/\/conexion23.com\/?p=39085\" \/>\n<meta property=\"og:locale\" content=\"es_ES\" \/>\n<meta property=\"og:type\" content=\"article\" \/>\n<meta property=\"og:title\" content=\"Tres meses de coerci\u00f3n para ch\u00f3fer acusado de provocar accidente en que murieron dos hermanos en Hig\u00fcey - Conexi\u00f3n 23\" \/>\n<meta property=\"og:description\" content=\"Deivi Rubio Turb\u00ed, se\u00f1alado como el conductor responsable del accidente en el que fallecieron los hermanos \u00c1ngel A. Guerrero y Andry A. Guerrero, fue sometido a la justicia y le fue impuesta una medida de coerci\u00f3n de tres meses de prisi\u00f3n preventiva. A la salida de la audiencia este jueves, el peri\u00f3dico El Tiempo convers\u00f3 [&hellip;]\" \/>\n<meta property=\"og:url\" content=\"https:\/\/conexion23.com\/?p=39085\" \/>\n<meta property=\"og:site_name\" content=\"Conexi\u00f3n 23\" \/>\n<meta property=\"article:publisher\" content=\"https:\/\/www.facebook.com\/conexion23com\" \/>\n<meta property=\"article:published_time\" content=\"2025-03-21T12:23:24+00:00\" \/>\n<meta property=\"article:modified_time\" content=\"2025-03-21T12:23:25+00:00\" \/>\n<meta property=\"og:image\" content=\"https:\/\/conexion23.com\/wp-content\/uploads\/2025\/03\/descarga-2-5.jpg\" \/>\n\t<meta property=\"og:image:width\" content=\"300\" \/>\n\t<meta property=\"og:image:height\" content=\"168\" \/>\n\t<meta property=\"og:image:type\" content=\"image\/jpeg\" \/>\n<meta name=\"author\" content=\"Raffy Ben\u00edtez\" \/>\n<meta name=\"twitter:card\" content=\"summary_large_image\" \/>\n<meta name=\"twitter:label1\" content=\"Escrito por\" \/>\n\t<meta name=\"twitter:data1\" content=\"Raffy Ben\u00edtez\" \/>\n\t<meta name=\"twitter:label2\" content=\"Tiempo de lectura\" \/>\n\t<meta name=\"twitter:data2\" content=\"1 minuto\" \/>\n<script type=\"application\/ld+json\" class=\"yoast-schema-graph\">{\"@context\":\"https:\\\/\\\/schema.org\",\"@graph\":[{\"@type\":\"Article\",\"@id\":\"https:\\\/\\\/conexion23.com\\\/?p=39085#article\",\"isPartOf\":{\"@id\":\"https:\\\/\\\/conexion23.com\\\/?p=39085\"},\"author\":{\"name\":\"Raffy Ben\u00edtez\",\"@id\":\"http:\\\/\\\/conexion23.com\\\/#\\\/schema\\\/person\\\/03e36043331117e97a373299bbcd30a6\"},\"headline\":\"Tres meses de coerci\u00f3n para ch\u00f3fer acusado de provocar accidente en que murieron dos hermanos en Hig\u00fcey\",\"datePublished\":\"2025-03-21T12:23:24+00:00\",\"dateModified\":\"2025-03-21T12:23:25+00:00\",\"mainEntityOfPage\":{\"@id\":\"https:\\\/\\\/conexion23.com\\\/?p=39085\"},\"wordCount\":145,\"commentCount\":0,\"publisher\":{\"@id\":\"http:\\\/\\\/conexion23.com\\\/#organization\"},\"image\":{\"@id\":\"https:\\\/\\\/conexion23.com\\\/?p=39085#primaryimage\"},\"thumbnailUrl\":\"https:\\\/\\\/conexion23.com\\\/wp-content\\\/uploads\\\/2025\\\/03\\\/descarga-2-5.jpg\",\"articleSection\":[\"La Altagracia\"],\"inLanguage\":\"es\",\"potentialAction\":[{\"@type\":\"CommentAction\",\"name\":\"Comment\",\"target\":[\"https:\\\/\\\/conexion23.com\\\/?p=39085#respond\"]}]},{\"@type\":\"WebPage\",\"@id\":\"https:\\\/\\\/conexion23.com\\\/?p=39085\",\"url\":\"https:\\\/\\\/conexion23.com\\\/?p=39085\",\"name\":\"Tres meses de coerci\u00f3n para ch\u00f3fer acusado de provocar accidente en que murieron dos hermanos en Hig\u00fcey - Conexi\u00f3n 23\",\"isPartOf\":{\"@id\":\"http:\\\/\\\/conexion23.com\\\/#website\"},\"primaryImageOfPage\":{\"@id\":\"https:\\\/\\\/conexion23.com\\\/?p=39085#primaryimage\"},\"image\":{\"@id\":\"https:\\\/\\\/conexion23.com\\\/?p=39085#primaryimage\"},\"thumbnailUrl\":\"https:\\\/\\\/conexion23.com\\\/wp-content\\\/uploads\\\/2025\\\/03\\\/descarga-2-5.jpg\",\"datePublished\":\"2025-03-21T12:23:24+00:00\",\"dateModified\":\"2025-03-21T12:23:25+00:00\",\"breadcrumb\":{\"@id\":\"https:\\\/\\\/conexion23.com\\\/?p=39085#breadcrumb\"},\"inLanguage\":\"es\",\"potentialAction\":[{\"@type\":\"ReadAction\",\"target\":[\"https:\\\/\\\/conexion23.com\\\/?p=39085\"]}]},{\"@type\":\"ImageObject\",\"inLanguage\":\"es\",\"@id\":\"https:\\\/\\\/conexion23.com\\\/?p=39085#primaryimage\",\"url\":\"https:\\\/\\\/conexion23.com\\\/wp-content\\\/uploads\\\/2025\\\/03\\\/descarga-2-5.jpg\",\"contentUrl\":\"https:\\\/\\\/conexion23.com\\\/wp-content\\\/uploads\\\/2025\\\/03\\\/descarga-2-5.jpg\",\"width\":300,\"height\":168},{\"@type\":\"BreadcrumbList\",\"@id\":\"https:\\\/\\\/conexion23.com\\\/?p=39085#breadcrumb\",\"itemListElement\":[{\"@type\":\"ListItem\",\"position\":1,\"name\":\"Portada\",\"item\":\"http:\\\/\\\/conexion23.com\\\/\"},{\"@type\":\"ListItem\",\"position\":2,\"name\":\"Tres meses de coerci\u00f3n para ch\u00f3fer acusado de provocar accidente en que murieron dos hermanos en Hig\u00fcey\"}]},{\"@type\":\"WebSite\",\"@id\":\"http:\\\/\\\/conexion23.com\\\/#website\",\"url\":\"http:\\\/\\\/conexion23.com\\\/\",\"name\":\"Conexi\u00f3n 23\",\"description\":\"Peri\u00f3dico 100% Petromacorisano\",\"publisher\":{\"@id\":\"http:\\\/\\\/conexion23.com\\\/#organization\"},\"potentialAction\":[{\"@type\":\"SearchAction\",\"target\":{\"@type\":\"EntryPoint\",\"urlTemplate\":\"http:\\\/\\\/conexion23.com\\\/?s={search_term_string}\"},\"query-input\":{\"@type\":\"PropertyValueSpecification\",\"valueRequired\":true,\"valueName\":\"search_term_string\"}}],\"inLanguage\":\"es\"},{\"@type\":\"Organization\",\"@id\":\"http:\\\/\\\/conexion23.com\\\/#organization\",\"name\":\"Conexion 23\",\"url\":\"http:\\\/\\\/conexion23.com\\\/\",\"logo\":{\"@type\":\"ImageObject\",\"inLanguage\":\"es\",\"@id\":\"http:\\\/\\\/conexion23.com\\\/#\\\/schema\\\/logo\\\/image\\\/\",\"url\":\"https:\\\/\\\/conexion23.com\\\/wp-content\\\/uploads\\\/2021\\\/11\\\/Diseno-sin-titulo-2.png\",\"contentUrl\":\"https:\\\/\\\/conexion23.com\\\/wp-content\\\/uploads\\\/2021\\\/11\\\/Diseno-sin-titulo-2.png\",\"width\":541,\"height\":90,\"caption\":\"Conexion 23\"},\"image\":{\"@id\":\"http:\\\/\\\/conexion23.com\\\/#\\\/schema\\\/logo\\\/image\\\/\"},\"sameAs\":[\"https:\\\/\\\/www.facebook.com\\\/conexion23com\",\"https:\\\/\\\/www.instagram.com\\\/conexion23com\\\/\",\"https:\\\/\\\/www.youtube.com\\\/channel\\\/UCYc7vxxFZMYLIHNsHHxPZ3Q\"]},{\"@type\":\"Person\",\"@id\":\"http:\\\/\\\/conexion23.com\\\/#\\\/schema\\\/person\\\/03e36043331117e97a373299bbcd30a6\",\"name\":\"Raffy Ben\u00edtez\",\"image\":{\"@type\":\"ImageObject\",\"inLanguage\":\"es\",\"@id\":\"https:\\\/\\\/secure.gravatar.com\\\/avatar\\\/3190a6a6c5e1b0327500f7d6c56b6242472ee6cb974cf09b401ee6b3b0798f23?s=96&d=mm&r=g\",\"url\":\"https:\\\/\\\/secure.gravatar.com\\\/avatar\\\/3190a6a6c5e1b0327500f7d6c56b6242472ee6cb974cf09b401ee6b3b0798f23?s=96&d=mm&r=g\",\"contentUrl\":\"https:\\\/\\\/secure.gravatar.com\\\/avatar\\\/3190a6a6c5e1b0327500f7d6c56b6242472ee6cb974cf09b401ee6b3b0798f23?s=96&d=mm&r=g\",\"caption\":\"Raffy Ben\u00edtez\"},\"url\":\"https:\\\/\\\/conexion23.com\\\/?author=15\"}]}<\/script>\n<!-- \/ Yoast SEO plugin. -->","yoast_head_json":{"title":"Tres meses de coerci\u00f3n para ch\u00f3fer acusado de provocar accidente en que murieron dos hermanos en Hig\u00fcey - Conexi\u00f3n 23","robots":{"index":"index","follow":"follow","max-snippet":"max-snippet:-1","max-image-preview":"max-image-preview:large","max-video-preview":"max-video-preview:-1"},"canonical":"https:\/\/conexion23.com\/?p=39085","og_locale":"es_ES","og_type":"article","og_title":"Tres meses de coerci\u00f3n para ch\u00f3fer acusado de provocar accidente en que murieron dos hermanos en Hig\u00fcey - Conexi\u00f3n 23","og_description":"Deivi Rubio Turb\u00ed, se\u00f1alado como el conductor responsable del accidente en el que fallecieron los hermanos \u00c1ngel A. Guerrero y Andry A. Guerrero, fue sometido a la justicia y le fue impuesta una medida de coerci\u00f3n de tres meses de prisi\u00f3n preventiva. A la salida de la audiencia este jueves, el peri\u00f3dico El Tiempo convers\u00f3 [&hellip;]","og_url":"https:\/\/conexion23.com\/?p=39085","og_site_name":"Conexi\u00f3n 23","article_publisher":"https:\/\/www.facebook.com\/conexion23com","article_published_time":"2025-03-21T12:23:24+00:00","article_modified_time":"2025-03-21T12:23:25+00:00","og_image":[{"width":300,"height":168,"url":"https:\/\/conexion23.com\/wp-content\/uploads\/2025\/03\/descarga-2-5.jpg","type":"image\/jpeg"}],"author":"Raffy Ben\u00edtez","twitter_card":"summary_large_image","twitter_misc":{"Escrito por":"Raffy Ben\u00edtez","Tiempo de lectura":"1 minuto"},"schema":{"@context":"https:\/\/schema.org","@graph":[{"@type":"Article","@id":"https:\/\/conexion23.com\/?p=39085#article","isPartOf":{"@id":"https:\/\/conexion23.com\/?p=39085"},"author":{"name":"Raffy Ben\u00edtez","@id":"http:\/\/conexion23.com\/#\/schema\/person\/03e36043331117e97a373299bbcd30a6"},"headline":"Tres meses de coerci\u00f3n para ch\u00f3fer acusado de provocar accidente en que murieron dos hermanos en Hig\u00fcey","datePublished":"2025-03-21T12:23:24+00:00","dateModified":"2025-03-21T12:23:25+00:00","mainEntityOfPage":{"@id":"https:\/\/conexion23.com\/?p=39085"},"wordCount":145,"commentCount":0,"publisher":{"@id":"http:\/\/conexion23.com\/#organization"},"image":{"@id":"https:\/\/conexion23.com\/?p=39085#primaryimage"},"thumbnailUrl":"https:\/\/conexion23.com\/wp-content\/uploads\/2025\/03\/descarga-2-5.jpg","articleSection":["La Altagracia"],"inLanguage":"es","potentialAction":[{"@type":"CommentAction","name":"Comment","target":["https:\/\/conexion23.com\/?p=39085#respond"]}]},{"@type":"WebPage","@id":"https:\/\/conexion23.com\/?p=39085","url":"https:\/\/conexion23.com\/?p=39085","name":"Tres meses de coerci\u00f3n para ch\u00f3fer acusado de provocar accidente en que murieron dos hermanos en Hig\u00fcey - Conexi\u00f3n 23","isPartOf":{"@id":"http:\/\/conexion23.com\/#website"},"primaryImageOfPage":{"@id":"https:\/\/conexion23.com\/?p=39085#primaryimage"},"image":{"@id":"https:\/\/conexion23.com\/?p=39085#primaryimage"},"thumbnailUrl":"https:\/\/conexion23.com\/wp-content\/uploads\/2025\/03\/descarga-2-5.jpg","datePublished":"2025-03-21T12:23:24+00:00","dateModified":"2025-03-21T12:23:25+00:00","breadcrumb":{"@id":"https:\/\/conexion23.com\/?p=39085#breadcrumb"},"inLanguage":"es","potentialAction":[{"@type":"ReadAction","target":["https:\/\/conexion23.com\/?p=39085"]}]},{"@type":"ImageObject","inLanguage":"es","@id":"https:\/\/conexion23.com\/?p=39085#primaryimage","url":"https:\/\/conexion23.com\/wp-content\/uploads\/2025\/03\/descarga-2-5.jpg","contentUrl":"https:\/\/conexion23.com\/wp-content\/uploads\/2025\/03\/descarga-2-5.jpg","width":300,"height":168},{"@type":"BreadcrumbList","@id":"https:\/\/conexion23.com\/?p=39085#breadcrumb","itemListElement":[{"@type":"ListItem","position":1,"name":"Portada","item":"http:\/\/conexion23.com\/"},{"@type":"ListItem","position":2,"name":"Tres meses de coerci\u00f3n para ch\u00f3fer acusado de provocar accidente en que murieron dos hermanos en Hig\u00fcey"}]},{"@type":"WebSite","@id":"http:\/\/conexion23.com\/#website","url":"http:\/\/conexion23.com\/","name":"Conexi\u00f3n 23","description":"Peri\u00f3dico 100% Petromacorisano","publisher":{"@id":"http:\/\/conexion23.com\/#organization"},"potentialAction":[{"@type":"SearchAction","target":{"@type":"EntryPoint","urlTemplate":"http:\/\/conexion23.com\/?s={search_term_string}"},"query-input":{"@type":"PropertyValueSpecification","valueRequired":true,"valueName":"search_term_string"}}],"inLanguage":"es"},{"@type":"Organization","@id":"http:\/\/conexion23.com\/#organization","name":"Conexion 23","url":"http:\/\/conexion23.com\/","logo":{"@type":"ImageObject","inLanguage":"es","@id":"http:\/\/conexion23.com\/#\/schema\/logo\/image\/","url":"https:\/\/conexion23.com\/wp-content\/uploads\/2021\/11\/Diseno-sin-titulo-2.png","contentUrl":"https:\/\/conexion23.com\/wp-content\/uploads\/2021\/11\/Diseno-sin-titulo-2.png","width":541,"height":90,"caption":"Conexion 23"},"image":{"@id":"http:\/\/conexion23.com\/#\/schema\/logo\/image\/"},"sameAs":["https:\/\/www.facebook.com\/conexion23com","https:\/\/www.instagram.com\/conexion23com\/","https:\/\/www.youtube.com\/channel\/UCYc7vxxFZMYLIHNsHHxPZ3Q"]},{"@type":"Person","@id":"http:\/\/conexion23.com\/#\/schema\/person\/03e36043331117e97a373299bbcd30a6","name":"Raffy Ben\u00edtez","image":{"@type":"ImageObject","inLanguage":"es","@id":"https:\/\/secure.gravatar.com\/avatar\/3190a6a6c5e1b0327500f7d6c56b6242472ee6cb974cf09b401ee6b3b0798f23?s=96&d=mm&r=g","url":"https:\/\/secure.gravatar.com\/avatar\/3190a6a6c5e1b0327500f7d6c56b6242472ee6cb974cf09b401ee6b3b0798f23?s=96&d=mm&r=g","contentUrl":"https:\/\/secure.gravatar.com\/avatar\/3190a6a6c5e1b0327500f7d6c56b6242472ee6cb974cf09b401ee6b3b0798f23?s=96&d=mm&r=g","caption":"Raffy Ben\u00edtez"},"url":"https:\/\/conexion23.com\/?author=15"}]}},"_links":{"self":[{"href":"https:\/\/conexion23.com\/index.php?rest_route=\/wp\/v2\/posts\/39085","targetHints":{"allow":["GET"]}}],"collection":[{"href":"https:\/\/conexion23.com\/index.php?rest_route=\/wp\/v2\/posts"}],"about":[{"href":"https:\/\/conexion23.com\/index.php?rest_route=\/wp\/v2\/types\/post"}],"author":[{"embeddable":true,"href":"https:\/\/conexion23.com\/index.php?rest_route=\/wp\/v2\/users\/15"}],"replies":[{"embeddable":true,"href":"https:\/\/conexion23.com\/index.php?rest_route=%2Fwp%2Fv2%2Fcomments&post=39085"}],"version-history":[{"count":1,"href":"https:\/\/conexion23.com\/index.php?rest_route=\/wp\/v2\/posts\/39085\/revisions"}],"predecessor-version":[{"id":39087,"href":"https:\/\/conexion23.com\/index.php?rest_route=\/wp\/v2\/posts\/39085\/revisions\/39087"}],"wp:featuredmedia":[{"embeddable":true,"href":"https:\/\/conexion23.com\/index.php?rest_route=\/wp\/v2\/media\/39086"}],"wp:attachment":[{"href":"https:\/\/conexion23.com\/index.php?rest_route=%2Fwp%2Fv2%2Fmedia&parent=39085"}],"wp:term":[{"taxonomy":"category","embeddable":true,"href":"https:\/\/conexion23.com\/index.php?rest_route=%2Fwp%2Fv2%2Fcategories&post=39085"},{"taxonomy":"post_tag","embeddable":true,"href":"https:\/\/conexion23.com\/index.php?rest_route=%2Fwp%2Fv2%2Ftags&post=39085"}],"curies":[{"name":"wp","href":"https:\/\/api.w.org\/{rel}","templated":true}]}}