{"id":39088,"date":"2025-03-22T07:22:04","date_gmt":"2025-03-22T11:22:04","guid":{"rendered":"https:\/\/conexion23.com\/?p=39088"},"modified":"2025-03-22T07:22:06","modified_gmt":"2025-03-22T11:22:06","slug":"fiebre-porcina-africana-causa-muertes-de-cerdos-en-dajabon-confirman-autoridades","status":"publish","type":"post","link":"https:\/\/conexion23.com\/?p=39088","title":{"rendered":"Fiebre porcina africana causa muertes de cerdos en Dajab\u00f3n, confirman autoridades"},"content":{"rendered":"\n<p class=\"wp-block-paragraph\">Ante la gran cantidad de cerdos muertos en el municipio El Pino de la provincia Dajab\u00f3n, el m\u00e9dico veterinario Edward Paulino, titular de la Direcci\u00f3n Regional Noroeste de Ganader\u00eda, del Ministerio de Agricultura, confirm\u00f3 que la muerte de los animales obedece a un rebrote de fiebre porcina africana.<\/p>\n\n\n\n<p class=\"wp-block-paragraph\">\u201cEl detalle es un rebrote de la peste porcina africana, las investigaciones que hemos hecho son que ha venido otra vez a resurgir porque es una repoblaci\u00f3n; la enfermedad tiene mucho tiempo en el mundo y no tiene vacuna\u201d, dijo Paulino.<\/p>\n\n\n\n<p class=\"wp-block-paragraph\">Mientras trabajan para evitar la propagaci\u00f3n de la enfermedad, un personal de Agricultura se encuentra fumigando y desinfectando las \u00e1reas de crianza. Por el momento se desconoce si el Gobierno iniciar\u00e1 a sacrificar los marranos, o brindar\u00e1 alguna ayuda econ\u00f3mica a los productores afectados.<\/p>\n\n\n\n<p class=\"wp-block-paragraph\">Pese al levantamiento que ejecutan las autoridades, a\u00fan no se tiene el n\u00famero exacto de la cantidad de cerdos muertos a causa de la fiebre porcina, entretanto los ganaderos de la zona reportan p\u00e9rdidas cuantiosas.<\/p>\n","protected":false},"excerpt":{"rendered":"<p>Ante la gran cantidad de cerdos muertos en el municipio El Pino de la provincia Dajab\u00f3n, el m\u00e9dico veterinario Edward Paulino, titular de la Direcci\u00f3n Regional Noroeste de Ganader\u00eda, del Ministerio de Agricultura, confirm\u00f3 que la muerte de los animales obedece a un rebrote de fiebre porcina africana. \u201cEl detalle es un rebrote de la [&hellip;]<\/p>\n","protected":false},"author":15,"featured_media":39089,"comment_status":"open","ping_status":"open","sticky":false,"template":"","format":"standard","meta":{"footnotes":""},"categories":[1],"tags":[],"class_list":["post-39088","post","type-post","status-publish","format-standard","has-post-thumbnail","category-uncategorized"],"yoast_head":"<!-- This site is optimized with the Yoast SEO plugin v27.6 - https:\/\/yoast.com\/product\/yoast-seo-wordpress\/ -->\n<title>Fiebre porcina africana causa muertes de cerdos en Dajab\u00f3n, confirman autoridades - Conexi\u00f3n 23<\/title>\n<meta name=\"robots\" content=\"index, follow, max-snippet:-1, max-image-preview:large, max-video-preview:-1\" \/>\n<link rel=\"canonical\" href=\"https:\/\/conexion23.com\/?p=39088\" \/>\n<meta property=\"og:locale\" content=\"es_ES\" \/>\n<meta property=\"og:type\" content=\"article\" \/>\n<meta property=\"og:title\" content=\"Fiebre porcina africana causa muertes de cerdos en Dajab\u00f3n, confirman autoridades - Conexi\u00f3n 23\" \/>\n<meta property=\"og:description\" content=\"Ante la gran cantidad de cerdos muertos en el municipio El Pino de la provincia Dajab\u00f3n, el m\u00e9dico veterinario Edward Paulino, titular de la Direcci\u00f3n Regional Noroeste de Ganader\u00eda, del Ministerio de Agricultura, confirm\u00f3 que la muerte de los animales obedece a un rebrote de fiebre porcina africana. \u201cEl detalle es un rebrote de la [&hellip;]\" \/>\n<meta property=\"og:url\" content=\"https:\/\/conexion23.com\/?p=39088\" \/>\n<meta property=\"og:site_name\" content=\"Conexi\u00f3n 23\" \/>\n<meta property=\"article:publisher\" content=\"https:\/\/www.facebook.com\/conexion23com\" \/>\n<meta property=\"article:published_time\" content=\"2025-03-22T11:22:04+00:00\" \/>\n<meta property=\"article:modified_time\" content=\"2025-03-22T11:22:06+00:00\" \/>\n<meta property=\"og:image\" content=\"https:\/\/conexion23.com\/wp-content\/uploads\/2025\/03\/images-4.jpg\" \/>\n\t<meta property=\"og:image:width\" content=\"289\" \/>\n\t<meta property=\"og:image:height\" content=\"174\" \/>\n\t<meta property=\"og:image:type\" content=\"image\/jpeg\" \/>\n<meta name=\"author\" content=\"Raffy Ben\u00edtez\" \/>\n<meta name=\"twitter:card\" content=\"summary_large_image\" \/>\n<meta name=\"twitter:label1\" content=\"Escrito por\" \/>\n\t<meta name=\"twitter:data1\" content=\"Raffy Ben\u00edtez\" \/>\n\t<meta name=\"twitter:label2\" content=\"Tiempo de lectura\" \/>\n\t<meta name=\"twitter:data2\" content=\"1 minuto\" \/>\n<script type=\"application\/ld+json\" class=\"yoast-schema-graph\">{\"@context\":\"https:\\\/\\\/schema.org\",\"@graph\":[{\"@type\":\"Article\",\"@id\":\"https:\\\/\\\/conexion23.com\\\/?p=39088#article\",\"isPartOf\":{\"@id\":\"https:\\\/\\\/conexion23.com\\\/?p=39088\"},\"author\":{\"name\":\"Raffy Ben\u00edtez\",\"@id\":\"https:\\\/\\\/conexion23.com\\\/#\\\/schema\\\/person\\\/03e36043331117e97a373299bbcd30a6\"},\"headline\":\"Fiebre porcina africana causa muertes de cerdos en Dajab\u00f3n, confirman autoridades\",\"datePublished\":\"2025-03-22T11:22:04+00:00\",\"dateModified\":\"2025-03-22T11:22:06+00:00\",\"mainEntityOfPage\":{\"@id\":\"https:\\\/\\\/conexion23.com\\\/?p=39088\"},\"wordCount\":190,\"commentCount\":0,\"publisher\":{\"@id\":\"https:\\\/\\\/conexion23.com\\\/#organization\"},\"image\":{\"@id\":\"https:\\\/\\\/conexion23.com\\\/?p=39088#primaryimage\"},\"thumbnailUrl\":\"https:\\\/\\\/conexion23.com\\\/wp-content\\\/uploads\\\/2025\\\/03\\\/images-4.jpg\",\"articleSection\":[\"Uncategorized\"],\"inLanguage\":\"es\",\"potentialAction\":[{\"@type\":\"CommentAction\",\"name\":\"Comment\",\"target\":[\"https:\\\/\\\/conexion23.com\\\/?p=39088#respond\"]}]},{\"@type\":\"WebPage\",\"@id\":\"https:\\\/\\\/conexion23.com\\\/?p=39088\",\"url\":\"https:\\\/\\\/conexion23.com\\\/?p=39088\",\"name\":\"Fiebre porcina africana causa muertes de cerdos en Dajab\u00f3n, confirman autoridades - Conexi\u00f3n 23\",\"isPartOf\":{\"@id\":\"https:\\\/\\\/conexion23.com\\\/#website\"},\"primaryImageOfPage\":{\"@id\":\"https:\\\/\\\/conexion23.com\\\/?p=39088#primaryimage\"},\"image\":{\"@id\":\"https:\\\/\\\/conexion23.com\\\/?p=39088#primaryimage\"},\"thumbnailUrl\":\"https:\\\/\\\/conexion23.com\\\/wp-content\\\/uploads\\\/2025\\\/03\\\/images-4.jpg\",\"datePublished\":\"2025-03-22T11:22:04+00:00\",\"dateModified\":\"2025-03-22T11:22:06+00:00\",\"breadcrumb\":{\"@id\":\"https:\\\/\\\/conexion23.com\\\/?p=39088#breadcrumb\"},\"inLanguage\":\"es\",\"potentialAction\":[{\"@type\":\"ReadAction\",\"target\":[\"https:\\\/\\\/conexion23.com\\\/?p=39088\"]}]},{\"@type\":\"ImageObject\",\"inLanguage\":\"es\",\"@id\":\"https:\\\/\\\/conexion23.com\\\/?p=39088#primaryimage\",\"url\":\"https:\\\/\\\/conexion23.com\\\/wp-content\\\/uploads\\\/2025\\\/03\\\/images-4.jpg\",\"contentUrl\":\"https:\\\/\\\/conexion23.com\\\/wp-content\\\/uploads\\\/2025\\\/03\\\/images-4.jpg\",\"width\":289,\"height\":174},{\"@type\":\"BreadcrumbList\",\"@id\":\"https:\\\/\\\/conexion23.com\\\/?p=39088#breadcrumb\",\"itemListElement\":[{\"@type\":\"ListItem\",\"position\":1,\"name\":\"Portada\",\"item\":\"https:\\\/\\\/conexion23.com\\\/\"},{\"@type\":\"ListItem\",\"position\":2,\"name\":\"Fiebre porcina africana causa muertes de cerdos en Dajab\u00f3n, confirman autoridades\"}]},{\"@type\":\"WebSite\",\"@id\":\"https:\\\/\\\/conexion23.com\\\/#website\",\"url\":\"https:\\\/\\\/conexion23.com\\\/\",\"name\":\"Conexi\u00f3n 23\",\"description\":\"Peri\u00f3dico 100% Petromacorisano\",\"publisher\":{\"@id\":\"https:\\\/\\\/conexion23.com\\\/#organization\"},\"potentialAction\":[{\"@type\":\"SearchAction\",\"target\":{\"@type\":\"EntryPoint\",\"urlTemplate\":\"https:\\\/\\\/conexion23.com\\\/?s={search_term_string}\"},\"query-input\":{\"@type\":\"PropertyValueSpecification\",\"valueRequired\":true,\"valueName\":\"search_term_string\"}}],\"inLanguage\":\"es\"},{\"@type\":\"Organization\",\"@id\":\"https:\\\/\\\/conexion23.com\\\/#organization\",\"name\":\"Conexion 23\",\"url\":\"https:\\\/\\\/conexion23.com\\\/\",\"logo\":{\"@type\":\"ImageObject\",\"inLanguage\":\"es\",\"@id\":\"https:\\\/\\\/conexion23.com\\\/#\\\/schema\\\/logo\\\/image\\\/\",\"url\":\"https:\\\/\\\/conexion23.com\\\/wp-content\\\/uploads\\\/2021\\\/11\\\/Diseno-sin-titulo-2.png\",\"contentUrl\":\"https:\\\/\\\/conexion23.com\\\/wp-content\\\/uploads\\\/2021\\\/11\\\/Diseno-sin-titulo-2.png\",\"width\":541,\"height\":90,\"caption\":\"Conexion 23\"},\"image\":{\"@id\":\"https:\\\/\\\/conexion23.com\\\/#\\\/schema\\\/logo\\\/image\\\/\"},\"sameAs\":[\"https:\\\/\\\/www.facebook.com\\\/conexion23com\",\"https:\\\/\\\/www.instagram.com\\\/conexion23com\\\/\",\"https:\\\/\\\/www.youtube.com\\\/channel\\\/UCYc7vxxFZMYLIHNsHHxPZ3Q\"]},{\"@type\":\"Person\",\"@id\":\"https:\\\/\\\/conexion23.com\\\/#\\\/schema\\\/person\\\/03e36043331117e97a373299bbcd30a6\",\"name\":\"Raffy Ben\u00edtez\",\"image\":{\"@type\":\"ImageObject\",\"inLanguage\":\"es\",\"@id\":\"https:\\\/\\\/secure.gravatar.com\\\/avatar\\\/3190a6a6c5e1b0327500f7d6c56b6242472ee6cb974cf09b401ee6b3b0798f23?s=96&d=mm&r=g\",\"url\":\"https:\\\/\\\/secure.gravatar.com\\\/avatar\\\/3190a6a6c5e1b0327500f7d6c56b6242472ee6cb974cf09b401ee6b3b0798f23?s=96&d=mm&r=g\",\"contentUrl\":\"https:\\\/\\\/secure.gravatar.com\\\/avatar\\\/3190a6a6c5e1b0327500f7d6c56b6242472ee6cb974cf09b401ee6b3b0798f23?s=96&d=mm&r=g\",\"caption\":\"Raffy Ben\u00edtez\"},\"url\":\"https:\\\/\\\/conexion23.com\\\/?author=15\"}]}<\/script>\n<!-- \/ Yoast SEO plugin. -->","yoast_head_json":{"title":"Fiebre porcina africana causa muertes de cerdos en Dajab\u00f3n, confirman autoridades - Conexi\u00f3n 23","robots":{"index":"index","follow":"follow","max-snippet":"max-snippet:-1","max-image-preview":"max-image-preview:large","max-video-preview":"max-video-preview:-1"},"canonical":"https:\/\/conexion23.com\/?p=39088","og_locale":"es_ES","og_type":"article","og_title":"Fiebre porcina africana causa muertes de cerdos en Dajab\u00f3n, confirman autoridades - Conexi\u00f3n 23","og_description":"Ante la gran cantidad de cerdos muertos en el municipio El Pino de la provincia Dajab\u00f3n, el m\u00e9dico veterinario Edward Paulino, titular de la Direcci\u00f3n Regional Noroeste de Ganader\u00eda, del Ministerio de Agricultura, confirm\u00f3 que la muerte de los animales obedece a un rebrote de fiebre porcina africana. \u201cEl detalle es un rebrote de la [&hellip;]","og_url":"https:\/\/conexion23.com\/?p=39088","og_site_name":"Conexi\u00f3n 23","article_publisher":"https:\/\/www.facebook.com\/conexion23com","article_published_time":"2025-03-22T11:22:04+00:00","article_modified_time":"2025-03-22T11:22:06+00:00","og_image":[{"width":289,"height":174,"url":"https:\/\/conexion23.com\/wp-content\/uploads\/2025\/03\/images-4.jpg","type":"image\/jpeg"}],"author":"Raffy Ben\u00edtez","twitter_card":"summary_large_image","twitter_misc":{"Escrito por":"Raffy Ben\u00edtez","Tiempo de lectura":"1 minuto"},"schema":{"@context":"https:\/\/schema.org","@graph":[{"@type":"Article","@id":"https:\/\/conexion23.com\/?p=39088#article","isPartOf":{"@id":"https:\/\/conexion23.com\/?p=39088"},"author":{"name":"Raffy Ben\u00edtez","@id":"https:\/\/conexion23.com\/#\/schema\/person\/03e36043331117e97a373299bbcd30a6"},"headline":"Fiebre porcina africana causa muertes de cerdos en Dajab\u00f3n, confirman autoridades","datePublished":"2025-03-22T11:22:04+00:00","dateModified":"2025-03-22T11:22:06+00:00","mainEntityOfPage":{"@id":"https:\/\/conexion23.com\/?p=39088"},"wordCount":190,"commentCount":0,"publisher":{"@id":"https:\/\/conexion23.com\/#organization"},"image":{"@id":"https:\/\/conexion23.com\/?p=39088#primaryimage"},"thumbnailUrl":"https:\/\/conexion23.com\/wp-content\/uploads\/2025\/03\/images-4.jpg","articleSection":["Uncategorized"],"inLanguage":"es","potentialAction":[{"@type":"CommentAction","name":"Comment","target":["https:\/\/conexion23.com\/?p=39088#respond"]}]},{"@type":"WebPage","@id":"https:\/\/conexion23.com\/?p=39088","url":"https:\/\/conexion23.com\/?p=39088","name":"Fiebre porcina africana causa muertes de cerdos en Dajab\u00f3n, confirman autoridades - Conexi\u00f3n 23","isPartOf":{"@id":"https:\/\/conexion23.com\/#website"},"primaryImageOfPage":{"@id":"https:\/\/conexion23.com\/?p=39088#primaryimage"},"image":{"@id":"https:\/\/conexion23.com\/?p=39088#primaryimage"},"thumbnailUrl":"https:\/\/conexion23.com\/wp-content\/uploads\/2025\/03\/images-4.jpg","datePublished":"2025-03-22T11:22:04+00:00","dateModified":"2025-03-22T11:22:06+00:00","breadcrumb":{"@id":"https:\/\/conexion23.com\/?p=39088#breadcrumb"},"inLanguage":"es","potentialAction":[{"@type":"ReadAction","target":["https:\/\/conexion23.com\/?p=39088"]}]},{"@type":"ImageObject","inLanguage":"es","@id":"https:\/\/conexion23.com\/?p=39088#primaryimage","url":"https:\/\/conexion23.com\/wp-content\/uploads\/2025\/03\/images-4.jpg","contentUrl":"https:\/\/conexion23.com\/wp-content\/uploads\/2025\/03\/images-4.jpg","width":289,"height":174},{"@type":"BreadcrumbList","@id":"https:\/\/conexion23.com\/?p=39088#breadcrumb","itemListElement":[{"@type":"ListItem","position":1,"name":"Portada","item":"https:\/\/conexion23.com\/"},{"@type":"ListItem","position":2,"name":"Fiebre porcina africana causa muertes de cerdos en Dajab\u00f3n, confirman autoridades"}]},{"@type":"WebSite","@id":"https:\/\/conexion23.com\/#website","url":"https:\/\/conexion23.com\/","name":"Conexi\u00f3n 23","description":"Peri\u00f3dico 100% Petromacorisano","publisher":{"@id":"https:\/\/conexion23.com\/#organization"},"potentialAction":[{"@type":"SearchAction","target":{"@type":"EntryPoint","urlTemplate":"https:\/\/conexion23.com\/?s={search_term_string}"},"query-input":{"@type":"PropertyValueSpecification","valueRequired":true,"valueName":"search_term_string"}}],"inLanguage":"es"},{"@type":"Organization","@id":"https:\/\/conexion23.com\/#organization","name":"Conexion 23","url":"https:\/\/conexion23.com\/","logo":{"@type":"ImageObject","inLanguage":"es","@id":"https:\/\/conexion23.com\/#\/schema\/logo\/image\/","url":"https:\/\/conexion23.com\/wp-content\/uploads\/2021\/11\/Diseno-sin-titulo-2.png","contentUrl":"https:\/\/conexion23.com\/wp-content\/uploads\/2021\/11\/Diseno-sin-titulo-2.png","width":541,"height":90,"caption":"Conexion 23"},"image":{"@id":"https:\/\/conexion23.com\/#\/schema\/logo\/image\/"},"sameAs":["https:\/\/www.facebook.com\/conexion23com","https:\/\/www.instagram.com\/conexion23com\/","https:\/\/www.youtube.com\/channel\/UCYc7vxxFZMYLIHNsHHxPZ3Q"]},{"@type":"Person","@id":"https:\/\/conexion23.com\/#\/schema\/person\/03e36043331117e97a373299bbcd30a6","name":"Raffy Ben\u00edtez","image":{"@type":"ImageObject","inLanguage":"es","@id":"https:\/\/secure.gravatar.com\/avatar\/3190a6a6c5e1b0327500f7d6c56b6242472ee6cb974cf09b401ee6b3b0798f23?s=96&d=mm&r=g","url":"https:\/\/secure.gravatar.com\/avatar\/3190a6a6c5e1b0327500f7d6c56b6242472ee6cb974cf09b401ee6b3b0798f23?s=96&d=mm&r=g","contentUrl":"https:\/\/secure.gravatar.com\/avatar\/3190a6a6c5e1b0327500f7d6c56b6242472ee6cb974cf09b401ee6b3b0798f23?s=96&d=mm&r=g","caption":"Raffy Ben\u00edtez"},"url":"https:\/\/conexion23.com\/?author=15"}]}},"_links":{"self":[{"href":"https:\/\/conexion23.com\/index.php?rest_route=\/wp\/v2\/posts\/39088","targetHints":{"allow":["GET"]}}],"collection":[{"href":"https:\/\/conexion23.com\/index.php?rest_route=\/wp\/v2\/posts"}],"about":[{"href":"https:\/\/conexion23.com\/index.php?rest_route=\/wp\/v2\/types\/post"}],"author":[{"embeddable":true,"href":"https:\/\/conexion23.com\/index.php?rest_route=\/wp\/v2\/users\/15"}],"replies":[{"embeddable":true,"href":"https:\/\/conexion23.com\/index.php?rest_route=%2Fwp%2Fv2%2Fcomments&post=39088"}],"version-history":[{"count":1,"href":"https:\/\/conexion23.com\/index.php?rest_route=\/wp\/v2\/posts\/39088\/revisions"}],"predecessor-version":[{"id":39090,"href":"https:\/\/conexion23.com\/index.php?rest_route=\/wp\/v2\/posts\/39088\/revisions\/39090"}],"wp:featuredmedia":[{"embeddable":true,"href":"https:\/\/conexion23.com\/index.php?rest_route=\/wp\/v2\/media\/39089"}],"wp:attachment":[{"href":"https:\/\/conexion23.com\/index.php?rest_route=%2Fwp%2Fv2%2Fmedia&parent=39088"}],"wp:term":[{"taxonomy":"category","embeddable":true,"href":"https:\/\/conexion23.com\/index.php?rest_route=%2Fwp%2Fv2%2Fcategories&post=39088"},{"taxonomy":"post_tag","embeddable":true,"href":"https:\/\/conexion23.com\/index.php?rest_route=%2Fwp%2Fv2%2Ftags&post=39088"}],"curies":[{"name":"wp","href":"https:\/\/api.w.org\/{rel}","templated":true}]}}