{"id":39091,"date":"2025-03-22T07:33:27","date_gmt":"2025-03-22T11:33:27","guid":{"rendered":"https:\/\/conexion23.com\/?p=39091"},"modified":"2025-03-22T07:33:29","modified_gmt":"2025-03-22T11:33:29","slug":"convocan-marcha-y-piden-militarizacion-de-la-zona-en-friusa","status":"publish","type":"post","link":"https:\/\/conexion23.com\/?p=39091","title":{"rendered":"Convocan Marcha y Piden Militarizaci\u00f3n de la Zona en Friusa."},"content":{"rendered":"\n<p class=\"wp-block-paragraph\">Un grupo de ciudadanos se est\u00e1 organizando para una marcha en Friusa, la cual, aunque ha sido convocada como pac\u00edfica, podr\u00eda salirse de control, ya que se presume que muchos de los manifestantes asistir\u00e1n armados.<\/p>\n\n\n\n<p class=\"wp-block-paragraph\">Ante esta situaci\u00f3n, crece la preocupaci\u00f3n en la comunidad, donde se teme que la protesta pueda derivar en enfrentamientos. Por ello, hacen un llamado urgente al presidente&nbsp;<strong>Luis Abinader<\/strong>&nbsp;para que tome medidas inmediatas y ordene un&nbsp;<strong>operativo militar en la zona<\/strong>&nbsp;con el fin de garantizar la seguridad nacional y la protecci\u00f3n de los ciudadanos.<\/p>\n\n\n\n<p class=\"wp-block-paragraph\">Residentes y comerciantes de Friusa han expresado su temor ante un posible desborde de la situaci\u00f3n, lo que podr\u00eda generar actos de violencia o vandalismo. Se espera que las autoridades tomen cartas en el asunto antes de que la protesta desemboque en un escenario incontrolable.<\/p>\n\n\n\n<p class=\"wp-block-paragraph\">Las autoridades a\u00fan no han emitido declaraciones oficiales sobre el despliegue de seguridad en la zona, mientras la tensi\u00f3n sigue en aumento y la poblaci\u00f3n se mantiene a la expectativa del desarrollo de los acontecimientos.<\/p>\n","protected":false},"excerpt":{"rendered":"<p>Un grupo de ciudadanos se est\u00e1 organizando para una marcha en Friusa, la cual, aunque ha sido convocada como pac\u00edfica, podr\u00eda salirse de control, ya que se presume que muchos de los manifestantes asistir\u00e1n armados. Ante esta situaci\u00f3n, crece la preocupaci\u00f3n en la comunidad, donde se teme que la protesta pueda derivar en enfrentamientos. Por [&hellip;]<\/p>\n","protected":false},"author":15,"featured_media":39092,"comment_status":"open","ping_status":"open","sticky":false,"template":"","format":"standard","meta":{"footnotes":""},"categories":[2474],"tags":[],"class_list":["post-39091","post","type-post","status-publish","format-standard","has-post-thumbnail","category-la-altagracia"],"yoast_head":"<!-- This site is optimized with the Yoast SEO plugin v27.6 - https:\/\/yoast.com\/product\/yoast-seo-wordpress\/ -->\n<title>Convocan Marcha y Piden Militarizaci\u00f3n de la Zona en Friusa. - Conexi\u00f3n 23<\/title>\n<meta name=\"robots\" content=\"index, follow, max-snippet:-1, max-image-preview:large, max-video-preview:-1\" \/>\n<link rel=\"canonical\" href=\"https:\/\/conexion23.com\/?p=39091\" \/>\n<meta property=\"og:locale\" content=\"es_ES\" \/>\n<meta property=\"og:type\" content=\"article\" \/>\n<meta property=\"og:title\" content=\"Convocan Marcha y Piden Militarizaci\u00f3n de la Zona en Friusa. - Conexi\u00f3n 23\" \/>\n<meta property=\"og:description\" content=\"Un grupo de ciudadanos se est\u00e1 organizando para una marcha en Friusa, la cual, aunque ha sido convocada como pac\u00edfica, podr\u00eda salirse de control, ya que se presume que muchos de los manifestantes asistir\u00e1n armados. Ante esta situaci\u00f3n, crece la preocupaci\u00f3n en la comunidad, donde se teme que la protesta pueda derivar en enfrentamientos. Por [&hellip;]\" \/>\n<meta property=\"og:url\" content=\"https:\/\/conexion23.com\/?p=39091\" \/>\n<meta property=\"og:site_name\" content=\"Conexi\u00f3n 23\" \/>\n<meta property=\"article:publisher\" content=\"https:\/\/www.facebook.com\/conexion23com\" \/>\n<meta property=\"article:published_time\" content=\"2025-03-22T11:33:27+00:00\" \/>\n<meta property=\"article:modified_time\" content=\"2025-03-22T11:33:29+00:00\" \/>\n<meta property=\"og:image\" content=\"https:\/\/conexion23.com\/wp-content\/uploads\/2025\/03\/descarga-45.jpg\" \/>\n\t<meta property=\"og:image:width\" content=\"299\" \/>\n\t<meta property=\"og:image:height\" content=\"168\" \/>\n\t<meta property=\"og:image:type\" content=\"image\/jpeg\" \/>\n<meta name=\"author\" content=\"Raffy Ben\u00edtez\" \/>\n<meta name=\"twitter:card\" content=\"summary_large_image\" \/>\n<meta name=\"twitter:label1\" content=\"Escrito por\" \/>\n\t<meta name=\"twitter:data1\" content=\"Raffy Ben\u00edtez\" \/>\n\t<meta name=\"twitter:label2\" content=\"Tiempo de lectura\" \/>\n\t<meta name=\"twitter:data2\" content=\"1 minuto\" \/>\n<script type=\"application\/ld+json\" class=\"yoast-schema-graph\">{\"@context\":\"https:\\\/\\\/schema.org\",\"@graph\":[{\"@type\":\"Article\",\"@id\":\"https:\\\/\\\/conexion23.com\\\/?p=39091#article\",\"isPartOf\":{\"@id\":\"https:\\\/\\\/conexion23.com\\\/?p=39091\"},\"author\":{\"name\":\"Raffy Ben\u00edtez\",\"@id\":\"https:\\\/\\\/conexion23.com\\\/#\\\/schema\\\/person\\\/03e36043331117e97a373299bbcd30a6\"},\"headline\":\"Convocan Marcha y Piden Militarizaci\u00f3n de la Zona en Friusa.\",\"datePublished\":\"2025-03-22T11:33:27+00:00\",\"dateModified\":\"2025-03-22T11:33:29+00:00\",\"mainEntityOfPage\":{\"@id\":\"https:\\\/\\\/conexion23.com\\\/?p=39091\"},\"wordCount\":197,\"commentCount\":0,\"publisher\":{\"@id\":\"https:\\\/\\\/conexion23.com\\\/#organization\"},\"image\":{\"@id\":\"https:\\\/\\\/conexion23.com\\\/?p=39091#primaryimage\"},\"thumbnailUrl\":\"https:\\\/\\\/conexion23.com\\\/wp-content\\\/uploads\\\/2025\\\/03\\\/descarga-45.jpg\",\"articleSection\":[\"La Altagracia\"],\"inLanguage\":\"es\",\"potentialAction\":[{\"@type\":\"CommentAction\",\"name\":\"Comment\",\"target\":[\"https:\\\/\\\/conexion23.com\\\/?p=39091#respond\"]}]},{\"@type\":\"WebPage\",\"@id\":\"https:\\\/\\\/conexion23.com\\\/?p=39091\",\"url\":\"https:\\\/\\\/conexion23.com\\\/?p=39091\",\"name\":\"Convocan Marcha y Piden Militarizaci\u00f3n de la Zona en Friusa. - Conexi\u00f3n 23\",\"isPartOf\":{\"@id\":\"https:\\\/\\\/conexion23.com\\\/#website\"},\"primaryImageOfPage\":{\"@id\":\"https:\\\/\\\/conexion23.com\\\/?p=39091#primaryimage\"},\"image\":{\"@id\":\"https:\\\/\\\/conexion23.com\\\/?p=39091#primaryimage\"},\"thumbnailUrl\":\"https:\\\/\\\/conexion23.com\\\/wp-content\\\/uploads\\\/2025\\\/03\\\/descarga-45.jpg\",\"datePublished\":\"2025-03-22T11:33:27+00:00\",\"dateModified\":\"2025-03-22T11:33:29+00:00\",\"breadcrumb\":{\"@id\":\"https:\\\/\\\/conexion23.com\\\/?p=39091#breadcrumb\"},\"inLanguage\":\"es\",\"potentialAction\":[{\"@type\":\"ReadAction\",\"target\":[\"https:\\\/\\\/conexion23.com\\\/?p=39091\"]}]},{\"@type\":\"ImageObject\",\"inLanguage\":\"es\",\"@id\":\"https:\\\/\\\/conexion23.com\\\/?p=39091#primaryimage\",\"url\":\"https:\\\/\\\/conexion23.com\\\/wp-content\\\/uploads\\\/2025\\\/03\\\/descarga-45.jpg\",\"contentUrl\":\"https:\\\/\\\/conexion23.com\\\/wp-content\\\/uploads\\\/2025\\\/03\\\/descarga-45.jpg\",\"width\":299,\"height\":168},{\"@type\":\"BreadcrumbList\",\"@id\":\"https:\\\/\\\/conexion23.com\\\/?p=39091#breadcrumb\",\"itemListElement\":[{\"@type\":\"ListItem\",\"position\":1,\"name\":\"Portada\",\"item\":\"https:\\\/\\\/conexion23.com\\\/\"},{\"@type\":\"ListItem\",\"position\":2,\"name\":\"Convocan Marcha y Piden Militarizaci\u00f3n de la Zona en Friusa.\"}]},{\"@type\":\"WebSite\",\"@id\":\"https:\\\/\\\/conexion23.com\\\/#website\",\"url\":\"https:\\\/\\\/conexion23.com\\\/\",\"name\":\"Conexi\u00f3n 23\",\"description\":\"Peri\u00f3dico 100% Petromacorisano\",\"publisher\":{\"@id\":\"https:\\\/\\\/conexion23.com\\\/#organization\"},\"potentialAction\":[{\"@type\":\"SearchAction\",\"target\":{\"@type\":\"EntryPoint\",\"urlTemplate\":\"https:\\\/\\\/conexion23.com\\\/?s={search_term_string}\"},\"query-input\":{\"@type\":\"PropertyValueSpecification\",\"valueRequired\":true,\"valueName\":\"search_term_string\"}}],\"inLanguage\":\"es\"},{\"@type\":\"Organization\",\"@id\":\"https:\\\/\\\/conexion23.com\\\/#organization\",\"name\":\"Conexion 23\",\"url\":\"https:\\\/\\\/conexion23.com\\\/\",\"logo\":{\"@type\":\"ImageObject\",\"inLanguage\":\"es\",\"@id\":\"https:\\\/\\\/conexion23.com\\\/#\\\/schema\\\/logo\\\/image\\\/\",\"url\":\"https:\\\/\\\/conexion23.com\\\/wp-content\\\/uploads\\\/2021\\\/11\\\/Diseno-sin-titulo-2.png\",\"contentUrl\":\"https:\\\/\\\/conexion23.com\\\/wp-content\\\/uploads\\\/2021\\\/11\\\/Diseno-sin-titulo-2.png\",\"width\":541,\"height\":90,\"caption\":\"Conexion 23\"},\"image\":{\"@id\":\"https:\\\/\\\/conexion23.com\\\/#\\\/schema\\\/logo\\\/image\\\/\"},\"sameAs\":[\"https:\\\/\\\/www.facebook.com\\\/conexion23com\",\"https:\\\/\\\/www.instagram.com\\\/conexion23com\\\/\",\"https:\\\/\\\/www.youtube.com\\\/channel\\\/UCYc7vxxFZMYLIHNsHHxPZ3Q\"]},{\"@type\":\"Person\",\"@id\":\"https:\\\/\\\/conexion23.com\\\/#\\\/schema\\\/person\\\/03e36043331117e97a373299bbcd30a6\",\"name\":\"Raffy Ben\u00edtez\",\"image\":{\"@type\":\"ImageObject\",\"inLanguage\":\"es\",\"@id\":\"https:\\\/\\\/secure.gravatar.com\\\/avatar\\\/3190a6a6c5e1b0327500f7d6c56b6242472ee6cb974cf09b401ee6b3b0798f23?s=96&d=mm&r=g\",\"url\":\"https:\\\/\\\/secure.gravatar.com\\\/avatar\\\/3190a6a6c5e1b0327500f7d6c56b6242472ee6cb974cf09b401ee6b3b0798f23?s=96&d=mm&r=g\",\"contentUrl\":\"https:\\\/\\\/secure.gravatar.com\\\/avatar\\\/3190a6a6c5e1b0327500f7d6c56b6242472ee6cb974cf09b401ee6b3b0798f23?s=96&d=mm&r=g\",\"caption\":\"Raffy Ben\u00edtez\"},\"url\":\"https:\\\/\\\/conexion23.com\\\/?author=15\"}]}<\/script>\n<!-- \/ Yoast SEO plugin. -->","yoast_head_json":{"title":"Convocan Marcha y Piden Militarizaci\u00f3n de la Zona en Friusa. - Conexi\u00f3n 23","robots":{"index":"index","follow":"follow","max-snippet":"max-snippet:-1","max-image-preview":"max-image-preview:large","max-video-preview":"max-video-preview:-1"},"canonical":"https:\/\/conexion23.com\/?p=39091","og_locale":"es_ES","og_type":"article","og_title":"Convocan Marcha y Piden Militarizaci\u00f3n de la Zona en Friusa. - Conexi\u00f3n 23","og_description":"Un grupo de ciudadanos se est\u00e1 organizando para una marcha en Friusa, la cual, aunque ha sido convocada como pac\u00edfica, podr\u00eda salirse de control, ya que se presume que muchos de los manifestantes asistir\u00e1n armados. Ante esta situaci\u00f3n, crece la preocupaci\u00f3n en la comunidad, donde se teme que la protesta pueda derivar en enfrentamientos. Por [&hellip;]","og_url":"https:\/\/conexion23.com\/?p=39091","og_site_name":"Conexi\u00f3n 23","article_publisher":"https:\/\/www.facebook.com\/conexion23com","article_published_time":"2025-03-22T11:33:27+00:00","article_modified_time":"2025-03-22T11:33:29+00:00","og_image":[{"width":299,"height":168,"url":"https:\/\/conexion23.com\/wp-content\/uploads\/2025\/03\/descarga-45.jpg","type":"image\/jpeg"}],"author":"Raffy Ben\u00edtez","twitter_card":"summary_large_image","twitter_misc":{"Escrito por":"Raffy Ben\u00edtez","Tiempo de lectura":"1 minuto"},"schema":{"@context":"https:\/\/schema.org","@graph":[{"@type":"Article","@id":"https:\/\/conexion23.com\/?p=39091#article","isPartOf":{"@id":"https:\/\/conexion23.com\/?p=39091"},"author":{"name":"Raffy Ben\u00edtez","@id":"https:\/\/conexion23.com\/#\/schema\/person\/03e36043331117e97a373299bbcd30a6"},"headline":"Convocan Marcha y Piden Militarizaci\u00f3n de la Zona en Friusa.","datePublished":"2025-03-22T11:33:27+00:00","dateModified":"2025-03-22T11:33:29+00:00","mainEntityOfPage":{"@id":"https:\/\/conexion23.com\/?p=39091"},"wordCount":197,"commentCount":0,"publisher":{"@id":"https:\/\/conexion23.com\/#organization"},"image":{"@id":"https:\/\/conexion23.com\/?p=39091#primaryimage"},"thumbnailUrl":"https:\/\/conexion23.com\/wp-content\/uploads\/2025\/03\/descarga-45.jpg","articleSection":["La Altagracia"],"inLanguage":"es","potentialAction":[{"@type":"CommentAction","name":"Comment","target":["https:\/\/conexion23.com\/?p=39091#respond"]}]},{"@type":"WebPage","@id":"https:\/\/conexion23.com\/?p=39091","url":"https:\/\/conexion23.com\/?p=39091","name":"Convocan Marcha y Piden Militarizaci\u00f3n de la Zona en Friusa. - Conexi\u00f3n 23","isPartOf":{"@id":"https:\/\/conexion23.com\/#website"},"primaryImageOfPage":{"@id":"https:\/\/conexion23.com\/?p=39091#primaryimage"},"image":{"@id":"https:\/\/conexion23.com\/?p=39091#primaryimage"},"thumbnailUrl":"https:\/\/conexion23.com\/wp-content\/uploads\/2025\/03\/descarga-45.jpg","datePublished":"2025-03-22T11:33:27+00:00","dateModified":"2025-03-22T11:33:29+00:00","breadcrumb":{"@id":"https:\/\/conexion23.com\/?p=39091#breadcrumb"},"inLanguage":"es","potentialAction":[{"@type":"ReadAction","target":["https:\/\/conexion23.com\/?p=39091"]}]},{"@type":"ImageObject","inLanguage":"es","@id":"https:\/\/conexion23.com\/?p=39091#primaryimage","url":"https:\/\/conexion23.com\/wp-content\/uploads\/2025\/03\/descarga-45.jpg","contentUrl":"https:\/\/conexion23.com\/wp-content\/uploads\/2025\/03\/descarga-45.jpg","width":299,"height":168},{"@type":"BreadcrumbList","@id":"https:\/\/conexion23.com\/?p=39091#breadcrumb","itemListElement":[{"@type":"ListItem","position":1,"name":"Portada","item":"https:\/\/conexion23.com\/"},{"@type":"ListItem","position":2,"name":"Convocan Marcha y Piden Militarizaci\u00f3n de la Zona en Friusa."}]},{"@type":"WebSite","@id":"https:\/\/conexion23.com\/#website","url":"https:\/\/conexion23.com\/","name":"Conexi\u00f3n 23","description":"Peri\u00f3dico 100% Petromacorisano","publisher":{"@id":"https:\/\/conexion23.com\/#organization"},"potentialAction":[{"@type":"SearchAction","target":{"@type":"EntryPoint","urlTemplate":"https:\/\/conexion23.com\/?s={search_term_string}"},"query-input":{"@type":"PropertyValueSpecification","valueRequired":true,"valueName":"search_term_string"}}],"inLanguage":"es"},{"@type":"Organization","@id":"https:\/\/conexion23.com\/#organization","name":"Conexion 23","url":"https:\/\/conexion23.com\/","logo":{"@type":"ImageObject","inLanguage":"es","@id":"https:\/\/conexion23.com\/#\/schema\/logo\/image\/","url":"https:\/\/conexion23.com\/wp-content\/uploads\/2021\/11\/Diseno-sin-titulo-2.png","contentUrl":"https:\/\/conexion23.com\/wp-content\/uploads\/2021\/11\/Diseno-sin-titulo-2.png","width":541,"height":90,"caption":"Conexion 23"},"image":{"@id":"https:\/\/conexion23.com\/#\/schema\/logo\/image\/"},"sameAs":["https:\/\/www.facebook.com\/conexion23com","https:\/\/www.instagram.com\/conexion23com\/","https:\/\/www.youtube.com\/channel\/UCYc7vxxFZMYLIHNsHHxPZ3Q"]},{"@type":"Person","@id":"https:\/\/conexion23.com\/#\/schema\/person\/03e36043331117e97a373299bbcd30a6","name":"Raffy Ben\u00edtez","image":{"@type":"ImageObject","inLanguage":"es","@id":"https:\/\/secure.gravatar.com\/avatar\/3190a6a6c5e1b0327500f7d6c56b6242472ee6cb974cf09b401ee6b3b0798f23?s=96&d=mm&r=g","url":"https:\/\/secure.gravatar.com\/avatar\/3190a6a6c5e1b0327500f7d6c56b6242472ee6cb974cf09b401ee6b3b0798f23?s=96&d=mm&r=g","contentUrl":"https:\/\/secure.gravatar.com\/avatar\/3190a6a6c5e1b0327500f7d6c56b6242472ee6cb974cf09b401ee6b3b0798f23?s=96&d=mm&r=g","caption":"Raffy Ben\u00edtez"},"url":"https:\/\/conexion23.com\/?author=15"}]}},"_links":{"self":[{"href":"https:\/\/conexion23.com\/index.php?rest_route=\/wp\/v2\/posts\/39091","targetHints":{"allow":["GET"]}}],"collection":[{"href":"https:\/\/conexion23.com\/index.php?rest_route=\/wp\/v2\/posts"}],"about":[{"href":"https:\/\/conexion23.com\/index.php?rest_route=\/wp\/v2\/types\/post"}],"author":[{"embeddable":true,"href":"https:\/\/conexion23.com\/index.php?rest_route=\/wp\/v2\/users\/15"}],"replies":[{"embeddable":true,"href":"https:\/\/conexion23.com\/index.php?rest_route=%2Fwp%2Fv2%2Fcomments&post=39091"}],"version-history":[{"count":1,"href":"https:\/\/conexion23.com\/index.php?rest_route=\/wp\/v2\/posts\/39091\/revisions"}],"predecessor-version":[{"id":39093,"href":"https:\/\/conexion23.com\/index.php?rest_route=\/wp\/v2\/posts\/39091\/revisions\/39093"}],"wp:featuredmedia":[{"embeddable":true,"href":"https:\/\/conexion23.com\/index.php?rest_route=\/wp\/v2\/media\/39092"}],"wp:attachment":[{"href":"https:\/\/conexion23.com\/index.php?rest_route=%2Fwp%2Fv2%2Fmedia&parent=39091"}],"wp:term":[{"taxonomy":"category","embeddable":true,"href":"https:\/\/conexion23.com\/index.php?rest_route=%2Fwp%2Fv2%2Fcategories&post=39091"},{"taxonomy":"post_tag","embeddable":true,"href":"https:\/\/conexion23.com\/index.php?rest_route=%2Fwp%2Fv2%2Ftags&post=39091"}],"curies":[{"name":"wp","href":"https:\/\/api.w.org\/{rel}","templated":true}]}}