{"id":39156,"date":"2025-03-28T09:43:23","date_gmt":"2025-03-28T13:43:23","guid":{"rendered":"https:\/\/conexion23.com\/?p=39156"},"modified":"2025-03-28T09:43:25","modified_gmt":"2025-03-28T13:43:25","slug":"absuelven-al-futbolista-dani-alves-al-revocar-su-condena-por-agresion-sexual","status":"publish","type":"post","link":"https:\/\/conexion23.com\/?p=39156","title":{"rendered":"Absuelven al futbolista Dani Alves al revocar su condena por agresi\u00f3n sexual"},"content":{"rendered":"\n<p>El Tribunal Superior de Justicia de Catalu\u00f1a (TSJC) absolvi\u00f3 este viernes al&nbsp;<strong>futbolista Dani Alves&nbsp;<\/strong>al revocar su&nbsp;<strong>condena de cuatro a\u00f1os y medio de c\u00e1rcel<\/strong>&nbsp;por la<strong>&nbsp;violaci\u00f3n de una joven en Barcelona<\/strong>&nbsp;(noreste de Espa\u00f1a), por considerar que no hay&nbsp;<strong>pruebas de la agresi\u00f3n&nbsp;<\/strong>y que el testimonio de la denunciante no es \u00abfiable\u00bb.<\/p>\n\n\n\n<p>En su sentencia, que se puede recurrir ante el Supremo, la sala civil y penal del TSJC estima por unanimidad el recurso presentado por la defensa del exjugador brasile\u00f1o del Bar\u00e7a y&nbsp;<strong>lo absuelve de agresi\u00f3n sexual<\/strong>&nbsp;al concluir que la resoluci\u00f3n de la Audiencia de Barcelona que lo conden\u00f3 adolece de \u00abvac\u00edos, imprecisiones, inconsistencias y contradicciones\u00bb.<\/p>\n\n\n\n<p>Alves estuvo en&nbsp;<strong>prisi\u00f3n preventiva durante catorce meses<\/strong>&nbsp;y sali\u00f3 en libertad provisional en marzo del a\u00f1o pasado,&nbsp;<strong>bajo fianza de un mill\u00f3n de euros<\/strong>, tras ser condenado por violar a una joven de 23 a\u00f1os en el ba\u00f1o de un reservado de la<strong>&nbsp;discoteca Sutton de la capital catalana,<\/strong>&nbsp;en diciembre de 2022.<\/p>\n\n\n\n<p>La sala basa su resoluci\u00f3n en el visionado de las im\u00e1genes grabadas por las&nbsp;<strong>c\u00e1maras de la discoteca<\/strong>&nbsp;antes de los hechos denunciados, en las que el futbolista y la joven&nbsp;<strong>bailan y toman una copa juntos,<\/strong>&nbsp;contrastadas con las versiones de ambos.<\/p>\n\n\n\n<p>En ese sentido, el tribunal recuerda que la propia sentencia de la Audiencia ya alud\u00eda a la \u00abfalta de fiabilidad\u00bb del testimonio de la joven respecto a lo que se aprecia en el v\u00eddeo, ya que indicaba \u00abde forma expl\u00edcita que&nbsp;<strong>lo que relata no se corresponde con la realidad<\/strong>\u00ab.<\/p>\n\n\n\n<p>El TSJC reprocha a la Audiencia que reconociera esa incoherencia entre el relato de la joven y las im\u00e1genes del v\u00eddeo, mientras acepta el resto de su declaraci\u00f3n -en lo que respecta a la penetraci\u00f3n&nbsp;<strong>ocurrida en el interior del ba\u00f1o de la discoteca<\/strong>-, evitando contrastarla con otras pruebas, como la pericial de las&nbsp;<strong>huellas dactilares y la biol\u00f3gica de ADN.<\/strong><\/p>\n\n\n\n<p>Para el alto tribunal catal\u00e1n, la Audiencia lleva a cabo un \u00absalto argumental\u00bb al dar credibilidad a la denunciante, pese a que ha resultado \u00abuna testigo no fiable, pues otras de sus muchas afirmaciones no se han verificado\u00bb.<\/p>\n","protected":false},"excerpt":{"rendered":"<p>El Tribunal Superior de Justicia de Catalu\u00f1a (TSJC) absolvi\u00f3 este viernes al&nbsp;futbolista Dani Alves&nbsp;al revocar su&nbsp;condena de cuatro a\u00f1os y medio de c\u00e1rcel&nbsp;por la&nbsp;violaci\u00f3n de una joven en Barcelona&nbsp;(noreste de Espa\u00f1a), por considerar que no hay&nbsp;pruebas de la agresi\u00f3n&nbsp;y que el testimonio de la denunciante no es \u00abfiable\u00bb. En su sentencia, que se puede recurrir [&hellip;]<\/p>\n","protected":false},"author":15,"featured_media":39157,"comment_status":"open","ping_status":"open","sticky":false,"template":"","format":"standard","meta":{"footnotes":""},"categories":[1],"tags":[],"class_list":{"0":"post-39156","1":"post","2":"type-post","3":"status-publish","4":"format-standard","5":"has-post-thumbnail","7":"category-uncategorized"},"yoast_head":"<!-- This site is optimized with the Yoast SEO plugin v27.1.1 - https:\/\/yoast.com\/product\/yoast-seo-wordpress\/ -->\n<title>Absuelven al futbolista Dani Alves al revocar su condena por agresi\u00f3n sexual - Conexi\u00f3n 23<\/title>\n<meta name=\"robots\" content=\"index, follow, max-snippet:-1, max-image-preview:large, max-video-preview:-1\" \/>\n<link rel=\"canonical\" href=\"https:\/\/conexion23.com\/?p=39156\" \/>\n<meta property=\"og:locale\" content=\"es_ES\" \/>\n<meta property=\"og:type\" content=\"article\" \/>\n<meta property=\"og:title\" content=\"Absuelven al futbolista Dani Alves al revocar su condena por agresi\u00f3n sexual - Conexi\u00f3n 23\" \/>\n<meta property=\"og:description\" content=\"El Tribunal Superior de Justicia de Catalu\u00f1a (TSJC) absolvi\u00f3 este viernes al&nbsp;futbolista Dani Alves&nbsp;al revocar su&nbsp;condena de cuatro a\u00f1os y medio de c\u00e1rcel&nbsp;por la&nbsp;violaci\u00f3n de una joven en Barcelona&nbsp;(noreste de Espa\u00f1a), por considerar que no hay&nbsp;pruebas de la agresi\u00f3n&nbsp;y que el testimonio de la denunciante no es \u00abfiable\u00bb. En su sentencia, que se puede recurrir [&hellip;]\" \/>\n<meta property=\"og:url\" content=\"https:\/\/conexion23.com\/?p=39156\" \/>\n<meta property=\"og:site_name\" content=\"Conexi\u00f3n 23\" \/>\n<meta property=\"article:publisher\" content=\"https:\/\/www.facebook.com\/conexion23com\" \/>\n<meta property=\"article:published_time\" content=\"2025-03-28T13:43:23+00:00\" \/>\n<meta property=\"article:modified_time\" content=\"2025-03-28T13:43:25+00:00\" \/>\n<meta property=\"og:image\" content=\"https:\/\/conexion23.com\/wp-content\/uploads\/2025\/03\/67e69cba0a0fc.jpeg\" \/>\n\t<meta property=\"og:image:width\" content=\"800\" \/>\n\t<meta property=\"og:image:height\" content=\"533\" \/>\n\t<meta property=\"og:image:type\" content=\"image\/jpeg\" \/>\n<meta name=\"author\" content=\"Raffy Ben\u00edtez\" \/>\n<meta name=\"twitter:card\" content=\"summary_large_image\" \/>\n<meta name=\"twitter:label1\" content=\"Escrito por\" \/>\n\t<meta name=\"twitter:data1\" content=\"Raffy Ben\u00edtez\" \/>\n\t<meta name=\"twitter:label2\" content=\"Tiempo de lectura\" \/>\n\t<meta name=\"twitter:data2\" content=\"2 minutos\" \/>\n<script type=\"application\/ld+json\" class=\"yoast-schema-graph\">{\"@context\":\"https:\/\/schema.org\",\"@graph\":[{\"@type\":\"Article\",\"@id\":\"https:\/\/conexion23.com\/?p=39156#article\",\"isPartOf\":{\"@id\":\"https:\/\/conexion23.com\/?p=39156\"},\"author\":{\"name\":\"Raffy Ben\u00edtez\",\"@id\":\"https:\/\/conexion23.com\/#\/schema\/person\/03e36043331117e97a373299bbcd30a6\"},\"headline\":\"Absuelven al futbolista Dani Alves al revocar su condena por agresi\u00f3n sexual\",\"datePublished\":\"2025-03-28T13:43:23+00:00\",\"dateModified\":\"2025-03-28T13:43:25+00:00\",\"mainEntityOfPage\":{\"@id\":\"https:\/\/conexion23.com\/?p=39156\"},\"wordCount\":421,\"commentCount\":0,\"publisher\":{\"@id\":\"https:\/\/conexion23.com\/#organization\"},\"image\":{\"@id\":\"https:\/\/conexion23.com\/?p=39156#primaryimage\"},\"thumbnailUrl\":\"https:\/\/conexion23.com\/wp-content\/uploads\/2025\/03\/67e69cba0a0fc.jpeg\",\"articleSection\":[\"Uncategorized\"],\"inLanguage\":\"es\",\"potentialAction\":[{\"@type\":\"CommentAction\",\"name\":\"Comment\",\"target\":[\"https:\/\/conexion23.com\/?p=39156#respond\"]}]},{\"@type\":\"WebPage\",\"@id\":\"https:\/\/conexion23.com\/?p=39156\",\"url\":\"https:\/\/conexion23.com\/?p=39156\",\"name\":\"Absuelven al futbolista Dani Alves al revocar su condena por agresi\u00f3n sexual - Conexi\u00f3n 23\",\"isPartOf\":{\"@id\":\"https:\/\/conexion23.com\/#website\"},\"primaryImageOfPage\":{\"@id\":\"https:\/\/conexion23.com\/?p=39156#primaryimage\"},\"image\":{\"@id\":\"https:\/\/conexion23.com\/?p=39156#primaryimage\"},\"thumbnailUrl\":\"https:\/\/conexion23.com\/wp-content\/uploads\/2025\/03\/67e69cba0a0fc.jpeg\",\"datePublished\":\"2025-03-28T13:43:23+00:00\",\"dateModified\":\"2025-03-28T13:43:25+00:00\",\"breadcrumb\":{\"@id\":\"https:\/\/conexion23.com\/?p=39156#breadcrumb\"},\"inLanguage\":\"es\",\"potentialAction\":[{\"@type\":\"ReadAction\",\"target\":[\"https:\/\/conexion23.com\/?p=39156\"]}]},{\"@type\":\"ImageObject\",\"inLanguage\":\"es\",\"@id\":\"https:\/\/conexion23.com\/?p=39156#primaryimage\",\"url\":\"https:\/\/conexion23.com\/wp-content\/uploads\/2025\/03\/67e69cba0a0fc.jpeg\",\"contentUrl\":\"https:\/\/conexion23.com\/wp-content\/uploads\/2025\/03\/67e69cba0a0fc.jpeg\",\"width\":800,\"height\":533},{\"@type\":\"BreadcrumbList\",\"@id\":\"https:\/\/conexion23.com\/?p=39156#breadcrumb\",\"itemListElement\":[{\"@type\":\"ListItem\",\"position\":1,\"name\":\"Portada\",\"item\":\"https:\/\/conexion23.com\/\"},{\"@type\":\"ListItem\",\"position\":2,\"name\":\"Absuelven al futbolista Dani Alves al revocar su condena por agresi\u00f3n sexual\"}]},{\"@type\":\"WebSite\",\"@id\":\"https:\/\/conexion23.com\/#website\",\"url\":\"https:\/\/conexion23.com\/\",\"name\":\"Conexi\u00f3n 23\",\"description\":\"Peri\u00f3dico 100% Petromacorisano\",\"publisher\":{\"@id\":\"https:\/\/conexion23.com\/#organization\"},\"potentialAction\":[{\"@type\":\"SearchAction\",\"target\":{\"@type\":\"EntryPoint\",\"urlTemplate\":\"https:\/\/conexion23.com\/?s={search_term_string}\"},\"query-input\":{\"@type\":\"PropertyValueSpecification\",\"valueRequired\":true,\"valueName\":\"search_term_string\"}}],\"inLanguage\":\"es\"},{\"@type\":\"Organization\",\"@id\":\"https:\/\/conexion23.com\/#organization\",\"name\":\"Conexion 23\",\"url\":\"https:\/\/conexion23.com\/\",\"logo\":{\"@type\":\"ImageObject\",\"inLanguage\":\"es\",\"@id\":\"https:\/\/conexion23.com\/#\/schema\/logo\/image\/\",\"url\":\"https:\/\/conexion23.com\/wp-content\/uploads\/2021\/11\/Diseno-sin-titulo-2.png\",\"contentUrl\":\"https:\/\/conexion23.com\/wp-content\/uploads\/2021\/11\/Diseno-sin-titulo-2.png\",\"width\":541,\"height\":90,\"caption\":\"Conexion 23\"},\"image\":{\"@id\":\"https:\/\/conexion23.com\/#\/schema\/logo\/image\/\"},\"sameAs\":[\"https:\/\/www.facebook.com\/conexion23com\",\"https:\/\/www.instagram.com\/conexion23com\/\",\"https:\/\/www.youtube.com\/channel\/UCYc7vxxFZMYLIHNsHHxPZ3Q\"]},{\"@type\":\"Person\",\"@id\":\"https:\/\/conexion23.com\/#\/schema\/person\/03e36043331117e97a373299bbcd30a6\",\"name\":\"Raffy Ben\u00edtez\",\"image\":{\"@type\":\"ImageObject\",\"inLanguage\":\"es\",\"@id\":\"https:\/\/conexion23.com\/#\/schema\/person\/image\/\",\"url\":\"https:\/\/secure.gravatar.com\/avatar\/3190a6a6c5e1b0327500f7d6c56b6242472ee6cb974cf09b401ee6b3b0798f23?s=96&d=mm&r=g\",\"contentUrl\":\"https:\/\/secure.gravatar.com\/avatar\/3190a6a6c5e1b0327500f7d6c56b6242472ee6cb974cf09b401ee6b3b0798f23?s=96&d=mm&r=g\",\"caption\":\"Raffy Ben\u00edtez\"},\"url\":\"https:\/\/conexion23.com\/?author=15\"}]}<\/script>\n<!-- \/ Yoast SEO plugin. -->","yoast_head_json":{"title":"Absuelven al futbolista Dani Alves al revocar su condena por agresi\u00f3n sexual - Conexi\u00f3n 23","robots":{"index":"index","follow":"follow","max-snippet":"max-snippet:-1","max-image-preview":"max-image-preview:large","max-video-preview":"max-video-preview:-1"},"canonical":"https:\/\/conexion23.com\/?p=39156","og_locale":"es_ES","og_type":"article","og_title":"Absuelven al futbolista Dani Alves al revocar su condena por agresi\u00f3n sexual - Conexi\u00f3n 23","og_description":"El Tribunal Superior de Justicia de Catalu\u00f1a (TSJC) absolvi\u00f3 este viernes al&nbsp;futbolista Dani Alves&nbsp;al revocar su&nbsp;condena de cuatro a\u00f1os y medio de c\u00e1rcel&nbsp;por la&nbsp;violaci\u00f3n de una joven en Barcelona&nbsp;(noreste de Espa\u00f1a), por considerar que no hay&nbsp;pruebas de la agresi\u00f3n&nbsp;y que el testimonio de la denunciante no es \u00abfiable\u00bb. En su sentencia, que se puede recurrir [&hellip;]","og_url":"https:\/\/conexion23.com\/?p=39156","og_site_name":"Conexi\u00f3n 23","article_publisher":"https:\/\/www.facebook.com\/conexion23com","article_published_time":"2025-03-28T13:43:23+00:00","article_modified_time":"2025-03-28T13:43:25+00:00","og_image":[{"width":800,"height":533,"url":"https:\/\/conexion23.com\/wp-content\/uploads\/2025\/03\/67e69cba0a0fc.jpeg","type":"image\/jpeg"}],"author":"Raffy Ben\u00edtez","twitter_card":"summary_large_image","twitter_misc":{"Escrito por":"Raffy Ben\u00edtez","Tiempo de lectura":"2 minutos"},"schema":{"@context":"https:\/\/schema.org","@graph":[{"@type":"Article","@id":"https:\/\/conexion23.com\/?p=39156#article","isPartOf":{"@id":"https:\/\/conexion23.com\/?p=39156"},"author":{"name":"Raffy Ben\u00edtez","@id":"https:\/\/conexion23.com\/#\/schema\/person\/03e36043331117e97a373299bbcd30a6"},"headline":"Absuelven al futbolista Dani Alves al revocar su condena por agresi\u00f3n sexual","datePublished":"2025-03-28T13:43:23+00:00","dateModified":"2025-03-28T13:43:25+00:00","mainEntityOfPage":{"@id":"https:\/\/conexion23.com\/?p=39156"},"wordCount":421,"commentCount":0,"publisher":{"@id":"https:\/\/conexion23.com\/#organization"},"image":{"@id":"https:\/\/conexion23.com\/?p=39156#primaryimage"},"thumbnailUrl":"https:\/\/conexion23.com\/wp-content\/uploads\/2025\/03\/67e69cba0a0fc.jpeg","articleSection":["Uncategorized"],"inLanguage":"es","potentialAction":[{"@type":"CommentAction","name":"Comment","target":["https:\/\/conexion23.com\/?p=39156#respond"]}]},{"@type":"WebPage","@id":"https:\/\/conexion23.com\/?p=39156","url":"https:\/\/conexion23.com\/?p=39156","name":"Absuelven al futbolista Dani Alves al revocar su condena por agresi\u00f3n sexual - Conexi\u00f3n 23","isPartOf":{"@id":"https:\/\/conexion23.com\/#website"},"primaryImageOfPage":{"@id":"https:\/\/conexion23.com\/?p=39156#primaryimage"},"image":{"@id":"https:\/\/conexion23.com\/?p=39156#primaryimage"},"thumbnailUrl":"https:\/\/conexion23.com\/wp-content\/uploads\/2025\/03\/67e69cba0a0fc.jpeg","datePublished":"2025-03-28T13:43:23+00:00","dateModified":"2025-03-28T13:43:25+00:00","breadcrumb":{"@id":"https:\/\/conexion23.com\/?p=39156#breadcrumb"},"inLanguage":"es","potentialAction":[{"@type":"ReadAction","target":["https:\/\/conexion23.com\/?p=39156"]}]},{"@type":"ImageObject","inLanguage":"es","@id":"https:\/\/conexion23.com\/?p=39156#primaryimage","url":"https:\/\/conexion23.com\/wp-content\/uploads\/2025\/03\/67e69cba0a0fc.jpeg","contentUrl":"https:\/\/conexion23.com\/wp-content\/uploads\/2025\/03\/67e69cba0a0fc.jpeg","width":800,"height":533},{"@type":"BreadcrumbList","@id":"https:\/\/conexion23.com\/?p=39156#breadcrumb","itemListElement":[{"@type":"ListItem","position":1,"name":"Portada","item":"https:\/\/conexion23.com\/"},{"@type":"ListItem","position":2,"name":"Absuelven al futbolista Dani Alves al revocar su condena por agresi\u00f3n sexual"}]},{"@type":"WebSite","@id":"https:\/\/conexion23.com\/#website","url":"https:\/\/conexion23.com\/","name":"Conexi\u00f3n 23","description":"Peri\u00f3dico 100% Petromacorisano","publisher":{"@id":"https:\/\/conexion23.com\/#organization"},"potentialAction":[{"@type":"SearchAction","target":{"@type":"EntryPoint","urlTemplate":"https:\/\/conexion23.com\/?s={search_term_string}"},"query-input":{"@type":"PropertyValueSpecification","valueRequired":true,"valueName":"search_term_string"}}],"inLanguage":"es"},{"@type":"Organization","@id":"https:\/\/conexion23.com\/#organization","name":"Conexion 23","url":"https:\/\/conexion23.com\/","logo":{"@type":"ImageObject","inLanguage":"es","@id":"https:\/\/conexion23.com\/#\/schema\/logo\/image\/","url":"https:\/\/conexion23.com\/wp-content\/uploads\/2021\/11\/Diseno-sin-titulo-2.png","contentUrl":"https:\/\/conexion23.com\/wp-content\/uploads\/2021\/11\/Diseno-sin-titulo-2.png","width":541,"height":90,"caption":"Conexion 23"},"image":{"@id":"https:\/\/conexion23.com\/#\/schema\/logo\/image\/"},"sameAs":["https:\/\/www.facebook.com\/conexion23com","https:\/\/www.instagram.com\/conexion23com\/","https:\/\/www.youtube.com\/channel\/UCYc7vxxFZMYLIHNsHHxPZ3Q"]},{"@type":"Person","@id":"https:\/\/conexion23.com\/#\/schema\/person\/03e36043331117e97a373299bbcd30a6","name":"Raffy Ben\u00edtez","image":{"@type":"ImageObject","inLanguage":"es","@id":"https:\/\/conexion23.com\/#\/schema\/person\/image\/","url":"https:\/\/secure.gravatar.com\/avatar\/3190a6a6c5e1b0327500f7d6c56b6242472ee6cb974cf09b401ee6b3b0798f23?s=96&d=mm&r=g","contentUrl":"https:\/\/secure.gravatar.com\/avatar\/3190a6a6c5e1b0327500f7d6c56b6242472ee6cb974cf09b401ee6b3b0798f23?s=96&d=mm&r=g","caption":"Raffy Ben\u00edtez"},"url":"https:\/\/conexion23.com\/?author=15"}]}},"_links":{"self":[{"href":"https:\/\/conexion23.com\/index.php?rest_route=\/wp\/v2\/posts\/39156","targetHints":{"allow":["GET"]}}],"collection":[{"href":"https:\/\/conexion23.com\/index.php?rest_route=\/wp\/v2\/posts"}],"about":[{"href":"https:\/\/conexion23.com\/index.php?rest_route=\/wp\/v2\/types\/post"}],"author":[{"embeddable":true,"href":"https:\/\/conexion23.com\/index.php?rest_route=\/wp\/v2\/users\/15"}],"replies":[{"embeddable":true,"href":"https:\/\/conexion23.com\/index.php?rest_route=%2Fwp%2Fv2%2Fcomments&post=39156"}],"version-history":[{"count":1,"href":"https:\/\/conexion23.com\/index.php?rest_route=\/wp\/v2\/posts\/39156\/revisions"}],"predecessor-version":[{"id":39158,"href":"https:\/\/conexion23.com\/index.php?rest_route=\/wp\/v2\/posts\/39156\/revisions\/39158"}],"wp:featuredmedia":[{"embeddable":true,"href":"https:\/\/conexion23.com\/index.php?rest_route=\/wp\/v2\/media\/39157"}],"wp:attachment":[{"href":"https:\/\/conexion23.com\/index.php?rest_route=%2Fwp%2Fv2%2Fmedia&parent=39156"}],"wp:term":[{"taxonomy":"category","embeddable":true,"href":"https:\/\/conexion23.com\/index.php?rest_route=%2Fwp%2Fv2%2Fcategories&post=39156"},{"taxonomy":"post_tag","embeddable":true,"href":"https:\/\/conexion23.com\/index.php?rest_route=%2Fwp%2Fv2%2Ftags&post=39156"}],"curies":[{"name":"wp","href":"https:\/\/api.w.org\/{rel}","templated":true}]}}